{"id":10676,"date":"2025-09-26T08:24:19","date_gmt":"2025-09-26T08:24:19","guid":{"rendered":"https:\/\/www.bucketlistvilla.com\/blog\/?p=10676"},"modified":"2025-10-17T13:02:58","modified_gmt":"2025-10-17T13:02:58","slug":"colombier-st-barth","status":"publish","type":"post","link":"https:\/\/www.bucketlistvilla.com\/blog\/fr\/colombier-st-barth\/","title":{"rendered":"La plage de Colombier : le guide pratique pour d\u00e9couvrir les criques isol\u00e9es de Saint-Barth\u00e9lemy"},"content":{"rendered":"\t\t<div data-elementor-type=\"wp-post\" data-elementor-id=\"10676\" class=\"elementor elementor-10676 elementor-10298\" data-elementor-post-type=\"post\">\n\t\t\t\t<div class=\"elementor-element elementor-element-674e3db2 e-flex e-con-boxed e-con e-parent\" data-id=\"674e3db2\" data-element_type=\"container\" data-e-type=\"container\">\n\t\t\t\t\t<div class=\"e-con-inner\">\n\t\t\t\t<div class=\"elementor-element elementor-element-7b45865b elementor-widget elementor-widget-text-editor\" data-id=\"7b45865b\" data-element_type=\"widget\" data-e-type=\"widget\" data-widget_type=\"text-editor.default\">\n\t\t\t\t<div class=\"elementor-widget-container\">\n\t\t\t\t\t\t\t\t\t<p>Sur une \u00eele r\u00e9put\u00e9e pour son glamour et son dynamisme social, <strong>Colombier<\/strong> reste un joyau isol\u00e9 et singulier. Alors que la c\u00f4te est regorge de clubs de plage l\u00e9gendaires et de lieux de rencontre mondains, la pointe nord-ouest de Saint-Barth\u00e9lemy rec\u00e8le un secret.\u00a0<\/p><p>Colombier est une crique de sable immacul\u00e9 accessible uniquement \u00e0 pied ou par la mer, une v\u00e9ritable r\u00e9compense pour ceux qui recherchent une escapade authentique plut\u00f4t que la facilit\u00e9. Il s&#8217;agit d&#8217;un sanctuaire prot\u00e9g\u00e9, un lieu o\u00f9 r\u00e8gne le doux clapotis des vagues turquoise et le murmure des feuilles de vigne de mer.\u00a0<\/p><p>Pour le voyageur qui croit que le vrai luxe se mesure \u00e0 la solitude et \u00e0 la nature intacte, un voyage \u00e0 Colombier reste indispensable.<\/p><p>Ce guide va vous d\u00e9voiler l&#8217;un des derniers endroits v\u00e9ritablement sauvages des Cara\u00efbes.<\/p>\t\t\t\t\t\t\t\t<\/div>\n\t\t\t\t<\/div>\n\t\t\t\t\t<\/div>\n\t\t\t\t<\/div>\n\t\t<div class=\"elementor-element elementor-element-1c3e8f7b e-flex e-con-boxed e-con e-parent\" data-id=\"1c3e8f7b\" data-element_type=\"container\" data-e-type=\"container\">\n\t\t\t\t\t<div class=\"e-con-inner\">\n\t\t\t\t<div class=\"elementor-element elementor-element-4c12745b elementor-widget elementor-widget-template\" data-id=\"4c12745b\" data-element_type=\"widget\" data-e-type=\"widget\" data-widget_type=\"template.default\">\n\t\t\t\t<div class=\"elementor-widget-container\">\n\t\t\t\t\t\t\t<div class=\"elementor-template\">\n\t\t\t\t\t<div data-elementor-type=\"container\" data-elementor-id=\"6215\" class=\"elementor elementor-6215\" data-elementor-post-type=\"elementor_library\">\n\t\t\t\t<div class=\"elementor-element elementor-element-7fada30 e-flex e-con-boxed e-con e-parent\" data-id=\"7fada30\" data-element_type=\"container\" data-e-type=\"container\">\n\t\t\t\t\t<div class=\"e-con-inner\">\n\t\t\t\t<div class=\"elementor-element elementor-element-9a267c6 elementor-widget elementor-widget-table-of-contents\" data-id=\"9a267c6\" data-element_type=\"widget\" data-e-type=\"widget\" data-settings=\"{&quot;headings_by_tags&quot;:[&quot;h2&quot;],&quot;exclude_headings_by_selector&quot;:[],&quot;marker_view&quot;:&quot;bullets&quot;,&quot;icon&quot;:{&quot;value&quot;:&quot;&quot;,&quot;library&quot;:&quot;&quot;},&quot;no_headings_message&quot;:&quot;Aucun titre n\\u2019a \\u00e9t\\u00e9 trouv\\u00e9 sur cette page.&quot;,&quot;hierarchical_view&quot;:&quot;yes&quot;,&quot;min_height&quot;:{&quot;unit&quot;:&quot;px&quot;,&quot;size&quot;:&quot;&quot;,&quot;sizes&quot;:[]},&quot;min_height_tablet&quot;:{&quot;unit&quot;:&quot;px&quot;,&quot;size&quot;:&quot;&quot;,&quot;sizes&quot;:[]},&quot;min_height_mobile&quot;:{&quot;unit&quot;:&quot;px&quot;,&quot;size&quot;:&quot;&quot;,&quot;sizes&quot;:[]}}\" data-widget_type=\"table-of-contents.default\">\n\t\t\t\t<div class=\"elementor-widget-container\">\n\t\t\t\t\t\t\t\t\t<div class=\"elementor-toc__header\">\n\t\t\t\t\t\t<div class=\"elementor-toc__header-title\">\n\t\t\t\tSommaire\t\t\t<\/div>\n\t\t\t\t\t\t\t\t<\/div>\n\t\t\t\t<div id=\"elementor-toc__9a267c6\" class=\"elementor-toc__body\">\n\t\t\t<div class=\"elementor-toc__spinner-container\">\n\t\t\t\t<svg class=\"elementor-toc__spinner eicon-animation-spin e-font-icon-svg e-eicon-loading\" aria-hidden=\"true\" viewBox=\"0 0 1000 1000\" xmlns=\"http:\/\/www.w3.org\/2000\/svg\"><path d=\"M500 975V858C696 858 858 696 858 500S696 142 500 142 142 304 142 500H25C25 237 238 25 500 25S975 237 975 500 763 975 500 975Z\"><\/path><\/svg>\t\t\t<\/div>\n\t\t<\/div>\n\t\t\t\t\t\t<\/div>\n\t\t\t\t<\/div>\n\t\t\t\t\t<\/div>\n\t\t\t\t<\/div>\n\t\t\t\t<\/div>\n\t\t\t\t<\/div>\n\t\t\t\t\t\t<\/div>\n\t\t\t\t<\/div>\n\t\t\t\t\t<\/div>\n\t\t\t\t<\/div>\n\t\t<div class=\"elementor-element elementor-element-1b2dd768 e-flex e-con-boxed e-con e-parent\" data-id=\"1b2dd768\" data-element_type=\"container\" data-e-type=\"container\">\n\t\t\t\t\t<div class=\"e-con-inner\">\n\t\t\t\t<div class=\"elementor-element elementor-element-4cc491dc elementor-widget elementor-widget-heading\" data-id=\"4cc491dc\" data-element_type=\"widget\" data-e-type=\"widget\" data-widget_type=\"heading.default\">\n\t\t\t\t<div class=\"elementor-widget-container\">\n\t\t\t\t\t<h2 class=\"elementor-heading-title elementor-size-default\">O\u00f9 se trouve-t-il et comment s'y rendre ?<\/h2>\t\t\t\t<\/div>\n\t\t\t\t<\/div>\n\t\t\t\t<div class=\"elementor-element elementor-element-e1bd87a elementor-widget elementor-widget-text-editor\" data-id=\"e1bd87a\" data-element_type=\"widget\" data-e-type=\"widget\" data-widget_type=\"text-editor.default\">\n\t\t\t\t<div class=\"elementor-widget-container\">\n\t\t\t\t\t\t\t\t\t<p><strong>Colombier<\/strong>\u00a0n&#8217;est pas une destination sur laquelle on tombe par hasard\u00a0: il faut la vouloir. Situ\u00e9 sur la p\u00e9ninsule nord-ouest isol\u00e9e de Saint-Barth\u00e9lemy, ce village se trouve au-del\u00e0 du quartier r\u00e9sidentiel hupp\u00e9 des\u00a0<a href=\"https:\/\/www.bucketlistvilla.com\/blog\/fr\/flamands-st-barth\/\">Flamands<\/a>. Aucune route ne m\u00e8ne directement \u00e0 la plage. Le trajet fait partie int\u00e9grante de l&#8217;exp\u00e9rience, avec deux approches distinctes, chacune avec son caract\u00e8re propre.<\/p>\t\t\t\t\t\t\t\t<\/div>\n\t\t\t\t<\/div>\n\t\t\t\t\t<\/div>\n\t\t\t\t<\/div>\n\t\t<div class=\"elementor-element elementor-element-a4741e0 e-flex e-con-boxed e-con e-parent\" data-id=\"a4741e0\" data-element_type=\"container\" data-e-type=\"container\">\n\t\t\t\t\t<div class=\"e-con-inner\">\n\t\t<div class=\"elementor-element elementor-element-059c0b8 e-con-full e-flex e-con e-child\" data-id=\"059c0b8\" data-element_type=\"container\" data-e-type=\"container\">\n\t\t\t\t<div class=\"elementor-element elementor-element-28a63b elementor-widget elementor-widget-heading\" data-id=\"28a63b\" data-element_type=\"widget\" data-e-type=\"widget\" data-widget_type=\"heading.default\">\n\t\t\t\t<div class=\"elementor-widget-container\">\n\t\t\t\t\t<h3 class=\"elementor-heading-title elementor-size-default\">\u00c0 pied<\/h3>\t\t\t\t<\/div>\n\t\t\t\t<\/div>\n\t\t\t\t<div class=\"elementor-element elementor-element-136dfde elementor-widget elementor-widget-text-editor\" data-id=\"136dfde\" data-element_type=\"widget\" data-e-type=\"widget\" data-widget_type=\"text-editor.default\">\n\t\t\t\t<div class=\"elementor-widget-container\">\n\t\t\t\t\t\t\t\t\t<p>Le premier itin\u00e9raire, et le plus c\u00e9l\u00e8bre, est le sentier de randonn\u00e9e. \u00c0 la fin de la route \u00e0 Flamands (D210), vous trouverez le d\u00e9part du sentier indiqu\u00e9 par un petit parking. Il s&#8217;agit d&#8217;une promenade de 25 minutes, relativement facile, le long d&#8217;un sentier c\u00f4tier \u00e0 flanc de falaise. Us\u00e9 par les pas des habitants et des connaisseurs depuis des d\u00e9cennies, il offre une vue panoramique imprenable sur la mer des Cara\u00efbes.\u00a0<\/p>\t\t\t\t\t\t\t\t<\/div>\n\t\t\t\t<\/div>\n\t\t\t\t<div class=\"elementor-element elementor-element-166a01b elementor-widget elementor-widget-heading\" data-id=\"166a01b\" data-element_type=\"widget\" data-e-type=\"widget\" data-widget_type=\"heading.default\">\n\t\t\t\t<div class=\"elementor-widget-container\">\n\t\t\t\t\t<h3 class=\"elementor-heading-title elementor-size-default\">En bateau<\/h3>\t\t\t\t<\/div>\n\t\t\t\t<\/div>\n\t\t\t\t<div class=\"elementor-element elementor-element-d704f7b elementor-widget elementor-widget-text-editor\" data-id=\"d704f7b\" data-element_type=\"widget\" data-e-type=\"widget\" data-widget_type=\"text-editor.default\">\n\t\t\t\t<div class=\"elementor-widget-container\">\n\t\t\t\t\t\t\t\t\t<p>La deuxi\u00e8me m\u00e9thode pour s&#8217;y rendre est de louer un bateau. De nombreux visiteurs jettent l&#8217;ancre au large, dans une baie calme et profonde, puis nagent ou se rendent sur la plage. Cette approche vous permet de voir Colombier telle qu&#8217;elle doit \u00eatre vue : comme une crique isol\u00e9e, entour\u00e9e de falaises spectaculaires. Pour plus de d\u00e9tails sur votre arriv\u00e9e sur l&#8217;\u00eele, nos guides sur les <a href=\"https:\/\/www.bucketlistvilla.com\/blog\/fr\/vols-st-barth\/\">vols vers Saint-Barth\u00e9lemy<\/a> et les <a href=\"https:\/\/www.bucketlistvilla.com\/blog\/fr\/ferry-saint-barthelemy\/\">ferries vers Saint-Barth\u00e9lemy<\/a> couvrent ces sujets avec pr\u00e9cision.<\/p>\t\t\t\t\t\t\t\t<\/div>\n\t\t\t\t<\/div>\n\t\t\t\t<\/div>\n\t\t<div class=\"elementor-element elementor-element-b11a5a2 e-con-full e-flex e-con e-child\" data-id=\"b11a5a2\" data-element_type=\"container\" data-e-type=\"container\">\n\t\t\t\t<div class=\"elementor-element elementor-element-dc25a12 elementor-widget elementor-widget-google_maps\" data-id=\"dc25a12\" data-element_type=\"widget\" data-e-type=\"widget\" data-widget_type=\"google_maps.default\">\n\t\t\t\t<div class=\"elementor-widget-container\">\n\t\t\t\t\t\t\t<div class=\"elementor-custom-embed\">\n\t\t\t<iframe loading=\"lazy\"\n\t\t\t\t\tsrc=\"https:\/\/maps.google.com\/maps?q=colombier%20beach&#038;t=m&#038;z=14&#038;output=embed&#038;iwloc=near\"\n\t\t\t\t\ttitle=\"colombier beach\"\n\t\t\t\t\taria-label=\"colombier beach\"\n\t\t\t><\/iframe>\n\t\t<\/div>\n\t\t\t\t\t\t<\/div>\n\t\t\t\t<\/div>\n\t\t\t\t<\/div>\n\t\t\t\t\t<\/div>\n\t\t\t\t<\/div>\n\t\t<div class=\"elementor-element elementor-element-1f8cab5 e-flex e-con-boxed e-con e-parent\" data-id=\"1f8cab5\" data-element_type=\"container\" data-e-type=\"container\">\n\t\t\t\t\t<div class=\"e-con-inner\">\n\t\t\t\t<div class=\"elementor-element elementor-element-0b1eb18 elementor-widget elementor-widget-heading\" data-id=\"0b1eb18\" data-element_type=\"widget\" data-e-type=\"widget\" data-widget_type=\"heading.default\">\n\t\t\t\t<div class=\"elementor-widget-container\">\n\t\t\t\t\t<h2 class=\"elementor-heading-title elementor-size-default\">Les particularit\u00e9s de la plage et de son environnement naturel<\/h2>\t\t\t\t<\/div>\n\t\t\t\t<\/div>\n\t\t\t\t<div class=\"elementor-element elementor-element-d27b638 elementor-widget elementor-widget-text-editor\" data-id=\"d27b638\" data-element_type=\"widget\" data-e-type=\"widget\" data-widget_type=\"text-editor.default\">\n\t\t\t\t<div class=\"elementor-widget-container\">\n\t\t\t\t\t\t\t\t\t<p>D\u00e8s votre arriv\u00e9e, les particularit\u00e9s de la <strong>plage Colombier \u00e0 Saint-Barth\u00e9lemy <\/strong>vous apparaissent imm\u00e9diatement. C&#8217;est une plage qui se distingue par son \u00e9l\u00e9gance brute et naturelle. Son sable grossier, de couleur beige p\u00e2le, est compos\u00e9 d&#8217;un m\u00e9lange de coquillages et de coraux broy\u00e9s, qui le diff\u00e9rencie du sable plus fin de <a href=\"https:\/\/www.bucketlistvilla.com\/blog\/fr\/saint-jean-saint-barthelemy\/\">\u00a0Saint-Jean<\/a>. L&#8217;eau pr\u00e9sente une palette spectaculaire de nuances de bleu, allant du bleu turquoise le long du rivage \u00e0 un bleu saphir profond et \u00e9clatant au large. La baie est prot\u00e9g\u00e9e en tant que partie int\u00e9grante de la R\u00e9serve Naturelle, ce qui signifie que son \u00e9cosyst\u00e8me est vigoureusement pr\u00e9serv\u00e9.<\/p><p>La plage est encadr\u00e9e par deux pointes rocheuses : le Petit Colombier \u00e0 l&#8217;ouest et le Gros Islet \u00e0 l&#8217;est. Derri\u00e8re la plage, des arbustes bas r\u00e9sistants \u00e0 la s\u00e9cheresse et des arbres \u00e0 raisins de mer offrent des zones ombrag\u00e9es. Il n&#8217;y a ni b\u00e2timents, ni vendeurs, ni infrastructures. Les seules constructions que vous pourrez apercevoir sont les voiliers qui jettent parfois l&#8217;ancre dans la baie. Le sentiment d&#8217;isolement est profond. Au lieu de c\u00f4toyer d&#8217;autres personnes, vous partagez cet espace avec des oiseaux marins qui y nichent et des ch\u00e8vres qui paissent parfois sur les collines. Cette plage est \u00e0 l&#8217;oppos\u00e9 d&#8217;une station baln\u00e9aire am\u00e9nag\u00e9e, et c&#8217;est l\u00e0 tout son charme.<\/p>\t\t\t\t\t\t\t\t<\/div>\n\t\t\t\t<\/div>\n\t\t\t\t\t<\/div>\n\t\t\t\t<\/div>\n\t\t<div class=\"elementor-element elementor-element-1c8dc0f e-flex e-con-boxed e-con e-parent\" data-id=\"1c8dc0f\" data-element_type=\"container\" data-e-type=\"container\">\n\t\t\t\t\t<div class=\"e-con-inner\">\n\t\t\t\t<div class=\"elementor-element elementor-element-93a1b1a elementor-widget elementor-widget-image\" data-id=\"93a1b1a\" data-element_type=\"widget\" data-e-type=\"widget\" data-widget_type=\"image.default\">\n\t\t\t\t<div class=\"elementor-widget-container\">\n\t\t\t\t\t\t\t\t\t\t\t\t\t\t\t<img fetchpriority=\"high\" decoding=\"async\" width=\"1920\" height=\"652\" src=\"https:\/\/www.bucketlistvilla.com\/blog\/wp-content\/uploads\/2025\/08\/drone.webp\" class=\"attachment-full size-full wp-image-9549\" alt=\"\" srcset=\"https:\/\/www.bucketlistvilla.com\/blog\/wp-content\/uploads\/2025\/08\/drone.webp 1920w, https:\/\/www.bucketlistvilla.com\/blog\/wp-content\/uploads\/2025\/08\/drone-300x102.webp 300w, https:\/\/www.bucketlistvilla.com\/blog\/wp-content\/uploads\/2025\/08\/drone-1024x348.webp 1024w, https:\/\/www.bucketlistvilla.com\/blog\/wp-content\/uploads\/2025\/08\/drone-768x261.webp 768w, https:\/\/www.bucketlistvilla.com\/blog\/wp-content\/uploads\/2025\/08\/drone-1536x522.webp 1536w\" sizes=\"(max-width: 1920px) 100vw, 1920px\" \/>\t\t\t\t\t\t\t\t\t\t\t\t\t\t\t<\/div>\n\t\t\t\t<\/div>\n\t\t\t\t\t<\/div>\n\t\t\t\t<\/div>\n\t\t<div class=\"elementor-element elementor-element-169610b e-flex e-con-boxed e-con e-parent\" data-id=\"169610b\" data-element_type=\"container\" data-e-type=\"container\">\n\t\t\t\t\t<div class=\"e-con-inner\">\n\t\t\t\t<div class=\"elementor-element elementor-element-fa804ae elementor-widget elementor-widget-heading\" data-id=\"fa804ae\" data-element_type=\"widget\" data-e-type=\"widget\" data-widget_type=\"heading.default\">\n\t\t\t\t<div class=\"elementor-widget-container\">\n\t\t\t\t\t<h2 class=\"elementor-heading-title elementor-size-default\">Activit\u00e9s et loisirs \u00e0 la plage de Colombier<\/h2>\t\t\t\t<\/div>\n\t\t\t\t<\/div>\n\t\t\t\t<div class=\"elementor-element elementor-element-78dce32 elementor-widget elementor-widget-text-editor\" data-id=\"78dce32\" data-element_type=\"widget\" data-e-type=\"widget\" data-widget_type=\"text-editor.default\">\n\t\t\t\t<div class=\"elementor-widget-container\">\n\t\t\t\t\t\t\t\t\t<p>La plage de Colombier n&#8217;est pas un endroit pour les jet-skis, les bars de plage ou les sports collectifs. Ici, les loisirs sont purs et autonomes ; l&#8217;activit\u00e9 principale est la d\u00e9tente absolue. D\u00e9pliez votre serviette, allongez-vous et \u00e9coutez les vagues. La baignade y est exceptionnelle, avec des eaux claires et g\u00e9n\u00e9ralement calmes. Cependant, il est important de noter qu&#8217;il n&#8217;y a pas de ma\u00eetres-nageurs sauveteurs.<\/p><p><a href=\"https:\/\/www.bucketlistvilla.com\/blog\/fr\/snorkeling-st-barth\/\">La plong\u00e9e avec tuba<\/a>\u00a0est l&#8217;activit\u00e9 principale sur place. Les affleurements rocheux \u00e0 chaque extr\u00e9mit\u00e9 de la baie regorgent de vie marine. Le statut de r\u00e9serve prot\u00e9g\u00e9e garantit que les populations de coraux et de poissons sont plus riches et plus diversifi\u00e9es que dans les sites plus fr\u00e9quent\u00e9s. Apportez votre propre \u00e9quipement, trouvez une zone rocheuse et vous aurez probablement la chance d&#8217;apercevoir des poissons-perroquets, des poissons-anges et peut-\u00eatre m\u00eame une tortue.\u00a0<\/p><p>Pour ceux qui aiment les randonn\u00e9es pittoresques, le sentier par lequel vous \u00eates arriv\u00e9 offre une autre perspective sur le chemin du retour. Emportez un pique-nique, un bon livre et beaucoup d&#8217;eau. Le paysage lui-m\u00eame sera votre divertissement. Si vous recherchez des <a href=\"https:\/\/www.bucketlistvilla.com\/blog\/fr\/que-faire-a-saint-barth\/\">activit\u00e9s plus actives \u00e0 Saint-Barth\u00e9lemy<\/a>, que ce soit le <a href=\"https:\/\/www.bucketlistvilla.com\/blog\/fr\/surf-a-saint-barthelemy\/\">surf<\/a> ou le <a href=\"https:\/\/www.bucketlistvilla.com\/blog\/fr\/golf-saint-barth\/\">golf<\/a>, ces aventures vous attendent ailleurs sur l&#8217;\u00eele (et m\u00eame en dehors).<\/p>\t\t\t\t\t\t\t\t<\/div>\n\t\t\t\t<\/div>\n\t\t\t\t\t<\/div>\n\t\t\t\t<\/div>\n\t\t<div class=\"elementor-element elementor-element-dc17c48 e-flex e-con-boxed e-con e-parent\" data-id=\"dc17c48\" data-element_type=\"container\" data-e-type=\"container\">\n\t\t\t\t\t<div class=\"e-con-inner\">\n\t\t\t\t<div class=\"elementor-element elementor-element-7295b27 elementor-widget elementor-widget-heading\" data-id=\"7295b27\" data-element_type=\"widget\" data-e-type=\"widget\" data-widget_type=\"heading.default\">\n\t\t\t\t<div class=\"elementor-widget-container\">\n\t\t\t\t\t<h2 class=\"elementor-heading-title elementor-size-default\">Conseils pratiques pour votre visite<\/h2>\t\t\t\t<\/div>\n\t\t\t\t<\/div>\n\t\t\t\t<div class=\"elementor-element elementor-element-0eabbb6 elementor-widget elementor-widget-text-editor\" data-id=\"0eabbb6\" data-element_type=\"widget\" data-e-type=\"widget\" data-widget_type=\"text-editor.default\">\n\t\t\t\t<div class=\"elementor-widget-container\">\n\t\t\t\t\t\t\t\t\t<p>La r\u00e9ussite d&#8217;un voyage \u00e0 Colombier d\u00e9pend de sa pr\u00e9paration. Voici les conseils essentiels de votre guide local.<\/p>\t\t\t\t\t\t\t\t<\/div>\n\t\t\t\t<\/div>\n\t\t\t\t\t<\/div>\n\t\t\t\t<\/div>\n\t\t<div class=\"elementor-element elementor-element-0eee9a4 e-flex e-con-boxed e-con e-parent\" data-id=\"0eee9a4\" data-element_type=\"container\" data-e-type=\"container\">\n\t\t\t\t\t<div class=\"e-con-inner\">\n\t\t<div class=\"elementor-element elementor-element-0370327 e-con-full e-flex e-con e-child\" data-id=\"0370327\" data-element_type=\"container\" data-e-type=\"container\">\n\t\t\t\t<div class=\"elementor-element elementor-element-015b5cb elementor-widget elementor-widget-text-editor\" data-id=\"015b5cb\" data-element_type=\"widget\" data-e-type=\"widget\" data-widget_type=\"text-editor.default\">\n\t\t\t\t<div class=\"elementor-widget-container\">\n\t\t\t\t\t\t\t\t\t<ul><li><strong>Ce qu&#8217;il faut apporter<\/strong> : Colombier est une plage sauvage, vous devez donc \u00eatre capable de vous d\u00e9brouiller seul. Apportez toute l&#8217;eau, les collations et la nourriture dont vous aurez besoin. Un sac isotherme est fortement recommand\u00e9. Il est essentiel de vous prot\u00e9ger du soleil (cr\u00e8me solaire, chapeau et v\u00eatement \u00e0 manches longues), car les zones ombrag\u00e9es sont rares. Portez des chaussures solides pour la randonn\u00e9e ; les tongs ne sont pas adapt\u00e9es.<\/li><li><strong>Ce que vous devez porter :<\/strong> privil\u00e9giez le c\u00f4t\u00e9 pratique plut\u00f4t que la mode. Des chaussures de marche confortables, un maillot de bain et un sac \u00e0 dos sont de rigueur. Consultez notre guide sur <a href=\"https:\/\/www.bucketlistvilla.com\/blog\/fr\/comment-shabiller-st-barth\/\">les v\u00eatements \u00e0 emporter \u00e0 Saint-Barth\u00e9lemy<\/a> pour obtenir des conseils plus d\u00e9taill\u00e9s sur vos bagages.<\/li><li><strong>Choisissez le moment de votre visite :<\/strong> les matins sont g\u00e9n\u00e9ralement plus calmes et moins fr\u00e9quent\u00e9s, ce qui permet de profiter d&#8217;une exp\u00e9rience plus d\u00e9tendue. Les fins d&#8217;apr\u00e8s-midi peuvent \u00eatre magnifiques, mais n&#8217;oubliez pas que vous devez terminer la randonn\u00e9e avant le cr\u00e9puscule : le sentier n&#8217;est pas \u00e9clair\u00e9.<\/li><li><strong>Concernant la s\u00e9curit\u00e9\u00a0:<\/strong> il n&#8217;y a pas d\u2019\u00e9quipements. Pas de toilettes, pas de douches, pas de premiers secours. Pr\u00e9voyez en cons\u00e9quence. V\u00e9rifiez la <a href=\"https:\/\/www.bucketlistvilla.com\/blog\/fr\/meteo-saint-barth\/\">m\u00e9t\u00e9o \u00e0 Saint-Barth\u00e9lemy<\/a> avant de partir, car le sentier peut \u00eatre glissant apr\u00e8s la pluie.<\/li><li><strong>Le meilleur moment pour y aller<\/strong>\u00a0: bien que Saint-Barth\u00e9lemy soit une destination touristique tout au long de l&#8217;ann\u00e9e, la saison s\u00e8che, qui s&#8217;\u00e9tend de d\u00e9cembre \u00e0 mai, offre les conditions les plus propices pour passer une journ\u00e9e \u00e0 Colombier. Notre article sur <a href=\"https:\/\/www.bucketlistvilla.com\/blog\/fr\/quand-partir-saint-barth\/\">la meilleure p\u00e9riode pour se rendre \u00e0 Saint-Barth\u00e9lemy<\/a> contient des informations d\u00e9taill\u00e9es sur les diff\u00e9rentes saisons.<\/li><\/ul>\t\t\t\t\t\t\t\t<\/div>\n\t\t\t\t<\/div>\n\t\t\t\t<\/div>\n\t\t<div class=\"elementor-element elementor-element-7b946ee e-con-full e-flex e-con e-child\" data-id=\"7b946ee\" data-element_type=\"container\" data-e-type=\"container\">\n\t\t\t\t<div class=\"elementor-element elementor-element-e56b34d elementor-widget elementor-widget-image\" data-id=\"e56b34d\" data-element_type=\"widget\" data-e-type=\"widget\" data-widget_type=\"image.default\">\n\t\t\t\t<div class=\"elementor-widget-container\">\n\t\t\t\t\t\t\t\t\t\t\t\t\t\t\t<img decoding=\"async\" width=\"683\" height=\"512\" src=\"https:\/\/www.bucketlistvilla.com\/blog\/wp-content\/uploads\/2025\/08\/season-st-barts-september.webp\" class=\"attachment-large size-large wp-image-9477\" alt=\"season st barts september\" srcset=\"https:\/\/www.bucketlistvilla.com\/blog\/wp-content\/uploads\/2025\/08\/season-st-barts-september.webp 683w, https:\/\/www.bucketlistvilla.com\/blog\/wp-content\/uploads\/2025\/08\/season-st-barts-september-300x225.webp 300w\" sizes=\"(max-width: 683px) 100vw, 683px\" \/>\t\t\t\t\t\t\t\t\t\t\t\t\t\t\t<\/div>\n\t\t\t\t<\/div>\n\t\t\t\t<\/div>\n\t\t\t\t\t<\/div>\n\t\t\t\t<\/div>\n\t\t<div class=\"elementor-element elementor-element-230bbb6 e-flex e-con-boxed e-con e-parent\" data-id=\"230bbb6\" data-element_type=\"container\" data-e-type=\"container\">\n\t\t\t\t\t<div class=\"e-con-inner\">\n\t\t\t\t<div class=\"elementor-element elementor-element-9cad4a9 elementor-widget elementor-widget-heading\" data-id=\"9cad4a9\" data-element_type=\"widget\" data-e-type=\"widget\" data-widget_type=\"heading.default\">\n\t\t\t\t<div class=\"elementor-widget-container\">\n\t\t\t\t\t<h2 class=\"elementor-heading-title elementor-size-default\">Villas de luxe \u00e0 Colombier Saint-Barth\u00e9lemy\n\n<\/h2>\t\t\t\t<\/div>\n\t\t\t\t<\/div>\n\t\t\t\t\t<\/div>\n\t\t\t\t<\/div>\n\t\t<div class=\"elementor-element elementor-element-2cc4668 e-flex e-con-boxed e-con e-parent\" data-id=\"2cc4668\" data-element_type=\"container\" data-e-type=\"container\">\n\t\t\t\t\t<div class=\"e-con-inner\">\n\t\t\t\t<div class=\"elementor-element elementor-element-dc3ffc0 elementor-widget elementor-widget-grid\" data-id=\"dc3ffc0\" data-element_type=\"widget\" data-e-type=\"widget\" data-widget_type=\"grid.default\">\n\t\t\t\t<div class=\"elementor-widget-container\">\n\t\t\t\t\t\t\t<div class=\"its--row alojamientos-recomendados\">\n\n\t\t\t<div class=\"alojamientos-recomendados-container\">\n\n\t\t\t\t\t\n\t\t\t\t\t<a href=\"https:\/\/www.bucketlistvilla.com\/fr\/location\/villa-saint-barthelemy-5-bd-villa-les-roches-st-barth-444790.html\" rel=\"nofollow\" style=\"width: 23%;\">\n\t\t\t\t\t\t<div class=\"apartamento-box\">\n\t\t\t\t\t\t\t<div class=\"imagen_recomendados\">\n\t\t\t\t\t\t\t\t<img decoding=\"async\" src=\"https:\/\/crs.avantio.com\/fotos\/2\/16950210139bdad4f73afbb8b9254b6d8c668a4318\/big17011859988a2eda2fb940254b8bb6f529be091fdf.jpg\" alt=\"Villa Les Roches St Barth 5-bd\">\n\t\t\t\t\t\t\t<\/div>\n\t\t\t\t\t\t\t<div class=\"info\">\n\t\t\t\t\t\t\t\t<div class=\"ubicacion\">\n\t\t\t\t\t\t\t\t\t<i class=\"fa-solid fa-location-dot icono-mapa\"><\/i><span class=\"ubicacion-texto\">Saint Barth\u00e9lemy - Saint Barth\u00e9lemy<\/span>\n\t\t\t\t\t\t\t\t<\/div>\n\t\t\t\t\t\t\t\t<H4 class=\"titulo-alojamiento\">\n\t\t\t\t\t\t\t\t\tVilla Les Roches St Barth 5-bd\t\t\t\t\t\t\t\t<\/H4>\n\t\t\t\t\t\t\t\t<p class=\"precio-alojamiento\">\u00c0 partir de <span class=\"precio\">4285.71\u20ac<\/span> par nuit<\/p>\n\t\t\t\t\t\t\t<\/div>\n\t\t\t\t\t\t<\/div>\n\t\t\t\t\t<\/a> \n\t\t\t\t\t\t\n\t\t\t\t\t<a href=\"https:\/\/www.bucketlistvilla.com\/fr\/location\/villa-saint-barthelemy-5-bd-villa-les-palmes-st-barth-444791.html\" rel=\"nofollow\" style=\"width: 23%;\">\n\t\t\t\t\t\t<div class=\"apartamento-box\">\n\t\t\t\t\t\t\t<div class=\"imagen_recomendados\">\n\t\t\t\t\t\t\t\t<img decoding=\"async\" src=\"https:\/\/crs.avantio.com\/fotos\/2\/169502186356076c2959737b7eb00377ddc52bb518\/big1695021883f4f03714000c063224f4a9516fc2ce64.jpg\" alt=\"Villa Les Palmes St Barth 5-bd\">\n\t\t\t\t\t\t\t<\/div>\n\t\t\t\t\t\t\t<div class=\"info\">\n\t\t\t\t\t\t\t\t<div class=\"ubicacion\">\n\t\t\t\t\t\t\t\t\t<i class=\"fa-solid fa-location-dot icono-mapa\"><\/i><span class=\"ubicacion-texto\">Saint Barth\u00e9lemy - Saint Barth\u00e9lemy<\/span>\n\t\t\t\t\t\t\t\t<\/div>\n\t\t\t\t\t\t\t\t<H4 class=\"titulo-alojamiento\">\n\t\t\t\t\t\t\t\t\tVilla Les Palmes St Barth 5-bd\t\t\t\t\t\t\t\t<\/H4>\n\t\t\t\t\t\t\t\t<p class=\"precio-alojamiento\">\u00c0 partir de <span class=\"precio\">4285.71\u20ac<\/span> par nuit<\/p>\n\t\t\t\t\t\t\t<\/div>\n\t\t\t\t\t\t<\/div>\n\t\t\t\t\t<\/a> \n\t\t\t\t\t\t\n\t\t\t\t\t<a href=\"https:\/\/www.bucketlistvilla.com\/fr\/location\/villa-saint-barthelemy-4-bd-villa-les-roches-st-barth-455518.html\" rel=\"nofollow\" style=\"width: 23%;\">\n\t\t\t\t\t\t<div class=\"apartamento-box\">\n\t\t\t\t\t\t\t<div class=\"imagen_recomendados\">\n\t\t\t\t\t\t\t\t<img decoding=\"async\" src=\"https:\/\/crs.avantio.com\/fotos\/2\/17011052307e87483229c4af594e8da80902826edc\/big1701184065efa741195d3e70b63684c566a5aa75f5.jpg\" alt=\"Villa Les Roches St Barth 4-bd\">\n\t\t\t\t\t\t\t<\/div>\n\t\t\t\t\t\t\t<div class=\"info\">\n\t\t\t\t\t\t\t\t<div class=\"ubicacion\">\n\t\t\t\t\t\t\t\t\t<i class=\"fa-solid fa-location-dot icono-mapa\"><\/i><span class=\"ubicacion-texto\">Saint Barth\u00e9lemy - Saint Barth\u00e9lemy<\/span>\n\t\t\t\t\t\t\t\t<\/div>\n\t\t\t\t\t\t\t\t<H4 class=\"titulo-alojamiento\">\n\t\t\t\t\t\t\t\t\tVilla Les Roches St Barth 4-bd\t\t\t\t\t\t\t\t<\/H4>\n\t\t\t\t\t\t\t\t<p class=\"precio-alojamiento\">\u00c0 partir de <span class=\"precio\">3571.43\u20ac<\/span> par nuit<\/p>\n\t\t\t\t\t\t\t<\/div>\n\t\t\t\t\t\t<\/div>\n\t\t\t\t\t<\/a> \n\t\t\t\t\t\t\n\t\t\t\t\t<a href=\"https:\/\/www.bucketlistvilla.com\/fr\/location\/villa-saint-barthelemy-3-bd-villa-les-roches-st-barth-455519.html\" rel=\"nofollow\" style=\"width: 23%;\">\n\t\t\t\t\t\t<div class=\"apartamento-box\">\n\t\t\t\t\t\t\t<div class=\"imagen_recomendados\">\n\t\t\t\t\t\t\t\t<img decoding=\"async\" src=\"https:\/\/crs.avantio.com\/fotos\/2\/170110590446269d88b458092e3f50aee5948fe5f0\/big1701187179e735f98cb561b58ba68fc834cd949cfa.jpg\" alt=\"Villa Les Roches St Barth 3-bd\">\n\t\t\t\t\t\t\t<\/div>\n\t\t\t\t\t\t\t<div class=\"info\">\n\t\t\t\t\t\t\t\t<div class=\"ubicacion\">\n\t\t\t\t\t\t\t\t\t<i class=\"fa-solid fa-location-dot icono-mapa\"><\/i><span class=\"ubicacion-texto\">Saint Barth\u00e9lemy - Saint Barth\u00e9lemy<\/span>\n\t\t\t\t\t\t\t\t<\/div>\n\t\t\t\t\t\t\t\t<H4 class=\"titulo-alojamiento\">\n\t\t\t\t\t\t\t\t\tVilla Les Roches St Barth 3-bd\t\t\t\t\t\t\t\t<\/H4>\n\t\t\t\t\t\t\t\t<p class=\"precio-alojamiento\">\u00c0 partir de <span class=\"precio\">3571.43\u20ac<\/span> par nuit<\/p>\n\t\t\t\t\t\t\t<\/div>\n\t\t\t\t\t\t<\/div>\n\t\t\t\t\t<\/a> \n\t\t\t\t\t\t\t\t<\/div>\n\t\t\t<\/div>\n\t\t\t\t\t\t<\/div>\n\t\t\t\t<\/div>\n\t\t\t\t\t<\/div>\n\t\t\t\t<\/div>\n\t\t<div class=\"elementor-element elementor-element-92611a5 e-flex e-con-boxed e-con e-parent\" data-id=\"92611a5\" data-element_type=\"container\" data-e-type=\"container\">\n\t\t\t\t\t<div class=\"e-con-inner\">\n\t\t\t\t<div class=\"elementor-element elementor-element-999b4cd elementor-align-center elementor-widget elementor-widget-button\" data-id=\"999b4cd\" data-element_type=\"widget\" data-e-type=\"widget\" data-widget_type=\"button.default\">\n\t\t\t\t<div class=\"elementor-widget-container\">\n\t\t\t\t\t\t\t\t\t<div class=\"elementor-button-wrapper\">\n\t\t\t\t\t<a class=\"elementor-button elementor-button-link elementor-size-sm\" href=\"https:\/\/www.bucketlistvilla.com\/fr\/location\/locations-colombier-saint-barthelemy-n160233\/\">\n\t\t\t\t\t\t<span class=\"elementor-button-content-wrapper\">\n\t\t\t\t\t\t\t\t\t<span class=\"elementor-button-text\">Plus de villas<\/span>\n\t\t\t\t\t<\/span>\n\t\t\t\t\t<\/a>\n\t\t\t\t<\/div>\n\t\t\t\t\t\t\t\t<\/div>\n\t\t\t\t<\/div>\n\t\t\t\t\t<\/div>\n\t\t\t\t<\/div>\n\t\t<div class=\"elementor-element elementor-element-88ff09e e-flex e-con-boxed e-con e-parent\" data-id=\"88ff09e\" data-element_type=\"container\" data-e-type=\"container\">\n\t\t\t\t\t<div class=\"e-con-inner\">\n\t\t\t\t<div class=\"elementor-element elementor-element-5a16f94 elementor-widget elementor-widget-heading\" data-id=\"5a16f94\" data-element_type=\"widget\" data-e-type=\"widget\" data-widget_type=\"heading.default\">\n\t\t\t\t<div class=\"elementor-widget-container\">\n\t\t\t\t\t<h2 class=\"elementor-heading-title elementor-size-default\">Venez d\u00e9couvrir la Plage de Colombier<\/h2>\t\t\t\t<\/div>\n\t\t\t\t<\/div>\n\t\t\t\t<div class=\"elementor-element elementor-element-5b67b51 elementor-widget elementor-widget-text-editor\" data-id=\"5b67b51\" data-element_type=\"widget\" data-e-type=\"widget\" data-widget_type=\"text-editor.default\">\n\t\t\t\t<div class=\"elementor-widget-container\">\n\t\t\t\t\t\t\t\t\t<p>Colombier, c&#8217;est plus qu&#8217;une destination ; c&#8217;est une exp\u00e9rience qui d\u00e9finit l&#8217;\u00e2me intacte de Saint-Barth\u00e9lemy. Elle r\u00e9compense le voyageur averti en lui offrant un sentiment de d\u00e9couverte de plus en plus rare. C&#8217;est le contrepoint parfait \u00e0 une journ\u00e9e pass\u00e9e dans un <a href=\"https:\/\/www.bucketlistvilla.com\/blog\/fr\/beach-clubs-st-barth\/\">club de plage<\/a> anim\u00e9 ou \u00e0 explorer les boutiques de <a href=\"https:\/\/www.bucketlistvilla.com\/blog\/fr\/gustavia-st-barts\/\">Gustavia<\/a>. Une visite ici compl\u00e8te le r\u00e9cit de Saint-Barth\u00e9lemy, et prouve que le plus grand tr\u00e9sor de l&#8217;\u00eele r\u00e9side dans sa capacit\u00e9 \u00e0 pr\u00e9server une beaut\u00e9 aussi pr\u00e9serv\u00e9e.<\/p><p>Apr\u00e8s une journ\u00e9e de calme et de solitude, rien de plus logique que de retrouver le confort et l&#8217;intimit\u00e9 d&#8217;une villa de classe mondiale.\u00a0<a href=\"https:\/\/www.bucketlistvilla.com\/fr\/\">Bucket List Villa<\/a>\u00a0propose un portefeuille exclusif de propri\u00e9t\u00e9s qui refl\u00e8tent l&#8217;\u00e9l\u00e9gance isol\u00e9e de Colombier. Imaginez-vous dans une r\u00e9sidence \u00e0 flanc de falaise \u00e0 <a href=\"https:\/\/www.bucketlistvilla.com\/blog\/fr\/pointe-milou-st-barth\/\">Pointe Milou<\/a> avec une vue panoramique ou un repaire secret pr\u00e8s de <a href=\"https:\/\/www.bucketlistvilla.com\/blog\/fr\/lorient-st-barth\/\">Lorient<\/a>. Que vous planifiez une <a href=\"https:\/\/www.bucketlistvilla.com\/blog\/fr\/lune-de-miel-saint-barthelemy\/\">lune de miel<\/a>, des <a href=\"https:\/\/www.bucketlistvilla.com\/blog\/fr\/vacances-famille-caraibes\/\">vacances en famille<\/a> ou une sortie festive, notre s\u00e9lection comprend les meilleures villas de Saint-Barth\u00e9lemy, dont beaucoup disposent d&#8217;une piscine priv\u00e9e et proposent les services d&#8217;un chef cuisinier priv\u00e9. Laissez-nous vous aider \u00e0 \u00e9laborer le programme parfait.\u00a0<\/p><p><a href=\"https:\/\/www.bucketlistvilla.com\/fr\/contact\/\">Contactez notre \u00e9quipe de r\u00e9servation<\/a>\u00a0d\u00e8s aujourd&#8217;hui et laissez-nous pr\u00e9parer votre escapade pour que vous puissiez d\u00e9couvrir par vous-m\u00eame la magie authentique de Colombier.<\/p>\t\t\t\t\t\t\t\t<\/div>\n\t\t\t\t<\/div>\n\t\t\t\t\t<\/div>\n\t\t\t\t<\/div>\n\t\t<div class=\"elementor-element elementor-element-e16c27b e-flex e-con-boxed e-con e-parent\" data-id=\"e16c27b\" data-element_type=\"container\" data-e-type=\"container\">\n\t\t\t\t\t<div class=\"e-con-inner\">\n\t\t\t\t<div class=\"elementor-element elementor-element-1051e82 elementor-widget elementor-widget-template\" data-id=\"1051e82\" data-element_type=\"widget\" data-e-type=\"widget\" data-widget_type=\"template.default\">\n\t\t\t\t<div class=\"elementor-widget-container\">\n\t\t\t\t\t\t\t<div class=\"elementor-template\">\n\t\t\t\t\t<div data-elementor-type=\"container\" data-elementor-id=\"3955\" class=\"elementor elementor-3955\" data-elementor-post-type=\"elementor_library\">\n\t\t\t\t<div class=\"elementor-element elementor-element-1d0abfe1 e-flex e-con-boxed e-con e-parent\" data-id=\"1d0abfe1\" data-element_type=\"container\" data-e-type=\"container\">\n\t\t\t\t\t<div class=\"e-con-inner\">\n\t\t<div class=\"elementor-element elementor-element-23032bb8 e-con-full e-flex e-con e-child\" data-id=\"23032bb8\" data-element_type=\"container\" data-e-type=\"container\">\n\t\t\t\t<div class=\"elementor-element elementor-element-56702b10 elementor-cta--skin-cover elementor-cta--valign-bottom elementor-animated-content elementor-bg-transform elementor-bg-transform-zoom-in elementor-widget elementor-widget-call-to-action\" data-id=\"56702b10\" data-element_type=\"widget\" data-e-type=\"widget\" data-widget_type=\"call-to-action.default\">\n\t\t\t\t<div class=\"elementor-widget-container\">\n\t\t\t\t\t\t\t<a class=\"elementor-cta\" href=\"https:\/\/www.bucketlistvilla.com\/fr\/location-vacances-st-barth\/\">\n\t\t\t\t\t<div class=\"elementor-cta__bg-wrapper\">\n\t\t\t\t<div class=\"elementor-cta__bg elementor-bg\" style=\"background-image: url(https:\/\/www.bucketlistvilla.com\/blog\/wp-content\/uploads\/2025\/06\/Villa-Tourmaline-70-1-e1749284321608.jpg);\" role=\"img\" aria-label=\"Accommodation St Barts\"><\/div>\n\t\t\t\t<div class=\"elementor-cta__bg-overlay\"><\/div>\n\t\t\t<\/div>\n\t\t\t\t\t\t\t<div class=\"elementor-cta__content\">\n\t\t\t\t\n\t\t\t\t\n\t\t\t\t\n\t\t\t\t\t\t\t\t\t<div class=\"elementor-cta__button-wrapper elementor-cta__content-item elementor-content-item elementor-animated-item--grow\">\n\t\t\t\t\t<span class=\"elementor-cta__button elementor-button elementor-size-\">\n\t\t\t\t\t\tLocations vacances st barth\t\t\t\t\t<\/span>\n\t\t\t\t\t<\/div>\n\t\t\t\t\t\t\t<\/div>\n\t\t\t\t\t\t<\/a>\n\t\t\t\t\t\t<\/div>\n\t\t\t\t<\/div>\n\t\t\t\t<\/div>\n\t\t<div class=\"elementor-element elementor-element-403c8d99 e-con-full e-flex e-con e-child\" data-id=\"403c8d99\" data-element_type=\"container\" data-e-type=\"container\">\n\t\t\t\t<div class=\"elementor-element elementor-element-11d0ef35 elementor-cta--skin-cover elementor-cta--valign-bottom elementor-animated-content elementor-bg-transform elementor-bg-transform-zoom-in elementor-widget elementor-widget-call-to-action\" data-id=\"11d0ef35\" data-element_type=\"widget\" data-e-type=\"widget\" data-widget_type=\"call-to-action.default\">\n\t\t\t\t<div class=\"elementor-widget-container\">\n\t\t\t\t\t\t\t<a class=\"elementor-cta\" href=\"https:\/\/www.bucketlistvilla.com\/fr\/villa-luxe-saint-barth\/\">\n\t\t\t\t\t<div class=\"elementor-cta__bg-wrapper\">\n\t\t\t\t<div class=\"elementor-cta__bg elementor-bg\" style=\"background-image: url(https:\/\/www.bucketlistvilla.com\/blog\/wp-content\/uploads\/2025\/06\/bucketlistvilla_larimar_st_barts_rentals_-31-e1749283151228.jpg);\" role=\"img\" aria-label=\"Villas St Barts\"><\/div>\n\t\t\t\t<div class=\"elementor-cta__bg-overlay\"><\/div>\n\t\t\t<\/div>\n\t\t\t\t\t\t\t<div class=\"elementor-cta__content\">\n\t\t\t\t\n\t\t\t\t\n\t\t\t\t\n\t\t\t\t\t\t\t\t\t<div class=\"elementor-cta__button-wrapper elementor-cta__content-item elementor-content-item elementor-animated-item--grow\">\n\t\t\t\t\t<span class=\"elementor-cta__button elementor-button elementor-size-\">\n\t\t\t\t\t\tVillas St Barth\t\t\t\t\t<\/span>\n\t\t\t\t\t<\/div>\n\t\t\t\t\t\t\t<\/div>\n\t\t\t\t\t\t<\/a>\n\t\t\t\t\t\t<\/div>\n\t\t\t\t<\/div>\n\t\t\t\t<\/div>\n\t\t<div class=\"elementor-element elementor-element-1914682f e-con-full e-flex e-con e-child\" data-id=\"1914682f\" data-element_type=\"container\" data-e-type=\"container\">\n\t\t\t\t<div class=\"elementor-element elementor-element-7999e4f0 elementor-cta--skin-cover elementor-cta--valign-bottom elementor-animated-content elementor-bg-transform elementor-bg-transform-zoom-in elementor-widget elementor-widget-call-to-action\" data-id=\"7999e4f0\" data-element_type=\"widget\" data-e-type=\"widget\" data-widget_type=\"call-to-action.default\">\n\t\t\t\t<div class=\"elementor-widget-container\">\n\t\t\t\t\t\t\t<a class=\"elementor-cta\" href=\"https:\/\/www.bucketlistvilla.com\/blog\/fr\/yacht-de-luxe-location\/\">\n\t\t\t\t\t<div class=\"elementor-cta__bg-wrapper\">\n\t\t\t\t<div class=\"elementor-cta__bg elementor-bg\" style=\"background-image: url(https:\/\/www.bucketlistvilla.com\/blog\/wp-content\/uploads\/2025\/06\/AdobeStock_600886862-2-e1749284197833.jpg);\" role=\"img\" aria-label=\"private yachts st barts\"><\/div>\n\t\t\t\t<div class=\"elementor-cta__bg-overlay\"><\/div>\n\t\t\t<\/div>\n\t\t\t\t\t\t\t<div class=\"elementor-cta__content\">\n\t\t\t\t\n\t\t\t\t\n\t\t\t\t\n\t\t\t\t\t\t\t\t\t<div class=\"elementor-cta__button-wrapper elementor-cta__content-item elementor-content-item elementor-animated-item--grow\">\n\t\t\t\t\t<span class=\"elementor-cta__button elementor-button elementor-size-\">\n\t\t\t\t\t\tBateaux St Barth\t\t\t\t\t<\/span>\n\t\t\t\t\t<\/div>\n\t\t\t\t\t\t\t<\/div>\n\t\t\t\t\t\t<\/a>\n\t\t\t\t\t\t<\/div>\n\t\t\t\t<\/div>\n\t\t\t\t<\/div>\n\t\t\t\t\t<\/div>\n\t\t\t\t<\/div>\n\t\t\t\t<\/div>\n\t\t\t\t<\/div>\n\t\t\t\t\t\t<\/div>\n\t\t\t\t<\/div>\n\t\t\t\t\t<\/div>\n\t\t\t\t<\/div>\n\t\t<div class=\"elementor-element elementor-element-a245019 e-con-full e-flex e-con e-parent\" data-id=\"a245019\" data-element_type=\"container\" data-e-type=\"container\">\n\t\t\t\t<div class=\"elementor-element elementor-element-15fea4e8 elementor-widget elementor-widget-template\" data-id=\"15fea4e8\" data-element_type=\"widget\" data-e-type=\"widget\" data-widget_type=\"template.default\">\n\t\t\t\t<div class=\"elementor-widget-container\">\n\t\t\t\t\t\t\t<div class=\"elementor-template\">\n\t\t\t\t\t<div data-elementor-type=\"container\" data-elementor-id=\"6226\" class=\"elementor elementor-6226\" data-elementor-post-type=\"elementor_library\">\n\t\t\t\t<div class=\"elementor-element elementor-element-f203827 e-flex e-con-boxed e-con e-parent\" data-id=\"f203827\" data-element_type=\"container\" data-e-type=\"container\" data-settings=\"{&quot;background_background&quot;:&quot;classic&quot;}\">\n\t\t\t\t\t<div class=\"e-con-inner\">\n\t\t<div class=\"elementor-element elementor-element-5515a880 e-con-full e-flex e-con e-child\" data-id=\"5515a880\" data-element_type=\"container\" data-e-type=\"container\">\n\t\t<div class=\"elementor-element elementor-element-3a05ad07 e-con-full e-flex e-con e-child\" data-id=\"3a05ad07\" data-element_type=\"container\" data-e-type=\"container\">\n\t\t\t\t<div class=\"elementor-element elementor-element-702e4543 elementor-widget elementor-widget-heading\" data-id=\"702e4543\" data-element_type=\"widget\" data-e-type=\"widget\" data-widget_type=\"heading.default\">\n\t\t\t\t<div class=\"elementor-widget-container\">\n\t\t\t\t\t<h3 class=\"elementor-heading-title elementor-size-default\">Besoin d'aide pour r\u00e9server ?<\/h3>\t\t\t\t<\/div>\n\t\t\t\t<\/div>\n\t\t\t\t<div class=\"elementor-element elementor-element-282cf3e6 elementor-widget elementor-widget-text-editor\" data-id=\"282cf3e6\" data-element_type=\"widget\" data-e-type=\"widget\" data-widget_type=\"text-editor.default\">\n\t\t\t\t<div class=\"elementor-widget-container\">\n\t\t\t\t\t\t\t\t\t<a href=\"https:\/\/www.bucketlistvilla.com\/fr\/contact\/\">\u00caTRE CONTACT\u00c9 PAR NOS EXPERTS &gt;<\/a>\t\t\t\t\t\t\t\t<\/div>\n\t\t\t\t<\/div>\n\t\t\t\t<div class=\"elementor-element elementor-element-6a7da241 elementor-widget elementor-widget-text-editor\" data-id=\"6a7da241\" data-element_type=\"widget\" data-e-type=\"widget\" data-widget_type=\"text-editor.default\">\n\t\t\t\t<div class=\"elementor-widget-container\">\n\t\t\t\t\t\t\t\t\t<p><a href=\"https:\/\/wa.me\/+590690610267\">WHATSAPP &gt;<\/a><\/p>\t\t\t\t\t\t\t\t<\/div>\n\t\t\t\t<\/div>\n\t\t<div class=\"elementor-element elementor-element-5cde7a1 e-con-full e-flex e-con e-child\" data-id=\"5cde7a1\" data-element_type=\"container\" data-e-type=\"container\">\n\t\t\t\t<div class=\"elementor-element elementor-element-769dbdd3 elementor-icon-list--layout-inline elementor-list-item-link-full_width elementor-widget elementor-widget-icon-list\" data-id=\"769dbdd3\" data-element_type=\"widget\" data-e-type=\"widget\" data-widget_type=\"icon-list.default\">\n\t\t\t\t<div class=\"elementor-widget-container\">\n\t\t\t\t\t\t\t<ul class=\"elementor-icon-list-items elementor-inline-items\">\n\t\t\t\t\t\t\t<li class=\"elementor-icon-list-item elementor-inline-item\">\n\t\t\t\t\t\t\t\t\t\t\t<a href=\"tel:+590690610267\">\n\n\t\t\t\t\t\t\t\t\t\t\t\t<span class=\"elementor-icon-list-icon\">\n\t\t\t\t\t\t\t<svg aria-hidden=\"true\" class=\"e-font-icon-svg e-fas-phone-alt\" viewBox=\"0 0 512 512\" xmlns=\"http:\/\/www.w3.org\/2000\/svg\"><path d=\"M497.39 361.8l-112-48a24 24 0 0 0-28 6.9l-49.6 60.6A370.66 370.66 0 0 1 130.6 204.11l60.6-49.6a23.94 23.94 0 0 0 6.9-28l-48-112A24.16 24.16 0 0 0 122.6.61l-104 24A24 24 0 0 0 0 48c0 256.5 207.9 464 464 464a24 24 0 0 0 23.4-18.6l24-104a24.29 24.29 0 0 0-14.01-27.6z\"><\/path><\/svg>\t\t\t\t\t\t<\/span>\n\t\t\t\t\t\t\t\t\t\t<span class=\"elementor-icon-list-text\"><\/span>\n\t\t\t\t\t\t\t\t\t\t\t<\/a>\n\t\t\t\t\t\t\t\t\t<\/li>\n\t\t\t\t\t\t\t\t<li class=\"elementor-icon-list-item elementor-inline-item\">\n\t\t\t\t\t\t\t\t\t\t\t<a href=\"mailto:contact@bucketlistvilla.com\">\n\n\t\t\t\t\t\t\t\t\t\t\t\t<span class=\"elementor-icon-list-icon\">\n\t\t\t\t\t\t\t<svg aria-hidden=\"true\" class=\"e-font-icon-svg e-fas-mail-bulk\" viewBox=\"0 0 576 512\" xmlns=\"http:\/\/www.w3.org\/2000\/svg\"><path d=\"M160 448c-25.6 0-51.2-22.4-64-32-64-44.8-83.2-60.8-96-70.4V480c0 17.67 14.33 32 32 32h256c17.67 0 32-14.33 32-32V345.6c-12.8 9.6-32 25.6-96 70.4-12.8 9.6-38.4 32-64 32zm128-192H32c-17.67 0-32 14.33-32 32v16c25.6 19.2 22.4 19.2 115.2 86.4 9.6 6.4 28.8 25.6 44.8 25.6s35.2-19.2 44.8-22.4c92.8-67.2 89.6-67.2 115.2-86.4V288c0-17.67-14.33-32-32-32zm256-96H224c-17.67 0-32 14.33-32 32v32h96c33.21 0 60.59 25.42 63.71 57.82l.29-.22V416h192c17.67 0 32-14.33 32-32V192c0-17.67-14.33-32-32-32zm-32 128h-64v-64h64v64zm-352-96c0-35.29 28.71-64 64-64h224V32c0-17.67-14.33-32-32-32H96C78.33 0 64 14.33 64 32v192h96v-32z\"><\/path><\/svg>\t\t\t\t\t\t<\/span>\n\t\t\t\t\t\t\t\t\t\t<span class=\"elementor-icon-list-text\"><\/span>\n\t\t\t\t\t\t\t\t\t\t\t<\/a>\n\t\t\t\t\t\t\t\t\t<\/li>\n\t\t\t\t\t\t\t\t<li class=\"elementor-icon-list-item elementor-inline-item\">\n\t\t\t\t\t\t\t\t\t\t\t<a href=\"https:\/\/wa.me\/+590690610267\">\n\n\t\t\t\t\t\t\t\t\t\t\t\t<span class=\"elementor-icon-list-icon\">\n\t\t\t\t\t\t\t<svg aria-hidden=\"true\" class=\"e-font-icon-svg e-fab-whatsapp\" viewBox=\"0 0 448 512\" xmlns=\"http:\/\/www.w3.org\/2000\/svg\"><path d=\"M380.9 97.1C339 55.1 283.2 32 223.9 32c-122.4 0-222 99.6-222 222 0 39.1 10.2 77.3 29.6 111L0 480l117.7-30.9c32.4 17.7 68.9 27 106.1 27h.1c122.3 0 224.1-99.6 224.1-222 0-59.3-25.2-115-67.1-157zm-157 341.6c-33.2 0-65.7-8.9-94-25.7l-6.7-4-69.8 18.3L72 359.2l-4.4-7c-18.5-29.4-28.2-63.3-28.2-98.2 0-101.7 82.8-184.5 184.6-184.5 49.3 0 95.6 19.2 130.4 54.1 34.8 34.9 56.2 81.2 56.1 130.5 0 101.8-84.9 184.6-186.6 184.6zm101.2-138.2c-5.5-2.8-32.8-16.2-37.9-18-5.1-1.9-8.8-2.8-12.5 2.8-3.7 5.6-14.3 18-17.6 21.8-3.2 3.7-6.5 4.2-12 1.4-32.6-16.3-54-29.1-75.5-66-5.7-9.8 5.7-9.1 16.3-30.3 1.8-3.7.9-6.9-.5-9.7-1.4-2.8-12.5-30.1-17.1-41.2-4.5-10.8-9.1-9.3-12.5-9.5-3.2-.2-6.9-.2-10.6-.2-3.7 0-9.7 1.4-14.8 6.9-5.1 5.6-19.4 19-19.4 46.3 0 27.3 19.9 53.7 22.6 57.4 2.8 3.7 39.1 59.7 94.8 83.8 35.2 15.2 49 16.5 66.6 13.9 10.7-1.6 32.8-13.4 37.4-26.4 4.6-13 4.6-24.1 3.2-26.4-1.3-2.5-5-3.9-10.5-6.6z\"><\/path><\/svg>\t\t\t\t\t\t<\/span>\n\t\t\t\t\t\t\t\t\t\t<span class=\"elementor-icon-list-text\"><\/span>\n\t\t\t\t\t\t\t\t\t\t\t<\/a>\n\t\t\t\t\t\t\t\t\t<\/li>\n\t\t\t\t\t\t<\/ul>\n\t\t\t\t\t\t<\/div>\n\t\t\t\t<\/div>\n\t\t\t\t<\/div>\n\t\t\t\t<\/div>\n\t\t\t\t<\/div>\n\t\t<div class=\"elementor-element elementor-element-20924ae6 e-con-full e-flex e-con e-child\" data-id=\"20924ae6\" data-element_type=\"container\" data-e-type=\"container\">\n\t\t\t\t<div class=\"elementor-element elementor-element-65c0740a elementor-widget elementor-widget-text-editor\" data-id=\"65c0740a\" data-element_type=\"widget\" data-e-type=\"widget\" data-widget_type=\"text-editor.default\">\n\t\t\t\t<div class=\"elementor-widget-container\">\n\t\t\t\t\t\t\t\t\t<p><span style=\"font-weight: 400;\">Notre \u00e9quipe d\u2019experts est \u00e0 votre disposition pour vous offrir un service sur mesure et r\u00e9pondre \u00e0 toutes vos demandes.<\/span><\/p><p><span style=\"font-weight: 400;\">De la recherche de la villa parfaite \u00e0 l\u2019organisation de vos exp\u00e9riences ou \u00e9v\u00e8nements, nous organisons tout pour vous.<\/span><\/p>\t\t\t\t\t\t\t\t<\/div>\n\t\t\t\t<\/div>\n\t\t\t\t<\/div>\n\t\t\t\t\t<\/div>\n\t\t\t\t<\/div>\n\t\t\t\t<\/div>\n\t\t\t\t<\/div>\n\t\t\t\t\t\t<\/div>\n\t\t\t\t<\/div>\n\t\t\t\t<\/div>\n\t\t\t\t<\/div>\n\t\t","protected":false},"excerpt":{"rendered":"<p>Sur une \u00eele r\u00e9put\u00e9e pour son glamour et son dynamisme social, Colombier reste un joyau isol\u00e9 et singulier. Alors que la c\u00f4te est regorge de clubs de plage l\u00e9gendaires et de lieux de rencontre mondains, la pointe nord-ouest de Saint-Barth\u00e9lemy rec\u00e8le un secret.\u00a0 Colombier est une crique de sable immacul\u00e9 accessible uniquement \u00e0 pied ou [&hellip;]<\/p>\n","protected":false},"author":6,"featured_media":10455,"comment_status":"open","ping_status":"open","sticky":false,"template":"","format":"standard","meta":{"footnotes":""},"categories":[75,30,70,29],"tags":[],"class_list":["post-10676","post","type-post","status-publish","format-standard","has-post-thumbnail","hentry","category-experiences","category-plage-st-barth","category-quartiers-st-barth","category-st-barth"],"yoast_head":"<!-- This site is optimized with the Yoast SEO plugin v27.5 - https:\/\/yoast.com\/product\/yoast-seo-wordpress\/ -->\n<title>Guide complet sur Colombier \u00e0 St Barth<\/title>\n<meta name=\"description\" content=\"D\u00e9couvrez le quartier du Colombier \u00e0 Saint-Barth\u00e9lemy. Activit\u00e9s, plages \u00e0 explorer... Guide complet ici !\" \/>\n<meta name=\"robots\" content=\"index, follow, max-snippet:-1, max-image-preview:large, max-video-preview:-1\" \/>\n<link rel=\"canonical\" href=\"https:\/\/www.bucketlistvilla.com\/blog\/fr\/colombier-st-barth\/\" \/>\n<meta property=\"og:locale\" content=\"fr_FR\" \/>\n<meta property=\"og:type\" content=\"article\" \/>\n<meta property=\"og:title\" content=\"Guide complet sur Colombier \u00e0 St Barth\" \/>\n<meta property=\"og:description\" content=\"D\u00e9couvrez le quartier du Colombier \u00e0 Saint-Barth\u00e9lemy. Activit\u00e9s, plages \u00e0 explorer... Guide complet ici !\" \/>\n<meta property=\"og:url\" content=\"https:\/\/www.bucketlistvilla.com\/blog\/fr\/colombier-st-barth\/\" \/>\n<meta property=\"og:site_name\" content=\"Blog\" \/>\n<meta property=\"article:published_time\" content=\"2025-09-26T08:24:19+00:00\" \/>\n<meta property=\"article:modified_time\" content=\"2025-10-17T13:02:58+00:00\" \/>\n<meta property=\"og:image\" content=\"https:\/\/www.bucketlistvilla.com\/blog\/wp-content\/uploads\/2025\/09\/colombier-beach-St-Barts.jpg\" \/>\n\t<meta property=\"og:image:width\" content=\"1920\" \/>\n\t<meta property=\"og:image:height\" content=\"960\" \/>\n\t<meta property=\"og:image:type\" content=\"image\/jpeg\" \/>\n<meta name=\"author\" content=\"Thibaut\" \/>\n<meta name=\"twitter:card\" content=\"summary_large_image\" \/>\n<meta name=\"twitter:label1\" content=\"Written by\" \/>\n\t<meta name=\"twitter:data1\" content=\"Thibaut\" \/>\n\t<meta name=\"twitter:label2\" content=\"Est. reading time\" \/>\n\t<meta name=\"twitter:data2\" content=\"10 minutes\" \/>\n<script type=\"application\/ld+json\" class=\"yoast-schema-graph\">{\"@context\":\"https:\\\/\\\/schema.org\",\"@graph\":[{\"@type\":\"Article\",\"@id\":\"https:\\\/\\\/www.bucketlistvilla.com\\\/blog\\\/fr\\\/colombier-st-barth\\\/#article\",\"isPartOf\":{\"@id\":\"https:\\\/\\\/www.bucketlistvilla.com\\\/blog\\\/fr\\\/colombier-st-barth\\\/\"},\"author\":{\"name\":\"Thibaut\",\"@id\":\"https:\\\/\\\/www.bucketlistvilla.com\\\/blog\\\/fr\\\/#\\\/schema\\\/person\\\/3b3666a37eb6e13d13e98c76ca36396c\"},\"headline\":\"La plage de Colombier : le guide pratique pour d\u00e9couvrir les criques isol\u00e9es de Saint-Barth\u00e9lemy\",\"datePublished\":\"2025-09-26T08:24:19+00:00\",\"dateModified\":\"2025-10-17T13:02:58+00:00\",\"mainEntityOfPage\":{\"@id\":\"https:\\\/\\\/www.bucketlistvilla.com\\\/blog\\\/fr\\\/colombier-st-barth\\\/\"},\"wordCount\":1570,\"commentCount\":0,\"image\":{\"@id\":\"https:\\\/\\\/www.bucketlistvilla.com\\\/blog\\\/fr\\\/colombier-st-barth\\\/#primaryimage\"},\"thumbnailUrl\":\"https:\\\/\\\/www.bucketlistvilla.com\\\/blog\\\/wp-content\\\/uploads\\\/2025\\\/09\\\/colombier-beach-St-Barts.jpg\",\"articleSection\":[\"Exp\u00e9riences\",\"Plage St Barth\",\"Quartiers St Barth\",\"St Barth\"],\"inLanguage\":\"fr\",\"potentialAction\":[{\"@type\":\"CommentAction\",\"name\":\"Comment\",\"target\":[\"https:\\\/\\\/www.bucketlistvilla.com\\\/blog\\\/fr\\\/colombier-st-barth\\\/#respond\"]}]},{\"@type\":\"WebPage\",\"@id\":\"https:\\\/\\\/www.bucketlistvilla.com\\\/blog\\\/fr\\\/colombier-st-barth\\\/\",\"url\":\"https:\\\/\\\/www.bucketlistvilla.com\\\/blog\\\/fr\\\/colombier-st-barth\\\/\",\"name\":\"Guide complet sur Colombier \u00e0 St Barth\",\"isPartOf\":{\"@id\":\"https:\\\/\\\/www.bucketlistvilla.com\\\/blog\\\/fr\\\/#website\"},\"primaryImageOfPage\":{\"@id\":\"https:\\\/\\\/www.bucketlistvilla.com\\\/blog\\\/fr\\\/colombier-st-barth\\\/#primaryimage\"},\"image\":{\"@id\":\"https:\\\/\\\/www.bucketlistvilla.com\\\/blog\\\/fr\\\/colombier-st-barth\\\/#primaryimage\"},\"thumbnailUrl\":\"https:\\\/\\\/www.bucketlistvilla.com\\\/blog\\\/wp-content\\\/uploads\\\/2025\\\/09\\\/colombier-beach-St-Barts.jpg\",\"datePublished\":\"2025-09-26T08:24:19+00:00\",\"dateModified\":\"2025-10-17T13:02:58+00:00\",\"author\":{\"@id\":\"https:\\\/\\\/www.bucketlistvilla.com\\\/blog\\\/fr\\\/#\\\/schema\\\/person\\\/3b3666a37eb6e13d13e98c76ca36396c\"},\"description\":\"D\u00e9couvrez le quartier du Colombier \u00e0 Saint-Barth\u00e9lemy. Activit\u00e9s, plages \u00e0 explorer... Guide complet ici !\",\"breadcrumb\":{\"@id\":\"https:\\\/\\\/www.bucketlistvilla.com\\\/blog\\\/fr\\\/colombier-st-barth\\\/#breadcrumb\"},\"inLanguage\":\"fr\",\"potentialAction\":[{\"@type\":\"ReadAction\",\"target\":[\"https:\\\/\\\/www.bucketlistvilla.com\\\/blog\\\/fr\\\/colombier-st-barth\\\/\"]}]},{\"@type\":\"ImageObject\",\"inLanguage\":\"fr\",\"@id\":\"https:\\\/\\\/www.bucketlistvilla.com\\\/blog\\\/fr\\\/colombier-st-barth\\\/#primaryimage\",\"url\":\"https:\\\/\\\/www.bucketlistvilla.com\\\/blog\\\/wp-content\\\/uploads\\\/2025\\\/09\\\/colombier-beach-St-Barts.jpg\",\"contentUrl\":\"https:\\\/\\\/www.bucketlistvilla.com\\\/blog\\\/wp-content\\\/uploads\\\/2025\\\/09\\\/colombier-beach-St-Barts.jpg\",\"width\":1920,\"height\":960,\"caption\":\"colombier beach St Barts\"},{\"@type\":\"BreadcrumbList\",\"@id\":\"https:\\\/\\\/www.bucketlistvilla.com\\\/blog\\\/fr\\\/colombier-st-barth\\\/#breadcrumb\",\"itemListElement\":[{\"@type\":\"ListItem\",\"position\":1,\"name\":\"Home\",\"item\":\"https:\\\/\\\/www.bucketlistvilla.com\\\/blog\\\/fr\\\/\"},{\"@type\":\"ListItem\",\"position\":2,\"name\":\"La plage de Colombier : le guide pratique pour d\u00e9couvrir les criques isol\u00e9es de Saint-Barth\u00e9lemy\"}]},{\"@type\":\"WebSite\",\"@id\":\"https:\\\/\\\/www.bucketlistvilla.com\\\/blog\\\/fr\\\/#website\",\"url\":\"https:\\\/\\\/www.bucketlistvilla.com\\\/blog\\\/fr\\\/\",\"name\":\"Blog\",\"description\":\"\",\"potentialAction\":[{\"@type\":\"SearchAction\",\"target\":{\"@type\":\"EntryPoint\",\"urlTemplate\":\"https:\\\/\\\/www.bucketlistvilla.com\\\/blog\\\/fr\\\/?s={search_term_string}\"},\"query-input\":{\"@type\":\"PropertyValueSpecification\",\"valueRequired\":true,\"valueName\":\"search_term_string\"}}],\"inLanguage\":\"fr\"},{\"@type\":\"Person\",\"@id\":\"https:\\\/\\\/www.bucketlistvilla.com\\\/blog\\\/fr\\\/#\\\/schema\\\/person\\\/3b3666a37eb6e13d13e98c76ca36396c\",\"name\":\"Thibaut\",\"image\":{\"@type\":\"ImageObject\",\"inLanguage\":\"fr\",\"@id\":\"https:\\\/\\\/secure.gravatar.com\\\/avatar\\\/1657d3e03cb74dfd00a369778744d0f6773802ba2d5232a1fad7d484cfa7dcbe?s=96&d=mm&r=g\",\"url\":\"https:\\\/\\\/secure.gravatar.com\\\/avatar\\\/1657d3e03cb74dfd00a369778744d0f6773802ba2d5232a1fad7d484cfa7dcbe?s=96&d=mm&r=g\",\"contentUrl\":\"https:\\\/\\\/secure.gravatar.com\\\/avatar\\\/1657d3e03cb74dfd00a369778744d0f6773802ba2d5232a1fad7d484cfa7dcbe?s=96&d=mm&r=g\",\"caption\":\"Thibaut\"},\"url\":\"https:\\\/\\\/www.bucketlistvilla.com\\\/blog\\\/fr\\\/author\\\/thibaut\\\/\"}]}<\/script>\n<!-- \/ Yoast SEO plugin. -->","yoast_head_json":{"title":"Guide complet sur Colombier \u00e0 St Barth","description":"D\u00e9couvrez le quartier du Colombier \u00e0 Saint-Barth\u00e9lemy. Activit\u00e9s, plages \u00e0 explorer... Guide complet ici !","robots":{"index":"index","follow":"follow","max-snippet":"max-snippet:-1","max-image-preview":"max-image-preview:large","max-video-preview":"max-video-preview:-1"},"canonical":"https:\/\/www.bucketlistvilla.com\/blog\/fr\/colombier-st-barth\/","og_locale":"fr_FR","og_type":"article","og_title":"Guide complet sur Colombier \u00e0 St Barth","og_description":"D\u00e9couvrez le quartier du Colombier \u00e0 Saint-Barth\u00e9lemy. Activit\u00e9s, plages \u00e0 explorer... Guide complet ici !","og_url":"https:\/\/www.bucketlistvilla.com\/blog\/fr\/colombier-st-barth\/","og_site_name":"Blog","article_published_time":"2025-09-26T08:24:19+00:00","article_modified_time":"2025-10-17T13:02:58+00:00","og_image":[{"width":1920,"height":960,"url":"https:\/\/www.bucketlistvilla.com\/blog\/wp-content\/uploads\/2025\/09\/colombier-beach-St-Barts.jpg","type":"image\/jpeg"}],"author":"Thibaut","twitter_card":"summary_large_image","twitter_misc":{"Written by":"Thibaut","Est. reading time":"10 minutes"},"schema":{"@context":"https:\/\/schema.org","@graph":[{"@type":"Article","@id":"https:\/\/www.bucketlistvilla.com\/blog\/fr\/colombier-st-barth\/#article","isPartOf":{"@id":"https:\/\/www.bucketlistvilla.com\/blog\/fr\/colombier-st-barth\/"},"author":{"name":"Thibaut","@id":"https:\/\/www.bucketlistvilla.com\/blog\/fr\/#\/schema\/person\/3b3666a37eb6e13d13e98c76ca36396c"},"headline":"La plage de Colombier : le guide pratique pour d\u00e9couvrir les criques isol\u00e9es de Saint-Barth\u00e9lemy","datePublished":"2025-09-26T08:24:19+00:00","dateModified":"2025-10-17T13:02:58+00:00","mainEntityOfPage":{"@id":"https:\/\/www.bucketlistvilla.com\/blog\/fr\/colombier-st-barth\/"},"wordCount":1570,"commentCount":0,"image":{"@id":"https:\/\/www.bucketlistvilla.com\/blog\/fr\/colombier-st-barth\/#primaryimage"},"thumbnailUrl":"https:\/\/www.bucketlistvilla.com\/blog\/wp-content\/uploads\/2025\/09\/colombier-beach-St-Barts.jpg","articleSection":["Exp\u00e9riences","Plage St Barth","Quartiers St Barth","St Barth"],"inLanguage":"fr","potentialAction":[{"@type":"CommentAction","name":"Comment","target":["https:\/\/www.bucketlistvilla.com\/blog\/fr\/colombier-st-barth\/#respond"]}]},{"@type":"WebPage","@id":"https:\/\/www.bucketlistvilla.com\/blog\/fr\/colombier-st-barth\/","url":"https:\/\/www.bucketlistvilla.com\/blog\/fr\/colombier-st-barth\/","name":"Guide complet sur Colombier \u00e0 St Barth","isPartOf":{"@id":"https:\/\/www.bucketlistvilla.com\/blog\/fr\/#website"},"primaryImageOfPage":{"@id":"https:\/\/www.bucketlistvilla.com\/blog\/fr\/colombier-st-barth\/#primaryimage"},"image":{"@id":"https:\/\/www.bucketlistvilla.com\/blog\/fr\/colombier-st-barth\/#primaryimage"},"thumbnailUrl":"https:\/\/www.bucketlistvilla.com\/blog\/wp-content\/uploads\/2025\/09\/colombier-beach-St-Barts.jpg","datePublished":"2025-09-26T08:24:19+00:00","dateModified":"2025-10-17T13:02:58+00:00","author":{"@id":"https:\/\/www.bucketlistvilla.com\/blog\/fr\/#\/schema\/person\/3b3666a37eb6e13d13e98c76ca36396c"},"description":"D\u00e9couvrez le quartier du Colombier \u00e0 Saint-Barth\u00e9lemy. Activit\u00e9s, plages \u00e0 explorer... Guide complet ici !","breadcrumb":{"@id":"https:\/\/www.bucketlistvilla.com\/blog\/fr\/colombier-st-barth\/#breadcrumb"},"inLanguage":"fr","potentialAction":[{"@type":"ReadAction","target":["https:\/\/www.bucketlistvilla.com\/blog\/fr\/colombier-st-barth\/"]}]},{"@type":"ImageObject","inLanguage":"fr","@id":"https:\/\/www.bucketlistvilla.com\/blog\/fr\/colombier-st-barth\/#primaryimage","url":"https:\/\/www.bucketlistvilla.com\/blog\/wp-content\/uploads\/2025\/09\/colombier-beach-St-Barts.jpg","contentUrl":"https:\/\/www.bucketlistvilla.com\/blog\/wp-content\/uploads\/2025\/09\/colombier-beach-St-Barts.jpg","width":1920,"height":960,"caption":"colombier beach St Barts"},{"@type":"BreadcrumbList","@id":"https:\/\/www.bucketlistvilla.com\/blog\/fr\/colombier-st-barth\/#breadcrumb","itemListElement":[{"@type":"ListItem","position":1,"name":"Home","item":"https:\/\/www.bucketlistvilla.com\/blog\/fr\/"},{"@type":"ListItem","position":2,"name":"La plage de Colombier : le guide pratique pour d\u00e9couvrir les criques isol\u00e9es de Saint-Barth\u00e9lemy"}]},{"@type":"WebSite","@id":"https:\/\/www.bucketlistvilla.com\/blog\/fr\/#website","url":"https:\/\/www.bucketlistvilla.com\/blog\/fr\/","name":"Blog","description":"","potentialAction":[{"@type":"SearchAction","target":{"@type":"EntryPoint","urlTemplate":"https:\/\/www.bucketlistvilla.com\/blog\/fr\/?s={search_term_string}"},"query-input":{"@type":"PropertyValueSpecification","valueRequired":true,"valueName":"search_term_string"}}],"inLanguage":"fr"},{"@type":"Person","@id":"https:\/\/www.bucketlistvilla.com\/blog\/fr\/#\/schema\/person\/3b3666a37eb6e13d13e98c76ca36396c","name":"Thibaut","image":{"@type":"ImageObject","inLanguage":"fr","@id":"https:\/\/secure.gravatar.com\/avatar\/1657d3e03cb74dfd00a369778744d0f6773802ba2d5232a1fad7d484cfa7dcbe?s=96&d=mm&r=g","url":"https:\/\/secure.gravatar.com\/avatar\/1657d3e03cb74dfd00a369778744d0f6773802ba2d5232a1fad7d484cfa7dcbe?s=96&d=mm&r=g","contentUrl":"https:\/\/secure.gravatar.com\/avatar\/1657d3e03cb74dfd00a369778744d0f6773802ba2d5232a1fad7d484cfa7dcbe?s=96&d=mm&r=g","caption":"Thibaut"},"url":"https:\/\/www.bucketlistvilla.com\/blog\/fr\/author\/thibaut\/"}]}},"_links":{"self":[{"href":"https:\/\/www.bucketlistvilla.com\/blog\/fr\/wp-json\/wp\/v2\/posts\/10676","targetHints":{"allow":["GET"]}}],"collection":[{"href":"https:\/\/www.bucketlistvilla.com\/blog\/fr\/wp-json\/wp\/v2\/posts"}],"about":[{"href":"https:\/\/www.bucketlistvilla.com\/blog\/fr\/wp-json\/wp\/v2\/types\/post"}],"author":[{"embeddable":true,"href":"https:\/\/www.bucketlistvilla.com\/blog\/fr\/wp-json\/wp\/v2\/users\/6"}],"replies":[{"embeddable":true,"href":"https:\/\/www.bucketlistvilla.com\/blog\/fr\/wp-json\/wp\/v2\/comments?post=10676"}],"version-history":[{"count":8,"href":"https:\/\/www.bucketlistvilla.com\/blog\/fr\/wp-json\/wp\/v2\/posts\/10676\/revisions"}],"predecessor-version":[{"id":10740,"href":"https:\/\/www.bucketlistvilla.com\/blog\/fr\/wp-json\/wp\/v2\/posts\/10676\/revisions\/10740"}],"wp:featuredmedia":[{"embeddable":true,"href":"https:\/\/www.bucketlistvilla.com\/blog\/fr\/wp-json\/wp\/v2\/media\/10455"}],"wp:attachment":[{"href":"https:\/\/www.bucketlistvilla.com\/blog\/fr\/wp-json\/wp\/v2\/media?parent=10676"}],"wp:term":[{"taxonomy":"category","embeddable":true,"href":"https:\/\/www.bucketlistvilla.com\/blog\/fr\/wp-json\/wp\/v2\/categories?post=10676"},{"taxonomy":"post_tag","embeddable":true,"href":"https:\/\/www.bucketlistvilla.com\/blog\/fr\/wp-json\/wp\/v2\/tags?post=10676"}],"curies":[{"name":"wp","href":"https:\/\/api.w.org\/{rel}","templated":true}]}}