{"id":11747,"date":"2025-12-17T10:47:10","date_gmt":"2025-12-17T10:47:10","guid":{"rendered":"https:\/\/www.bucketlistvilla.com\/blog\/?p=11747"},"modified":"2025-12-17T11:28:38","modified_gmt":"2025-12-17T11:28:38","slug":"les-plus-belles-villas-cap-dantibes","status":"publish","type":"post","link":"https:\/\/www.bucketlistvilla.com\/blog\/fr\/les-plus-belles-villas-cap-dantibes\/","title":{"rendered":"Les plus belles villas du Cap d&#8217;Antibes : un patrimoine immobilier d\u2019exception"},"content":{"rendered":"\t\t<div data-elementor-type=\"wp-post\" data-elementor-id=\"11747\" class=\"elementor elementor-11747\" data-elementor-post-type=\"post\">\n\t\t\t\t<div class=\"elementor-element elementor-element-79d9e30 e-flex e-con-boxed e-con e-parent\" data-id=\"79d9e30\" data-element_type=\"container\" data-e-type=\"container\">\n\t\t\t\t\t<div class=\"e-con-inner\">\n\t\t\t\t<div class=\"elementor-element elementor-element-8a52b5e elementor-widget elementor-widget-text-editor\" data-id=\"8a52b5e\" data-element_type=\"widget\" data-e-type=\"widget\" data-widget_type=\"text-editor.default\">\n\t\t\t\t<div class=\"elementor-widget-container\">\n\t\t\t\t\t\t\t\t\t<p>Dans cet article, nous vous pr\u00e9sentons <strong>les plus belles villas du Cap d&#8217;Antibes<\/strong>. Cette presqu\u2019\u00eele, discr\u00e8te et largement pr\u00e9serv\u00e9e de l\u2019urbanisation intensive, abrite depuis longtemps certaines des propri\u00e9t\u00e9s les plus recherch\u00e9es du littoral m\u00e9diterran\u00e9en. Notre agence de luxe au Cap d&#8217;Antibes, Bucket List Villa, vous fait d\u00e9couvrir dans cet article des villas d&#8217;exceptions.<\/p>\t\t\t\t\t\t\t\t<\/div>\n\t\t\t\t<\/div>\n\t\t\t\t\t<\/div>\n\t\t\t\t<\/div>\n\t\t<div class=\"elementor-element elementor-element-798f7fd e-flex e-con-boxed e-con e-parent\" data-id=\"798f7fd\" data-element_type=\"container\" data-e-type=\"container\">\n\t\t\t\t\t<div class=\"e-con-inner\">\n\t\t\t\t<div class=\"elementor-element elementor-element-5047546 elementor-widget elementor-widget-template\" data-id=\"5047546\" data-element_type=\"widget\" data-e-type=\"widget\" data-widget_type=\"template.default\">\n\t\t\t\t<div class=\"elementor-widget-container\">\n\t\t\t\t\t\t\t<div class=\"elementor-template\">\n\t\t\t\t\t<div data-elementor-type=\"container\" data-elementor-id=\"6215\" class=\"elementor elementor-6215\" data-elementor-post-type=\"elementor_library\">\n\t\t\t\t<div class=\"elementor-element elementor-element-7fada30 e-flex e-con-boxed e-con e-parent\" data-id=\"7fada30\" data-element_type=\"container\" data-e-type=\"container\">\n\t\t\t\t\t<div class=\"e-con-inner\">\n\t\t\t\t<div class=\"elementor-element elementor-element-9a267c6 elementor-widget elementor-widget-table-of-contents\" data-id=\"9a267c6\" data-element_type=\"widget\" data-e-type=\"widget\" data-settings=\"{&quot;headings_by_tags&quot;:[&quot;h2&quot;],&quot;exclude_headings_by_selector&quot;:[],&quot;marker_view&quot;:&quot;bullets&quot;,&quot;icon&quot;:{&quot;value&quot;:&quot;&quot;,&quot;library&quot;:&quot;&quot;},&quot;no_headings_message&quot;:&quot;Aucun titre n\\u2019a \\u00e9t\\u00e9 trouv\\u00e9 sur cette page.&quot;,&quot;hierarchical_view&quot;:&quot;yes&quot;,&quot;min_height&quot;:{&quot;unit&quot;:&quot;px&quot;,&quot;size&quot;:&quot;&quot;,&quot;sizes&quot;:[]},&quot;min_height_tablet&quot;:{&quot;unit&quot;:&quot;px&quot;,&quot;size&quot;:&quot;&quot;,&quot;sizes&quot;:[]},&quot;min_height_mobile&quot;:{&quot;unit&quot;:&quot;px&quot;,&quot;size&quot;:&quot;&quot;,&quot;sizes&quot;:[]}}\" data-widget_type=\"table-of-contents.default\">\n\t\t\t\t<div class=\"elementor-widget-container\">\n\t\t\t\t\t\t\t\t\t<div class=\"elementor-toc__header\">\n\t\t\t\t\t\t<div class=\"elementor-toc__header-title\">\n\t\t\t\tSommaire\t\t\t<\/div>\n\t\t\t\t\t\t\t\t<\/div>\n\t\t\t\t<div id=\"elementor-toc__9a267c6\" class=\"elementor-toc__body\">\n\t\t\t<div class=\"elementor-toc__spinner-container\">\n\t\t\t\t<svg class=\"elementor-toc__spinner eicon-animation-spin e-font-icon-svg e-eicon-loading\" aria-hidden=\"true\" viewBox=\"0 0 1000 1000\" xmlns=\"http:\/\/www.w3.org\/2000\/svg\"><path d=\"M500 975V858C696 858 858 696 858 500S696 142 500 142 142 304 142 500H25C25 237 238 25 500 25S975 237 975 500 763 975 500 975Z\"><\/path><\/svg>\t\t\t<\/div>\n\t\t<\/div>\n\t\t\t\t\t\t<\/div>\n\t\t\t\t<\/div>\n\t\t\t\t\t<\/div>\n\t\t\t\t<\/div>\n\t\t\t\t<\/div>\n\t\t\t\t<\/div>\n\t\t\t\t\t\t<\/div>\n\t\t\t\t<\/div>\n\t\t\t\t\t<\/div>\n\t\t\t\t<\/div>\n\t\t<div class=\"elementor-element elementor-element-03995a4 e-flex e-con-boxed e-con e-parent\" data-id=\"03995a4\" data-element_type=\"container\" data-e-type=\"container\">\n\t\t\t\t\t<div class=\"e-con-inner\">\n\t\t\t\t<div class=\"elementor-element elementor-element-16f5a0c elementor-widget elementor-widget-heading\" data-id=\"16f5a0c\" data-element_type=\"widget\" data-e-type=\"widget\" data-widget_type=\"heading.default\">\n\t\t\t\t<div class=\"elementor-widget-container\">\n\t\t\t\t\t<h2 class=\"elementor-heading-title elementor-size-default\">Les 5 plus belles villas du Cap d'Antibes<\/h2>\t\t\t\t<\/div>\n\t\t\t\t<\/div>\n\t\t\t\t\t<\/div>\n\t\t\t\t<\/div>\n\t\t<div class=\"elementor-element elementor-element-00bedb9 e-flex e-con-boxed e-con e-parent\" data-id=\"00bedb9\" data-element_type=\"container\" data-e-type=\"container\">\n\t\t\t\t\t<div class=\"e-con-inner\">\n\t\t<div class=\"elementor-element elementor-element-d3cb12c e-con-full e-flex e-con e-child\" data-id=\"d3cb12c\" data-element_type=\"container\" data-e-type=\"container\">\n\t\t\t\t<div class=\"elementor-element elementor-element-92518c8 elementor-widget elementor-widget-image\" data-id=\"92518c8\" data-element_type=\"widget\" data-e-type=\"widget\" data-widget_type=\"image.default\">\n\t\t\t\t<div class=\"elementor-widget-container\">\n\t\t\t\t\t\t\t\t\t\t\t\t<figure class=\"wp-caption\">\n\t\t\t\t\t\t\t\t\t\t<img fetchpriority=\"high\" decoding=\"async\" width=\"500\" height=\"350\" src=\"https:\/\/www.bucketlistvilla.com\/blog\/wp-content\/uploads\/2025\/12\/chateau-de-la-croe-1938-antibes.webp\" class=\"attachment-full size-full wp-image-11783\" alt=\"Ch\u00e2teau de la Cro\u00eb en 1938\" srcset=\"https:\/\/www.bucketlistvilla.com\/blog\/wp-content\/uploads\/2025\/12\/chateau-de-la-croe-1938-antibes.webp 500w, https:\/\/www.bucketlistvilla.com\/blog\/wp-content\/uploads\/2025\/12\/chateau-de-la-croe-1938-antibes-300x210.webp 300w\" sizes=\"(max-width: 500px) 100vw, 500px\" \/>\t\t\t\t\t\t\t\t\t\t\t<figcaption class=\"widget-image-caption wp-caption-text\">villascapantibes.com<\/figcaption>\n\t\t\t\t\t\t\t\t\t\t<\/figure>\n\t\t\t\t\t\t\t\t\t<\/div>\n\t\t\t\t<\/div>\n\t\t\t\t<\/div>\n\t\t<div class=\"elementor-element elementor-element-0405308 e-con-full e-flex e-con e-child\" data-id=\"0405308\" data-element_type=\"container\" data-e-type=\"container\">\n\t\t\t\t<div class=\"elementor-element elementor-element-714f3bc elementor-widget elementor-widget-heading\" data-id=\"714f3bc\" data-element_type=\"widget\" data-e-type=\"widget\" data-widget_type=\"heading.default\">\n\t\t\t\t<div class=\"elementor-widget-container\">\n\t\t\t\t\t<h3 class=\"elementor-heading-title elementor-size-default\">Villa Ch\u00e2teau de la Cro\u00eb<\/h3>\t\t\t\t<\/div>\n\t\t\t\t<\/div>\n\t\t\t\t<div class=\"elementor-element elementor-element-da71ab5 elementor-widget elementor-widget-text-editor\" data-id=\"da71ab5\" data-element_type=\"widget\" data-e-type=\"widget\" data-widget_type=\"text-editor.default\">\n\t\t\t\t<div class=\"elementor-widget-container\">\n\t\t\t\t\t\t\t\t\t<div class=\"flex-shrink-0 flex flex-col relative items-end\"><div class=\"pt-0\"><div class=\"gizmo-bot-avatar flex h-8 w-8 items-center justify-center overflow-hidden rounded-full\">Le Ch\u00e2teau de la Cro\u00eb est l\u2019une des propri\u00e9t\u00e9s les plus embl\u00e9matiques de la presqu\u2019\u00eele, con\u00e7ue dans les ann\u00e9es 1920 par l\u2019architecte Armand-Albert Rateau et rendue c\u00e9l\u00e8bre par son occupation par le duc et la duchesse de Windsor.<\/div><div>\u00a0<\/div><div>Nich\u00e9e dans un vaste parc priv\u00e9, la villa allie \u00e9l\u00e9gance classique et proximit\u00e9 du littoral, offrant une adresse prestigieuse au c\u0153ur du Cap d\u2019Antibes.<\/div><\/div><\/div>\t\t\t\t\t\t\t\t<\/div>\n\t\t\t\t<\/div>\n\t\t\t\t<\/div>\n\t\t\t\t\t<\/div>\n\t\t\t\t<\/div>\n\t\t<div class=\"elementor-element elementor-element-b4984e4 e-flex e-con-boxed e-con e-parent\" data-id=\"b4984e4\" data-element_type=\"container\" data-e-type=\"container\">\n\t\t\t\t\t<div class=\"e-con-inner\">\n\t\t<div class=\"elementor-element elementor-element-f7b6ec8 e-con-full e-flex e-con e-child\" data-id=\"f7b6ec8\" data-element_type=\"container\" data-e-type=\"container\">\n\t\t\t\t<div class=\"elementor-element elementor-element-235d37f elementor-widget elementor-widget-video\" data-id=\"235d37f\" data-element_type=\"widget\" data-e-type=\"widget\" data-settings=\"{&quot;youtube_url&quot;:&quot;https:\\\/\\\/www.youtube.com\\\/watch?v=P_zJylEKRwU&quot;,&quot;video_type&quot;:&quot;youtube&quot;,&quot;controls&quot;:&quot;yes&quot;}\" data-widget_type=\"video.default\">\n\t\t\t\t<div class=\"elementor-widget-container\">\n\t\t\t\t\t\t\t<div class=\"elementor-wrapper elementor-open-inline\">\n\t\t\t<div class=\"elementor-video\"><\/div>\t\t<\/div>\n\t\t\t\t\t\t<\/div>\n\t\t\t\t<\/div>\n\t\t\t\t<\/div>\n\t\t<div class=\"elementor-element elementor-element-50b7cad e-con-full e-flex e-con e-child\" data-id=\"50b7cad\" data-element_type=\"container\" data-e-type=\"container\">\n\t\t\t\t<div class=\"elementor-element elementor-element-1b11d30 elementor-widget elementor-widget-heading\" data-id=\"1b11d30\" data-element_type=\"widget\" data-e-type=\"widget\" data-widget_type=\"heading.default\">\n\t\t\t\t<div class=\"elementor-widget-container\">\n\t\t\t\t\t<h3 class=\"elementor-heading-title elementor-size-default\">Villa Belle \u00c9poque<\/h3>\t\t\t\t<\/div>\n\t\t\t\t<\/div>\n\t\t\t\t<div class=\"elementor-element elementor-element-fdcfa96 elementor-widget elementor-widget-text-editor\" data-id=\"fdcfa96\" data-element_type=\"widget\" data-e-type=\"widget\" data-widget_type=\"text-editor.default\">\n\t\t\t\t<div class=\"elementor-widget-container\">\n\t\t\t\t\t\t\t\t\t<div class=\"flex-shrink-0 flex flex-col relative items-end\"><div class=\"pt-0\"><div class=\"gizmo-bot-avatar flex h-8 w-8 items-center justify-center overflow-hidden rounded-full\">Le Cap d\u2019Antibes conserve encore des villas de style Belle \u00c9poque qui t\u00e9moignent du patrimoine r\u00e9sidentiel de la presqu\u2019\u00eele.<\/div><div>\u00a0<\/div><div class=\"gizmo-bot-avatar flex h-8 w-8 items-center justify-center overflow-hidden rounded-full\">Certaines de ces villas, souvent enti\u00e8rement r\u00e9nov\u00e9es, proposent une combinaison rare de volume int\u00e9rieur, jardins m\u00e9diterran\u00e9ens et acc\u00e8s rapide \u00e0 la mer, ce qui en fait des adresses particuli\u00e8rement pris\u00e9es, tant pour l\u2019achat que pour la location de vacances.<\/div><\/div><\/div>\t\t\t\t\t\t\t\t<\/div>\n\t\t\t\t<\/div>\n\t\t\t\t<\/div>\n\t\t\t\t\t<\/div>\n\t\t\t\t<\/div>\n\t\t<div class=\"elementor-element elementor-element-496c29e e-flex e-con-boxed e-con e-parent\" data-id=\"496c29e\" data-element_type=\"container\" data-e-type=\"container\">\n\t\t\t\t\t<div class=\"e-con-inner\">\n\t\t<div class=\"elementor-element elementor-element-cbd380b e-con-full e-flex e-con e-child\" data-id=\"cbd380b\" data-element_type=\"container\" data-e-type=\"container\">\n\t\t\t\t<div class=\"elementor-element elementor-element-574821a elementor-widget elementor-widget-image\" data-id=\"574821a\" data-element_type=\"widget\" data-e-type=\"widget\" data-widget_type=\"image.default\">\n\t\t\t\t<div class=\"elementor-widget-container\">\n\t\t\t\t\t\t\t\t\t\t\t\t<figure class=\"wp-caption\">\n\t\t\t\t\t\t\t\t\t\t<img decoding=\"async\" width=\"500\" height=\"350\" src=\"https:\/\/www.bucketlistvilla.com\/blog\/wp-content\/uploads\/2025\/12\/les-chenes-verts-villa-cap-antibes.webp\" class=\"attachment-full size-full wp-image-11780\" alt=\"villa les ch\u00eanes verts cap antibes\" srcset=\"https:\/\/www.bucketlistvilla.com\/blog\/wp-content\/uploads\/2025\/12\/les-chenes-verts-villa-cap-antibes.webp 500w, https:\/\/www.bucketlistvilla.com\/blog\/wp-content\/uploads\/2025\/12\/les-chenes-verts-villa-cap-antibes-300x210.webp 300w\" sizes=\"(max-width: 500px) 100vw, 500px\" \/>\t\t\t\t\t\t\t\t\t\t\t<figcaption class=\"widget-image-caption wp-caption-text\">villascapantibes.com<\/figcaption>\n\t\t\t\t\t\t\t\t\t\t<\/figure>\n\t\t\t\t\t\t\t\t\t<\/div>\n\t\t\t\t<\/div>\n\t\t\t\t<\/div>\n\t\t<div class=\"elementor-element elementor-element-87e95e3 e-con-full e-flex e-con e-child\" data-id=\"87e95e3\" data-element_type=\"container\" data-e-type=\"container\">\n\t\t\t\t<div class=\"elementor-element elementor-element-38faffd elementor-widget elementor-widget-heading\" data-id=\"38faffd\" data-element_type=\"widget\" data-e-type=\"widget\" data-widget_type=\"heading.default\">\n\t\t\t\t<div class=\"elementor-widget-container\">\n\t\t\t\t\t<h3 class=\"elementor-heading-title elementor-size-default\">Villa Les Ch\u00eanes Verts<\/h3>\t\t\t\t<\/div>\n\t\t\t\t<\/div>\n\t\t\t\t<div class=\"elementor-element elementor-element-e4b2e0b elementor-widget elementor-widget-text-editor\" data-id=\"e4b2e0b\" data-element_type=\"widget\" data-e-type=\"widget\" data-widget_type=\"text-editor.default\">\n\t\t\t\t<div class=\"elementor-widget-container\">\n\t\t\t\t\t\t\t\t\t<div class=\"flex-shrink-0 flex flex-col relative items-end\"><div class=\"pt-0\"><div class=\"gizmo-bot-avatar flex h-8 w-8 items-center justify-center overflow-hidden rounded-full\">La Villa Les Ch\u00eanes Verts est une propri\u00e9t\u00e9 remarquable du Cap d\u2019Antibes, situ\u00e9e sur le boulevard John F. Kennedy, \u00e0 l\u2019est de la presqu\u2019\u00eele.<\/div><div>\u00a0<\/div><div class=\"gizmo-bot-avatar flex h-8 w-8 items-center justify-center overflow-hidden rounded-full\">Cette villa fait partie des adresses les plus int\u00e9ressantes du secteur en raison de son importance historique, de son implantation et de sa relation au littoral.<\/div><\/div><\/div>\t\t\t\t\t\t\t\t<\/div>\n\t\t\t\t<\/div>\n\t\t\t\t<\/div>\n\t\t\t\t\t<\/div>\n\t\t\t\t<\/div>\n\t\t<div class=\"elementor-element elementor-element-68d60c9 e-flex e-con-boxed e-con e-parent\" data-id=\"68d60c9\" data-element_type=\"container\" data-e-type=\"container\">\n\t\t\t\t\t<div class=\"e-con-inner\">\n\t\t<div class=\"elementor-element elementor-element-0421e41 e-con-full e-flex e-con e-child\" data-id=\"0421e41\" data-element_type=\"container\" data-e-type=\"container\">\n\t\t\t\t<div class=\"elementor-element elementor-element-a7132b9 elementor-widget elementor-widget-image\" data-id=\"a7132b9\" data-element_type=\"widget\" data-e-type=\"widget\" data-widget_type=\"image.default\">\n\t\t\t\t<div class=\"elementor-widget-container\">\n\t\t\t\t\t\t\t\t\t\t\t\t<figure class=\"wp-caption\">\n\t\t\t\t\t\t\t\t\t\t<img decoding=\"async\" width=\"500\" height=\"350\" src=\"https:\/\/www.bucketlistvilla.com\/blog\/wp-content\/uploads\/2025\/12\/la-cigaronne-villa-cap-antibes.webp\" class=\"attachment-full size-full wp-image-11777\" alt=\"la cigaronne villa cap antibes\" srcset=\"https:\/\/www.bucketlistvilla.com\/blog\/wp-content\/uploads\/2025\/12\/la-cigaronne-villa-cap-antibes.webp 500w, https:\/\/www.bucketlistvilla.com\/blog\/wp-content\/uploads\/2025\/12\/la-cigaronne-villa-cap-antibes-300x210.webp 300w\" sizes=\"(max-width: 500px) 100vw, 500px\" \/>\t\t\t\t\t\t\t\t\t\t\t<figcaption class=\"widget-image-caption wp-caption-text\">villascapantibes.com<\/figcaption>\n\t\t\t\t\t\t\t\t\t\t<\/figure>\n\t\t\t\t\t\t\t\t\t<\/div>\n\t\t\t\t<\/div>\n\t\t\t\t<\/div>\n\t\t<div class=\"elementor-element elementor-element-d96606f e-con-full e-flex e-con e-child\" data-id=\"d96606f\" data-element_type=\"container\" data-e-type=\"container\">\n\t\t\t\t<div class=\"elementor-element elementor-element-07b6e4f elementor-widget elementor-widget-heading\" data-id=\"07b6e4f\" data-element_type=\"widget\" data-e-type=\"widget\" data-widget_type=\"heading.default\">\n\t\t\t\t<div class=\"elementor-widget-container\">\n\t\t\t\t\t<h3 class=\"elementor-heading-title elementor-size-default\">Villa La Cigaronne<\/h3>\t\t\t\t<\/div>\n\t\t\t\t<\/div>\n\t\t\t\t<div class=\"elementor-element elementor-element-de9ea40 elementor-widget elementor-widget-text-editor\" data-id=\"de9ea40\" data-element_type=\"widget\" data-e-type=\"widget\" data-widget_type=\"text-editor.default\">\n\t\t\t\t<div class=\"elementor-widget-container\">\n\t\t\t\t\t\t\t\t\t<div class=\"flex-shrink-0 flex flex-col relative items-end\"><div class=\"pt-0\"><div class=\"gizmo-bot-avatar flex h-8 w-8 items-center justify-center overflow-hidden rounded-full\">La Villa La Cigaronne est une propri\u00e9t\u00e9 embl\u00e9matique du versant ouest du Cap d\u2019Antibes, reconnue pour sa situation en bord de mer, son histoire singuli\u00e8re et ses dimensions g\u00e9n\u00e9reuses.<\/div><div>\u00a0<\/div><div class=\"gizmo-bot-avatar flex h-8 w-8 items-center justify-center overflow-hidden rounded-full\">Install\u00e9e sur une parcelle d\u2019environ 9 000 m\u00b2, cette villa d\u2019exception s\u2019impose par ses volumes, ses prestations haut de gamme et sa capacit\u00e9 d\u2019accueil, tant pour des s\u00e9jours priv\u00e9s que pour des locations saisonni\u00e8res de prestige.<\/div><\/div><\/div>\t\t\t\t\t\t\t\t<\/div>\n\t\t\t\t<\/div>\n\t\t\t\t<\/div>\n\t\t\t\t\t<\/div>\n\t\t\t\t<\/div>\n\t\t<div class=\"elementor-element elementor-element-2eb577d e-flex e-con-boxed e-con e-parent\" data-id=\"2eb577d\" data-element_type=\"container\" data-e-type=\"container\">\n\t\t\t\t\t<div class=\"e-con-inner\">\n\t\t<div class=\"elementor-element elementor-element-3378f70 e-con-full e-flex e-con e-child\" data-id=\"3378f70\" data-element_type=\"container\" data-e-type=\"container\">\n\t\t\t\t<div class=\"elementor-element elementor-element-548a609 elementor-widget elementor-widget-image\" data-id=\"548a609\" data-element_type=\"widget\" data-e-type=\"widget\" data-widget_type=\"image.default\">\n\t\t\t\t<div class=\"elementor-widget-container\">\n\t\t\t\t\t\t\t\t\t\t\t\t<figure class=\"wp-caption\">\n\t\t\t\t\t\t\t\t\t\t\t<a href=\"https:\/\/www.bucketlistvilla.com\/blog\/wp-content\/uploads\/2025\/12\/villa-sylvana-cap-antibes.webp\" data-elementor-open-lightbox=\"yes\" data-elementor-lightbox-title=\"villa-sylvana-cap-antibes\" data-e-action-hash=\"#elementor-action%3Aaction%3Dlightbox%26settings%3DeyJpZCI6MTE3NzQsInVybCI6Imh0dHBzOlwvXC93d3cuYnVja2V0bGlzdHZpbGxhLmNvbVwvYmxvZ1wvd3AtY29udGVudFwvdXBsb2Fkc1wvMjAyNVwvMTJcL3ZpbGxhLXN5bHZhbmEtY2FwLWFudGliZXMud2VicCJ9\">\n\t\t\t\t\t\t\t<img loading=\"lazy\" decoding=\"async\" width=\"500\" height=\"350\" src=\"https:\/\/www.bucketlistvilla.com\/blog\/wp-content\/uploads\/2025\/12\/villa-sylvana-cap-antibes.webp\" class=\"attachment-full size-full wp-image-11774\" alt=\"belle villa sylvana cap antibes\" srcset=\"https:\/\/www.bucketlistvilla.com\/blog\/wp-content\/uploads\/2025\/12\/villa-sylvana-cap-antibes.webp 500w, https:\/\/www.bucketlistvilla.com\/blog\/wp-content\/uploads\/2025\/12\/villa-sylvana-cap-antibes-300x210.webp 300w\" sizes=\"(max-width: 500px) 100vw, 500px\" \/>\t\t\t\t\t\t\t\t<\/a>\n\t\t\t\t\t\t\t\t\t\t\t<figcaption class=\"widget-image-caption wp-caption-text\">villascapantibes.com<\/figcaption>\n\t\t\t\t\t\t\t\t\t\t<\/figure>\n\t\t\t\t\t\t\t\t\t<\/div>\n\t\t\t\t<\/div>\n\t\t\t\t<\/div>\n\t\t<div class=\"elementor-element elementor-element-779d962 e-con-full e-flex e-con e-child\" data-id=\"779d962\" data-element_type=\"container\" data-e-type=\"container\">\n\t\t\t\t<div class=\"elementor-element elementor-element-26a6000 elementor-widget elementor-widget-heading\" data-id=\"26a6000\" data-element_type=\"widget\" data-e-type=\"widget\" data-widget_type=\"heading.default\">\n\t\t\t\t<div class=\"elementor-widget-container\">\n\t\t\t\t\t<h3 class=\"elementor-heading-title elementor-size-default\">Villa Sylvana<\/h3>\t\t\t\t<\/div>\n\t\t\t\t<\/div>\n\t\t\t\t<div class=\"elementor-element elementor-element-4fb5043 elementor-widget elementor-widget-text-editor\" data-id=\"4fb5043\" data-element_type=\"widget\" data-e-type=\"widget\" data-widget_type=\"text-editor.default\">\n\t\t\t\t<div class=\"elementor-widget-container\">\n\t\t\t\t\t\t\t\t\t<div class=\"flex-shrink-0 flex flex-col relative items-end\"><div class=\"pt-0\"><div class=\"gizmo-bot-avatar flex h-8 w-8 items-center justify-center overflow-hidden rounded-full\">La Villa Sylvana s\u2019inscrit dans la tradition r\u00e9sidentielle du Cap d\u2019Antibes, avec un positionnement discret et recherch\u00e9.<\/div><div>\u00a0<\/div><div class=\"gizmo-bot-avatar flex h-8 w-8 items-center justify-center overflow-hidden rounded-full\">Situ\u00e9e dans un secteur calme de la presqu\u2019\u00eele, elle b\u00e9n\u00e9ficie d\u2019un environnement pr\u00e9serv\u00e9, \u00e0 proximit\u00e9 imm\u00e9diate des plages et des sentiers du littoral.<\/div><div>\u00a0<\/div><div class=\"gizmo-bot-avatar flex h-8 w-8 items-center justify-center overflow-hidden rounded-full\">Ce type de propri\u00e9t\u00e9 s\u00e9duit par son \u00e9quilibre entre tranquillit\u00e9, accessibilit\u00e9 et qualit\u00e9 de vie, aussi bien pour un usage priv\u00e9 que pour des s\u00e9jours de vacances haut de gamme, loin des adresses trop expos\u00e9es ou ostentatoires.<\/div><\/div><\/div>\t\t\t\t\t\t\t\t<\/div>\n\t\t\t\t<\/div>\n\t\t\t\t<\/div>\n\t\t\t\t\t<\/div>\n\t\t\t\t<\/div>\n\t\t<div class=\"elementor-element elementor-element-c15812b e-flex e-con-boxed e-con e-parent\" data-id=\"c15812b\" data-element_type=\"container\" data-e-type=\"container\">\n\t\t\t\t\t<div class=\"e-con-inner\">\n\t\t\t\t<div class=\"elementor-element elementor-element-294bb74 elementor-align-center elementor-widget elementor-widget-button\" data-id=\"294bb74\" data-element_type=\"widget\" data-e-type=\"widget\" data-widget_type=\"button.default\">\n\t\t\t\t<div class=\"elementor-widget-container\">\n\t\t\t\t\t\t\t\t\t<div class=\"elementor-button-wrapper\">\n\t\t\t\t\t<a class=\"elementor-button elementor-button-link elementor-size-sm\" href=\"https:\/\/www.bucketlistvilla.com\/fr\/location\/locations-provence-alpes-cote-d-azur-r47\/\">\n\t\t\t\t\t\t<span class=\"elementor-button-content-wrapper\">\n\t\t\t\t\t\t\t\t\t<span class=\"elementor-button-text\">VILLAS DISPONIBLES \u00c0 LA LOCATION<\/span>\n\t\t\t\t\t<\/span>\n\t\t\t\t\t<\/a>\n\t\t\t\t<\/div>\n\t\t\t\t\t\t\t\t<\/div>\n\t\t\t\t<\/div>\n\t\t\t\t\t<\/div>\n\t\t\t\t<\/div>\n\t\t<div class=\"elementor-element elementor-element-b132d8d e-flex e-con-boxed e-con e-parent\" data-id=\"b132d8d\" data-element_type=\"container\" data-e-type=\"container\">\n\t\t\t\t\t<div class=\"e-con-inner\">\n\t\t\t\t<div class=\"elementor-element elementor-element-468000f elementor-widget elementor-widget-heading\" data-id=\"468000f\" data-element_type=\"widget\" data-e-type=\"widget\" data-widget_type=\"heading.default\">\n\t\t\t\t<div class=\"elementor-widget-container\">\n\t\t\t\t\t<h2 class=\"elementor-heading-title elementor-size-default\">Caract\u00e9ristiques des villas d'exception dans cette r\u00e9gion<\/h2>\t\t\t\t<\/div>\n\t\t\t\t<\/div>\n\t\t\t\t<div class=\"elementor-element elementor-element-25541ad elementor-widget elementor-widget-heading\" data-id=\"25541ad\" data-element_type=\"widget\" data-e-type=\"widget\" data-widget_type=\"heading.default\">\n\t\t\t\t<div class=\"elementor-widget-container\">\n\t\t\t\t\t<h3 class=\"elementor-heading-title elementor-size-default\">Un emplacement et une implantation irr\u00e9prochables<\/h3>\t\t\t\t<\/div>\n\t\t\t\t<\/div>\n\t\t\t\t<div class=\"elementor-element elementor-element-e28c3f9 elementor-widget elementor-widget-text-editor\" data-id=\"e28c3f9\" data-element_type=\"widget\" data-e-type=\"widget\" data-widget_type=\"text-editor.default\">\n\t\t\t\t<div class=\"elementor-widget-container\">\n\t\t\t\t\t\t\t\t\t<p>Au Cap d\u2019Antibes, la valeur principale d\u2019une villa se d\u00e9termine tout d\u2019abord sur sa position (orientation, relief du terrain, exposition \u00e0 la lumi\u00e8re et ma\u00eetrise des vis-\u00e0-vis). Les villas les plus recherch\u00e9es sont celles dont l\u2019implantation valorise durablement l\u2019environnement imm\u00e9diat, ind\u00e9pendamment de la surface b\u00e2tie.<\/p>\t\t\t\t\t\t\t\t<\/div>\n\t\t\t\t<\/div>\n\t\t\t\t<div class=\"elementor-element elementor-element-711a425 elementor-widget elementor-widget-heading\" data-id=\"711a425\" data-element_type=\"widget\" data-e-type=\"widget\" data-widget_type=\"heading.default\">\n\t\t\t\t<div class=\"elementor-widget-container\">\n\t\t\t\t\t<h3 class=\"elementor-heading-title elementor-size-default\">Une architecture coh\u00e9rente avec le site<\/h3>\t\t\t\t<\/div>\n\t\t\t\t<\/div>\n\t\t\t\t<div class=\"elementor-element elementor-element-57cef5d elementor-widget elementor-widget-text-editor\" data-id=\"57cef5d\" data-element_type=\"widget\" data-e-type=\"widget\" data-widget_type=\"text-editor.default\">\n\t\t\t\t<div class=\"elementor-widget-container\">\n\t\t\t\t\t\t\t\t\t<p>Les plus belles villas au Cap d&#8217;Antibes ne cherchent pas \u00e0 s\u2019imposer. Qu\u2019il s\u2019agisse de demeures anciennes ou plus contemporaines, l\u2019architecture privil\u00e9gie des volumes \u00e9quilibr\u00e9s et des lignes coh\u00e9rentes avec le paysage.<\/p>\t\t\t\t\t\t\t\t<\/div>\n\t\t\t\t<\/div>\n\t\t\t\t<div class=\"elementor-element elementor-element-f1305d9 elementor-widget elementor-widget-heading\" data-id=\"f1305d9\" data-element_type=\"widget\" data-e-type=\"widget\" data-widget_type=\"heading.default\">\n\t\t\t\t<div class=\"elementor-widget-container\">\n\t\t\t\t\t<h3 class=\"elementor-heading-title elementor-size-default\">Des terrains garantissant intimit\u00e9 et tranquilit\u00e9<\/h3>\t\t\t\t<\/div>\n\t\t\t\t<\/div>\n\t\t\t\t<div class=\"elementor-element elementor-element-fce5123 elementor-widget elementor-widget-text-editor\" data-id=\"fce5123\" data-element_type=\"widget\" data-e-type=\"widget\" data-widget_type=\"text-editor.default\">\n\t\t\t\t<div class=\"elementor-widget-container\">\n\t\t\t\t\t\t\t\t\t<p>La configuration de la parcelle est un crit\u00e8re central. Les villas d\u2019exception b\u00e9n\u00e9ficient de terrains suffisamment vastes pour pr\u00e9server la tranquillit\u00e9 des occupants. Jardins entretenus, v\u00e9g\u00e9tation m\u00e9diterran\u00e9enne et terrasses bien positionn\u00e9es.<\/p>\t\t\t\t\t\t\t\t<\/div>\n\t\t\t\t<\/div>\n\t\t\t\t<div class=\"elementor-element elementor-element-d0e28db elementor-widget elementor-widget-heading\" data-id=\"d0e28db\" data-element_type=\"widget\" data-e-type=\"widget\" data-widget_type=\"heading.default\">\n\t\t\t\t<div class=\"elementor-widget-container\">\n\t\t\t\t\t<h3 class=\"elementor-heading-title elementor-size-default\">Proximit\u00e9 du littoral et exposition naturelle<\/h3>\t\t\t\t<\/div>\n\t\t\t\t<\/div>\n\t\t\t\t<div class=\"elementor-element elementor-element-d09ac92 elementor-widget elementor-widget-text-editor\" data-id=\"d09ac92\" data-element_type=\"widget\" data-e-type=\"widget\" data-widget_type=\"text-editor.default\">\n\t\t\t\t<div class=\"elementor-widget-container\">\n\t\t\t\t\t\t\t\t\t<p>Vue d\u00e9gag\u00e9e, proximit\u00e9 du littoral ou acc\u00e8s discret aux criques, la mer reste omnipr\u00e9sente, sans \u00eatre envahissante. Associ\u00e9e \u00e0 une luminosit\u00e9 naturelle constante, elle participe pleinement \u00e0 la qualit\u00e9 de vie et \u00e0 la valeur patrimoniale des plus belles villas du Cap d\u2019Antibes.<\/p>\t\t\t\t\t\t\t\t<\/div>\n\t\t\t\t<\/div>\n\t\t\t\t\t<\/div>\n\t\t\t\t<\/div>\n\t\t<div class=\"elementor-element elementor-element-b9cada9 e-flex e-con-boxed e-con e-parent\" data-id=\"b9cada9\" data-element_type=\"container\" data-e-type=\"container\">\n\t\t\t\t\t<div class=\"e-con-inner\">\n\t\t<div class=\"elementor-element elementor-element-6b550d8 e-con-full e-flex e-con e-child\" data-id=\"6b550d8\" data-element_type=\"container\" data-e-type=\"container\">\n\t\t\t\t<div class=\"elementor-element elementor-element-178c878 elementor-align-right elementor-mobile-align-center elementor-widget elementor-widget-button\" data-id=\"178c878\" data-element_type=\"widget\" data-e-type=\"widget\" data-widget_type=\"button.default\">\n\t\t\t\t<div class=\"elementor-widget-container\">\n\t\t\t\t\t\t\t\t\t<div class=\"elementor-button-wrapper\">\n\t\t\t\t\t<a class=\"elementor-button elementor-button-link elementor-size-sm\" href=\"https:\/\/www.bucketlistvilla.com\/fr\/contact\/\">\n\t\t\t\t\t\t<span class=\"elementor-button-content-wrapper\">\n\t\t\t\t\t\t\t\t\t<span class=\"elementor-button-text\">CONTACTEZ-NOUS<\/span>\n\t\t\t\t\t<\/span>\n\t\t\t\t\t<\/a>\n\t\t\t\t<\/div>\n\t\t\t\t\t\t\t\t<\/div>\n\t\t\t\t<\/div>\n\t\t\t\t<\/div>\n\t\t<div class=\"elementor-element elementor-element-e5ae2d3 e-con-full e-flex e-con e-child\" data-id=\"e5ae2d3\" data-element_type=\"container\" data-e-type=\"container\">\n\t\t\t\t<div class=\"elementor-element elementor-element-bd6b529 elementor-align-left elementor-mobile-align-center elementor-widget elementor-widget-button\" data-id=\"bd6b529\" data-element_type=\"widget\" data-e-type=\"widget\" data-widget_type=\"button.default\">\n\t\t\t\t<div class=\"elementor-widget-container\">\n\t\t\t\t\t\t\t\t\t<div class=\"elementor-button-wrapper\">\n\t\t\t\t\t<a class=\"elementor-button elementor-button-link elementor-size-sm\" href=\"https:\/\/wa.me\/+590690610267\">\n\t\t\t\t\t\t<span class=\"elementor-button-content-wrapper\">\n\t\t\t\t\t\t\t\t\t<span class=\"elementor-button-text\">WHATSAPP                   <\/span>\n\t\t\t\t\t<\/span>\n\t\t\t\t\t<\/a>\n\t\t\t\t<\/div>\n\t\t\t\t\t\t\t\t<\/div>\n\t\t\t\t<\/div>\n\t\t\t\t<\/div>\n\t\t\t\t\t<\/div>\n\t\t\t\t<\/div>\n\t\t<div class=\"elementor-element elementor-element-e5623d7 e-flex e-con-boxed e-con e-parent\" data-id=\"e5623d7\" data-element_type=\"container\" data-e-type=\"container\" data-settings=\"{&quot;background_background&quot;:&quot;classic&quot;}\">\n\t\t\t\t\t<div class=\"e-con-inner\">\n\t\t\t\t<div class=\"elementor-element elementor-element-a712a26 elementor-widget elementor-widget-text-editor\" data-id=\"a712a26\" data-element_type=\"widget\" data-e-type=\"widget\" data-widget_type=\"text-editor.default\">\n\t\t\t\t<div class=\"elementor-widget-container\">\n\t\t\t\t\t\t\t\t\t<h2>Nos villas<span class=\"titre-partiel\"> coup de coeur <\/span>\u00e0 louer proches du Cap d&#8217;Antibes<\/h2>\t\t\t\t\t\t\t\t<\/div>\n\t\t\t\t<\/div>\n\t\t\t\t\t<\/div>\n\t\t\t\t<\/div>\n\t\t<div class=\"elementor-element elementor-element-43471e5 e-flex e-con-boxed e-con e-parent\" data-id=\"43471e5\" data-element_type=\"container\" data-e-type=\"container\" data-settings=\"{&quot;background_background&quot;:&quot;classic&quot;}\">\n\t\t\t\t\t<div class=\"e-con-inner\">\n\t\t\t\t<div class=\"elementor-element elementor-element-bb885e6 elementor-widget elementor-widget-grid\" data-id=\"bb885e6\" data-element_type=\"widget\" data-e-type=\"widget\" data-widget_type=\"grid.default\">\n\t\t\t\t<div class=\"elementor-widget-container\">\n\t\t\t\t\t\t\t<div class=\"its--row alojamientos-recomendados\">\n\n\t\t\t<div class=\"alojamientos-recomendados-container\">\n\n\t\t\t\t\t\n\t\t\t\t\t<a href=\"https:\/\/www.bucketlistvilla.com\/fr\/location\/villa-ramatuelle-5-bd-villa-shesh-cote-d-azur-475881.html\" rel=\"nofollow\" style=\"width: 23%;\">\n\t\t\t\t\t\t<div class=\"apartamento-box\">\n\t\t\t\t\t\t\t<div class=\"imagen_recomendados\">\n\t\t\t\t\t\t\t\t<img decoding=\"async\" src=\"https:\/\/crs.avantio.com\/fotos\/2\/1711356932b5ae607a3cb313670e1f1c460c4f3f2c\/big17432377018dbe855235de2a874bceea9402b8d17b.jpg\" alt=\"Villa Alocasia St Tropez C\u00f4te d'Azur 5-bd\">\n\t\t\t\t\t\t\t<\/div>\n\t\t\t\t\t\t\t<div class=\"info\">\n\t\t\t\t\t\t\t\t<div class=\"ubicacion\">\n\t\t\t\t\t\t\t\t\t<i class=\"fa-solid fa-location-dot icono-mapa\"><\/i><span class=\"ubicacion-texto\">Ramatuelle - Var <\/span>\n\t\t\t\t\t\t\t\t<\/div>\n\t\t\t\t\t\t\t\t<H4 class=\"titulo-alojamiento\">\n\t\t\t\t\t\t\t\t\tVilla Alocasia St Tropez C\u00f4te d'Azur 5-bd\t\t\t\t\t\t\t\t<\/H4>\n\t\t\t\t\t\t\t\t<p class=\"precio-alojamiento\">\u00c0 partir de <span class=\"precio\">4365.00\u20ac<\/span> par nuit<\/p>\n\t\t\t\t\t\t\t<\/div>\n\t\t\t\t\t\t<\/div>\n\t\t\t\t\t<\/a> \n\t\t\t\t\t\t\n\t\t\t\t\t<a href=\"https:\/\/www.bucketlistvilla.com\/fr\/location\/villa-cannes-5-bd-villa-la-lombardine-cannes-cote-d-azur-476863.html\" rel=\"nofollow\" style=\"width: 23%;\">\n\t\t\t\t\t\t<div class=\"apartamento-box\">\n\t\t\t\t\t\t\t<div class=\"imagen_recomendados\">\n\t\t\t\t\t\t\t\t<img decoding=\"async\" src=\"https:\/\/crs.avantio.com\/fotos\/2\/1712125537ad7f1231e0870613298d7937ee92f306\/big17121255456a505675e9502a01d59a3e404b6e9022.jpg\" alt=\"Villa Saintpaulia Cannes C\u00f4te d'Azur 5-bd\">\n\t\t\t\t\t\t\t<\/div>\n\t\t\t\t\t\t\t<div class=\"info\">\n\t\t\t\t\t\t\t\t<div class=\"ubicacion\">\n\t\t\t\t\t\t\t\t\t<i class=\"fa-solid fa-location-dot icono-mapa\"><\/i><span class=\"ubicacion-texto\">Cannes - Alpes-Maritimes<\/span>\n\t\t\t\t\t\t\t\t<\/div>\n\t\t\t\t\t\t\t\t<H4 class=\"titulo-alojamiento\">\n\t\t\t\t\t\t\t\t\tVilla Saintpaulia Cannes C\u00f4te d'Azur 5-bd\t\t\t\t\t\t\t\t<\/H4>\n\t\t\t\t\t\t\t\t<p class=\"precio-alojamiento\">\u00c0 partir de <span class=\"precio\">1136.57\u20ac<\/span> par nuit<\/p>\n\t\t\t\t\t\t\t<\/div>\n\t\t\t\t\t\t<\/div>\n\t\t\t\t\t<\/a> \n\t\t\t\t\t\t\n\t\t\t\t\t<a href=\"https:\/\/www.bucketlistvilla.com\/fr\/location\/villa-la-croix-valmer-10-bd-villa-colibri-st-tropez-483714.html\" rel=\"nofollow\" style=\"width: 23%;\">\n\t\t\t\t\t\t<div class=\"apartamento-box\">\n\t\t\t\t\t\t\t<div class=\"imagen_recomendados\">\n\t\t\t\t\t\t\t\t<img decoding=\"async\" src=\"https:\/\/crs.avantio.com\/fotos\/2\/17146573620c4ea39c5accfd550a4c719a2d3c76f7\/big17146575051a54e56eea9500e0ed59cd6973b16be3.jpg\" alt=\"Villa Colibri St Tropez C\u00f4te d'Azur 10-bd\">\n\t\t\t\t\t\t\t<\/div>\n\t\t\t\t\t\t\t<div class=\"info\">\n\t\t\t\t\t\t\t\t<div class=\"ubicacion\">\n\t\t\t\t\t\t\t\t\t<i class=\"fa-solid fa-location-dot icono-mapa\"><\/i><span class=\"ubicacion-texto\">La Croix-Valmer - Var <\/span>\n\t\t\t\t\t\t\t\t<\/div>\n\t\t\t\t\t\t\t\t<H4 class=\"titulo-alojamiento\">\n\t\t\t\t\t\t\t\t\tVilla Colibri St Tropez C\u00f4te d'Azur 10-bd\t\t\t\t\t\t\t\t<\/H4>\n\t\t\t\t\t\t\t\t<p class=\"precio-alojamiento\">\u00c0 partir de <span class=\"precio\">3378.57\u20ac<\/span> par nuit<\/p>\n\t\t\t\t\t\t\t<\/div>\n\t\t\t\t\t\t<\/div>\n\t\t\t\t\t<\/a> \n\t\t\t\t\t\t\n\t\t\t\t\t<a href=\"https:\/\/www.bucketlistvilla.com\/fr\/location\/villa-les-baux-de-provence-8-bd-mas-l-etoile-des-baux-alpilles-495052.html\" rel=\"nofollow\" style=\"width: 23%;\">\n\t\t\t\t\t\t<div class=\"apartamento-box\">\n\t\t\t\t\t\t\t<div class=\"imagen_recomendados\">\n\t\t\t\t\t\t\t\t<img decoding=\"async\" src=\"https:\/\/crs.avantio.com\/fotos\/2\/172077354987c9a02f42f2dd69c541d5670e5f3ba9\/big1720773859a74a8229398785b65d085df6ce25c7e9.jpg\" alt=\"Mas L'Etoile des Baux Alpilles Provence 8-bd\">\n\t\t\t\t\t\t\t<\/div>\n\t\t\t\t\t\t\t<div class=\"info\">\n\t\t\t\t\t\t\t\t<div class=\"ubicacion\">\n\t\t\t\t\t\t\t\t\t<i class=\"fa-solid fa-location-dot icono-mapa\"><\/i><span class=\"ubicacion-texto\">Les Baux-de-Provence - Bouches-du-Rh\u00f4ne <\/span>\n\t\t\t\t\t\t\t\t<\/div>\n\t\t\t\t\t\t\t\t<H4 class=\"titulo-alojamiento\">\n\t\t\t\t\t\t\t\t\tMas L'Etoile des Baux Alpilles Provence 8-bd\t\t\t\t\t\t\t\t<\/H4>\n\t\t\t\t\t\t\t\t<p class=\"precio-alojamiento\">\u00c0 partir de <span class=\"precio\">3300.00\u20ac<\/span> par nuit<\/p>\n\t\t\t\t\t\t\t<\/div>\n\t\t\t\t\t\t<\/div>\n\t\t\t\t\t<\/a> \n\t\t\t\t\t\t\t\t<\/div>\n\t\t\t<\/div>\n\t\t\t\t\t\t<\/div>\n\t\t\t\t<\/div>\n\t\t\t\t<div class=\"elementor-element elementor-element-dbe9986 elementor-align-center elementor-mobile-align-center elementor-widget elementor-widget-button\" data-id=\"dbe9986\" data-element_type=\"widget\" data-e-type=\"widget\" data-widget_type=\"button.default\">\n\t\t\t\t<div class=\"elementor-widget-container\">\n\t\t\t\t\t\t\t\t\t<div class=\"elementor-button-wrapper\">\n\t\t\t\t\t<a class=\"elementor-button elementor-button-link elementor-size-sm\" href=\"https:\/\/www.bucketlistvilla.com\/fr\/location\/locations-provence-alpes-cote-d-azur-r47\/\">\n\t\t\t\t\t\t<span class=\"elementor-button-content-wrapper\">\n\t\t\t\t\t\t\t\t\t<span class=\"elementor-button-text\">PLUS DE VILLAS<\/span>\n\t\t\t\t\t<\/span>\n\t\t\t\t\t<\/a>\n\t\t\t\t<\/div>\n\t\t\t\t\t\t\t\t<\/div>\n\t\t\t\t<\/div>\n\t\t\t\t\t<\/div>\n\t\t\t\t<\/div>\n\t\t<div class=\"elementor-element elementor-element-3fba4ce e-flex e-con-boxed e-con e-parent\" data-id=\"3fba4ce\" data-element_type=\"container\" data-e-type=\"container\">\n\t\t\t\t\t<div class=\"e-con-inner\">\n\t\t\t\t<div class=\"elementor-element elementor-element-73a58f1 elementor-widget elementor-widget-heading\" data-id=\"73a58f1\" data-element_type=\"widget\" data-e-type=\"widget\" data-widget_type=\"heading.default\">\n\t\t\t\t<div class=\"elementor-widget-container\">\n\t\t\t\t\t<h2 class=\"elementor-heading-title elementor-size-default\">\u00c0 qui s\u2019adressent les plus belles villas du Cap d\u2019Antibes ?<\/h2>\t\t\t\t<\/div>\n\t\t\t\t<\/div>\n\t\t\t\t\t<\/div>\n\t\t\t\t<\/div>\n\t\t<div class=\"elementor-element elementor-element-5ec34da e-flex e-con-boxed e-con e-parent\" data-id=\"5ec34da\" data-element_type=\"container\" data-e-type=\"container\">\n\t\t\t\t\t<div class=\"e-con-inner\">\n\t\t<div class=\"elementor-element elementor-element-c5facc2 e-con-full e-flex e-con e-child\" data-id=\"c5facc2\" data-element_type=\"container\" data-e-type=\"container\">\n\t\t\t\t<div class=\"elementor-element elementor-element-6c34b96 elementor-widget elementor-widget-text-editor\" data-id=\"6c34b96\" data-element_type=\"widget\" data-e-type=\"widget\" data-widget_type=\"text-editor.default\">\n\t\t\t\t<div class=\"elementor-widget-container\">\n\t\t\t\t\t\t\t\t\t<p>Les plus belles villas du Cap d\u2019Antibes s\u2019adressent \u00e0 une client\u00e8le exigeante, pour laquelle le lieu, l\u2019environnement et le niveau de confort sont importants.<\/p><p>Elles s\u00e9duisent en premier lieu des <strong>touristes internationaux<\/strong> et des <strong>familles<\/strong> qui recherchent un cadre de vie pr\u00e9serv\u00e9 sur la C\u00f4te d\u2019Azur. Mais \u00e9galement \u00e0 une client\u00e8le en qu\u00eate d\u2019exp\u00e9riences de s\u00e9jour haut de gamme : espaces ext\u00e9rieurs privatifs, piscines, vues mer, acc\u00e8s au littoral&#8230;<\/p><p>Qu\u2019il s\u2019agisse d\u2019un s\u00e9jour temporaire ou d\u2019une installation plus durable, le Cap d\u2019Antibes offre un cadre o\u00f9 l\u2019intimit\u00e9 et la tranquillit\u00e9 restent des crit\u00e8res centraux.<\/p><p>Bucket List Villa vous propose des villas en location de vacances et \u00e0 l&#8217;<a href=\"https:\/\/www.bucketlistvilla.com\/fr\/agence-immobiliere-st-barth\/\">achat<\/a> sur toute la C\u00f4te d&#8217;Azur.<\/p>\t\t\t\t\t\t\t\t<\/div>\n\t\t\t\t<\/div>\n\t\t\t\t<\/div>\n\t\t<div class=\"elementor-element elementor-element-a89ab46 e-con-full e-flex e-con e-child\" data-id=\"a89ab46\" data-element_type=\"container\" data-e-type=\"container\">\n\t\t\t\t<div class=\"elementor-element elementor-element-3310198 elementor-widget elementor-widget-video\" data-id=\"3310198\" data-element_type=\"widget\" data-e-type=\"widget\" data-settings=\"{&quot;youtube_url&quot;:&quot;https:\\\/\\\/www.youtube.com\\\/watch?v=KbwzEXjl_2g&quot;,&quot;video_type&quot;:&quot;youtube&quot;,&quot;controls&quot;:&quot;yes&quot;}\" data-widget_type=\"video.default\">\n\t\t\t\t<div class=\"elementor-widget-container\">\n\t\t\t\t\t\t\t<div class=\"elementor-wrapper elementor-open-inline\">\n\t\t\t<div class=\"elementor-video\"><\/div>\t\t<\/div>\n\t\t\t\t\t\t<\/div>\n\t\t\t\t<\/div>\n\t\t\t\t<div class=\"elementor-element elementor-element-f8c857b elementor-widget elementor-widget-text-editor\" data-id=\"f8c857b\" data-element_type=\"widget\" data-e-type=\"widget\" data-widget_type=\"text-editor.default\">\n\t\t\t\t<div class=\"elementor-widget-container\">\n\t\t\t\t\t\t\t\t\t<p>Villa Vigie<\/p>\t\t\t\t\t\t\t\t<\/div>\n\t\t\t\t<\/div>\n\t\t\t\t<\/div>\n\t\t\t\t\t<\/div>\n\t\t\t\t<\/div>\n\t\t<div class=\"elementor-element elementor-element-0644520 e-flex e-con-boxed e-con e-parent\" data-id=\"0644520\" data-element_type=\"container\" data-e-type=\"container\">\n\t\t\t\t\t<div class=\"e-con-inner\">\n\t\t\t\t<div class=\"elementor-element elementor-element-75b7e2c elementor-widget elementor-widget-heading\" data-id=\"75b7e2c\" data-element_type=\"widget\" data-e-type=\"widget\" data-widget_type=\"heading.default\">\n\t\t\t\t<div class=\"elementor-widget-container\">\n\t\t\t\t\t<h2 class=\"elementor-heading-title elementor-size-default\">L'Agence Bucket List Villa au Cap d'Antibes<\/h2>\t\t\t\t<\/div>\n\t\t\t\t<\/div>\n\t\t\t\t<div class=\"elementor-element elementor-element-a435ab8 elementor-widget elementor-widget-heading\" data-id=\"a435ab8\" data-element_type=\"widget\" data-e-type=\"widget\" data-widget_type=\"heading.default\">\n\t\t\t\t<div class=\"elementor-widget-container\">\n\t\t\t\t\t<h3 class=\"elementor-heading-title elementor-size-default\">L\u2019esprit du Sud, l\u2019excellence sur mesure<\/h3>\t\t\t\t<\/div>\n\t\t\t\t<\/div>\n\t\t\t\t\t<\/div>\n\t\t\t\t<\/div>\n\t\t<div class=\"elementor-element elementor-element-696c001 e-flex e-con-boxed e-con e-parent\" data-id=\"696c001\" data-element_type=\"container\" data-e-type=\"container\">\n\t\t\t\t\t<div class=\"e-con-inner\">\n\t\t\t\t<div class=\"elementor-element elementor-element-a48a178 elementor-widget elementor-widget-text-editor\" data-id=\"a48a178\" data-element_type=\"widget\" data-e-type=\"widget\" data-widget_type=\"text-editor.default\">\n\t\t\t\t<div class=\"elementor-widget-container\">\n\t\t\t\t\t\t\t\t\t<p>L\u2019agence <strong>Bucket List Villa<\/strong> est une structure sp\u00e9cialis\u00e9e dans la location de villas de prestige et la gestion de propri\u00e9t\u00e9s<strong> haut de gamme,<\/strong> install\u00e9e au <strong>Cap d\u2019Antibes<\/strong>, avec une pr\u00e9sence marqu\u00e9e sur la C\u00f4te d\u2019Azur et dans d\u2019autres destinations de luxe comme Saint-Barth\u00e9lemy.<\/p><p>Notre mission repose sur une connaissance approfondie du territoire m\u00e9diterran\u00e9en et sur une approche personnalis\u00e9e du s\u00e9jour ou de la gestion d\u2019un bien. L\u2019\u00e9quipe locale combine une connaissance fine des villas disponibles \u00e0 Antibes et dans les environs avec une capacit\u00e9 \u00e0 accompagner les clients dans tous les aspects de leur projet, qu\u2019il s\u2019agisse de vacances, de s\u00e9jours prolong\u00e9s ou d\u2019usage r\u00e9sidentiel.<\/p><p><a href=\"https:\/\/www.bucketlistvilla.com\/blog\/fr\/agence-villas-de-luxe-cote-azur-provence\/\">EN SAVOIR PLUS SUR NOTRE AGENCE AU CAP D&#8217;ANTIBES &gt;<\/a><\/p>\t\t\t\t\t\t\t\t<\/div>\n\t\t\t\t<\/div>\n\t\t\t\t\t<\/div>\n\t\t\t\t<\/div>\n\t\t<div class=\"elementor-element elementor-element-0f39f54 e-flex e-con-boxed e-con e-parent\" data-id=\"0f39f54\" data-element_type=\"container\" data-e-type=\"container\">\n\t\t\t\t\t<div class=\"e-con-inner\">\n\t\t\t\t<div class=\"elementor-element elementor-element-150ba82 elementor-widget elementor-widget-template\" data-id=\"150ba82\" data-element_type=\"widget\" data-e-type=\"widget\" data-widget_type=\"template.default\">\n\t\t\t\t<div class=\"elementor-widget-container\">\n\t\t\t\t\t\t\t<div class=\"elementor-template\">\n\t\t\t\t\t<div data-elementor-type=\"container\" data-elementor-id=\"11067\" class=\"elementor elementor-11067\" data-elementor-post-type=\"elementor_library\">\n\t\t\t\t<div class=\"elementor-element elementor-element-77f0bad e-flex e-con-boxed e-con e-parent\" data-id=\"77f0bad\" data-element_type=\"container\" data-e-type=\"container\">\n\t\t\t\t\t<div class=\"e-con-inner\">\n\t\t<div class=\"elementor-element elementor-element-505c77b e-con-full e-flex e-con e-child\" data-id=\"505c77b\" data-element_type=\"container\" data-e-type=\"container\">\n\t\t\t\t<div class=\"elementor-element elementor-element-f1c9e3a elementor-cta--skin-cover elementor-cta--valign-bottom elementor-animated-content elementor-bg-transform elementor-bg-transform-zoom-in elementor-widget elementor-widget-call-to-action\" data-id=\"f1c9e3a\" data-element_type=\"widget\" data-e-type=\"widget\" data-widget_type=\"call-to-action.default\">\n\t\t\t\t<div class=\"elementor-widget-container\">\n\t\t\t\t\t\t\t<a class=\"elementor-cta\" href=\"https:\/\/www.bucketlistvilla.com\/fr\/location-vacances-cote-d-azur\/\">\n\t\t\t\t\t<div class=\"elementor-cta__bg-wrapper\">\n\t\t\t\t<div class=\"elementor-cta__bg elementor-bg\" style=\"background-image: url(https:\/\/www.bucketlistvilla.com\/blog\/wp-content\/uploads\/2025\/10\/Villa-Colibri-27.webp);\" role=\"img\" aria-label=\"Locations Vacances C\u00f4te d&#039;Azur\"><\/div>\n\t\t\t\t<div class=\"elementor-cta__bg-overlay\"><\/div>\n\t\t\t<\/div>\n\t\t\t\t\t\t\t<div class=\"elementor-cta__content\">\n\t\t\t\t\n\t\t\t\t\n\t\t\t\t\n\t\t\t\t\t\t\t\t\t<div class=\"elementor-cta__button-wrapper elementor-cta__content-item elementor-content-item elementor-animated-item--grow\">\n\t\t\t\t\t<span class=\"elementor-cta__button elementor-button elementor-size-\">\n\t\t\t\t\t\tLocations Vacances C\u00f4te d'Azur\t\t\t\t\t<\/span>\n\t\t\t\t\t<\/div>\n\t\t\t\t\t\t\t<\/div>\n\t\t\t\t\t\t<\/a>\n\t\t\t\t\t\t<\/div>\n\t\t\t\t<\/div>\n\t\t\t\t<\/div>\n\t\t<div class=\"elementor-element elementor-element-6613cd8 e-con-full e-flex e-con e-child\" data-id=\"6613cd8\" data-element_type=\"container\" data-e-type=\"container\">\n\t\t\t\t<div class=\"elementor-element elementor-element-7f7c1dd elementor-cta--skin-cover elementor-cta--valign-bottom elementor-animated-content elementor-bg-transform elementor-bg-transform-zoom-in elementor-widget elementor-widget-call-to-action\" data-id=\"7f7c1dd\" data-element_type=\"widget\" data-e-type=\"widget\" data-widget_type=\"call-to-action.default\">\n\t\t\t\t<div class=\"elementor-widget-container\">\n\t\t\t\t\t\t\t<a class=\"elementor-cta\" href=\"https:\/\/www.bucketlistvilla.com\/fr\/villas-luxe-cote-d-azur\/\">\n\t\t\t\t\t<div class=\"elementor-cta__bg-wrapper\">\n\t\t\t\t<div class=\"elementor-cta__bg elementor-bg\" style=\"background-image: url(https:\/\/www.bucketlistvilla.com\/blog\/wp-content\/uploads\/2025\/10\/bucketlistvilla_les_hauts_de_gordes_luberon_-20-e1761929581884.webp);\" role=\"img\" aria-label=\"Villas C\u00f4te d&#039;Azur &amp; Provence (20)\"><\/div>\n\t\t\t\t<div class=\"elementor-cta__bg-overlay\"><\/div>\n\t\t\t<\/div>\n\t\t\t\t\t\t\t<div class=\"elementor-cta__content\">\n\t\t\t\t\n\t\t\t\t\n\t\t\t\t\n\t\t\t\t\t\t\t\t\t<div class=\"elementor-cta__button-wrapper elementor-cta__content-item elementor-content-item elementor-animated-item--grow\">\n\t\t\t\t\t<span class=\"elementor-cta__button elementor-button elementor-size-\">\n\t\t\t\t\t\tVillas C\u00f4te d'Azur &amp; Provence\t\t\t\t\t<\/span>\n\t\t\t\t\t<\/div>\n\t\t\t\t\t\t\t<\/div>\n\t\t\t\t\t\t<\/a>\n\t\t\t\t\t\t<\/div>\n\t\t\t\t<\/div>\n\t\t\t\t<\/div>\n\t\t<div class=\"elementor-element elementor-element-c3da13b e-con-full e-flex e-con e-child\" data-id=\"c3da13b\" data-element_type=\"container\" data-e-type=\"container\">\n\t\t\t\t<div class=\"elementor-element elementor-element-d9a264c elementor-cta--skin-cover elementor-cta--valign-bottom elementor-animated-content elementor-bg-transform elementor-bg-transform-zoom-in elementor-widget elementor-widget-call-to-action\" data-id=\"d9a264c\" data-element_type=\"widget\" data-e-type=\"widget\" data-widget_type=\"call-to-action.default\">\n\t\t\t\t<div class=\"elementor-widget-container\">\n\t\t\t\t\t\t\t<a class=\"elementor-cta\" href=\"https:\/\/www.bucketlistvilla.com\/blog\/fr\/yacht-de-luxe-location\/\">\n\t\t\t\t\t<div class=\"elementor-cta__bg-wrapper\">\n\t\t\t\t<div class=\"elementor-cta__bg elementor-bg\" style=\"background-image: url(https:\/\/www.bucketlistvilla.com\/blog\/wp-content\/uploads\/2025\/10\/AdobeStock_122080959.webp);\" role=\"img\" aria-label=\"Yachts C\u00f4te d&#039;Azur\"><\/div>\n\t\t\t\t<div class=\"elementor-cta__bg-overlay\"><\/div>\n\t\t\t<\/div>\n\t\t\t\t\t\t\t<div class=\"elementor-cta__content\">\n\t\t\t\t\n\t\t\t\t\n\t\t\t\t\n\t\t\t\t\t\t\t\t\t<div class=\"elementor-cta__button-wrapper elementor-cta__content-item elementor-content-item elementor-animated-item--grow\">\n\t\t\t\t\t<span class=\"elementor-cta__button elementor-button elementor-size-\">\n\t\t\t\t\t\tYachts C\u00f4te d'Azur\t\t\t\t\t<\/span>\n\t\t\t\t\t<\/div>\n\t\t\t\t\t\t\t<\/div>\n\t\t\t\t\t\t<\/a>\n\t\t\t\t\t\t<\/div>\n\t\t\t\t<\/div>\n\t\t\t\t<\/div>\n\t\t\t\t\t<\/div>\n\t\t\t\t<\/div>\n\t\t\t\t<\/div>\n\t\t\t\t<\/div>\n\t\t\t\t\t\t<\/div>\n\t\t\t\t<\/div>\n\t\t\t\t\t<\/div>\n\t\t\t\t<\/div>\n\t\t\t\t<\/div>\n\t\t","protected":false},"excerpt":{"rendered":"<p>Dans cet article, nous vous pr\u00e9sentons les plus belles villas du Cap d&#8217;Antibes. Cette presqu\u2019\u00eele, discr\u00e8te et largement pr\u00e9serv\u00e9e de l\u2019urbanisation intensive, abrite depuis longtemps certaines des propri\u00e9t\u00e9s les plus recherch\u00e9es du littoral m\u00e9diterran\u00e9en. Notre agence de luxe au Cap d&#8217;Antibes, Bucket List Villa, vous fait d\u00e9couvrir dans cet article des villas d&#8217;exceptions. Les 5 [&hellip;]<\/p>\n","protected":false},"author":3,"featured_media":11749,"comment_status":"open","ping_status":"open","sticky":false,"template":"","format":"standard","meta":{"footnotes":""},"categories":[103],"tags":[],"class_list":["post-11747","post","type-post","status-publish","format-standard","has-post-thumbnail","hentry","category-cote-dazur"],"yoast_head":"<!-- This site is optimized with the Yoast SEO plugin v27.5 - https:\/\/yoast.com\/product\/yoast-seo-wordpress\/ -->\n<title>Les plus belles villas du Cap d\u2019Antibes | Luxe, prestige et vue mer<\/title>\n<meta name=\"description\" content=\"D\u00e9couvrez les plus belles villas du Cap d\u2019Antibes : propri\u00e9t\u00e9s d\u2019exception, vues mer, architecture prestigieuse et cadre exclusif.\" \/>\n<meta name=\"robots\" content=\"index, follow, max-snippet:-1, max-image-preview:large, max-video-preview:-1\" \/>\n<link rel=\"canonical\" href=\"https:\/\/www.bucketlistvilla.com\/blog\/fr\/les-plus-belles-villas-cap-dantibes\/\" \/>\n<meta property=\"og:locale\" content=\"fr_FR\" \/>\n<meta property=\"og:type\" content=\"article\" \/>\n<meta property=\"og:title\" content=\"Les plus belles villas du Cap d\u2019Antibes | Luxe, prestige et vue mer\" \/>\n<meta property=\"og:description\" content=\"D\u00e9couvrez les plus belles villas du Cap d\u2019Antibes : propri\u00e9t\u00e9s d\u2019exception, vues mer, architecture prestigieuse et cadre exclusif.\" \/>\n<meta property=\"og:url\" content=\"https:\/\/www.bucketlistvilla.com\/blog\/fr\/les-plus-belles-villas-cap-dantibes\/\" \/>\n<meta property=\"og:site_name\" content=\"Blog\" \/>\n<meta property=\"article:published_time\" content=\"2025-12-17T10:47:10+00:00\" \/>\n<meta property=\"article:modified_time\" content=\"2025-12-17T11:28:38+00:00\" \/>\n<meta property=\"og:image\" content=\"https:\/\/www.bucketlistvilla.com\/blog\/wp-content\/uploads\/2025\/12\/les-plus-belles-villas-cap-antibes-Eilenroc.webp\" \/>\n\t<meta property=\"og:image:width\" content=\"1920\" \/>\n\t<meta property=\"og:image:height\" content=\"650\" \/>\n\t<meta property=\"og:image:type\" content=\"image\/webp\" \/>\n<meta name=\"author\" content=\"digitalservices@avantio.com\" \/>\n<meta name=\"twitter:card\" content=\"summary_large_image\" \/>\n<meta name=\"twitter:label1\" content=\"Written by\" \/>\n\t<meta name=\"twitter:data1\" content=\"digitalservices@avantio.com\" \/>\n\t<meta name=\"twitter:label2\" content=\"Est. reading time\" \/>\n\t<meta name=\"twitter:data2\" content=\"7 minutes\" \/>\n<script type=\"application\/ld+json\" class=\"yoast-schema-graph\">{\"@context\":\"https:\\\/\\\/schema.org\",\"@graph\":[{\"@type\":\"Article\",\"@id\":\"https:\\\/\\\/www.bucketlistvilla.com\\\/blog\\\/fr\\\/les-plus-belles-villas-cap-dantibes\\\/#article\",\"isPartOf\":{\"@id\":\"https:\\\/\\\/www.bucketlistvilla.com\\\/blog\\\/fr\\\/les-plus-belles-villas-cap-dantibes\\\/\"},\"author\":{\"name\":\"digitalservices@avantio.com\",\"@id\":\"https:\\\/\\\/www.bucketlistvilla.com\\\/blog\\\/fr\\\/#\\\/schema\\\/person\\\/4fac40a1703aee7856657a7e3931d230\"},\"headline\":\"Les plus belles villas du Cap d&#8217;Antibes : un patrimoine immobilier d\u2019exception\",\"datePublished\":\"2025-12-17T10:47:10+00:00\",\"dateModified\":\"2025-12-17T11:28:38+00:00\",\"mainEntityOfPage\":{\"@id\":\"https:\\\/\\\/www.bucketlistvilla.com\\\/blog\\\/fr\\\/les-plus-belles-villas-cap-dantibes\\\/\"},\"wordCount\":1106,\"commentCount\":0,\"image\":{\"@id\":\"https:\\\/\\\/www.bucketlistvilla.com\\\/blog\\\/fr\\\/les-plus-belles-villas-cap-dantibes\\\/#primaryimage\"},\"thumbnailUrl\":\"https:\\\/\\\/www.bucketlistvilla.com\\\/blog\\\/wp-content\\\/uploads\\\/2025\\\/12\\\/les-plus-belles-villas-cap-antibes-Eilenroc.webp\",\"articleSection\":[\"C\u00f4te d'azur\"],\"inLanguage\":\"fr\",\"potentialAction\":[{\"@type\":\"CommentAction\",\"name\":\"Comment\",\"target\":[\"https:\\\/\\\/www.bucketlistvilla.com\\\/blog\\\/fr\\\/les-plus-belles-villas-cap-dantibes\\\/#respond\"]}]},{\"@type\":\"WebPage\",\"@id\":\"https:\\\/\\\/www.bucketlistvilla.com\\\/blog\\\/fr\\\/les-plus-belles-villas-cap-dantibes\\\/\",\"url\":\"https:\\\/\\\/www.bucketlistvilla.com\\\/blog\\\/fr\\\/les-plus-belles-villas-cap-dantibes\\\/\",\"name\":\"Les plus belles villas du Cap d\u2019Antibes | Luxe, prestige et vue mer\",\"isPartOf\":{\"@id\":\"https:\\\/\\\/www.bucketlistvilla.com\\\/blog\\\/fr\\\/#website\"},\"primaryImageOfPage\":{\"@id\":\"https:\\\/\\\/www.bucketlistvilla.com\\\/blog\\\/fr\\\/les-plus-belles-villas-cap-dantibes\\\/#primaryimage\"},\"image\":{\"@id\":\"https:\\\/\\\/www.bucketlistvilla.com\\\/blog\\\/fr\\\/les-plus-belles-villas-cap-dantibes\\\/#primaryimage\"},\"thumbnailUrl\":\"https:\\\/\\\/www.bucketlistvilla.com\\\/blog\\\/wp-content\\\/uploads\\\/2025\\\/12\\\/les-plus-belles-villas-cap-antibes-Eilenroc.webp\",\"datePublished\":\"2025-12-17T10:47:10+00:00\",\"dateModified\":\"2025-12-17T11:28:38+00:00\",\"author\":{\"@id\":\"https:\\\/\\\/www.bucketlistvilla.com\\\/blog\\\/fr\\\/#\\\/schema\\\/person\\\/4fac40a1703aee7856657a7e3931d230\"},\"description\":\"D\u00e9couvrez les plus belles villas du Cap d\u2019Antibes : propri\u00e9t\u00e9s d\u2019exception, vues mer, architecture prestigieuse et cadre exclusif.\",\"breadcrumb\":{\"@id\":\"https:\\\/\\\/www.bucketlistvilla.com\\\/blog\\\/fr\\\/les-plus-belles-villas-cap-dantibes\\\/#breadcrumb\"},\"inLanguage\":\"fr\",\"potentialAction\":[{\"@type\":\"ReadAction\",\"target\":[\"https:\\\/\\\/www.bucketlistvilla.com\\\/blog\\\/fr\\\/les-plus-belles-villas-cap-dantibes\\\/\"]}]},{\"@type\":\"ImageObject\",\"inLanguage\":\"fr\",\"@id\":\"https:\\\/\\\/www.bucketlistvilla.com\\\/blog\\\/fr\\\/les-plus-belles-villas-cap-dantibes\\\/#primaryimage\",\"url\":\"https:\\\/\\\/www.bucketlistvilla.com\\\/blog\\\/wp-content\\\/uploads\\\/2025\\\/12\\\/les-plus-belles-villas-cap-antibes-Eilenroc.webp\",\"contentUrl\":\"https:\\\/\\\/www.bucketlistvilla.com\\\/blog\\\/wp-content\\\/uploads\\\/2025\\\/12\\\/les-plus-belles-villas-cap-antibes-Eilenroc.webp\",\"width\":1920,\"height\":650,\"caption\":\"villascapantibes.com\"},{\"@type\":\"BreadcrumbList\",\"@id\":\"https:\\\/\\\/www.bucketlistvilla.com\\\/blog\\\/fr\\\/les-plus-belles-villas-cap-dantibes\\\/#breadcrumb\",\"itemListElement\":[{\"@type\":\"ListItem\",\"position\":1,\"name\":\"Home\",\"item\":\"https:\\\/\\\/www.bucketlistvilla.com\\\/blog\\\/fr\\\/\"},{\"@type\":\"ListItem\",\"position\":2,\"name\":\"Les plus belles villas du Cap d&#8217;Antibes : un patrimoine immobilier d\u2019exception\"}]},{\"@type\":\"WebSite\",\"@id\":\"https:\\\/\\\/www.bucketlistvilla.com\\\/blog\\\/fr\\\/#website\",\"url\":\"https:\\\/\\\/www.bucketlistvilla.com\\\/blog\\\/fr\\\/\",\"name\":\"Blog\",\"description\":\"\",\"potentialAction\":[{\"@type\":\"SearchAction\",\"target\":{\"@type\":\"EntryPoint\",\"urlTemplate\":\"https:\\\/\\\/www.bucketlistvilla.com\\\/blog\\\/fr\\\/?s={search_term_string}\"},\"query-input\":{\"@type\":\"PropertyValueSpecification\",\"valueRequired\":true,\"valueName\":\"search_term_string\"}}],\"inLanguage\":\"fr\"},{\"@type\":\"Person\",\"@id\":\"https:\\\/\\\/www.bucketlistvilla.com\\\/blog\\\/fr\\\/#\\\/schema\\\/person\\\/4fac40a1703aee7856657a7e3931d230\",\"name\":\"digitalservices@avantio.com\",\"image\":{\"@type\":\"ImageObject\",\"inLanguage\":\"fr\",\"@id\":\"https:\\\/\\\/secure.gravatar.com\\\/avatar\\\/af30f88a1904294c1f3eb09a9d7903eec4ffa18fa2cf40c28a8681014ecdfc20?s=96&d=mm&r=g\",\"url\":\"https:\\\/\\\/secure.gravatar.com\\\/avatar\\\/af30f88a1904294c1f3eb09a9d7903eec4ffa18fa2cf40c28a8681014ecdfc20?s=96&d=mm&r=g\",\"contentUrl\":\"https:\\\/\\\/secure.gravatar.com\\\/avatar\\\/af30f88a1904294c1f3eb09a9d7903eec4ffa18fa2cf40c28a8681014ecdfc20?s=96&d=mm&r=g\",\"caption\":\"digitalservices@avantio.com\"},\"url\":\"https:\\\/\\\/www.bucketlistvilla.com\\\/blog\\\/fr\\\/author\\\/digitalservicesavantio-com\\\/\"}]}<\/script>\n<!-- \/ Yoast SEO plugin. -->","yoast_head_json":{"title":"Les plus belles villas du Cap d\u2019Antibes | Luxe, prestige et vue mer","description":"D\u00e9couvrez les plus belles villas du Cap d\u2019Antibes : propri\u00e9t\u00e9s d\u2019exception, vues mer, architecture prestigieuse et cadre exclusif.","robots":{"index":"index","follow":"follow","max-snippet":"max-snippet:-1","max-image-preview":"max-image-preview:large","max-video-preview":"max-video-preview:-1"},"canonical":"https:\/\/www.bucketlistvilla.com\/blog\/fr\/les-plus-belles-villas-cap-dantibes\/","og_locale":"fr_FR","og_type":"article","og_title":"Les plus belles villas du Cap d\u2019Antibes | Luxe, prestige et vue mer","og_description":"D\u00e9couvrez les plus belles villas du Cap d\u2019Antibes : propri\u00e9t\u00e9s d\u2019exception, vues mer, architecture prestigieuse et cadre exclusif.","og_url":"https:\/\/www.bucketlistvilla.com\/blog\/fr\/les-plus-belles-villas-cap-dantibes\/","og_site_name":"Blog","article_published_time":"2025-12-17T10:47:10+00:00","article_modified_time":"2025-12-17T11:28:38+00:00","og_image":[{"width":1920,"height":650,"url":"https:\/\/www.bucketlistvilla.com\/blog\/wp-content\/uploads\/2025\/12\/les-plus-belles-villas-cap-antibes-Eilenroc.webp","type":"image\/webp"}],"author":"digitalservices@avantio.com","twitter_card":"summary_large_image","twitter_misc":{"Written by":"digitalservices@avantio.com","Est. reading time":"7 minutes"},"schema":{"@context":"https:\/\/schema.org","@graph":[{"@type":"Article","@id":"https:\/\/www.bucketlistvilla.com\/blog\/fr\/les-plus-belles-villas-cap-dantibes\/#article","isPartOf":{"@id":"https:\/\/www.bucketlistvilla.com\/blog\/fr\/les-plus-belles-villas-cap-dantibes\/"},"author":{"name":"digitalservices@avantio.com","@id":"https:\/\/www.bucketlistvilla.com\/blog\/fr\/#\/schema\/person\/4fac40a1703aee7856657a7e3931d230"},"headline":"Les plus belles villas du Cap d&#8217;Antibes : un patrimoine immobilier d\u2019exception","datePublished":"2025-12-17T10:47:10+00:00","dateModified":"2025-12-17T11:28:38+00:00","mainEntityOfPage":{"@id":"https:\/\/www.bucketlistvilla.com\/blog\/fr\/les-plus-belles-villas-cap-dantibes\/"},"wordCount":1106,"commentCount":0,"image":{"@id":"https:\/\/www.bucketlistvilla.com\/blog\/fr\/les-plus-belles-villas-cap-dantibes\/#primaryimage"},"thumbnailUrl":"https:\/\/www.bucketlistvilla.com\/blog\/wp-content\/uploads\/2025\/12\/les-plus-belles-villas-cap-antibes-Eilenroc.webp","articleSection":["C\u00f4te d'azur"],"inLanguage":"fr","potentialAction":[{"@type":"CommentAction","name":"Comment","target":["https:\/\/www.bucketlistvilla.com\/blog\/fr\/les-plus-belles-villas-cap-dantibes\/#respond"]}]},{"@type":"WebPage","@id":"https:\/\/www.bucketlistvilla.com\/blog\/fr\/les-plus-belles-villas-cap-dantibes\/","url":"https:\/\/www.bucketlistvilla.com\/blog\/fr\/les-plus-belles-villas-cap-dantibes\/","name":"Les plus belles villas du Cap d\u2019Antibes | Luxe, prestige et vue mer","isPartOf":{"@id":"https:\/\/www.bucketlistvilla.com\/blog\/fr\/#website"},"primaryImageOfPage":{"@id":"https:\/\/www.bucketlistvilla.com\/blog\/fr\/les-plus-belles-villas-cap-dantibes\/#primaryimage"},"image":{"@id":"https:\/\/www.bucketlistvilla.com\/blog\/fr\/les-plus-belles-villas-cap-dantibes\/#primaryimage"},"thumbnailUrl":"https:\/\/www.bucketlistvilla.com\/blog\/wp-content\/uploads\/2025\/12\/les-plus-belles-villas-cap-antibes-Eilenroc.webp","datePublished":"2025-12-17T10:47:10+00:00","dateModified":"2025-12-17T11:28:38+00:00","author":{"@id":"https:\/\/www.bucketlistvilla.com\/blog\/fr\/#\/schema\/person\/4fac40a1703aee7856657a7e3931d230"},"description":"D\u00e9couvrez les plus belles villas du Cap d\u2019Antibes : propri\u00e9t\u00e9s d\u2019exception, vues mer, architecture prestigieuse et cadre exclusif.","breadcrumb":{"@id":"https:\/\/www.bucketlistvilla.com\/blog\/fr\/les-plus-belles-villas-cap-dantibes\/#breadcrumb"},"inLanguage":"fr","potentialAction":[{"@type":"ReadAction","target":["https:\/\/www.bucketlistvilla.com\/blog\/fr\/les-plus-belles-villas-cap-dantibes\/"]}]},{"@type":"ImageObject","inLanguage":"fr","@id":"https:\/\/www.bucketlistvilla.com\/blog\/fr\/les-plus-belles-villas-cap-dantibes\/#primaryimage","url":"https:\/\/www.bucketlistvilla.com\/blog\/wp-content\/uploads\/2025\/12\/les-plus-belles-villas-cap-antibes-Eilenroc.webp","contentUrl":"https:\/\/www.bucketlistvilla.com\/blog\/wp-content\/uploads\/2025\/12\/les-plus-belles-villas-cap-antibes-Eilenroc.webp","width":1920,"height":650,"caption":"villascapantibes.com"},{"@type":"BreadcrumbList","@id":"https:\/\/www.bucketlistvilla.com\/blog\/fr\/les-plus-belles-villas-cap-dantibes\/#breadcrumb","itemListElement":[{"@type":"ListItem","position":1,"name":"Home","item":"https:\/\/www.bucketlistvilla.com\/blog\/fr\/"},{"@type":"ListItem","position":2,"name":"Les plus belles villas du Cap d&#8217;Antibes : un patrimoine immobilier d\u2019exception"}]},{"@type":"WebSite","@id":"https:\/\/www.bucketlistvilla.com\/blog\/fr\/#website","url":"https:\/\/www.bucketlistvilla.com\/blog\/fr\/","name":"Blog","description":"","potentialAction":[{"@type":"SearchAction","target":{"@type":"EntryPoint","urlTemplate":"https:\/\/www.bucketlistvilla.com\/blog\/fr\/?s={search_term_string}"},"query-input":{"@type":"PropertyValueSpecification","valueRequired":true,"valueName":"search_term_string"}}],"inLanguage":"fr"},{"@type":"Person","@id":"https:\/\/www.bucketlistvilla.com\/blog\/fr\/#\/schema\/person\/4fac40a1703aee7856657a7e3931d230","name":"digitalservices@avantio.com","image":{"@type":"ImageObject","inLanguage":"fr","@id":"https:\/\/secure.gravatar.com\/avatar\/af30f88a1904294c1f3eb09a9d7903eec4ffa18fa2cf40c28a8681014ecdfc20?s=96&d=mm&r=g","url":"https:\/\/secure.gravatar.com\/avatar\/af30f88a1904294c1f3eb09a9d7903eec4ffa18fa2cf40c28a8681014ecdfc20?s=96&d=mm&r=g","contentUrl":"https:\/\/secure.gravatar.com\/avatar\/af30f88a1904294c1f3eb09a9d7903eec4ffa18fa2cf40c28a8681014ecdfc20?s=96&d=mm&r=g","caption":"digitalservices@avantio.com"},"url":"https:\/\/www.bucketlistvilla.com\/blog\/fr\/author\/digitalservicesavantio-com\/"}]}},"_links":{"self":[{"href":"https:\/\/www.bucketlistvilla.com\/blog\/fr\/wp-json\/wp\/v2\/posts\/11747","targetHints":{"allow":["GET"]}}],"collection":[{"href":"https:\/\/www.bucketlistvilla.com\/blog\/fr\/wp-json\/wp\/v2\/posts"}],"about":[{"href":"https:\/\/www.bucketlistvilla.com\/blog\/fr\/wp-json\/wp\/v2\/types\/post"}],"author":[{"embeddable":true,"href":"https:\/\/www.bucketlistvilla.com\/blog\/fr\/wp-json\/wp\/v2\/users\/3"}],"replies":[{"embeddable":true,"href":"https:\/\/www.bucketlistvilla.com\/blog\/fr\/wp-json\/wp\/v2\/comments?post=11747"}],"version-history":[{"count":28,"href":"https:\/\/www.bucketlistvilla.com\/blog\/fr\/wp-json\/wp\/v2\/posts\/11747\/revisions"}],"predecessor-version":[{"id":11791,"href":"https:\/\/www.bucketlistvilla.com\/blog\/fr\/wp-json\/wp\/v2\/posts\/11747\/revisions\/11791"}],"wp:featuredmedia":[{"embeddable":true,"href":"https:\/\/www.bucketlistvilla.com\/blog\/fr\/wp-json\/wp\/v2\/media\/11749"}],"wp:attachment":[{"href":"https:\/\/www.bucketlistvilla.com\/blog\/fr\/wp-json\/wp\/v2\/media?parent=11747"}],"wp:term":[{"taxonomy":"category","embeddable":true,"href":"https:\/\/www.bucketlistvilla.com\/blog\/fr\/wp-json\/wp\/v2\/categories?post=11747"},{"taxonomy":"post_tag","embeddable":true,"href":"https:\/\/www.bucketlistvilla.com\/blog\/fr\/wp-json\/wp\/v2\/tags?post=11747"}],"curies":[{"name":"wp","href":"https:\/\/api.w.org\/{rel}","templated":true}]}}