{"id":11984,"date":"2026-01-21T08:25:05","date_gmt":"2026-01-21T08:25:05","guid":{"rendered":"https:\/\/www.bucketlistvilla.com\/blog\/?p=11984"},"modified":"2026-01-28T14:20:35","modified_gmt":"2026-01-28T14:20:35","slug":"villes-et-villages-cote-azur","status":"publish","type":"post","link":"https:\/\/www.bucketlistvilla.com\/blog\/fr\/villes-et-villages-cote-azur\/","title":{"rendered":"Les villes et villages de la C\u00f4te d&#8217;Azur qui font sa renomm\u00e9e"},"content":{"rendered":"\t\t<div data-elementor-type=\"wp-post\" data-elementor-id=\"11984\" class=\"elementor elementor-11984 elementor-11831\" data-elementor-post-type=\"post\">\n\t\t\t\t<div class=\"elementor-element elementor-element-70bfd05e e-flex e-con-boxed e-con e-parent\" data-id=\"70bfd05e\" data-element_type=\"container\" data-e-type=\"container\">\n\t\t\t\t\t<div class=\"e-con-inner\">\n\t\t\t\t<div class=\"elementor-element elementor-element-26c93061 elementor-widget elementor-widget-text-editor\" data-id=\"26c93061\" data-element_type=\"widget\" data-e-type=\"widget\" data-widget_type=\"text-editor.default\">\n\t\t\t\t<div class=\"elementor-widget-container\">\n\t\t\t\t\t\t\t\t\t<p><strong>Les villes et villages de la C\u00f4te d&#8217;Azur<\/strong> attirent les voyageurs pour diff\u00e9rentes raisons, c&#8217;est pourquoi la r\u00e9gion se pr\u00eate si bien aux s\u00e9jours prolong\u00e9s. Certains endroits font office de centres culturels, d&#8217;autres s&#8217;articulent autour du front de mer, et plusieurs se trouvent l\u00e9g\u00e8rement \u00e0 l&#8217;\u00e9cart de l&#8217;affluence touristique. Ensemble, ils forment une bande c\u00f4ti\u00e8re o\u00f9 il est facile de se d\u00e9placer et o\u00f9 la diversit\u00e9 s&#8217;offre \u00e0 vous sans avoir \u00e0 passer de longues journ\u00e9es dans les transports.<\/p><p>Comprendre comment s\u2019articule les villes de la C\u00f4te d&#8217;Azur aide les voyageurs \u00e0 planifier leur s\u00e9jour en toute confiance. Les distances sont courtes, mais le cadre peut changer rapidement, ce qui permet de d\u00e9couvrir plusieurs environnements sans avoir \u00e0 faire et d\u00e9faire constamment ses valises.<\/p>\t\t\t\t\t\t\t\t<\/div>\n\t\t\t\t<\/div>\n\t\t\t\t\t<\/div>\n\t\t\t\t<\/div>\n\t\t<div class=\"elementor-element elementor-element-276349f2 e-flex e-con-boxed e-con e-parent\" data-id=\"276349f2\" data-element_type=\"container\" data-e-type=\"container\">\n\t\t\t\t\t<div class=\"e-con-inner\">\n\t\t\t\t<div class=\"elementor-element elementor-element-24320d27 elementor-widget elementor-widget-template\" data-id=\"24320d27\" data-element_type=\"widget\" data-e-type=\"widget\" data-widget_type=\"template.default\">\n\t\t\t\t<div class=\"elementor-widget-container\">\n\t\t\t\t\t\t\t<div class=\"elementor-template\">\n\t\t\t\t\t<div data-elementor-type=\"container\" data-elementor-id=\"6215\" class=\"elementor elementor-6215\" data-elementor-post-type=\"elementor_library\">\n\t\t\t\t<div class=\"elementor-element elementor-element-7fada30 e-flex e-con-boxed e-con e-parent\" data-id=\"7fada30\" data-element_type=\"container\" data-e-type=\"container\">\n\t\t\t\t\t<div class=\"e-con-inner\">\n\t\t\t\t<div class=\"elementor-element elementor-element-9a267c6 elementor-widget elementor-widget-table-of-contents\" data-id=\"9a267c6\" data-element_type=\"widget\" data-e-type=\"widget\" data-settings=\"{&quot;headings_by_tags&quot;:[&quot;h2&quot;],&quot;exclude_headings_by_selector&quot;:[],&quot;marker_view&quot;:&quot;bullets&quot;,&quot;icon&quot;:{&quot;value&quot;:&quot;&quot;,&quot;library&quot;:&quot;&quot;},&quot;no_headings_message&quot;:&quot;Aucun titre n\\u2019a \\u00e9t\\u00e9 trouv\\u00e9 sur cette page.&quot;,&quot;hierarchical_view&quot;:&quot;yes&quot;,&quot;min_height&quot;:{&quot;unit&quot;:&quot;px&quot;,&quot;size&quot;:&quot;&quot;,&quot;sizes&quot;:[]},&quot;min_height_tablet&quot;:{&quot;unit&quot;:&quot;px&quot;,&quot;size&quot;:&quot;&quot;,&quot;sizes&quot;:[]},&quot;min_height_mobile&quot;:{&quot;unit&quot;:&quot;px&quot;,&quot;size&quot;:&quot;&quot;,&quot;sizes&quot;:[]}}\" data-widget_type=\"table-of-contents.default\">\n\t\t\t\t<div class=\"elementor-widget-container\">\n\t\t\t\t\t\t\t\t\t<div class=\"elementor-toc__header\">\n\t\t\t\t\t\t<div class=\"elementor-toc__header-title\">\n\t\t\t\tSommaire\t\t\t<\/div>\n\t\t\t\t\t\t\t\t<\/div>\n\t\t\t\t<div id=\"elementor-toc__9a267c6\" class=\"elementor-toc__body\">\n\t\t\t<div class=\"elementor-toc__spinner-container\">\n\t\t\t\t<svg class=\"elementor-toc__spinner eicon-animation-spin e-font-icon-svg e-eicon-loading\" aria-hidden=\"true\" viewBox=\"0 0 1000 1000\" xmlns=\"http:\/\/www.w3.org\/2000\/svg\"><path d=\"M500 975V858C696 858 858 696 858 500S696 142 500 142 142 304 142 500H25C25 237 238 25 500 25S975 237 975 500 763 975 500 975Z\"><\/path><\/svg>\t\t\t<\/div>\n\t\t<\/div>\n\t\t\t\t\t\t<\/div>\n\t\t\t\t<\/div>\n\t\t\t\t\t<\/div>\n\t\t\t\t<\/div>\n\t\t\t\t<\/div>\n\t\t\t\t<\/div>\n\t\t\t\t\t\t<\/div>\n\t\t\t\t<\/div>\n\t\t\t\t\t<\/div>\n\t\t\t\t<\/div>\n\t\t<div class=\"elementor-element elementor-element-327df20d e-flex e-con-boxed e-con e-parent\" data-id=\"327df20d\" data-element_type=\"container\" data-e-type=\"container\">\n\t\t\t\t\t<div class=\"e-con-inner\">\n\t\t\t\t<div class=\"elementor-element elementor-element-6cf16ceb elementor-widget elementor-widget-heading\" data-id=\"6cf16ceb\" data-element_type=\"widget\" data-e-type=\"widget\" data-widget_type=\"heading.default\">\n\t\t\t\t<div class=\"elementor-widget-container\">\n\t\t\t\t\t<h2 class=\"elementor-heading-title elementor-size-default\">Pr\u00e9sentation des villes de la C\u00f4te d'Azur et de leur interconnexion<\/h2>\t\t\t\t<\/div>\n\t\t\t\t<\/div>\n\t\t\t\t<div class=\"elementor-element elementor-element-7f81430a elementor-widget elementor-widget-text-editor\" data-id=\"7f81430a\" data-element_type=\"widget\" data-e-type=\"widget\" data-widget_type=\"text-editor.default\">\n\t\t\t\t<div class=\"elementor-widget-container\">\n\t\t\t\t\t\t\t\t\t<p>Les <strong>villes de la C\u00f4te d&#8217;Azur <\/strong>s&#8217;\u00e9tendent le long de la c\u00f4te m\u00e9diterran\u00e9enne du sud-est de la France et forment une suite de localit\u00e9s plut\u00f4t qu&#8217;une zone urbaine unique. Chaque ville s&#8217;est d\u00e9velopp\u00e9e autour d&#8217;un port, d&#8217;une baie ou d&#8217;une position strat\u00e9gique \u00e0 l&#8217;int\u00e9rieur des terres, ce qui conditionne encore aujourd&#8217;hui leur fonctionnement.<\/p><p>Certaines villes de la C\u00f4te d&#8217;Azur sont anim\u00e9es toute l&#8217;ann\u00e9e, d&#8217;autres se calment une fois la haute saison pass\u00e9e. Cet \u00e9quilibre entre les deux fait partie de leur charme. Les voyageurs peuvent s\u00e9journer dans un seul endroit tout en explorant les villes voisines sans se sentir press\u00e9s ou pris par le temps.<\/p><p>Cette interconnexion est ce qui rend la d\u00e9couverte des villes de la C\u00f4te d&#8217;Azur diff\u00e9rente de la d\u00e9couverte d&#8217;une seule destination : vous n\u2018avez pas \u00e0 choisir un seul endroit et \u00e0 passer \u00e0 c\u00f4t\u00e9 des autres. Vous choisissez votre point de chute et d\u00e9couvrez les environs naturellement.<\/p>\t\t\t\t\t\t\t\t<\/div>\n\t\t\t\t<\/div>\n\t\t\t\t<div class=\"elementor-element elementor-element-dcfe602 elementor-align-center elementor-widget elementor-widget-button\" data-id=\"dcfe602\" data-element_type=\"widget\" data-e-type=\"widget\" data-widget_type=\"button.default\">\n\t\t\t\t<div class=\"elementor-widget-container\">\n\t\t\t\t\t\t\t\t\t<div class=\"elementor-button-wrapper\">\n\t\t\t\t\t<a class=\"elementor-button elementor-button-link elementor-size-sm\" href=\"https:\/\/www.bucketlistvilla.com\/fr\/location-vacances-cote-d-azur\/\">\n\t\t\t\t\t\t<span class=\"elementor-button-content-wrapper\">\n\t\t\t\t\t\t\t\t\t<span class=\"elementor-button-text\">Locations en Provence<\/span>\n\t\t\t\t\t<\/span>\n\t\t\t\t\t<\/a>\n\t\t\t\t<\/div>\n\t\t\t\t\t\t\t\t<\/div>\n\t\t\t\t<\/div>\n\t\t\t\t\t<\/div>\n\t\t\t\t<\/div>\n\t\t<div class=\"elementor-element elementor-element-0abaf68 e-flex e-con-boxed e-con e-parent\" data-id=\"0abaf68\" data-element_type=\"container\" data-e-type=\"container\">\n\t\t\t\t\t<div class=\"e-con-inner\">\n\t\t\t\t<div class=\"elementor-element elementor-element-b9b6b3c elementor-widget elementor-widget-heading\" data-id=\"b9b6b3c\" data-element_type=\"widget\" data-e-type=\"widget\" data-widget_type=\"heading.default\">\n\t\t\t\t<div class=\"elementor-widget-container\">\n\t\t\t\t\t<h3 class=\"elementor-heading-title elementor-size-default\">Nice\n<\/h3>\t\t\t\t<\/div>\n\t\t\t\t<\/div>\n\t\t\t\t\t<\/div>\n\t\t\t\t<\/div>\n\t\t<div class=\"elementor-element elementor-element-f7626a9 e-flex e-con-boxed e-con e-parent\" data-id=\"f7626a9\" data-element_type=\"container\" data-e-type=\"container\">\n\t\t\t\t\t<div class=\"e-con-inner\">\n\t\t<div class=\"elementor-element elementor-element-f5d3e10 e-con-full e-flex e-con e-child\" data-id=\"f5d3e10\" data-element_type=\"container\" data-e-type=\"container\">\n\t\t\t\t<div class=\"elementor-element elementor-element-46ae499 elementor-widget elementor-widget-text-editor\" data-id=\"46ae499\" data-element_type=\"widget\" data-e-type=\"widget\" data-widget_type=\"text-editor.default\">\n\t\t\t\t<div class=\"elementor-widget-container\">\n\t\t\t\t\t\t\t\t\t<p>Nice est souvent la premi\u00e8re ville de la C\u00f4te d&#8217;Azur que les touristes d\u00e9couvrent, et elle constitue une excellente introduction \u00e0 cette r\u00e9gion. La ville allie authenticit\u00e9 et infrastructures touristiques bien \u00e9tablies, ce qui lui permet de rester authentique m\u00eame pendant les p\u00e9riodes de forte affluence.<\/p><p>Nice est le centre n\u00e9vralgique de la C\u00f4te d&#8217;Azur, o\u00f9 se m\u00ealent la beaut\u00e9 m\u00e9diterran\u00e9enne \u00e0 une histoire riche. Sa c\u00e9l\u00e8bre Promenade des Anglais, ses eaux turquoise et sa vieille ville color\u00e9e en font un lieu id\u00e9al pour se d\u00e9tendre et s&#8217;impr\u00e9gner du patrimoine culturel. Avec ses mus\u00e9es mondialement connus, ses march\u00e9s anim\u00e9s et son excellente cuisine, Nice est \u00e0 la fois un point de d\u00e9part id\u00e9al et une destination \u00e0 part enti\u00e8re.<\/p><p>Il est particuli\u00e8rement facile de se d\u00e9placer \u00e0 Nice gr\u00e2ce \u00e0 un <strong>r\u00e9seau de tramway efficace<\/strong>, qui relie l&#8217;a\u00e9roport, le centre-ville et le port Lympia en quelques minutes seulement. La <strong>nouvelle gare de Nice Saint-Augustin<\/strong>, accessible depuis l&#8217;a\u00e9roport par une liaison gratuite en tramway ou \u00e0 pied, facilite encore davantage les d\u00e9placements dans la r\u00e9gion. Gr\u00e2ce \u00e0 des transports bien organis\u00e9s qui couvrent toute la C\u00f4te d&#8217;Azur, il est facile d&#8217;organiser des excursions \u00e0 la journ\u00e9e, ce qui permet aux voyageurs d&#8217;explorer la r\u00e9gion sans se soucier de la logistique.<\/p>\t\t\t\t\t\t\t\t<\/div>\n\t\t\t\t<\/div>\n\t\t\t\t<\/div>\n\t\t<div class=\"elementor-element elementor-element-4703c28 e-con-full e-flex e-con e-child\" data-id=\"4703c28\" data-element_type=\"container\" data-e-type=\"container\">\n\t\t\t\t<div class=\"elementor-element elementor-element-131e4ff elementor-widget elementor-widget-image\" data-id=\"131e4ff\" data-element_type=\"widget\" data-e-type=\"widget\" data-widget_type=\"image.default\">\n\t\t\t\t<div class=\"elementor-widget-container\">\n\t\t\t\t\t\t\t\t\t\t\t\t\t\t\t<img fetchpriority=\"high\" decoding=\"async\" width=\"700\" height=\"500\" src=\"https:\/\/www.bucketlistvilla.com\/blog\/wp-content\/uploads\/2026\/01\/nice-french-riviera-france.webp\" class=\"attachment-large size-large wp-image-11946\" alt=\"nice french riviera\" srcset=\"https:\/\/www.bucketlistvilla.com\/blog\/wp-content\/uploads\/2026\/01\/nice-french-riviera-france.webp 700w, https:\/\/www.bucketlistvilla.com\/blog\/wp-content\/uploads\/2026\/01\/nice-french-riviera-france-300x214.webp 300w\" sizes=\"(max-width: 700px) 100vw, 700px\" \/>\t\t\t\t\t\t\t\t\t\t\t\t\t\t\t<\/div>\n\t\t\t\t<\/div>\n\t\t\t\t<\/div>\n\t\t\t\t\t<\/div>\n\t\t\t\t<\/div>\n\t\t<div class=\"elementor-element elementor-element-4ec418e e-flex e-con-boxed e-con e-parent\" data-id=\"4ec418e\" data-element_type=\"container\" data-e-type=\"container\">\n\t\t\t\t\t<div class=\"e-con-inner\">\n\t\t<div class=\"elementor-element elementor-element-629cb67 e-con-full e-flex e-con e-child\" data-id=\"629cb67\" data-element_type=\"container\" data-e-type=\"container\">\n\t\t\t\t<div class=\"elementor-element elementor-element-4490d2f7 elementor-widget elementor-widget-heading\" data-id=\"4490d2f7\" data-element_type=\"widget\" data-e-type=\"widget\" data-widget_type=\"heading.default\">\n\t\t\t\t<div class=\"elementor-widget-container\">\n\t\t\t\t\t<h3 class=\"elementor-heading-title elementor-size-default\">Antibes\n<\/h3>\t\t\t\t<\/div>\n\t\t\t\t<\/div>\n\t\t\t\t<div class=\"elementor-element elementor-element-ed36015 elementor-widget elementor-widget-text-editor\" data-id=\"ed36015\" data-element_type=\"widget\" data-e-type=\"widget\" data-widget_type=\"text-editor.default\">\n\t\t\t\t<div class=\"elementor-widget-container\">\n\t\t\t\t\t\t\t\t\t<p>Antibes est une charmante ville c\u00f4ti\u00e8re qui allie histoire, art et vie baln\u00e9aire. Sa vieille ville regorge de ruelles \u00e9troites, de march\u00e9s traditionnels et de b\u00e2timents centenaires qui t\u00e9moignent de ses origines m\u00e9diterran\u00e9ennes profondes. Le port Vauban, l&#8217;un des plus grands ports de plaisance d&#8217;Europe, accueille d&#8217;impressionnants yachts et apporte une touche de modernit\u00e9 \u00e0 ce cadre historique.<\/p><p>Outre son centre-ville, Antibes regorge de magnifiques plages et de sites culturels. Le mus\u00e9e Picasso, situ\u00e9 dans le ch\u00e2teau Grimaldi, met en valeur l&#8217;h\u00e9ritage artistique de la ville. Avec son atmosph\u00e8re d\u00e9tendue et authentique, Antibes s\u00e9duit les voyageurs qui appr\u00e9cient la culture et les paysages c\u00f4tiers sans \u00eatre envahis par la foule.<\/p>\t\t\t\t\t\t\t\t<\/div>\n\t\t\t\t<\/div>\n\t\t\t\t<\/div>\n\t\t<div class=\"elementor-element elementor-element-95cf557 e-con-full e-flex e-con e-child\" data-id=\"95cf557\" data-element_type=\"container\" data-e-type=\"container\">\n\t\t\t\t<div class=\"elementor-element elementor-element-a85d72e elementor-widget elementor-widget-heading\" data-id=\"a85d72e\" data-element_type=\"widget\" data-e-type=\"widget\" data-widget_type=\"heading.default\">\n\t\t\t\t<div class=\"elementor-widget-container\">\n\t\t\t\t\t<h3 class=\"elementor-heading-title elementor-size-default\">Saint-Tropez\n<\/h3>\t\t\t\t<\/div>\n\t\t\t\t<\/div>\n\t\t\t\t<div class=\"elementor-element elementor-element-8116f25 elementor-widget elementor-widget-text-editor\" data-id=\"8116f25\" data-element_type=\"widget\" data-e-type=\"widget\" data-widget_type=\"text-editor.default\">\n\t\t\t\t<div class=\"elementor-widget-container\">\n\t\t\t\t\t\t\t\t\t<p>Saint-Tropez est mondialement connue pour son style de vie glamour, ses yachts de luxe et sa vie nocturne anim\u00e9e. Le port de la ville est bord\u00e9 de caf\u00e9s chics et de boutiques hupp\u00e9es, cr\u00e9ant ainsi une atmosph\u00e8re anim\u00e9e et \u00e9l\u00e9gante. Sa r\u00e9putation aupr\u00e8s des riches et des c\u00e9l\u00e9brit\u00e9s en fait l&#8217;une des destinations les plus pris\u00e9es de la C\u00f4te d&#8217;Azur.<\/p><p>Bien que tr\u00e8s moderne aujourd&#8217;hui, Saint-Tropez a su conserver certains \u00e9l\u00e9ments de son identit\u00e9 d&#8217;origine, celle d&#8217;un village de p\u00eacheurs. Son quartier historique, La Ponche, s\u00e9duit par ses rues tranquilles et son architecture proven\u00e7ale traditionnelle. Les plages voisines, telles que celle de Pampelonne, sont caract\u00e9ris\u00e9es par des eaux cristallines et du sable fin, combinant \u00e9l\u00e9gance et beaut\u00e9 naturelle.<\/p>\t\t\t\t\t\t\t\t<\/div>\n\t\t\t\t<\/div>\n\t\t\t\t<\/div>\n\t\t\t\t\t<\/div>\n\t\t\t\t<\/div>\n\t\t<div class=\"elementor-element elementor-element-3394fbb e-flex e-con-boxed e-con e-parent\" data-id=\"3394fbb\" data-element_type=\"container\" data-e-type=\"container\">\n\t\t\t\t\t<div class=\"e-con-inner\">\n\t\t<div class=\"elementor-element elementor-element-b1ffa0b e-con-full e-flex e-con e-child\" data-id=\"b1ffa0b\" data-element_type=\"container\" data-e-type=\"container\">\n\t\t\t\t<div class=\"elementor-element elementor-element-32f6a1a elementor-widget elementor-widget-heading\" data-id=\"32f6a1a\" data-element_type=\"widget\" data-e-type=\"widget\" data-widget_type=\"heading.default\">\n\t\t\t\t<div class=\"elementor-widget-container\">\n\t\t\t\t\t<h3 class=\"elementor-heading-title elementor-size-default\">\u00c8ze\n<\/h3>\t\t\t\t<\/div>\n\t\t\t\t<\/div>\n\t\t\t\t<div class=\"elementor-element elementor-element-d4b40a9 elementor-widget elementor-widget-text-editor\" data-id=\"d4b40a9\" data-element_type=\"widget\" data-e-type=\"widget\" data-widget_type=\"text-editor.default\">\n\t\t\t\t<div class=\"elementor-widget-container\">\n\t\t\t\t\t\t\t\t\t<p><a href=\"https:\/\/www.bucketlistvilla.com\/fr\/location\/locations-eze-d33372\/\">\u00c8ze<\/a>\u00a0est un village perch\u00e9 au sommet d&#8217;une colline qui offre une vue imprenable sur la mer M\u00e9diterran\u00e9e. Ses ruelles pav\u00e9es, ses remparts m\u00e9di\u00e9vaux et ses b\u00e2timents anciens lui conf\u00e8rent une atmosph\u00e8re intemporelle. Se promener dans \u00c8ze procure une sensation d&#8217;immersion totale, chaque recoin r\u00e9v\u00e9lant des panoramas et des d\u00e9tails architecturaux.<\/p><p>Le village est \u00e9galement connu pour son jardin botanique situ\u00e9 au sommet, d&#8217;o\u00f9 l&#8217;on peut admirer certains des plus beaux points de vue de la C\u00f4te d&#8217;Azur. Les boutiques d&#8217;artisans et les petites galeries renforcent son charme, faisant d&#8217;\u00c8ze une destination qui allie histoire, nature et art dans un espace concentr\u00e9.<\/p>\t\t\t\t\t\t\t\t<\/div>\n\t\t\t\t<\/div>\n\t\t\t\t<\/div>\n\t\t<div class=\"elementor-element elementor-element-f6e076e e-con-full e-flex e-con e-child\" data-id=\"f6e076e\" data-element_type=\"container\" data-e-type=\"container\">\n\t\t\t\t<div class=\"elementor-element elementor-element-1ca7c75 elementor-widget elementor-widget-image\" data-id=\"1ca7c75\" data-element_type=\"widget\" data-e-type=\"widget\" data-widget_type=\"image.default\">\n\t\t\t\t<div class=\"elementor-widget-container\">\n\t\t\t\t\t\t\t\t\t\t\t\t\t\t\t<img decoding=\"async\" width=\"700\" height=\"500\" src=\"https:\/\/www.bucketlistvilla.com\/blog\/wp-content\/uploads\/2026\/01\/eze-french-riviera.webp\" class=\"attachment-large size-large wp-image-11949\" alt=\"eze\" srcset=\"https:\/\/www.bucketlistvilla.com\/blog\/wp-content\/uploads\/2026\/01\/eze-french-riviera.webp 700w, https:\/\/www.bucketlistvilla.com\/blog\/wp-content\/uploads\/2026\/01\/eze-french-riviera-300x214.webp 300w\" sizes=\"(max-width: 700px) 100vw, 700px\" \/>\t\t\t\t\t\t\t\t\t\t\t\t\t\t\t<\/div>\n\t\t\t\t<\/div>\n\t\t\t\t<\/div>\n\t\t\t\t\t<\/div>\n\t\t\t\t<\/div>\n\t\t<div class=\"elementor-element elementor-element-849ecf2 e-flex e-con-boxed e-con e-parent\" data-id=\"849ecf2\" data-element_type=\"container\" data-e-type=\"container\">\n\t\t\t\t\t<div class=\"e-con-inner\">\n\t\t<div class=\"elementor-element elementor-element-2fa0fa2 e-con-full e-flex e-con e-child\" data-id=\"2fa0fa2\" data-element_type=\"container\" data-e-type=\"container\">\n\t\t\t\t<div class=\"elementor-element elementor-element-0bd72bd elementor-widget elementor-widget-heading\" data-id=\"0bd72bd\" data-element_type=\"widget\" data-e-type=\"widget\" data-widget_type=\"heading.default\">\n\t\t\t\t<div class=\"elementor-widget-container\">\n\t\t\t\t\t<h3 class=\"elementor-heading-title elementor-size-default\">Menton\n<\/h3>\t\t\t\t<\/div>\n\t\t\t\t<\/div>\n\t\t\t\t<div class=\"elementor-element elementor-element-00f11b5 elementor-widget elementor-widget-text-editor\" data-id=\"00f11b5\" data-element_type=\"widget\" data-e-type=\"widget\" data-widget_type=\"text-editor.default\">\n\t\t\t\t<div class=\"elementor-widget-container\">\n\t\t\t\t\t\t\t\t\t<p>Menton est situ\u00e9e pr\u00e8s de la fronti\u00e8re italienne et est connue pour son front de mer color\u00e9 et son climat m\u00e9diterran\u00e9en doux. Les b\u00e2timents aux couleurs pastel s&#8217;\u00e9tendent en cascade vers la mer, cr\u00e9ant un d\u00e9cor digne d&#8217;une carte postale. Son environnement paisible et son rythme tranquille en font un lieu id\u00e9al pour les voyageurs \u00e0 la recherche d&#8217;une exp\u00e9rience reposante sur la Riviera.<\/p><p>La ville est \u00e9galement connue pour ses jardins et son patrimoine agrumicole. Menton organise chaque ann\u00e9e un festival du citron qui met en valeur ses traditions culturelles et sa fiert\u00e9 locale. Les visiteurs peuvent profiter de promenades pittoresques, d&#8217;\u00e9glises historiques et d&#8217;une excellente cuisine influenc\u00e9e \u00e0 la fois par les saveurs fran\u00e7aises et italiennes.<\/p>\t\t\t\t\t\t\t\t<\/div>\n\t\t\t\t<\/div>\n\t\t\t\t<\/div>\n\t\t<div class=\"elementor-element elementor-element-39edf32 e-con-full e-flex e-con e-child\" data-id=\"39edf32\" data-element_type=\"container\" data-e-type=\"container\">\n\t\t\t\t<div class=\"elementor-element elementor-element-8793d0a elementor-widget elementor-widget-heading\" data-id=\"8793d0a\" data-element_type=\"widget\" data-e-type=\"widget\" data-widget_type=\"heading.default\">\n\t\t\t\t<div class=\"elementor-widget-container\">\n\t\t\t\t\t<h3 class=\"elementor-heading-title elementor-size-default\">Cannes et sa Promenade en bord de mer<\/h3>\t\t\t\t<\/div>\n\t\t\t\t<\/div>\n\t\t\t\t<div class=\"elementor-element elementor-element-d32ab37 elementor-widget elementor-widget-text-editor\" data-id=\"d32ab37\" data-element_type=\"widget\" data-e-type=\"widget\" data-widget_type=\"text-editor.default\">\n\t\t\t\t<div class=\"elementor-widget-container\">\n\t\t\t\t\t\t\t\t\t<p><a href=\"https:\/\/www.bucketlistvilla.com\/fr\/location\/locations-cannes-d33231\/\">Cannes<\/a>\u00a0jouit d&#8217;une r\u00e9putation internationale, mais la vie quotidienne y est plus calme que beaucoup ne le pensent. En dehors des grands \u00e9v\u00e9nements, la ville vit au rythme paisible de la mer et de sa longue promenade.<\/p><p>Le boulevard de la Croisette longe le littoral, bord\u00e9 d&#8217;un c\u00f4t\u00e9 par les plages et de l&#8217;autre par des immeubles r\u00e9sidentiels. On y circule librement, avec suffisamment d&#8217;espace pour marcher sans se presser. Les quartiers \u00e0 l&#8217;int\u00e9rieur des terres offrent un contraste plus calme, loin du front de mer.<\/p><p>Cannes convient bien aux voyageurs qui appr\u00e9cient les cadres structur\u00e9s : les rues sont ordonn\u00e9es, les distances sont g\u00e9rables et la ville est facilement reli\u00e9e aux environs. C&#8217;est une ville de la C\u00f4te d&#8217;Azur qui semble plus tranquille que th\u00e9\u00e2trale, une fois que l&#8217;on va au-del\u00e0 des apparences.<\/p>\t\t\t\t\t\t\t\t<\/div>\n\t\t\t\t<\/div>\n\t\t\t\t<\/div>\n\t\t\t\t\t<\/div>\n\t\t\t\t<\/div>\n\t\t<div class=\"elementor-element elementor-element-cdcf0ce e-flex e-con-boxed e-con e-parent\" data-id=\"cdcf0ce\" data-element_type=\"container\" data-e-type=\"container\">\n\t\t\t\t\t<div class=\"e-con-inner\">\n\t\t<div class=\"elementor-element elementor-element-71f2c16 e-con-full e-flex e-con e-child\" data-id=\"71f2c16\" data-element_type=\"container\" data-e-type=\"container\">\n\t\t\t\t<div class=\"elementor-element elementor-element-7899c79 elementor-widget elementor-widget-heading\" data-id=\"7899c79\" data-element_type=\"widget\" data-e-type=\"widget\" data-widget_type=\"heading.default\">\n\t\t\t\t<div class=\"elementor-widget-container\">\n\t\t\t\t\t<h3 class=\"elementor-heading-title elementor-size-default\">Villefranche-sur-Mer\n<\/h3>\t\t\t\t<\/div>\n\t\t\t\t<\/div>\n\t\t\t\t<div class=\"elementor-element elementor-element-74cff7c elementor-widget elementor-widget-text-editor\" data-id=\"74cff7c\" data-element_type=\"widget\" data-e-type=\"widget\" data-widget_type=\"text-editor.default\">\n\t\t\t\t<div class=\"elementor-widget-container\">\n\t\t\t\t\t\t\t\t\t<p>Villefranche-sur-Mer se distingue par son port naturel en eau profonde et son front de mer anim\u00e9 bord\u00e9 de b\u00e2timents color\u00e9s. La ville d\u00e9gage une atmosph\u00e8re accueillante et d\u00e9tendue, rehauss\u00e9e par sa baie pittoresque et ses eaux calmes. Sa promenade en bord de mer est id\u00e9ale pour se promener tranquillement tout en admirant la vue imprenable sur la c\u00f4te.<\/p><p>Historiquement, Villefranche-sur-Mer a jou\u00e9 un r\u00f4le strat\u00e9gique important, comme en t\u00e9moignent des monuments tels que la citadelle de Saint-Elme. La ville dispose \u00e9galement de plages accueillantes et de restaurants typiques, ce qui en fait un choix id\u00e9al pour les voyageurs qui souhaitent profiter d&#8217;une vie c\u00f4ti\u00e8re authentique \u00e0 proximit\u00e9 des grandes villes de la C\u00f4te d&#8217;Azur.<\/p>\t\t\t\t\t\t\t\t<\/div>\n\t\t\t\t<\/div>\n\t\t\t\t<\/div>\n\t\t<div class=\"elementor-element elementor-element-64cf89b e-con-full e-flex e-con e-child\" data-id=\"64cf89b\" data-element_type=\"container\" data-e-type=\"container\">\n\t\t\t\t<div class=\"elementor-element elementor-element-e55e8c0 elementor-widget elementor-widget-image\" data-id=\"e55e8c0\" data-element_type=\"widget\" data-e-type=\"widget\" data-widget_type=\"image.default\">\n\t\t\t\t<div class=\"elementor-widget-container\">\n\t\t\t\t\t\t\t\t\t\t\t\t\t\t\t<img decoding=\"async\" width=\"700\" height=\"500\" src=\"https:\/\/www.bucketlistvilla.com\/blog\/wp-content\/uploads\/2026\/01\/villefranche-sur-mer-french-riviera.webp\" class=\"attachment-large size-large wp-image-11952\" alt=\"villefranche sur mer french riviera\" srcset=\"https:\/\/www.bucketlistvilla.com\/blog\/wp-content\/uploads\/2026\/01\/villefranche-sur-mer-french-riviera.webp 700w, https:\/\/www.bucketlistvilla.com\/blog\/wp-content\/uploads\/2026\/01\/villefranche-sur-mer-french-riviera-300x214.webp 300w\" sizes=\"(max-width: 700px) 100vw, 700px\" \/>\t\t\t\t\t\t\t\t\t\t\t\t\t\t\t<\/div>\n\t\t\t\t<\/div>\n\t\t\t\t<\/div>\n\t\t\t\t\t<\/div>\n\t\t\t\t<\/div>\n\t\t<div class=\"elementor-element elementor-element-c44ccd1 e-flex e-con-boxed e-con e-parent\" data-id=\"c44ccd1\" data-element_type=\"container\" data-e-type=\"container\">\n\t\t\t\t\t<div class=\"e-con-inner\">\n\t\t<div class=\"elementor-element elementor-element-861a100 e-con-full e-flex e-con e-child\" data-id=\"861a100\" data-element_type=\"container\" data-e-type=\"container\">\n\t\t\t\t<div class=\"elementor-element elementor-element-1153d48 elementor-widget elementor-widget-heading\" data-id=\"1153d48\" data-element_type=\"widget\" data-e-type=\"widget\" data-widget_type=\"heading.default\">\n\t\t\t\t<div class=\"elementor-widget-container\">\n\t\t\t\t\t<h3 class=\"elementor-heading-title elementor-size-default\">Grasse\n<\/h3>\t\t\t\t<\/div>\n\t\t\t\t<\/div>\n\t\t\t\t<div class=\"elementor-element elementor-element-01b6a3f elementor-widget elementor-widget-text-editor\" data-id=\"01b6a3f\" data-element_type=\"widget\" data-e-type=\"widget\" data-widget_type=\"text-editor.default\">\n\t\t\t\t<div class=\"elementor-widget-container\">\n\t\t\t\t\t\t\t\t\t<p>Grasse est situ\u00e9e dans les collines surplombant la c\u00f4te et est mondialement connue pour son industrie parfumi\u00e8re. Le centre historique de la ville se distingue par ses rues sinueuses, ses charmantes places et son architecture proven\u00e7ale traditionnelle. Sa position sur\u00e9lev\u00e9e lui conf\u00e8re un air vivifiant et une vue panoramique sur la campagne environnante.<\/p><p>Les touristes qui se rendent \u00e0 Grasse peuvent explorer des maisons de parfum renomm\u00e9es et des mus\u00e9es qui expliquent l&#8217;art de la parfumerie. Les champs de fleurs de la r\u00e9gion, notamment le jasmin et la rose, ont fa\u00e7onn\u00e9 l\u2019identit\u00e9 de la ville depuis des si\u00e8cles. Grasse propose une exp\u00e9rience culturelle et sensorielle diff\u00e9rente des autres destinations baln\u00e9aires.<\/p>\t\t\t\t\t\t\t\t<\/div>\n\t\t\t\t<\/div>\n\t\t\t\t<\/div>\n\t\t<div class=\"elementor-element elementor-element-6951925 e-con-full e-flex e-con e-child\" data-id=\"6951925\" data-element_type=\"container\" data-e-type=\"container\">\n\t\t\t\t<div class=\"elementor-element elementor-element-5c46f81 elementor-widget elementor-widget-heading\" data-id=\"5c46f81\" data-element_type=\"widget\" data-e-type=\"widget\" data-widget_type=\"heading.default\">\n\t\t\t\t<div class=\"elementor-widget-container\">\n\t\t\t\t\t<h3 class=\"elementor-heading-title elementor-size-default\">Juan-les-Pins\n<\/h3>\t\t\t\t<\/div>\n\t\t\t\t<\/div>\n\t\t\t\t<div class=\"elementor-element elementor-element-fc52aa5 elementor-widget elementor-widget-text-editor\" data-id=\"fc52aa5\" data-element_type=\"widget\" data-e-type=\"widget\" data-widget_type=\"text-editor.default\">\n\t\t\t\t<div class=\"elementor-widget-container\">\n\t\t\t\t\t\t\t\t\t<p>Juan-les-Pins est connue pour son atmosph\u00e8re anim\u00e9e et ses longues plages de sable fin. La ville attire les visiteurs avec ses clubs de plage anim\u00e9s, ses festivals de musique et sa vie nocturne tr\u00e9pidante. En \u00e9t\u00e9, la r\u00e9gion devient un lieu de rencontre tr\u00e8s pris\u00e9, avec ses concerts, ses \u00e9v\u00e9nements et ses restaurants \u00e0 ciel ouvert.<\/p><p>Outre son attrait moderne, Juan-les-Pins permet d&#8217;acc\u00e9der facilement \u00e0 des eaux calmes, id\u00e9ales pour la baignade et les sports nautiques. Son ambiance d\u00e9tendue en journ\u00e9e contraste avec ses soir\u00e9es anim\u00e9es, ce qui en fait une destination pris\u00e9e des voyageurs en qu\u00eate de loisirs et de divertissements.<\/p>\t\t\t\t\t\t\t\t<\/div>\n\t\t\t\t<\/div>\n\t\t\t\t<\/div>\n\t\t\t\t\t<\/div>\n\t\t\t\t<\/div>\n\t\t<div class=\"elementor-element elementor-element-67ac267 e-flex e-con-boxed e-con e-parent\" data-id=\"67ac267\" data-element_type=\"container\" data-e-type=\"container\">\n\t\t\t\t\t<div class=\"e-con-inner\">\n\t\t<div class=\"elementor-element elementor-element-07e2b95 e-con-full e-flex e-con e-child\" data-id=\"07e2b95\" data-element_type=\"container\" data-e-type=\"container\">\n\t\t\t\t<div class=\"elementor-element elementor-element-5a39121 elementor-widget elementor-widget-heading\" data-id=\"5a39121\" data-element_type=\"widget\" data-e-type=\"widget\" data-widget_type=\"heading.default\">\n\t\t\t\t<div class=\"elementor-widget-container\">\n\t\t\t\t\t<h3 class=\"elementor-heading-title elementor-size-default\">Saint-Jean-Cap-Ferrat\n<\/h3>\t\t\t\t<\/div>\n\t\t\t\t<\/div>\n\t\t\t\t<div class=\"elementor-element elementor-element-e2186e3 elementor-widget elementor-widget-text-editor\" data-id=\"e2186e3\" data-element_type=\"widget\" data-e-type=\"widget\" data-widget_type=\"text-editor.default\">\n\t\t\t\t<div class=\"elementor-widget-container\">\n\t\t\t\t\t\t\t\t\t<p>Saint-Jean-Cap-Ferrat est une presqu&#8217;\u00eele prestigieuse r\u00e9put\u00e9e pour ses villas luxueuses, ses paysages luxuriants et son littoral immacul\u00e9. La r\u00e9gion est bord\u00e9e d&#8217;eaux cristallines et de sentiers de randonn\u00e9e pittoresques qui longent le littoral. Son atmosph\u00e8re raffin\u00e9e attire les visiteurs qui appr\u00e9cient son \u00e9l\u00e9gance et sa beaut\u00e9 naturelle.<\/p><p>La p\u00e9ninsule abrite \u00e9galement des jardins exceptionnels, dont la Villa Ephrussi, qui pr\u00e9sente des paysages th\u00e9matiques et des vues panoramiques sur la mer.\u00a0 Avec ses plages paisibles et son atmosph\u00e8re exclusive, Saint-Jean-Cap-Ferrat propose une exp\u00e9rience sophistiqu\u00e9e de la C\u00f4te d&#8217;Azur, ax\u00e9e sur le repos et les paysages.<\/p>\t\t\t\t\t\t\t\t<\/div>\n\t\t\t\t<\/div>\n\t\t\t\t<\/div>\n\t\t<div class=\"elementor-element elementor-element-e295a50 e-con-full e-flex e-con e-child\" data-id=\"e295a50\" data-element_type=\"container\" data-e-type=\"container\">\n\t\t\t\t<div class=\"elementor-element elementor-element-d62ad08 elementor-widget elementor-widget-image\" data-id=\"d62ad08\" data-element_type=\"widget\" data-e-type=\"widget\" data-widget_type=\"image.default\">\n\t\t\t\t<div class=\"elementor-widget-container\">\n\t\t\t\t\t\t\t\t\t\t\t\t\t\t\t<img loading=\"lazy\" decoding=\"async\" width=\"700\" height=\"500\" src=\"https:\/\/www.bucketlistvilla.com\/blog\/wp-content\/uploads\/2026\/01\/saint-jean-cap-ferrat.webp\" class=\"attachment-large size-large wp-image-11955\" alt=\"saint jean de cap ferrat french riviera\" srcset=\"https:\/\/www.bucketlistvilla.com\/blog\/wp-content\/uploads\/2026\/01\/saint-jean-cap-ferrat.webp 700w, https:\/\/www.bucketlistvilla.com\/blog\/wp-content\/uploads\/2026\/01\/saint-jean-cap-ferrat-300x214.webp 300w\" sizes=\"(max-width: 700px) 100vw, 700px\" \/>\t\t\t\t\t\t\t\t\t\t\t\t\t\t\t<\/div>\n\t\t\t\t<\/div>\n\t\t\t\t<\/div>\n\t\t\t\t\t<\/div>\n\t\t\t\t<\/div>\n\t\t<div class=\"elementor-element elementor-element-bc20d9f e-flex e-con-boxed e-con e-parent\" data-id=\"bc20d9f\" data-element_type=\"container\" data-e-type=\"container\">\n\t\t\t\t\t<div class=\"e-con-inner\">\n\t\t\t\t<div class=\"elementor-element elementor-element-e1a7a21 elementor-widget elementor-widget-heading\" data-id=\"e1a7a21\" data-element_type=\"widget\" data-e-type=\"widget\" data-widget_type=\"heading.default\">\n\t\t\t\t<div class=\"elementor-widget-container\">\n\t\t\t\t\t<h2 class=\"elementor-heading-title elementor-size-default\">Des villes plus petites et moins connues sur la C\u00f4te d'Azur<\/h2>\t\t\t\t<\/div>\n\t\t\t\t<\/div>\n\t\t\t\t<div class=\"elementor-element elementor-element-2b6b74e elementor-widget elementor-widget-text-editor\" data-id=\"2b6b74e\" data-element_type=\"widget\" data-e-type=\"widget\" data-widget_type=\"text-editor.default\">\n\t\t\t\t<div class=\"elementor-widget-container\">\n\t\t\t\t\t\t\t\t\t<p>Outre les grandes villes, les petites communes ajoutent de l&#8217;int\u00e9r\u00eat \u00e0 la r\u00e9gion. Des endroits comme Villefranche-sur-Mer, \u00c8ze et Beaulieu-sur-Mer fonctionnent \u00e0 un rythme diff\u00e9rent, souvent model\u00e9 par la g\u00e9ographie plut\u00f4t que par la demande touristique.<\/p><p>Certaines sont situ\u00e9es directement en bord de mer, d\u00e9limit\u00e9es par des ports naturels. D&#8217;autres surplombent la c\u00f4te, o\u00f9 la vue prime sur la proximit\u00e9 de la plage. La vie r\u00e9sidentielle y est g\u00e9n\u00e9ralement pr\u00e9dominante, ce qui change le rythme des journ\u00e9es.<\/p><p>Ces villes attirent les voyageurs qui appr\u00e9cient les matin\u00e9es tranquilles et les apr\u00e8s-midis sans contrainte. Elles conviennent \u00e9galement bien pour des s\u00e9jours plus longs, en particulier pour ceux qui pr\u00e9voient d&#8217;explorer plusieurs villes de la C\u00f4te d&#8217;Azur sans changer fr\u00e9quemment de lieu de r\u00e9sidence.<\/p>\t\t\t\t\t\t\t\t<\/div>\n\t\t\t\t<\/div>\n\t\t\t\t\t<\/div>\n\t\t\t\t<\/div>\n\t\t<div class=\"elementor-element elementor-element-8348eb5 e-flex e-con-boxed e-con e-parent\" data-id=\"8348eb5\" data-element_type=\"container\" data-e-type=\"container\">\n\t\t\t\t\t<div class=\"e-con-inner\">\n\t\t\t\t<div class=\"elementor-element elementor-element-4629d19 elementor-widget elementor-widget-heading\" data-id=\"4629d19\" data-element_type=\"widget\" data-e-type=\"widget\" data-widget_type=\"heading.default\">\n\t\t\t\t<div class=\"elementor-widget-container\">\n\t\t\t\t\t<h2 class=\"elementor-heading-title elementor-size-default\">Comment se d\u00e9placer entre les villes et villages de la C\u00f4te d'Azur<\/h2>\t\t\t\t<\/div>\n\t\t\t\t<\/div>\n\t\t\t\t<div class=\"elementor-element elementor-element-139727a elementor-widget elementor-widget-text-editor\" data-id=\"139727a\" data-element_type=\"widget\" data-e-type=\"widget\" data-widget_type=\"text-editor.default\">\n\t\t\t\t<div class=\"elementor-widget-container\">\n\t\t\t\t\t\t\t\t\t<p>Se d\u00e9placer entre les villes de la C\u00f4te d&#8217;Azur n&#8217;est pas compliqu\u00e9, ce qui rend la r\u00e9gion super accessible. Les lignes de train longent la c\u00f4te et relient les principales villes, avec des trajets fr\u00e9quents et des temps de trajet courts.<\/p><p>Les bus viennent compl\u00e9ter le r\u00e9seau, en particulier pour les villes situ\u00e9es \u00e0 flanc de colline et les zones \u00e9loign\u00e9es de la ligne ferroviaire. Les horaires sont fiables, mais moins fr\u00e9quents pendant les saisons creuses. La voiture permet une grande flexibilit\u00e9, en particulier pour les itin\u00e9raires dans l&#8217;arri\u00e8re-pays, mais elle n&#8217;est pas indispensable pour explorer la c\u00f4te.<\/p><p>Les distances \u00e9tant courtes, les excursions quotidiennes ne demandent que peu d&#8217;organisation logistique. Cette facilit\u00e9 de d\u00e9placement permet aux voyageurs de planifier leur s\u00e9jour en toute libert\u00e9, en fonction de leur humeur plut\u00f4t que de leurs obligations.<\/p>\t\t\t\t\t\t\t\t<\/div>\n\t\t\t\t<\/div>\n\t\t\t\t\t<\/div>\n\t\t\t\t<\/div>\n\t\t<div class=\"elementor-element elementor-element-582a63d e-flex e-con-boxed e-con e-parent\" data-id=\"582a63d\" data-element_type=\"container\" data-e-type=\"container\">\n\t\t\t\t\t<div class=\"e-con-inner\">\n\t\t\t\t<div class=\"elementor-element elementor-element-b76eed7 elementor-widget elementor-widget-image\" data-id=\"b76eed7\" data-element_type=\"widget\" data-e-type=\"widget\" data-widget_type=\"image.default\">\n\t\t\t\t<div class=\"elementor-widget-container\">\n\t\t\t\t\t\t\t\t\t\t\t\t\t\t\t<img loading=\"lazy\" decoding=\"async\" width=\"1920\" height=\"650\" src=\"https:\/\/www.bucketlistvilla.com\/blog\/wp-content\/uploads\/2026\/01\/menton-city-french-riviera.webp\" class=\"attachment-full size-full wp-image-11958\" alt=\"menton city french riviera\" srcset=\"https:\/\/www.bucketlistvilla.com\/blog\/wp-content\/uploads\/2026\/01\/menton-city-french-riviera.webp 1920w, https:\/\/www.bucketlistvilla.com\/blog\/wp-content\/uploads\/2026\/01\/menton-city-french-riviera-300x102.webp 300w, https:\/\/www.bucketlistvilla.com\/blog\/wp-content\/uploads\/2026\/01\/menton-city-french-riviera-1024x347.webp 1024w, https:\/\/www.bucketlistvilla.com\/blog\/wp-content\/uploads\/2026\/01\/menton-city-french-riviera-768x260.webp 768w, https:\/\/www.bucketlistvilla.com\/blog\/wp-content\/uploads\/2026\/01\/menton-city-french-riviera-1536x520.webp 1536w\" sizes=\"(max-width: 1920px) 100vw, 1920px\" \/>\t\t\t\t\t\t\t\t\t\t\t\t\t\t\t<\/div>\n\t\t\t\t<\/div>\n\t\t\t\t\t<\/div>\n\t\t\t\t<\/div>\n\t\t<div class=\"elementor-element elementor-element-89220a4 e-flex e-con-boxed e-con e-parent\" data-id=\"89220a4\" data-element_type=\"container\" data-e-type=\"container\">\n\t\t\t\t\t<div class=\"e-con-inner\">\n\t\t\t\t<div class=\"elementor-element elementor-element-f32d1c7 elementor-widget elementor-widget-heading\" data-id=\"f32d1c7\" data-element_type=\"widget\" data-e-type=\"widget\" data-widget_type=\"heading.default\">\n\t\t\t\t<div class=\"elementor-widget-container\">\n\t\t\t\t\t<h2 class=\"elementor-heading-title elementor-size-default\">Explorez les villes de la C\u00f4te d'Azur \u00e0 votre fa\u00e7on<\/h2>\t\t\t\t<\/div>\n\t\t\t\t<\/div>\n\t\t\t\t<div class=\"elementor-element elementor-element-25451eb elementor-widget elementor-widget-text-editor\" data-id=\"25451eb\" data-element_type=\"widget\" data-e-type=\"widget\" data-widget_type=\"text-editor.default\">\n\t\t\t\t<div class=\"elementor-widget-container\">\n\t\t\t\t\t\t\t\t\t<p>Les villes et villages de la C\u00f4te d&#8217;Azur se d\u00e9couvrent mieux en tant qu&#8217;ensemble plut\u00f4t que comme une liste de lieux \u00e0 visiter. Chaque endroit offre une perspective diff\u00e9rente de la vie c\u00f4ti\u00e8re, marqu\u00e9e par l&#8217;histoire, la g\u00e9ographie et le quotidien. Ensemble, ils forment une r\u00e9gion qui satisfait la curiosit\u00e9 sans exiger de d\u00e9placement constant.<\/p><p><strong>Bucket List Villa<\/strong>\u00a0propose une s\u00e9lection rigoureuse de locations de vacances sur la C\u00f4te d&#8217;Azur, dont des villas contemporaines avec vue sur la mer, des propri\u00e9t\u00e9s priv\u00e9es \u00e0 flanc de colline et des r\u00e9sidences raffin\u00e9es pr\u00e8s de la c\u00f4te.<\/p><p>Une fois que vous \u00eates pr\u00eat \u00e0 transformer vos envies en r\u00e9alit\u00e9, la prochaine \u00e9tape consiste \u00e0 contacter l&#8217;\u00e9quipe de r\u00e9servation de Bucket List Villa. Nous vous aiderons \u00e0 organiser un s\u00e9jour qui correspond \u00e0 votre fa\u00e7on de d\u00e9couvrir les villes de la C\u00f4te d&#8217;Azur, \u00e0 votre rythme et selon vos envies.<\/p><p><a href=\"https:\/\/www.bucketlistvilla.com\/fr\/contact\/\"><span style=\"font-weight: 400;\">Contactez notre \u00e9quipe de r\u00e9servation<\/span><\/a><\/p>\t\t\t\t\t\t\t\t<\/div>\n\t\t\t\t<\/div>\n\t\t\t\t\t<\/div>\n\t\t\t\t<\/div>\n\t\t<div class=\"elementor-element elementor-element-5f65f369 e-flex e-con-boxed e-con e-parent\" data-id=\"5f65f369\" data-element_type=\"container\" data-e-type=\"container\">\n\t\t\t\t\t<div class=\"e-con-inner\">\n\t\t\t\t<div class=\"elementor-element elementor-element-2aeeac1c elementor-widget elementor-widget-template\" data-id=\"2aeeac1c\" data-element_type=\"widget\" data-e-type=\"widget\" data-widget_type=\"template.default\">\n\t\t\t\t<div class=\"elementor-widget-container\">\n\t\t\t\t\t\t\t<div class=\"elementor-template\">\n\t\t\t\t\t<div data-elementor-type=\"container\" data-elementor-id=\"11067\" class=\"elementor elementor-11067\" data-elementor-post-type=\"elementor_library\">\n\t\t\t\t<div class=\"elementor-element elementor-element-77f0bad e-flex e-con-boxed e-con e-parent\" data-id=\"77f0bad\" data-element_type=\"container\" data-e-type=\"container\">\n\t\t\t\t\t<div class=\"e-con-inner\">\n\t\t<div class=\"elementor-element elementor-element-505c77b e-con-full e-flex e-con e-child\" data-id=\"505c77b\" data-element_type=\"container\" data-e-type=\"container\">\n\t\t\t\t<div class=\"elementor-element elementor-element-f1c9e3a elementor-cta--skin-cover elementor-cta--valign-bottom elementor-animated-content elementor-bg-transform elementor-bg-transform-zoom-in elementor-widget elementor-widget-call-to-action\" data-id=\"f1c9e3a\" data-element_type=\"widget\" data-e-type=\"widget\" data-widget_type=\"call-to-action.default\">\n\t\t\t\t<div class=\"elementor-widget-container\">\n\t\t\t\t\t\t\t<a class=\"elementor-cta\" href=\"https:\/\/www.bucketlistvilla.com\/fr\/location-vacances-cote-d-azur\/\">\n\t\t\t\t\t<div class=\"elementor-cta__bg-wrapper\">\n\t\t\t\t<div class=\"elementor-cta__bg elementor-bg\" style=\"background-image: url(https:\/\/www.bucketlistvilla.com\/blog\/wp-content\/uploads\/2025\/10\/Villa-Colibri-27.webp);\" role=\"img\" aria-label=\"Locations Vacances C\u00f4te d&#039;Azur\"><\/div>\n\t\t\t\t<div class=\"elementor-cta__bg-overlay\"><\/div>\n\t\t\t<\/div>\n\t\t\t\t\t\t\t<div class=\"elementor-cta__content\">\n\t\t\t\t\n\t\t\t\t\n\t\t\t\t\n\t\t\t\t\t\t\t\t\t<div class=\"elementor-cta__button-wrapper elementor-cta__content-item elementor-content-item elementor-animated-item--grow\">\n\t\t\t\t\t<span class=\"elementor-cta__button elementor-button elementor-size-\">\n\t\t\t\t\t\tLocations Vacances C\u00f4te d'Azur\t\t\t\t\t<\/span>\n\t\t\t\t\t<\/div>\n\t\t\t\t\t\t\t<\/div>\n\t\t\t\t\t\t<\/a>\n\t\t\t\t\t\t<\/div>\n\t\t\t\t<\/div>\n\t\t\t\t<\/div>\n\t\t<div class=\"elementor-element elementor-element-6613cd8 e-con-full e-flex e-con e-child\" data-id=\"6613cd8\" data-element_type=\"container\" data-e-type=\"container\">\n\t\t\t\t<div class=\"elementor-element elementor-element-7f7c1dd elementor-cta--skin-cover elementor-cta--valign-bottom elementor-animated-content elementor-bg-transform elementor-bg-transform-zoom-in elementor-widget elementor-widget-call-to-action\" data-id=\"7f7c1dd\" data-element_type=\"widget\" data-e-type=\"widget\" data-widget_type=\"call-to-action.default\">\n\t\t\t\t<div class=\"elementor-widget-container\">\n\t\t\t\t\t\t\t<a class=\"elementor-cta\" href=\"https:\/\/www.bucketlistvilla.com\/fr\/villas-luxe-cote-d-azur\/\">\n\t\t\t\t\t<div class=\"elementor-cta__bg-wrapper\">\n\t\t\t\t<div class=\"elementor-cta__bg elementor-bg\" style=\"background-image: url(https:\/\/www.bucketlistvilla.com\/blog\/wp-content\/uploads\/2025\/10\/bucketlistvilla_les_hauts_de_gordes_luberon_-20-e1761929581884.webp);\" role=\"img\" aria-label=\"Villas C\u00f4te d&#039;Azur &amp; Provence (20)\"><\/div>\n\t\t\t\t<div class=\"elementor-cta__bg-overlay\"><\/div>\n\t\t\t<\/div>\n\t\t\t\t\t\t\t<div class=\"elementor-cta__content\">\n\t\t\t\t\n\t\t\t\t\n\t\t\t\t\n\t\t\t\t\t\t\t\t\t<div class=\"elementor-cta__button-wrapper elementor-cta__content-item elementor-content-item elementor-animated-item--grow\">\n\t\t\t\t\t<span class=\"elementor-cta__button elementor-button elementor-size-\">\n\t\t\t\t\t\tVillas C\u00f4te d'Azur &amp; Provence\t\t\t\t\t<\/span>\n\t\t\t\t\t<\/div>\n\t\t\t\t\t\t\t<\/div>\n\t\t\t\t\t\t<\/a>\n\t\t\t\t\t\t<\/div>\n\t\t\t\t<\/div>\n\t\t\t\t<\/div>\n\t\t<div class=\"elementor-element elementor-element-c3da13b e-con-full e-flex e-con e-child\" data-id=\"c3da13b\" data-element_type=\"container\" data-e-type=\"container\">\n\t\t\t\t<div class=\"elementor-element elementor-element-d9a264c elementor-cta--skin-cover elementor-cta--valign-bottom elementor-animated-content elementor-bg-transform elementor-bg-transform-zoom-in elementor-widget elementor-widget-call-to-action\" data-id=\"d9a264c\" data-element_type=\"widget\" data-e-type=\"widget\" data-widget_type=\"call-to-action.default\">\n\t\t\t\t<div class=\"elementor-widget-container\">\n\t\t\t\t\t\t\t<a class=\"elementor-cta\" href=\"https:\/\/www.bucketlistvilla.com\/blog\/fr\/yacht-de-luxe-location\/\">\n\t\t\t\t\t<div class=\"elementor-cta__bg-wrapper\">\n\t\t\t\t<div class=\"elementor-cta__bg elementor-bg\" style=\"background-image: url(https:\/\/www.bucketlistvilla.com\/blog\/wp-content\/uploads\/2025\/10\/AdobeStock_122080959.webp);\" role=\"img\" aria-label=\"Yachts C\u00f4te d&#039;Azur\"><\/div>\n\t\t\t\t<div class=\"elementor-cta__bg-overlay\"><\/div>\n\t\t\t<\/div>\n\t\t\t\t\t\t\t<div class=\"elementor-cta__content\">\n\t\t\t\t\n\t\t\t\t\n\t\t\t\t\n\t\t\t\t\t\t\t\t\t<div class=\"elementor-cta__button-wrapper elementor-cta__content-item elementor-content-item elementor-animated-item--grow\">\n\t\t\t\t\t<span class=\"elementor-cta__button elementor-button elementor-size-\">\n\t\t\t\t\t\tYachts C\u00f4te d'Azur\t\t\t\t\t<\/span>\n\t\t\t\t\t<\/div>\n\t\t\t\t\t\t\t<\/div>\n\t\t\t\t\t\t<\/a>\n\t\t\t\t\t\t<\/div>\n\t\t\t\t<\/div>\n\t\t\t\t<\/div>\n\t\t\t\t\t<\/div>\n\t\t\t\t<\/div>\n\t\t\t\t<\/div>\n\t\t\t\t<\/div>\n\t\t\t\t\t\t<\/div>\n\t\t\t\t<\/div>\n\t\t\t\t\t<\/div>\n\t\t\t\t<\/div>\n\t\t<div class=\"elementor-element elementor-element-314997f9 e-con-full e-flex e-con e-parent\" data-id=\"314997f9\" data-element_type=\"container\" data-e-type=\"container\">\n\t\t\t\t<div class=\"elementor-element elementor-element-2f26173c elementor-widget elementor-widget-template\" data-id=\"2f26173c\" data-element_type=\"widget\" data-e-type=\"widget\" data-widget_type=\"template.default\">\n\t\t\t\t<div class=\"elementor-widget-container\">\n\t\t\t\t\t\t\t<div class=\"elementor-template\">\n\t\t\t\t\t<div data-elementor-type=\"container\" data-elementor-id=\"6226\" class=\"elementor elementor-6226\" data-elementor-post-type=\"elementor_library\">\n\t\t\t\t<div class=\"elementor-element elementor-element-f203827 e-flex e-con-boxed e-con e-parent\" data-id=\"f203827\" data-element_type=\"container\" data-e-type=\"container\" data-settings=\"{&quot;background_background&quot;:&quot;classic&quot;}\">\n\t\t\t\t\t<div class=\"e-con-inner\">\n\t\t<div class=\"elementor-element elementor-element-5515a880 e-con-full e-flex e-con e-child\" data-id=\"5515a880\" data-element_type=\"container\" data-e-type=\"container\">\n\t\t<div class=\"elementor-element elementor-element-3a05ad07 e-con-full e-flex e-con e-child\" data-id=\"3a05ad07\" data-element_type=\"container\" data-e-type=\"container\">\n\t\t\t\t<div class=\"elementor-element elementor-element-702e4543 elementor-widget elementor-widget-heading\" data-id=\"702e4543\" data-element_type=\"widget\" data-e-type=\"widget\" data-widget_type=\"heading.default\">\n\t\t\t\t<div class=\"elementor-widget-container\">\n\t\t\t\t\t<h3 class=\"elementor-heading-title elementor-size-default\">Besoin d'aide pour r\u00e9server ?<\/h3>\t\t\t\t<\/div>\n\t\t\t\t<\/div>\n\t\t\t\t<div class=\"elementor-element elementor-element-282cf3e6 elementor-widget elementor-widget-text-editor\" data-id=\"282cf3e6\" data-element_type=\"widget\" data-e-type=\"widget\" data-widget_type=\"text-editor.default\">\n\t\t\t\t<div class=\"elementor-widget-container\">\n\t\t\t\t\t\t\t\t\t<a href=\"https:\/\/www.bucketlistvilla.com\/fr\/contact\/\">\u00caTRE CONTACT\u00c9 PAR NOS EXPERTS &gt;<\/a>\t\t\t\t\t\t\t\t<\/div>\n\t\t\t\t<\/div>\n\t\t\t\t<div class=\"elementor-element elementor-element-6a7da241 elementor-widget elementor-widget-text-editor\" data-id=\"6a7da241\" data-element_type=\"widget\" data-e-type=\"widget\" data-widget_type=\"text-editor.default\">\n\t\t\t\t<div class=\"elementor-widget-container\">\n\t\t\t\t\t\t\t\t\t<p><a href=\"https:\/\/wa.me\/+590690610267\">WHATSAPP &gt;<\/a><\/p>\t\t\t\t\t\t\t\t<\/div>\n\t\t\t\t<\/div>\n\t\t<div class=\"elementor-element elementor-element-5cde7a1 e-con-full e-flex e-con e-child\" data-id=\"5cde7a1\" data-element_type=\"container\" data-e-type=\"container\">\n\t\t\t\t<div class=\"elementor-element elementor-element-769dbdd3 elementor-icon-list--layout-inline elementor-list-item-link-full_width elementor-widget elementor-widget-icon-list\" data-id=\"769dbdd3\" data-element_type=\"widget\" data-e-type=\"widget\" data-widget_type=\"icon-list.default\">\n\t\t\t\t<div class=\"elementor-widget-container\">\n\t\t\t\t\t\t\t<ul class=\"elementor-icon-list-items elementor-inline-items\">\n\t\t\t\t\t\t\t<li class=\"elementor-icon-list-item elementor-inline-item\">\n\t\t\t\t\t\t\t\t\t\t\t<a href=\"tel:+590690610267\">\n\n\t\t\t\t\t\t\t\t\t\t\t\t<span class=\"elementor-icon-list-icon\">\n\t\t\t\t\t\t\t<svg aria-hidden=\"true\" class=\"e-font-icon-svg e-fas-phone-alt\" viewBox=\"0 0 512 512\" xmlns=\"http:\/\/www.w3.org\/2000\/svg\"><path d=\"M497.39 361.8l-112-48a24 24 0 0 0-28 6.9l-49.6 60.6A370.66 370.66 0 0 1 130.6 204.11l60.6-49.6a23.94 23.94 0 0 0 6.9-28l-48-112A24.16 24.16 0 0 0 122.6.61l-104 24A24 24 0 0 0 0 48c0 256.5 207.9 464 464 464a24 24 0 0 0 23.4-18.6l24-104a24.29 24.29 0 0 0-14.01-27.6z\"><\/path><\/svg>\t\t\t\t\t\t<\/span>\n\t\t\t\t\t\t\t\t\t\t<span class=\"elementor-icon-list-text\"><\/span>\n\t\t\t\t\t\t\t\t\t\t\t<\/a>\n\t\t\t\t\t\t\t\t\t<\/li>\n\t\t\t\t\t\t\t\t<li class=\"elementor-icon-list-item elementor-inline-item\">\n\t\t\t\t\t\t\t\t\t\t\t<a href=\"mailto:contact@bucketlistvilla.com\">\n\n\t\t\t\t\t\t\t\t\t\t\t\t<span class=\"elementor-icon-list-icon\">\n\t\t\t\t\t\t\t<svg aria-hidden=\"true\" class=\"e-font-icon-svg e-fas-mail-bulk\" viewBox=\"0 0 576 512\" xmlns=\"http:\/\/www.w3.org\/2000\/svg\"><path d=\"M160 448c-25.6 0-51.2-22.4-64-32-64-44.8-83.2-60.8-96-70.4V480c0 17.67 14.33 32 32 32h256c17.67 0 32-14.33 32-32V345.6c-12.8 9.6-32 25.6-96 70.4-12.8 9.6-38.4 32-64 32zm128-192H32c-17.67 0-32 14.33-32 32v16c25.6 19.2 22.4 19.2 115.2 86.4 9.6 6.4 28.8 25.6 44.8 25.6s35.2-19.2 44.8-22.4c92.8-67.2 89.6-67.2 115.2-86.4V288c0-17.67-14.33-32-32-32zm256-96H224c-17.67 0-32 14.33-32 32v32h96c33.21 0 60.59 25.42 63.71 57.82l.29-.22V416h192c17.67 0 32-14.33 32-32V192c0-17.67-14.33-32-32-32zm-32 128h-64v-64h64v64zm-352-96c0-35.29 28.71-64 64-64h224V32c0-17.67-14.33-32-32-32H96C78.33 0 64 14.33 64 32v192h96v-32z\"><\/path><\/svg>\t\t\t\t\t\t<\/span>\n\t\t\t\t\t\t\t\t\t\t<span class=\"elementor-icon-list-text\"><\/span>\n\t\t\t\t\t\t\t\t\t\t\t<\/a>\n\t\t\t\t\t\t\t\t\t<\/li>\n\t\t\t\t\t\t\t\t<li class=\"elementor-icon-list-item elementor-inline-item\">\n\t\t\t\t\t\t\t\t\t\t\t<a href=\"https:\/\/wa.me\/+590690610267\">\n\n\t\t\t\t\t\t\t\t\t\t\t\t<span class=\"elementor-icon-list-icon\">\n\t\t\t\t\t\t\t<svg aria-hidden=\"true\" class=\"e-font-icon-svg e-fab-whatsapp\" viewBox=\"0 0 448 512\" xmlns=\"http:\/\/www.w3.org\/2000\/svg\"><path d=\"M380.9 97.1C339 55.1 283.2 32 223.9 32c-122.4 0-222 99.6-222 222 0 39.1 10.2 77.3 29.6 111L0 480l117.7-30.9c32.4 17.7 68.9 27 106.1 27h.1c122.3 0 224.1-99.6 224.1-222 0-59.3-25.2-115-67.1-157zm-157 341.6c-33.2 0-65.7-8.9-94-25.7l-6.7-4-69.8 18.3L72 359.2l-4.4-7c-18.5-29.4-28.2-63.3-28.2-98.2 0-101.7 82.8-184.5 184.6-184.5 49.3 0 95.6 19.2 130.4 54.1 34.8 34.9 56.2 81.2 56.1 130.5 0 101.8-84.9 184.6-186.6 184.6zm101.2-138.2c-5.5-2.8-32.8-16.2-37.9-18-5.1-1.9-8.8-2.8-12.5 2.8-3.7 5.6-14.3 18-17.6 21.8-3.2 3.7-6.5 4.2-12 1.4-32.6-16.3-54-29.1-75.5-66-5.7-9.8 5.7-9.1 16.3-30.3 1.8-3.7.9-6.9-.5-9.7-1.4-2.8-12.5-30.1-17.1-41.2-4.5-10.8-9.1-9.3-12.5-9.5-3.2-.2-6.9-.2-10.6-.2-3.7 0-9.7 1.4-14.8 6.9-5.1 5.6-19.4 19-19.4 46.3 0 27.3 19.9 53.7 22.6 57.4 2.8 3.7 39.1 59.7 94.8 83.8 35.2 15.2 49 16.5 66.6 13.9 10.7-1.6 32.8-13.4 37.4-26.4 4.6-13 4.6-24.1 3.2-26.4-1.3-2.5-5-3.9-10.5-6.6z\"><\/path><\/svg>\t\t\t\t\t\t<\/span>\n\t\t\t\t\t\t\t\t\t\t<span class=\"elementor-icon-list-text\"><\/span>\n\t\t\t\t\t\t\t\t\t\t\t<\/a>\n\t\t\t\t\t\t\t\t\t<\/li>\n\t\t\t\t\t\t<\/ul>\n\t\t\t\t\t\t<\/div>\n\t\t\t\t<\/div>\n\t\t\t\t<\/div>\n\t\t\t\t<\/div>\n\t\t\t\t<\/div>\n\t\t<div class=\"elementor-element elementor-element-20924ae6 e-con-full e-flex e-con e-child\" data-id=\"20924ae6\" data-element_type=\"container\" data-e-type=\"container\">\n\t\t\t\t<div class=\"elementor-element elementor-element-65c0740a elementor-widget elementor-widget-text-editor\" data-id=\"65c0740a\" data-element_type=\"widget\" data-e-type=\"widget\" data-widget_type=\"text-editor.default\">\n\t\t\t\t<div class=\"elementor-widget-container\">\n\t\t\t\t\t\t\t\t\t<p><span style=\"font-weight: 400;\">Notre \u00e9quipe d\u2019experts est \u00e0 votre disposition pour vous offrir un service sur mesure et r\u00e9pondre \u00e0 toutes vos demandes.<\/span><\/p><p><span style=\"font-weight: 400;\">De la recherche de la villa parfaite \u00e0 l\u2019organisation de vos exp\u00e9riences ou \u00e9v\u00e8nements, nous organisons tout pour vous.<\/span><\/p>\t\t\t\t\t\t\t\t<\/div>\n\t\t\t\t<\/div>\n\t\t\t\t<\/div>\n\t\t\t\t\t<\/div>\n\t\t\t\t<\/div>\n\t\t\t\t<\/div>\n\t\t\t\t<\/div>\n\t\t\t\t\t\t<\/div>\n\t\t\t\t<\/div>\n\t\t\t\t<\/div>\n\t\t\t\t<\/div>\n\t\t","protected":false},"excerpt":{"rendered":"<p>Les villes et villages de la C\u00f4te d&#8217;Azur attirent les voyageurs pour diff\u00e9rentes raisons, c&#8217;est pourquoi la r\u00e9gion se pr\u00eate si bien aux s\u00e9jours prolong\u00e9s. Certains endroits font office de centres culturels, d&#8217;autres s&#8217;articulent autour du front de mer, et plusieurs se trouvent l\u00e9g\u00e8rement \u00e0 l&#8217;\u00e9cart de l&#8217;affluence touristique. Ensemble, ils forment une bande c\u00f4ti\u00e8re [&hellip;]<\/p>\n","protected":false},"author":6,"featured_media":11942,"comment_status":"open","ping_status":"open","sticky":false,"template":"","format":"standard","meta":{"footnotes":""},"categories":[103],"tags":[],"class_list":["post-11984","post","type-post","status-publish","format-standard","has-post-thumbnail","hentry","category-cote-dazur"],"yoast_head":"<!-- This site is optimized with the Yoast SEO plugin v27.5 - https:\/\/yoast.com\/product\/yoast-seo-wordpress\/ -->\n<title>Les villes et villages de la C\u00f4te d&#039;Azur qui font sa renomm\u00e9e - Blog<\/title>\n<meta name=\"description\" content=\"Explorez les villes de la C\u00f4te d&#039;Azur. D\u00e9couvrez leurs secrets et profitez de plages paradisiaques et du luxe. Commencez votre aventure !\" \/>\n<meta name=\"robots\" content=\"index, follow, max-snippet:-1, max-image-preview:large, max-video-preview:-1\" \/>\n<link rel=\"canonical\" href=\"https:\/\/www.bucketlistvilla.com\/blog\/fr\/villes-et-villages-cote-azur\/\" \/>\n<meta property=\"og:locale\" content=\"fr_FR\" \/>\n<meta property=\"og:type\" content=\"article\" \/>\n<meta property=\"og:title\" content=\"Les villes et villages de la C\u00f4te d&#039;Azur qui font sa renomm\u00e9e - Blog\" \/>\n<meta property=\"og:description\" content=\"Explorez les villes de la C\u00f4te d&#039;Azur. D\u00e9couvrez leurs secrets et profitez de plages paradisiaques et du luxe. Commencez votre aventure !\" \/>\n<meta property=\"og:url\" content=\"https:\/\/www.bucketlistvilla.com\/blog\/fr\/villes-et-villages-cote-azur\/\" \/>\n<meta property=\"og:site_name\" content=\"Blog\" \/>\n<meta property=\"article:published_time\" content=\"2026-01-21T08:25:05+00:00\" \/>\n<meta property=\"article:modified_time\" content=\"2026-01-28T14:20:35+00:00\" \/>\n<meta property=\"og:image\" content=\"https:\/\/www.bucketlistvilla.com\/blog\/wp-content\/uploads\/2026\/01\/french-riviera-cities-and-towns.webp\" \/>\n\t<meta property=\"og:image:width\" content=\"1920\" \/>\n\t<meta property=\"og:image:height\" content=\"650\" \/>\n\t<meta property=\"og:image:type\" content=\"image\/webp\" \/>\n<meta name=\"author\" content=\"Thibaut\" \/>\n<meta name=\"twitter:card\" content=\"summary_large_image\" \/>\n<meta name=\"twitter:label1\" content=\"Written by\" \/>\n\t<meta name=\"twitter:data1\" content=\"Thibaut\" \/>\n\t<meta name=\"twitter:label2\" content=\"Est. reading time\" \/>\n\t<meta name=\"twitter:data2\" content=\"13 minutes\" \/>\n<script type=\"application\/ld+json\" class=\"yoast-schema-graph\">{\"@context\":\"https:\\\/\\\/schema.org\",\"@graph\":[{\"@type\":\"Article\",\"@id\":\"https:\\\/\\\/www.bucketlistvilla.com\\\/blog\\\/fr\\\/villes-et-villages-cote-azur\\\/#article\",\"isPartOf\":{\"@id\":\"https:\\\/\\\/www.bucketlistvilla.com\\\/blog\\\/fr\\\/villes-et-villages-cote-azur\\\/\"},\"author\":{\"name\":\"Thibaut\",\"@id\":\"https:\\\/\\\/www.bucketlistvilla.com\\\/blog\\\/fr\\\/#\\\/schema\\\/person\\\/3b3666a37eb6e13d13e98c76ca36396c\"},\"headline\":\"Les villes et villages de la C\u00f4te d&#8217;Azur qui font sa renomm\u00e9e\",\"datePublished\":\"2026-01-21T08:25:05+00:00\",\"dateModified\":\"2026-01-28T14:20:35+00:00\",\"mainEntityOfPage\":{\"@id\":\"https:\\\/\\\/www.bucketlistvilla.com\\\/blog\\\/fr\\\/villes-et-villages-cote-azur\\\/\"},\"wordCount\":2307,\"commentCount\":0,\"image\":{\"@id\":\"https:\\\/\\\/www.bucketlistvilla.com\\\/blog\\\/fr\\\/villes-et-villages-cote-azur\\\/#primaryimage\"},\"thumbnailUrl\":\"https:\\\/\\\/www.bucketlistvilla.com\\\/blog\\\/wp-content\\\/uploads\\\/2026\\\/01\\\/french-riviera-cities-and-towns.webp\",\"articleSection\":[\"C\u00f4te d'azur\"],\"inLanguage\":\"fr\",\"potentialAction\":[{\"@type\":\"CommentAction\",\"name\":\"Comment\",\"target\":[\"https:\\\/\\\/www.bucketlistvilla.com\\\/blog\\\/fr\\\/villes-et-villages-cote-azur\\\/#respond\"]}]},{\"@type\":\"WebPage\",\"@id\":\"https:\\\/\\\/www.bucketlistvilla.com\\\/blog\\\/fr\\\/villes-et-villages-cote-azur\\\/\",\"url\":\"https:\\\/\\\/www.bucketlistvilla.com\\\/blog\\\/fr\\\/villes-et-villages-cote-azur\\\/\",\"name\":\"Les villes et villages de la C\u00f4te d'Azur qui font sa renomm\u00e9e - Blog\",\"isPartOf\":{\"@id\":\"https:\\\/\\\/www.bucketlistvilla.com\\\/blog\\\/fr\\\/#website\"},\"primaryImageOfPage\":{\"@id\":\"https:\\\/\\\/www.bucketlistvilla.com\\\/blog\\\/fr\\\/villes-et-villages-cote-azur\\\/#primaryimage\"},\"image\":{\"@id\":\"https:\\\/\\\/www.bucketlistvilla.com\\\/blog\\\/fr\\\/villes-et-villages-cote-azur\\\/#primaryimage\"},\"thumbnailUrl\":\"https:\\\/\\\/www.bucketlistvilla.com\\\/blog\\\/wp-content\\\/uploads\\\/2026\\\/01\\\/french-riviera-cities-and-towns.webp\",\"datePublished\":\"2026-01-21T08:25:05+00:00\",\"dateModified\":\"2026-01-28T14:20:35+00:00\",\"author\":{\"@id\":\"https:\\\/\\\/www.bucketlistvilla.com\\\/blog\\\/fr\\\/#\\\/schema\\\/person\\\/3b3666a37eb6e13d13e98c76ca36396c\"},\"description\":\"Explorez les villes de la C\u00f4te d'Azur. D\u00e9couvrez leurs secrets et profitez de plages paradisiaques et du luxe. Commencez votre aventure !\",\"breadcrumb\":{\"@id\":\"https:\\\/\\\/www.bucketlistvilla.com\\\/blog\\\/fr\\\/villes-et-villages-cote-azur\\\/#breadcrumb\"},\"inLanguage\":\"fr\",\"potentialAction\":[{\"@type\":\"ReadAction\",\"target\":[\"https:\\\/\\\/www.bucketlistvilla.com\\\/blog\\\/fr\\\/villes-et-villages-cote-azur\\\/\"]}]},{\"@type\":\"ImageObject\",\"inLanguage\":\"fr\",\"@id\":\"https:\\\/\\\/www.bucketlistvilla.com\\\/blog\\\/fr\\\/villes-et-villages-cote-azur\\\/#primaryimage\",\"url\":\"https:\\\/\\\/www.bucketlistvilla.com\\\/blog\\\/wp-content\\\/uploads\\\/2026\\\/01\\\/french-riviera-cities-and-towns.webp\",\"contentUrl\":\"https:\\\/\\\/www.bucketlistvilla.com\\\/blog\\\/wp-content\\\/uploads\\\/2026\\\/01\\\/french-riviera-cities-and-towns.webp\",\"width\":1920,\"height\":650,\"caption\":\"french riviera cities and towns\"},{\"@type\":\"BreadcrumbList\",\"@id\":\"https:\\\/\\\/www.bucketlistvilla.com\\\/blog\\\/fr\\\/villes-et-villages-cote-azur\\\/#breadcrumb\",\"itemListElement\":[{\"@type\":\"ListItem\",\"position\":1,\"name\":\"Home\",\"item\":\"https:\\\/\\\/www.bucketlistvilla.com\\\/blog\\\/fr\\\/\"},{\"@type\":\"ListItem\",\"position\":2,\"name\":\"Les villes et villages de la C\u00f4te d&rsquo;Azur qui font sa renomm\u00e9e\"}]},{\"@type\":\"WebSite\",\"@id\":\"https:\\\/\\\/www.bucketlistvilla.com\\\/blog\\\/fr\\\/#website\",\"url\":\"https:\\\/\\\/www.bucketlistvilla.com\\\/blog\\\/fr\\\/\",\"name\":\"Blog\",\"description\":\"\",\"potentialAction\":[{\"@type\":\"SearchAction\",\"target\":{\"@type\":\"EntryPoint\",\"urlTemplate\":\"https:\\\/\\\/www.bucketlistvilla.com\\\/blog\\\/fr\\\/?s={search_term_string}\"},\"query-input\":{\"@type\":\"PropertyValueSpecification\",\"valueRequired\":true,\"valueName\":\"search_term_string\"}}],\"inLanguage\":\"fr\"},{\"@type\":\"Person\",\"@id\":\"https:\\\/\\\/www.bucketlistvilla.com\\\/blog\\\/fr\\\/#\\\/schema\\\/person\\\/3b3666a37eb6e13d13e98c76ca36396c\",\"name\":\"Thibaut\",\"image\":{\"@type\":\"ImageObject\",\"inLanguage\":\"fr\",\"@id\":\"https:\\\/\\\/secure.gravatar.com\\\/avatar\\\/1657d3e03cb74dfd00a369778744d0f6773802ba2d5232a1fad7d484cfa7dcbe?s=96&d=mm&r=g\",\"url\":\"https:\\\/\\\/secure.gravatar.com\\\/avatar\\\/1657d3e03cb74dfd00a369778744d0f6773802ba2d5232a1fad7d484cfa7dcbe?s=96&d=mm&r=g\",\"contentUrl\":\"https:\\\/\\\/secure.gravatar.com\\\/avatar\\\/1657d3e03cb74dfd00a369778744d0f6773802ba2d5232a1fad7d484cfa7dcbe?s=96&d=mm&r=g\",\"caption\":\"Thibaut\"},\"url\":\"https:\\\/\\\/www.bucketlistvilla.com\\\/blog\\\/fr\\\/author\\\/thibaut\\\/\"}]}<\/script>\n<!-- \/ Yoast SEO plugin. -->","yoast_head_json":{"title":"Les villes et villages de la C\u00f4te d'Azur qui font sa renomm\u00e9e - Blog","description":"Explorez les villes de la C\u00f4te d'Azur. D\u00e9couvrez leurs secrets et profitez de plages paradisiaques et du luxe. Commencez votre aventure !","robots":{"index":"index","follow":"follow","max-snippet":"max-snippet:-1","max-image-preview":"max-image-preview:large","max-video-preview":"max-video-preview:-1"},"canonical":"https:\/\/www.bucketlistvilla.com\/blog\/fr\/villes-et-villages-cote-azur\/","og_locale":"fr_FR","og_type":"article","og_title":"Les villes et villages de la C\u00f4te d'Azur qui font sa renomm\u00e9e - Blog","og_description":"Explorez les villes de la C\u00f4te d'Azur. D\u00e9couvrez leurs secrets et profitez de plages paradisiaques et du luxe. Commencez votre aventure !","og_url":"https:\/\/www.bucketlistvilla.com\/blog\/fr\/villes-et-villages-cote-azur\/","og_site_name":"Blog","article_published_time":"2026-01-21T08:25:05+00:00","article_modified_time":"2026-01-28T14:20:35+00:00","og_image":[{"width":1920,"height":650,"url":"https:\/\/www.bucketlistvilla.com\/blog\/wp-content\/uploads\/2026\/01\/french-riviera-cities-and-towns.webp","type":"image\/webp"}],"author":"Thibaut","twitter_card":"summary_large_image","twitter_misc":{"Written by":"Thibaut","Est. reading time":"13 minutes"},"schema":{"@context":"https:\/\/schema.org","@graph":[{"@type":"Article","@id":"https:\/\/www.bucketlistvilla.com\/blog\/fr\/villes-et-villages-cote-azur\/#article","isPartOf":{"@id":"https:\/\/www.bucketlistvilla.com\/blog\/fr\/villes-et-villages-cote-azur\/"},"author":{"name":"Thibaut","@id":"https:\/\/www.bucketlistvilla.com\/blog\/fr\/#\/schema\/person\/3b3666a37eb6e13d13e98c76ca36396c"},"headline":"Les villes et villages de la C\u00f4te d&#8217;Azur qui font sa renomm\u00e9e","datePublished":"2026-01-21T08:25:05+00:00","dateModified":"2026-01-28T14:20:35+00:00","mainEntityOfPage":{"@id":"https:\/\/www.bucketlistvilla.com\/blog\/fr\/villes-et-villages-cote-azur\/"},"wordCount":2307,"commentCount":0,"image":{"@id":"https:\/\/www.bucketlistvilla.com\/blog\/fr\/villes-et-villages-cote-azur\/#primaryimage"},"thumbnailUrl":"https:\/\/www.bucketlistvilla.com\/blog\/wp-content\/uploads\/2026\/01\/french-riviera-cities-and-towns.webp","articleSection":["C\u00f4te d'azur"],"inLanguage":"fr","potentialAction":[{"@type":"CommentAction","name":"Comment","target":["https:\/\/www.bucketlistvilla.com\/blog\/fr\/villes-et-villages-cote-azur\/#respond"]}]},{"@type":"WebPage","@id":"https:\/\/www.bucketlistvilla.com\/blog\/fr\/villes-et-villages-cote-azur\/","url":"https:\/\/www.bucketlistvilla.com\/blog\/fr\/villes-et-villages-cote-azur\/","name":"Les villes et villages de la C\u00f4te d'Azur qui font sa renomm\u00e9e - Blog","isPartOf":{"@id":"https:\/\/www.bucketlistvilla.com\/blog\/fr\/#website"},"primaryImageOfPage":{"@id":"https:\/\/www.bucketlistvilla.com\/blog\/fr\/villes-et-villages-cote-azur\/#primaryimage"},"image":{"@id":"https:\/\/www.bucketlistvilla.com\/blog\/fr\/villes-et-villages-cote-azur\/#primaryimage"},"thumbnailUrl":"https:\/\/www.bucketlistvilla.com\/blog\/wp-content\/uploads\/2026\/01\/french-riviera-cities-and-towns.webp","datePublished":"2026-01-21T08:25:05+00:00","dateModified":"2026-01-28T14:20:35+00:00","author":{"@id":"https:\/\/www.bucketlistvilla.com\/blog\/fr\/#\/schema\/person\/3b3666a37eb6e13d13e98c76ca36396c"},"description":"Explorez les villes de la C\u00f4te d'Azur. D\u00e9couvrez leurs secrets et profitez de plages paradisiaques et du luxe. Commencez votre aventure !","breadcrumb":{"@id":"https:\/\/www.bucketlistvilla.com\/blog\/fr\/villes-et-villages-cote-azur\/#breadcrumb"},"inLanguage":"fr","potentialAction":[{"@type":"ReadAction","target":["https:\/\/www.bucketlistvilla.com\/blog\/fr\/villes-et-villages-cote-azur\/"]}]},{"@type":"ImageObject","inLanguage":"fr","@id":"https:\/\/www.bucketlistvilla.com\/blog\/fr\/villes-et-villages-cote-azur\/#primaryimage","url":"https:\/\/www.bucketlistvilla.com\/blog\/wp-content\/uploads\/2026\/01\/french-riviera-cities-and-towns.webp","contentUrl":"https:\/\/www.bucketlistvilla.com\/blog\/wp-content\/uploads\/2026\/01\/french-riviera-cities-and-towns.webp","width":1920,"height":650,"caption":"french riviera cities and towns"},{"@type":"BreadcrumbList","@id":"https:\/\/www.bucketlistvilla.com\/blog\/fr\/villes-et-villages-cote-azur\/#breadcrumb","itemListElement":[{"@type":"ListItem","position":1,"name":"Home","item":"https:\/\/www.bucketlistvilla.com\/blog\/fr\/"},{"@type":"ListItem","position":2,"name":"Les villes et villages de la C\u00f4te d&rsquo;Azur qui font sa renomm\u00e9e"}]},{"@type":"WebSite","@id":"https:\/\/www.bucketlistvilla.com\/blog\/fr\/#website","url":"https:\/\/www.bucketlistvilla.com\/blog\/fr\/","name":"Blog","description":"","potentialAction":[{"@type":"SearchAction","target":{"@type":"EntryPoint","urlTemplate":"https:\/\/www.bucketlistvilla.com\/blog\/fr\/?s={search_term_string}"},"query-input":{"@type":"PropertyValueSpecification","valueRequired":true,"valueName":"search_term_string"}}],"inLanguage":"fr"},{"@type":"Person","@id":"https:\/\/www.bucketlistvilla.com\/blog\/fr\/#\/schema\/person\/3b3666a37eb6e13d13e98c76ca36396c","name":"Thibaut","image":{"@type":"ImageObject","inLanguage":"fr","@id":"https:\/\/secure.gravatar.com\/avatar\/1657d3e03cb74dfd00a369778744d0f6773802ba2d5232a1fad7d484cfa7dcbe?s=96&d=mm&r=g","url":"https:\/\/secure.gravatar.com\/avatar\/1657d3e03cb74dfd00a369778744d0f6773802ba2d5232a1fad7d484cfa7dcbe?s=96&d=mm&r=g","contentUrl":"https:\/\/secure.gravatar.com\/avatar\/1657d3e03cb74dfd00a369778744d0f6773802ba2d5232a1fad7d484cfa7dcbe?s=96&d=mm&r=g","caption":"Thibaut"},"url":"https:\/\/www.bucketlistvilla.com\/blog\/fr\/author\/thibaut\/"}]}},"_links":{"self":[{"href":"https:\/\/www.bucketlistvilla.com\/blog\/fr\/wp-json\/wp\/v2\/posts\/11984","targetHints":{"allow":["GET"]}}],"collection":[{"href":"https:\/\/www.bucketlistvilla.com\/blog\/fr\/wp-json\/wp\/v2\/posts"}],"about":[{"href":"https:\/\/www.bucketlistvilla.com\/blog\/fr\/wp-json\/wp\/v2\/types\/post"}],"author":[{"embeddable":true,"href":"https:\/\/www.bucketlistvilla.com\/blog\/fr\/wp-json\/wp\/v2\/users\/6"}],"replies":[{"embeddable":true,"href":"https:\/\/www.bucketlistvilla.com\/blog\/fr\/wp-json\/wp\/v2\/comments?post=11984"}],"version-history":[{"count":10,"href":"https:\/\/www.bucketlistvilla.com\/blog\/fr\/wp-json\/wp\/v2\/posts\/11984\/revisions"}],"predecessor-version":[{"id":12038,"href":"https:\/\/www.bucketlistvilla.com\/blog\/fr\/wp-json\/wp\/v2\/posts\/11984\/revisions\/12038"}],"wp:featuredmedia":[{"embeddable":true,"href":"https:\/\/www.bucketlistvilla.com\/blog\/fr\/wp-json\/wp\/v2\/media\/11942"}],"wp:attachment":[{"href":"https:\/\/www.bucketlistvilla.com\/blog\/fr\/wp-json\/wp\/v2\/media?parent=11984"}],"wp:term":[{"taxonomy":"category","embeddable":true,"href":"https:\/\/www.bucketlistvilla.com\/blog\/fr\/wp-json\/wp\/v2\/categories?post=11984"},{"taxonomy":"post_tag","embeddable":true,"href":"https:\/\/www.bucketlistvilla.com\/blog\/fr\/wp-json\/wp\/v2\/tags?post=11984"}],"curies":[{"name":"wp","href":"https:\/\/api.w.org\/{rel}","templated":true}]}}