{"id":11989,"date":"2026-01-21T08:51:41","date_gmt":"2026-01-21T08:51:41","guid":{"rendered":"https:\/\/www.bucketlistvilla.com\/blog\/?p=11989"},"modified":"2026-01-28T14:17:59","modified_gmt":"2026-01-28T14:17:59","slug":"ou-se-situe-la-cote-azur","status":"publish","type":"post","link":"https:\/\/www.bucketlistvilla.com\/blog\/fr\/ou-se-situe-la-cote-azur\/","title":{"rendered":"O\u00f9 se situe la C\u00f4te d&#8217;Azur et qu\u2019est-ce qui rend son emplacement si attrayant ?"},"content":{"rendered":"\t\t<div data-elementor-type=\"wp-post\" data-elementor-id=\"11989\" class=\"elementor elementor-11989 elementor-11826\" data-elementor-post-type=\"post\">\n\t\t\t\t<div class=\"elementor-element elementor-element-33076b72 e-flex e-con-boxed e-con e-parent\" data-id=\"33076b72\" data-element_type=\"container\" data-e-type=\"container\">\n\t\t\t\t\t<div class=\"e-con-inner\">\n\t\t\t\t<div class=\"elementor-element elementor-element-1ea06276 elementor-widget elementor-widget-text-editor\" data-id=\"1ea06276\" data-element_type=\"widget\" data-e-type=\"widget\" data-widget_type=\"text-editor.default\">\n\t\t\t\t<div class=\"elementor-widget-container\">\n\t\t\t\t\t\t\t\t\t<p><strong>O\u00f9 est la C\u00f4te d&#8217;Azur\u00a0?<\/strong>\u00a0C&#8217;est une question fr\u00e9quemment pos\u00e9e par les internautes qui recherchent des informations sur cette destination, souvent parce qu&#8217;ils connaissent le nom mais souhaitent clarifier sa situation g\u00e9ographique avant de r\u00e9server leur vol ou leur h\u00e9bergement. La C\u00f4te d&#8217;Azur, \u00e9galement connue sous le nom de French Riviera, se trouve \u00e0 l&#8217;extr\u00e9mit\u00e9 sud-est de la France, l\u00e0 o\u00f9 le littoral descend vers la mer M\u00e9diterran\u00e9e et o\u00f9 les Alpes commencent \u00e0 se dessiner \u00e0 l&#8217;int\u00e9rieur des terres.<\/p><p>Il est important de comprendre o\u00f9 se trouve la C\u00f4te d&#8217;Azur, car il ne s&#8217;agit pas d&#8217;une simple destination : il s&#8217;agit d&#8217;une \u00e9tendue c\u00f4ti\u00e8re bien d\u00e9finie, compos\u00e9e de villes distinctes, de villages perch\u00e9s et de zones r\u00e9sidentielles qui vivent \u00e0 des rythmes diff\u00e9rents.<\/p>\t\t\t\t\t\t\t\t<\/div>\n\t\t\t\t<\/div>\n\t\t\t\t\t<\/div>\n\t\t\t\t<\/div>\n\t\t<div class=\"elementor-element elementor-element-4e86f1bd e-flex e-con-boxed e-con e-parent\" data-id=\"4e86f1bd\" data-element_type=\"container\" data-e-type=\"container\">\n\t\t\t\t\t<div class=\"e-con-inner\">\n\t\t\t\t<div class=\"elementor-element elementor-element-2c0a1539 elementor-widget elementor-widget-template\" data-id=\"2c0a1539\" data-element_type=\"widget\" data-e-type=\"widget\" data-widget_type=\"template.default\">\n\t\t\t\t<div class=\"elementor-widget-container\">\n\t\t\t\t\t\t\t<div class=\"elementor-template\">\n\t\t\t\t\t<div data-elementor-type=\"container\" data-elementor-id=\"6215\" class=\"elementor elementor-6215\" data-elementor-post-type=\"elementor_library\">\n\t\t\t\t<div class=\"elementor-element elementor-element-7fada30 e-flex e-con-boxed e-con e-parent\" data-id=\"7fada30\" data-element_type=\"container\" data-e-type=\"container\">\n\t\t\t\t\t<div class=\"e-con-inner\">\n\t\t\t\t<div class=\"elementor-element elementor-element-9a267c6 elementor-widget elementor-widget-table-of-contents\" data-id=\"9a267c6\" data-element_type=\"widget\" data-e-type=\"widget\" data-settings=\"{&quot;headings_by_tags&quot;:[&quot;h2&quot;],&quot;exclude_headings_by_selector&quot;:[],&quot;marker_view&quot;:&quot;bullets&quot;,&quot;icon&quot;:{&quot;value&quot;:&quot;&quot;,&quot;library&quot;:&quot;&quot;},&quot;no_headings_message&quot;:&quot;Aucun titre n\\u2019a \\u00e9t\\u00e9 trouv\\u00e9 sur cette page.&quot;,&quot;hierarchical_view&quot;:&quot;yes&quot;,&quot;min_height&quot;:{&quot;unit&quot;:&quot;px&quot;,&quot;size&quot;:&quot;&quot;,&quot;sizes&quot;:[]},&quot;min_height_tablet&quot;:{&quot;unit&quot;:&quot;px&quot;,&quot;size&quot;:&quot;&quot;,&quot;sizes&quot;:[]},&quot;min_height_mobile&quot;:{&quot;unit&quot;:&quot;px&quot;,&quot;size&quot;:&quot;&quot;,&quot;sizes&quot;:[]}}\" data-widget_type=\"table-of-contents.default\">\n\t\t\t\t<div class=\"elementor-widget-container\">\n\t\t\t\t\t\t\t\t\t<div class=\"elementor-toc__header\">\n\t\t\t\t\t\t<div class=\"elementor-toc__header-title\">\n\t\t\t\tSommaire\t\t\t<\/div>\n\t\t\t\t\t\t\t\t<\/div>\n\t\t\t\t<div id=\"elementor-toc__9a267c6\" class=\"elementor-toc__body\">\n\t\t\t<div class=\"elementor-toc__spinner-container\">\n\t\t\t\t<svg class=\"elementor-toc__spinner eicon-animation-spin e-font-icon-svg e-eicon-loading\" aria-hidden=\"true\" viewBox=\"0 0 1000 1000\" xmlns=\"http:\/\/www.w3.org\/2000\/svg\"><path d=\"M500 975V858C696 858 858 696 858 500S696 142 500 142 142 304 142 500H25C25 237 238 25 500 25S975 237 975 500 763 975 500 975Z\"><\/path><\/svg>\t\t\t<\/div>\n\t\t<\/div>\n\t\t\t\t\t\t<\/div>\n\t\t\t\t<\/div>\n\t\t\t\t\t<\/div>\n\t\t\t\t<\/div>\n\t\t\t\t<\/div>\n\t\t\t\t<\/div>\n\t\t\t\t\t\t<\/div>\n\t\t\t\t<\/div>\n\t\t\t\t\t<\/div>\n\t\t\t\t<\/div>\n\t\t<div class=\"elementor-element elementor-element-b81d9c0 e-flex e-con-boxed e-con e-parent\" data-id=\"b81d9c0\" data-element_type=\"container\" data-e-type=\"container\">\n\t\t\t\t\t<div class=\"e-con-inner\">\n\t\t\t\t<div class=\"elementor-element elementor-element-ab275b8 elementor-widget elementor-widget-heading\" data-id=\"ab275b8\" data-element_type=\"widget\" data-e-type=\"widget\" data-widget_type=\"heading.default\">\n\t\t\t\t<div class=\"elementor-widget-container\">\n\t\t\t\t\t<h2 class=\"elementor-heading-title elementor-size-default\">O\u00f9 se situe la C\u00f4te d'Azur sur une carte et comment ses principales villes sont dispos\u00e9es<\/h2>\t\t\t\t<\/div>\n\t\t\t\t<\/div>\n\t\t\t\t<div class=\"elementor-element elementor-element-e9ff13f elementor-widget elementor-widget-text-editor\" data-id=\"e9ff13f\" data-element_type=\"widget\" data-e-type=\"widget\" data-widget_type=\"text-editor.default\">\n\t\t\t\t<div class=\"elementor-widget-container\">\n\t\t\t\t\t\t\t\t\t<p>Lorsque les gens tapent \u00ab o\u00f9 se trouve la C\u00f4te d&#8217;Azur sur une carte ? \u00bb, ils cherchent g\u00e9n\u00e9ralement \u00e0 s&#8217;orienter plut\u00f4t qu&#8217;\u00e0 conna\u00eetre ses limites exactes. Sur une carte du sud de la France, la C\u00f4te d&#8217;Azur appara\u00eet le long de la c\u00f4te m\u00e9diterran\u00e9enne orientale, juste au nord de l&#8217;Italie.<\/p><p>Certains sites parmi les plus connus permettent de rep\u00e9rer facilement cette r\u00e9gion sur la carte.\u00a0Le <strong>Cap d&#8217;Antibes <\/strong>occupe une \u00e9troite p\u00e9ninsule entre <strong>Cannes<\/strong> et <strong>Nice<\/strong>, connue pour son caract\u00e8re r\u00e9sidentiel et son acc\u00e8s public limit\u00e9 \u00e0 certaines parties de la c\u00f4te. Cannes se trouve l\u00e9g\u00e8rement \u00e0 l&#8217;ouest et fait office \u00e0 la fois de ville active et de lieu de vill\u00e9giature saisonnier.<\/p><p><strong>Saint-Jean-Cap-Ferrat<\/strong>, situ\u00e9 sur la C\u00f4te d&#8217;Azur entre Nice et Monaco, forme une \u00e9troite p\u00e9ninsule avec de magnifiques promenades qui longent le littoral plut\u00f4t que les routes, cr\u00e9ant ainsi une connexion harmonieuse avec le paysage m\u00e9diterran\u00e9en. Juste \u00e0 c\u00f4t\u00e9, <strong>Villefranche-sur-Mer<\/strong> enrobe l&#8217;une des baies naturelles les plus profondes de la M\u00e9diterran\u00e9e, o\u00f9 les eaux calmes et un port naturellement prot\u00e9g\u00e9 renforcent le caract\u00e8re maritime de la r\u00e9gion. Surplombant majestueusement le littoral, <strong>\u00c8ze<\/strong> est perch\u00e9e sur les collines, un emplacement choisi bien avant que les vues panoramiques ne deviennent un crit\u00e8re d\u00e9finissant le prestige et un attrait durable.<\/p><p>Plus loin sur la c\u00f4te, \u00e0 une centaine de kilom\u00e8tres \u00e0 l&#8217;ouest de Nice, <strong>Saint-Tropez<\/strong> se distingue g\u00e9ographiquement et culturellement. Son port fait la renomm\u00e9e de la ville, tandis que les environs se composent de zones r\u00e9sidentielles plus calmes.\u00a0<\/p>\t\t\t\t\t\t\t\t<\/div>\n\t\t\t\t<\/div>\n\t\t\t\t<div class=\"elementor-element elementor-element-5267cb5 elementor-widget elementor-widget-google_maps\" data-id=\"5267cb5\" data-element_type=\"widget\" data-e-type=\"widget\" data-widget_type=\"google_maps.default\">\n\t\t\t\t<div class=\"elementor-widget-container\">\n\t\t\t\t\t\t\t<div class=\"elementor-custom-embed\">\n\t\t\t<iframe loading=\"lazy\"\n\t\t\t\t\tsrc=\"https:\/\/maps.google.com\/maps?q=french%20riviera&#038;t=m&#038;z=8&#038;output=embed&#038;iwloc=near\"\n\t\t\t\t\ttitle=\"french riviera\"\n\t\t\t\t\taria-label=\"french riviera\"\n\t\t\t><\/iframe>\n\t\t<\/div>\n\t\t\t\t\t\t<\/div>\n\t\t\t\t<\/div>\n\t\t\t\t\t<\/div>\n\t\t\t\t<\/div>\n\t\t<div class=\"elementor-element elementor-element-a659137 e-flex e-con-boxed e-con e-parent\" data-id=\"a659137\" data-element_type=\"container\" data-e-type=\"container\">\n\t\t\t\t\t<div class=\"e-con-inner\">\n\t\t<div class=\"elementor-element elementor-element-aa72e34 e-con-full e-flex e-con e-child\" data-id=\"aa72e34\" data-element_type=\"container\" data-e-type=\"container\">\n\t\t\t\t<div class=\"elementor-element elementor-element-1299874 elementor-widget elementor-widget-text-editor\" data-id=\"1299874\" data-element_type=\"widget\" data-e-type=\"widget\" data-widget_type=\"text-editor.default\">\n\t\t\t\t<div class=\"elementor-widget-container\">\n\t\t\t\t\t\t\t\t\t<p>Perch\u00e9 dans les collines surplombant la C\u00f4te d&#8217;Azur, <a href=\"https:\/\/www.saint-pauldevence.com\/fiches\/office-de-tourisme-saint-paul-de-vence\/office-de-tourisme-de-saint-paul-de-vence\/\"><strong>Saint-Paul-de-Vence<\/strong><\/a> est souvent consid\u00e9r\u00e9 comme un v\u00e9ritable village d&#8217;artistes, avec ses mus\u00e9es r\u00e9put\u00e9s, ses galeries d&#8217;art inspirantes et ses adresses gastronomiques embl\u00e9matiques telles que <a href=\"https:\/\/www.la-colombe-dor.com\/indexFR.html\">La Colombe d&#8217;Or<\/a>, un \u00e9tablissement l\u00e9gendaire qui a accueilli des g\u00e9n\u00e9rations d&#8217;artistes et de cr\u00e9ateurs c\u00e9l\u00e8bres.<\/p><p>Situ\u00e9 dans les collines au-dessus de Cannes, \u00e0 quelques minutes en voiture de la c\u00f4te, le <a href=\"https:\/\/mouginstourisme.com\/culture-et-patrimoine\/le-village\/\"><strong>village historique de Mougins<\/strong><\/a> s\u00e9duit les visiteurs avec sa c\u00e9l\u00e8bre rue des Orf\u00e8vres, bord\u00e9e de nombreuses galeries d&#8217;art, d&#8217;ateliers et de boutiques \u00e9l\u00e9gantes, qui cr\u00e9ent une atmosph\u00e8re raffin\u00e9e en parfaite harmonie avec l&#8217;\u00e9l\u00e9gance c\u00f4ti\u00e8re de la C\u00f4te d&#8217;Azur.<\/p>\t\t\t\t\t\t\t\t<\/div>\n\t\t\t\t<\/div>\n\t\t\t\t<\/div>\n\t\t<div class=\"elementor-element elementor-element-737c3ef e-con-full e-flex e-con e-child\" data-id=\"737c3ef\" data-element_type=\"container\" data-e-type=\"container\">\n\t\t\t\t<div class=\"elementor-element elementor-element-1a0f9b3 elementor-widget elementor-widget-image\" data-id=\"1a0f9b3\" data-element_type=\"widget\" data-e-type=\"widget\" data-widget_type=\"image.default\">\n\t\t\t\t<div class=\"elementor-widget-container\">\n\t\t\t\t\t\t\t\t\t\t\t\t\t\t\t<img fetchpriority=\"high\" decoding=\"async\" width=\"724\" height=\"483\" src=\"https:\/\/www.bucketlistvilla.com\/blog\/wp-content\/uploads\/2026\/01\/saint-paul-de-vence-close-to-french-riviera.webp\" class=\"attachment-large size-large wp-image-11976\" alt=\"saint paul de vence close to the french riviera\" srcset=\"https:\/\/www.bucketlistvilla.com\/blog\/wp-content\/uploads\/2026\/01\/saint-paul-de-vence-close-to-french-riviera.webp 724w, https:\/\/www.bucketlistvilla.com\/blog\/wp-content\/uploads\/2026\/01\/saint-paul-de-vence-close-to-french-riviera-300x200.webp 300w\" sizes=\"(max-width: 724px) 100vw, 724px\" \/>\t\t\t\t\t\t\t\t\t\t\t\t\t\t\t<\/div>\n\t\t\t\t<\/div>\n\t\t\t\t<\/div>\n\t\t\t\t\t<\/div>\n\t\t\t\t<\/div>\n\t\t<div class=\"elementor-element elementor-element-0946a4d e-flex e-con-boxed e-con e-parent\" data-id=\"0946a4d\" data-element_type=\"container\" data-e-type=\"container\">\n\t\t\t\t\t<div class=\"e-con-inner\">\n\t\t\t\t<div class=\"elementor-element elementor-element-791b41d elementor-widget elementor-widget-heading\" data-id=\"791b41d\" data-element_type=\"widget\" data-e-type=\"widget\" data-widget_type=\"heading.default\">\n\t\t\t\t<div class=\"elementor-widget-container\">\n\t\t\t\t\t<h2 class=\"elementor-heading-title elementor-size-default\">Comment se rendre sur la C\u00f4te d'Azur en avion, en train ou en voiture<\/h2>\t\t\t\t<\/div>\n\t\t\t\t<\/div>\n\t\t\t\t<div class=\"elementor-element elementor-element-a5203da elementor-widget elementor-widget-text-editor\" data-id=\"a5203da\" data-element_type=\"widget\" data-e-type=\"widget\" data-widget_type=\"text-editor.default\">\n\t\t\t\t<div class=\"elementor-widget-container\">\n\t\t\t\t\t\t\t\t\t<p>Une fois que vous savez o\u00f9 se trouve la C\u00f4te d&#8217;Azur, il est relativement facile de s&#8217;y rendre.\u00a0<strong>L&#8217;a\u00e9roport Nice C\u00f4te d&#8217;Azur<\/strong> est la principale <strong>porte d&#8217;entr\u00e9e pour les vols internationaux<\/strong>, avec des liaisons directes depuis les principales villes europ\u00e9ennes ainsi que certaines destinations longue distance depuis l&#8217;Am\u00e9rique du Nord. Depuis l&#8217;a\u00e9roport, la plupart des villes de la C\u00f4te d&#8217;Azur sont facilement accessibles en voiture.<\/p><p>Le train reste une autre option pratique. Le service TGV inOui de la SNCF relie Paris \u00e0 Nice en environ cinq heures et demie et permet de d\u00e9couvrir au fil du trajet des paysages vari\u00e9s, passant de l&#8217;arri\u00e8re-pays \u00e0 la c\u00f4te. Les voyageurs arrivant d&#8217;Italie continuent souvent vers l&#8217;ouest en train ou en voiture, ce qui fait de la C\u00f4te d&#8217;Azur le prolongement naturel d&#8217;un itin\u00e9raire europ\u00e9en plus large.<\/p><p>La voiture s\u00e9duit les touristes qui appr\u00e9cient la flexibilit\u00e9, en particulier ceux qui s\u00e9journent au-dessus de la c\u00f4te ou qui pr\u00e9voient des excursions r\u00e9guli\u00e8res dans l\u2019arri\u00e8re-pays.<\/p>\t\t\t\t\t\t\t\t<\/div>\n\t\t\t\t<\/div>\n\t\t\t\t\t<\/div>\n\t\t\t\t<\/div>\n\t\t<div class=\"elementor-element elementor-element-5ee58473 e-flex e-con-boxed e-con e-parent\" data-id=\"5ee58473\" data-element_type=\"container\" data-e-type=\"container\">\n\t\t\t\t\t<div class=\"e-con-inner\">\n\t\t\t\t<div class=\"elementor-element elementor-element-6aea545c elementor-widget elementor-widget-heading\" data-id=\"6aea545c\" data-element_type=\"widget\" data-e-type=\"widget\" data-widget_type=\"heading.default\">\n\t\t\t\t<div class=\"elementor-widget-container\">\n\t\t\t\t\t<h2 class=\"elementor-heading-title elementor-size-default\">La r\u00e9gion et ses environs<\/h2>\t\t\t\t<\/div>\n\t\t\t\t<\/div>\n\t\t\t\t<div class=\"elementor-element elementor-element-3a429b30 elementor-widget elementor-widget-text-editor\" data-id=\"3a429b30\" data-element_type=\"widget\" data-e-type=\"widget\" data-widget_type=\"text-editor.default\">\n\t\t\t\t<div class=\"elementor-widget-container\">\n\t\t\t\t\t\t\t\t\t<p>Alors, o\u00f9 se situe exactement la C\u00f4te d&#8217;Azur\u00a0? La r\u00e9gion s&#8217;\u00e9tend le long de la <strong>c\u00f4te m\u00e9diterran\u00e9enne fran\u00e7aise<\/strong>, depuis la fronti\u00e8re italienne jusqu&#8217;\u00e0 la Provence, \u00e0 l&#8217;ouest. Lorsque les voyageurs demandent \u00ab <strong>o\u00f9 se trouve la C\u00f4te d&#8217;Azur en France ?<\/strong> \u00bb, on leur r\u00e9pond g\u00e9n\u00e9ralement qu&#8217;elle se situe principalement dans le d\u00e9partement des Alpes-Maritimes, avec une partie du littoral qui s&#8217;\u00e9tend jusqu&#8217;au Var.<\/p><p>Cette situation g\u00e9ographique influence la vie quotidienne. La mer d\u00e9finit les d\u00e9placements le long de la c\u00f4te. Dans les terres, le relief s&#8217;\u00e9l\u00e8ve rapidement, apportant un air plus frais et des panoramas plus nets. Un court trajet en voiture peut donner l&#8217;impression de changer de pays, ce qui explique en partie pourquoi la r\u00e9gion ne semble jamais monotone.<\/p><p>Petite pr\u00e9cision : si vous recherchez \u00ab o\u00f9 se trouve la French Broad ? \u00bb, cette rivi\u00e8re est situ\u00e9e aux \u00c9tats-Unis et traverse la Caroline du Nord et le Tennessee. Malgr\u00e9 le mot anglophone \u00ab French \u00bb (fran\u00e7ais) qu&#8217;elle partage, elle n&#8217;a aucun lien avec la France ou la C\u00f4te d&#8217;Azur.<\/p>\t\t\t\t\t\t\t\t<\/div>\n\t\t\t\t<\/div>\n\t\t\t\t<div class=\"elementor-element elementor-element-943d0b9 elementor-widget elementor-widget-image\" data-id=\"943d0b9\" data-element_type=\"widget\" data-e-type=\"widget\" data-widget_type=\"image.default\">\n\t\t\t\t<div class=\"elementor-widget-container\">\n\t\t\t\t\t\t\t\t\t\t\t\t\t\t\t<img decoding=\"async\" width=\"1200\" height=\"600\" src=\"https:\/\/www.bucketlistvilla.com\/blog\/wp-content\/uploads\/2026\/01\/French-riviera-.jpg\" class=\"attachment-full size-full wp-image-11841\" alt=\"French-riviera-\" srcset=\"https:\/\/www.bucketlistvilla.com\/blog\/wp-content\/uploads\/2026\/01\/French-riviera-.jpg 1200w, https:\/\/www.bucketlistvilla.com\/blog\/wp-content\/uploads\/2026\/01\/French-riviera--300x150.jpg 300w, https:\/\/www.bucketlistvilla.com\/blog\/wp-content\/uploads\/2026\/01\/French-riviera--1024x512.jpg 1024w, https:\/\/www.bucketlistvilla.com\/blog\/wp-content\/uploads\/2026\/01\/French-riviera--768x384.jpg 768w\" sizes=\"(max-width: 1200px) 100vw, 1200px\" \/>\t\t\t\t\t\t\t\t\t\t\t\t\t\t\t<\/div>\n\t\t\t\t<\/div>\n\t\t\t\t\t<\/div>\n\t\t\t\t<\/div>\n\t\t<div class=\"elementor-element elementor-element-a414497 e-flex e-con-boxed e-con e-parent\" data-id=\"a414497\" data-element_type=\"container\" data-e-type=\"container\">\n\t\t\t\t\t<div class=\"e-con-inner\">\n\t\t\t\t<div class=\"elementor-element elementor-element-f7c4e2f elementor-widget elementor-widget-heading\" data-id=\"f7c4e2f\" data-element_type=\"widget\" data-e-type=\"widget\" data-widget_type=\"heading.default\">\n\t\t\t\t<div class=\"elementor-widget-container\">\n\t\t\t\t\t<h2 class=\"elementor-heading-title elementor-size-default\">Climat et paysage caract\u00e9ristiques de la C\u00f4te d'Azur<\/h2>\t\t\t\t<\/div>\n\t\t\t\t<\/div>\n\t\t\t\t<div class=\"elementor-element elementor-element-8c5ad3b elementor-widget elementor-widget-text-editor\" data-id=\"8c5ad3b\" data-element_type=\"widget\" data-e-type=\"widget\" data-widget_type=\"text-editor.default\">\n\t\t\t\t<div class=\"elementor-widget-container\">\n\t\t\t\t\t\t\t\t\t<p>La C\u00f4te d&#8217;Azur (ou French Riviera) b\u00e9n\u00e9ficie d&#8217;un<strong> climat m\u00e9diterran\u00e9en<\/strong> qui favorise les voyages tout au long de l&#8217;ann\u00e9e.<\/p><p>En <strong>\u00e9t\u00e9<\/strong>, les temp\u00e9ratures le long de la c\u00f4te varient g\u00e9n\u00e9ralement entre 24 \u00b0C et 29 \u00b0C, et les brises marines contribuent \u00e0 temp\u00e9rer la chaleur. Les zones int\u00e9rieures et les villages situ\u00e9s en altitude ont tendance \u00e0 \u00eatre plus frais, notamment apr\u00e8s le coucher du soleil.<\/p><p>Le <strong>printemps<\/strong> et l&#8217;automne offrent des temp\u00e9ratures agr\u00e9ables, comprises g\u00e9n\u00e9ralement entre 16 \u00b0C et 22 \u00b0C. Ces saisons sont propices \u00e0 la marche et au tourisme, sans les fortes chaleurs de l&#8217;\u00e9t\u00e9.<\/p><p><strong>L&#8217;hiver<\/strong> reste doux par rapport aux autres pays europ\u00e9ens. Les temp\u00e9ratures c\u00f4ti\u00e8res varient en moyenne entre 7 \u00b0C et 16 \u00b0C, avec des journ\u00e9es souvent ensoleill\u00e9es et de la neige principalement pr\u00e9sente dans les Alpes voisines.<\/p><p>Le paysage \u00e9volue rapidement sur de courtes distances. Les plages bordent directement la mer. Les routes commencent presque imm\u00e9diatement \u00e0 grimper vers l&#8217;int\u00e9rieur des terres. Les hauteurs se couvrent de for\u00eats en quelques minutes. Cette diversit\u00e9 concentr\u00e9e est l&#8217;une des principales caract\u00e9ristiques de la C\u00f4te d&#8217;Azur et explique en grande partie pourquoi elle attire les voyageurs qui souhaitent changer d&#8217;environnement sans avoir \u00e0 se d\u00e9placer constamment.<\/p>\t\t\t\t\t\t\t\t<\/div>\n\t\t\t\t<\/div>\n\t\t\t\t\t<\/div>\n\t\t\t\t<\/div>\n\t\t<div class=\"elementor-element elementor-element-3d5bc4c e-flex e-con-boxed e-con e-parent\" data-id=\"3d5bc4c\" data-element_type=\"container\" data-e-type=\"container\">\n\t\t\t\t\t<div class=\"e-con-inner\">\n\t\t\t\t<div class=\"elementor-element elementor-element-fa9a781 elementor-widget elementor-widget-heading\" data-id=\"fa9a781\" data-element_type=\"widget\" data-e-type=\"widget\" data-widget_type=\"heading.default\">\n\t\t\t\t<div class=\"elementor-widget-container\">\n\t\t\t\t\t<h2 class=\"elementor-heading-title elementor-size-default\">Que voir une fois arriv\u00e9 sur la C\u00f4te d'Azur<\/h2>\t\t\t\t<\/div>\n\t\t\t\t<\/div>\n\t\t\t\t<div class=\"elementor-element elementor-element-32e0b3e elementor-widget elementor-widget-text-editor\" data-id=\"32e0b3e\" data-element_type=\"widget\" data-e-type=\"widget\" data-widget_type=\"text-editor.default\">\n\t\t\t\t<div class=\"elementor-widget-container\">\n\t\t\t\t\t\t\t\t\t<p>Savoir o\u00f9 se trouve la C\u00f4te d&#8217;Azur aide \u00e0 planifier son s\u00e9jour, d&#8217;autant plus que les distances sont plus courtes que beaucoup ne le pensent. Les sentiers c\u00f4tiers autour du Cap Ferrat offrent des panoramas qui semblent loin de la vie urbaine. Les vieux quartiers d&#8217;Antibes ou d&#8217;\u00c8ze, avec leurs rues qui se r\u00e9tr\u00e9cissent \u00e0 mesure qu&#8217;elles montent et leurs espaces publics ombrag\u00e9s une grande partie de la journ\u00e9e, invitent \u00e0 la fl\u00e2nerie.<\/p><p>Cannes d\u00e9voile diff\u00e9rents visages selon l&#8217;endroit o\u00f9 vous passez votre temps, du front de mer aux quartiers r\u00e9sidentiels plus \u00e0 l&#8217;int\u00e9rieur des terres. Saint-Tropez conserve encore des traces de son pass\u00e9 de village de p\u00eacheurs d\u00e8s que l&#8217;on s&#8217;\u00e9loigne du port de plaisance. Les routes dans les terres m\u00e8nent \u00e0 des vignobles et des villages perch\u00e9s qui semblent \u00e9loign\u00e9s de la c\u00f4te sans l&#8217;\u00eatre vraiment.<\/p>\t\t\t\t\t\t\t\t<\/div>\n\t\t\t\t<\/div>\n\t\t\t\t<div class=\"elementor-element elementor-element-73da47d elementor-widget elementor-widget-image\" data-id=\"73da47d\" data-element_type=\"widget\" data-e-type=\"widget\" data-widget_type=\"image.default\">\n\t\t\t\t<div class=\"elementor-widget-container\">\n\t\t\t\t\t\t\t\t\t\t\t\t\t\t\t<img decoding=\"async\" src=\"https:\/\/www.bucketlistvilla.com\/blog\/wp-content\/uploads\/elementor\/thumbs\/Visit-french-riviera-rhl76kbakqom29sied0eksbozzx84o5d36w95jz0c0.jpg\" title=\"visiter c\u00f4te d&#8217;azur\" alt=\"visiter c\u00f4te d&#039;azur\" loading=\"lazy\" \/>\t\t\t\t\t\t\t\t\t\t\t\t\t\t\t<\/div>\n\t\t\t\t<\/div>\n\t\t\t\t\t<\/div>\n\t\t\t\t<\/div>\n\t\t<div class=\"elementor-element elementor-element-e1cab94 e-flex e-con-boxed e-con e-parent\" data-id=\"e1cab94\" data-element_type=\"container\" data-e-type=\"container\">\n\t\t\t\t\t<div class=\"e-con-inner\">\n\t\t\t\t<div class=\"elementor-element elementor-element-a9a8ffb elementor-widget elementor-widget-heading\" data-id=\"a9a8ffb\" data-element_type=\"widget\" data-e-type=\"widget\" data-widget_type=\"heading.default\">\n\t\t\t\t<div class=\"elementor-widget-container\">\n\t\t\t\t\t<h2 class=\"elementor-heading-title elementor-size-default\">Pourquoi la C\u00f4te d'Azur semble toujours attirer les voyageurs<\/h2>\t\t\t\t<\/div>\n\t\t\t\t<\/div>\n\t\t\t\t<div class=\"elementor-element elementor-element-91a40fb elementor-widget elementor-widget-text-editor\" data-id=\"91a40fb\" data-element_type=\"widget\" data-e-type=\"widget\" data-widget_type=\"text-editor.default\">\n\t\t\t\t<div class=\"elementor-widget-container\">\n\t\t\t\t\t\t\t\t\t<p>L&#8217;attrait de la C\u00f4te d&#8217;Azur tient tout d&#8217;abord \u00e0 son emplacement. Elle permet un acc\u00e8s facile sans donner l&#8217;impression d&#8217;\u00eatre une zone de transition. Les touristes s&#8217;y rendent rapidement, mais la vie quotidienne y est plus calme d\u00e8s leur arriv\u00e9e.<\/p><p>Il y a aussi une certaine continuit\u00e9 ici. Les march\u00e9s locaux sont ouverts toute l&#8217;ann\u00e9e. Les quartiers r\u00e9sidentiels restent actifs en dehors de la haute saison. La r\u00e9gion ne se met pas en veille \u00e0 la fin de l&#8217;\u00e9t\u00e9, ce qui contribue \u00e0 son attractivit\u00e9 durable.<\/p>\t\t\t\t\t\t\t\t<\/div>\n\t\t\t\t<\/div>\n\t\t\t\t\t<\/div>\n\t\t\t\t<\/div>\n\t\t<div class=\"elementor-element elementor-element-e806ef6 e-flex e-con-boxed e-con e-parent\" data-id=\"e806ef6\" data-element_type=\"container\" data-e-type=\"container\">\n\t\t\t\t\t<div class=\"e-con-inner\">\n\t\t\t\t<div class=\"elementor-element elementor-element-cad42d2 elementor-widget elementor-widget-heading\" data-id=\"cad42d2\" data-element_type=\"widget\" data-e-type=\"widget\" data-widget_type=\"heading.default\">\n\t\t\t\t<div class=\"elementor-widget-container\">\n\t\t\t\t\t<h2 class=\"elementor-heading-title elementor-size-default\">C'est le moment de d\u00e9couvrir la C\u00f4te d'Azur !<\/h2>\t\t\t\t<\/div>\n\t\t\t\t<\/div>\n\t\t\t\t<div class=\"elementor-element elementor-element-d07cafe elementor-widget elementor-widget-text-editor\" data-id=\"d07cafe\" data-element_type=\"widget\" data-e-type=\"widget\" data-widget_type=\"text-editor.default\">\n\t\t\t\t<div class=\"elementor-widget-container\">\n\t\t\t\t\t\t\t\t\t<p>Nous avons r\u00e9pondu \u00e0 la question : \u00ab o\u00f9 se trouve la C\u00f4te d&#8217;Azur ? \u00bb et expliqu\u00e9 comment elle s&#8217;int\u00e8gre g\u00e9ographiquement au territoire fran\u00e7ais. Maintenant que vous comprenez les liens qui unissent ses villes, vous pouvez mieux comprendre la r\u00e9putation de cette r\u00e9gion. C&#8217;est une destination fa\u00e7onn\u00e9e autant par la g\u00e9ographie que par l&#8217;histoire.<\/p><p><strong>Bucket List Villa<\/strong>\u00a0propose une s\u00e9lection rigoureuse de locations de vacances sur la C\u00f4te d&#8217;Azur, dont des propri\u00e9t\u00e9s modernes avec vue sur la mer et des r\u00e9sidences priv\u00e9es situ\u00e9es l\u00e9g\u00e8rement en retrait de la c\u00f4te.\u00a0<\/p><p>Une fois que vous \u00eates pr\u00eat \u00e0 r\u00e9server, l&#8217;\u00e9tape suivante consiste \u00e0 contacter l&#8217;\u00e9quipe de r\u00e9servation de Bucket List Villa et \u00e0 commencer \u00e0 organiser un s\u00e9jour qui correspond \u00e0 votre vision de la C\u00f4te d&#8217;Azur.<\/p><p><a href=\"https:\/\/www.bucketlistvilla.com\/fr\/contact\/\">Contactez notre \u00e9quipe de r\u00e9servation<\/a><\/p>\t\t\t\t\t\t\t\t<\/div>\n\t\t\t\t<\/div>\n\t\t\t\t\t<\/div>\n\t\t\t\t<\/div>\n\t\t<div class=\"elementor-element elementor-element-78038fd4 e-flex e-con-boxed e-con e-parent\" data-id=\"78038fd4\" data-element_type=\"container\" data-e-type=\"container\">\n\t\t\t\t\t<div class=\"e-con-inner\">\n\t\t\t\t<div class=\"elementor-element elementor-element-4f46380 elementor-widget elementor-widget-template\" data-id=\"4f46380\" data-element_type=\"widget\" data-e-type=\"widget\" data-widget_type=\"template.default\">\n\t\t\t\t<div class=\"elementor-widget-container\">\n\t\t\t\t\t\t\t<div class=\"elementor-template\">\n\t\t\t\t\t<div data-elementor-type=\"container\" data-elementor-id=\"11067\" class=\"elementor elementor-11067\" data-elementor-post-type=\"elementor_library\">\n\t\t\t\t<div class=\"elementor-element elementor-element-77f0bad e-flex e-con-boxed e-con e-parent\" data-id=\"77f0bad\" data-element_type=\"container\" data-e-type=\"container\">\n\t\t\t\t\t<div class=\"e-con-inner\">\n\t\t<div class=\"elementor-element elementor-element-505c77b e-con-full e-flex e-con e-child\" data-id=\"505c77b\" data-element_type=\"container\" data-e-type=\"container\">\n\t\t\t\t<div class=\"elementor-element elementor-element-f1c9e3a elementor-cta--skin-cover elementor-cta--valign-bottom elementor-animated-content elementor-bg-transform elementor-bg-transform-zoom-in elementor-widget elementor-widget-call-to-action\" data-id=\"f1c9e3a\" data-element_type=\"widget\" data-e-type=\"widget\" data-widget_type=\"call-to-action.default\">\n\t\t\t\t<div class=\"elementor-widget-container\">\n\t\t\t\t\t\t\t<a class=\"elementor-cta\" href=\"https:\/\/www.bucketlistvilla.com\/fr\/location-vacances-cote-d-azur\/\">\n\t\t\t\t\t<div class=\"elementor-cta__bg-wrapper\">\n\t\t\t\t<div class=\"elementor-cta__bg elementor-bg\" style=\"background-image: url(https:\/\/www.bucketlistvilla.com\/blog\/wp-content\/uploads\/2025\/10\/Villa-Colibri-27.webp);\" role=\"img\" aria-label=\"Locations Vacances C\u00f4te d&#039;Azur\"><\/div>\n\t\t\t\t<div class=\"elementor-cta__bg-overlay\"><\/div>\n\t\t\t<\/div>\n\t\t\t\t\t\t\t<div class=\"elementor-cta__content\">\n\t\t\t\t\n\t\t\t\t\n\t\t\t\t\n\t\t\t\t\t\t\t\t\t<div class=\"elementor-cta__button-wrapper elementor-cta__content-item elementor-content-item elementor-animated-item--grow\">\n\t\t\t\t\t<span class=\"elementor-cta__button elementor-button elementor-size-\">\n\t\t\t\t\t\tLocations Vacances C\u00f4te d'Azur\t\t\t\t\t<\/span>\n\t\t\t\t\t<\/div>\n\t\t\t\t\t\t\t<\/div>\n\t\t\t\t\t\t<\/a>\n\t\t\t\t\t\t<\/div>\n\t\t\t\t<\/div>\n\t\t\t\t<\/div>\n\t\t<div class=\"elementor-element elementor-element-6613cd8 e-con-full e-flex e-con e-child\" data-id=\"6613cd8\" data-element_type=\"container\" data-e-type=\"container\">\n\t\t\t\t<div class=\"elementor-element elementor-element-7f7c1dd elementor-cta--skin-cover elementor-cta--valign-bottom elementor-animated-content elementor-bg-transform elementor-bg-transform-zoom-in elementor-widget elementor-widget-call-to-action\" data-id=\"7f7c1dd\" data-element_type=\"widget\" data-e-type=\"widget\" data-widget_type=\"call-to-action.default\">\n\t\t\t\t<div class=\"elementor-widget-container\">\n\t\t\t\t\t\t\t<a class=\"elementor-cta\" href=\"https:\/\/www.bucketlistvilla.com\/fr\/villas-luxe-cote-d-azur\/\">\n\t\t\t\t\t<div class=\"elementor-cta__bg-wrapper\">\n\t\t\t\t<div class=\"elementor-cta__bg elementor-bg\" style=\"background-image: url(https:\/\/www.bucketlistvilla.com\/blog\/wp-content\/uploads\/2025\/10\/bucketlistvilla_les_hauts_de_gordes_luberon_-20-e1761929581884.webp);\" role=\"img\" aria-label=\"Villas C\u00f4te d&#039;Azur &amp; Provence (20)\"><\/div>\n\t\t\t\t<div class=\"elementor-cta__bg-overlay\"><\/div>\n\t\t\t<\/div>\n\t\t\t\t\t\t\t<div class=\"elementor-cta__content\">\n\t\t\t\t\n\t\t\t\t\n\t\t\t\t\n\t\t\t\t\t\t\t\t\t<div class=\"elementor-cta__button-wrapper elementor-cta__content-item elementor-content-item elementor-animated-item--grow\">\n\t\t\t\t\t<span class=\"elementor-cta__button elementor-button elementor-size-\">\n\t\t\t\t\t\tVillas C\u00f4te d'Azur &amp; Provence\t\t\t\t\t<\/span>\n\t\t\t\t\t<\/div>\n\t\t\t\t\t\t\t<\/div>\n\t\t\t\t\t\t<\/a>\n\t\t\t\t\t\t<\/div>\n\t\t\t\t<\/div>\n\t\t\t\t<\/div>\n\t\t<div class=\"elementor-element elementor-element-c3da13b e-con-full e-flex e-con e-child\" data-id=\"c3da13b\" data-element_type=\"container\" data-e-type=\"container\">\n\t\t\t\t<div class=\"elementor-element elementor-element-d9a264c elementor-cta--skin-cover elementor-cta--valign-bottom elementor-animated-content elementor-bg-transform elementor-bg-transform-zoom-in elementor-widget elementor-widget-call-to-action\" data-id=\"d9a264c\" data-element_type=\"widget\" data-e-type=\"widget\" data-widget_type=\"call-to-action.default\">\n\t\t\t\t<div class=\"elementor-widget-container\">\n\t\t\t\t\t\t\t<a class=\"elementor-cta\" href=\"https:\/\/www.bucketlistvilla.com\/blog\/fr\/yacht-de-luxe-location\/\">\n\t\t\t\t\t<div class=\"elementor-cta__bg-wrapper\">\n\t\t\t\t<div class=\"elementor-cta__bg elementor-bg\" style=\"background-image: url(https:\/\/www.bucketlistvilla.com\/blog\/wp-content\/uploads\/2025\/10\/AdobeStock_122080959.webp);\" role=\"img\" aria-label=\"Yachts C\u00f4te d&#039;Azur\"><\/div>\n\t\t\t\t<div class=\"elementor-cta__bg-overlay\"><\/div>\n\t\t\t<\/div>\n\t\t\t\t\t\t\t<div class=\"elementor-cta__content\">\n\t\t\t\t\n\t\t\t\t\n\t\t\t\t\n\t\t\t\t\t\t\t\t\t<div class=\"elementor-cta__button-wrapper elementor-cta__content-item elementor-content-item elementor-animated-item--grow\">\n\t\t\t\t\t<span class=\"elementor-cta__button elementor-button elementor-size-\">\n\t\t\t\t\t\tYachts C\u00f4te d'Azur\t\t\t\t\t<\/span>\n\t\t\t\t\t<\/div>\n\t\t\t\t\t\t\t<\/div>\n\t\t\t\t\t\t<\/a>\n\t\t\t\t\t\t<\/div>\n\t\t\t\t<\/div>\n\t\t\t\t<\/div>\n\t\t\t\t\t<\/div>\n\t\t\t\t<\/div>\n\t\t\t\t<\/div>\n\t\t\t\t<\/div>\n\t\t\t\t\t\t<\/div>\n\t\t\t\t<\/div>\n\t\t\t\t\t<\/div>\n\t\t\t\t<\/div>\n\t\t<div class=\"elementor-element elementor-element-17e3526d e-con-full e-flex e-con e-parent\" data-id=\"17e3526d\" data-element_type=\"container\" data-e-type=\"container\">\n\t\t\t\t<div class=\"elementor-element elementor-element-373ba783 elementor-widget elementor-widget-template\" data-id=\"373ba783\" data-element_type=\"widget\" data-e-type=\"widget\" data-widget_type=\"template.default\">\n\t\t\t\t<div class=\"elementor-widget-container\">\n\t\t\t\t\t\t\t<div class=\"elementor-template\">\n\t\t\t\t\t<div data-elementor-type=\"container\" data-elementor-id=\"6226\" class=\"elementor elementor-6226\" data-elementor-post-type=\"elementor_library\">\n\t\t\t\t<div class=\"elementor-element elementor-element-f203827 e-flex e-con-boxed e-con e-parent\" data-id=\"f203827\" data-element_type=\"container\" data-e-type=\"container\" data-settings=\"{&quot;background_background&quot;:&quot;classic&quot;}\">\n\t\t\t\t\t<div class=\"e-con-inner\">\n\t\t<div class=\"elementor-element elementor-element-5515a880 e-con-full e-flex e-con e-child\" data-id=\"5515a880\" data-element_type=\"container\" data-e-type=\"container\">\n\t\t<div class=\"elementor-element elementor-element-3a05ad07 e-con-full e-flex e-con e-child\" data-id=\"3a05ad07\" data-element_type=\"container\" data-e-type=\"container\">\n\t\t\t\t<div class=\"elementor-element elementor-element-702e4543 elementor-widget elementor-widget-heading\" data-id=\"702e4543\" data-element_type=\"widget\" data-e-type=\"widget\" data-widget_type=\"heading.default\">\n\t\t\t\t<div class=\"elementor-widget-container\">\n\t\t\t\t\t<h3 class=\"elementor-heading-title elementor-size-default\">Besoin d'aide pour r\u00e9server ?<\/h3>\t\t\t\t<\/div>\n\t\t\t\t<\/div>\n\t\t\t\t<div class=\"elementor-element elementor-element-282cf3e6 elementor-widget elementor-widget-text-editor\" data-id=\"282cf3e6\" data-element_type=\"widget\" data-e-type=\"widget\" data-widget_type=\"text-editor.default\">\n\t\t\t\t<div class=\"elementor-widget-container\">\n\t\t\t\t\t\t\t\t\t<a href=\"https:\/\/www.bucketlistvilla.com\/fr\/contact\/\">\u00caTRE CONTACT\u00c9 PAR NOS EXPERTS &gt;<\/a>\t\t\t\t\t\t\t\t<\/div>\n\t\t\t\t<\/div>\n\t\t\t\t<div class=\"elementor-element elementor-element-6a7da241 elementor-widget elementor-widget-text-editor\" data-id=\"6a7da241\" data-element_type=\"widget\" data-e-type=\"widget\" data-widget_type=\"text-editor.default\">\n\t\t\t\t<div class=\"elementor-widget-container\">\n\t\t\t\t\t\t\t\t\t<p><a href=\"https:\/\/wa.me\/+590690610267\">WHATSAPP &gt;<\/a><\/p>\t\t\t\t\t\t\t\t<\/div>\n\t\t\t\t<\/div>\n\t\t<div class=\"elementor-element elementor-element-5cde7a1 e-con-full e-flex e-con e-child\" data-id=\"5cde7a1\" data-element_type=\"container\" data-e-type=\"container\">\n\t\t\t\t<div class=\"elementor-element elementor-element-769dbdd3 elementor-icon-list--layout-inline elementor-list-item-link-full_width elementor-widget elementor-widget-icon-list\" data-id=\"769dbdd3\" data-element_type=\"widget\" data-e-type=\"widget\" data-widget_type=\"icon-list.default\">\n\t\t\t\t<div class=\"elementor-widget-container\">\n\t\t\t\t\t\t\t<ul class=\"elementor-icon-list-items elementor-inline-items\">\n\t\t\t\t\t\t\t<li class=\"elementor-icon-list-item elementor-inline-item\">\n\t\t\t\t\t\t\t\t\t\t\t<a href=\"tel:+590690610267\">\n\n\t\t\t\t\t\t\t\t\t\t\t\t<span class=\"elementor-icon-list-icon\">\n\t\t\t\t\t\t\t<svg aria-hidden=\"true\" class=\"e-font-icon-svg e-fas-phone-alt\" viewBox=\"0 0 512 512\" xmlns=\"http:\/\/www.w3.org\/2000\/svg\"><path d=\"M497.39 361.8l-112-48a24 24 0 0 0-28 6.9l-49.6 60.6A370.66 370.66 0 0 1 130.6 204.11l60.6-49.6a23.94 23.94 0 0 0 6.9-28l-48-112A24.16 24.16 0 0 0 122.6.61l-104 24A24 24 0 0 0 0 48c0 256.5 207.9 464 464 464a24 24 0 0 0 23.4-18.6l24-104a24.29 24.29 0 0 0-14.01-27.6z\"><\/path><\/svg>\t\t\t\t\t\t<\/span>\n\t\t\t\t\t\t\t\t\t\t<span class=\"elementor-icon-list-text\"><\/span>\n\t\t\t\t\t\t\t\t\t\t\t<\/a>\n\t\t\t\t\t\t\t\t\t<\/li>\n\t\t\t\t\t\t\t\t<li class=\"elementor-icon-list-item elementor-inline-item\">\n\t\t\t\t\t\t\t\t\t\t\t<a href=\"mailto:contact@bucketlistvilla.com\">\n\n\t\t\t\t\t\t\t\t\t\t\t\t<span class=\"elementor-icon-list-icon\">\n\t\t\t\t\t\t\t<svg aria-hidden=\"true\" class=\"e-font-icon-svg e-fas-mail-bulk\" viewBox=\"0 0 576 512\" xmlns=\"http:\/\/www.w3.org\/2000\/svg\"><path d=\"M160 448c-25.6 0-51.2-22.4-64-32-64-44.8-83.2-60.8-96-70.4V480c0 17.67 14.33 32 32 32h256c17.67 0 32-14.33 32-32V345.6c-12.8 9.6-32 25.6-96 70.4-12.8 9.6-38.4 32-64 32zm128-192H32c-17.67 0-32 14.33-32 32v16c25.6 19.2 22.4 19.2 115.2 86.4 9.6 6.4 28.8 25.6 44.8 25.6s35.2-19.2 44.8-22.4c92.8-67.2 89.6-67.2 115.2-86.4V288c0-17.67-14.33-32-32-32zm256-96H224c-17.67 0-32 14.33-32 32v32h96c33.21 0 60.59 25.42 63.71 57.82l.29-.22V416h192c17.67 0 32-14.33 32-32V192c0-17.67-14.33-32-32-32zm-32 128h-64v-64h64v64zm-352-96c0-35.29 28.71-64 64-64h224V32c0-17.67-14.33-32-32-32H96C78.33 0 64 14.33 64 32v192h96v-32z\"><\/path><\/svg>\t\t\t\t\t\t<\/span>\n\t\t\t\t\t\t\t\t\t\t<span class=\"elementor-icon-list-text\"><\/span>\n\t\t\t\t\t\t\t\t\t\t\t<\/a>\n\t\t\t\t\t\t\t\t\t<\/li>\n\t\t\t\t\t\t\t\t<li class=\"elementor-icon-list-item elementor-inline-item\">\n\t\t\t\t\t\t\t\t\t\t\t<a href=\"https:\/\/wa.me\/+590690610267\">\n\n\t\t\t\t\t\t\t\t\t\t\t\t<span class=\"elementor-icon-list-icon\">\n\t\t\t\t\t\t\t<svg aria-hidden=\"true\" class=\"e-font-icon-svg e-fab-whatsapp\" viewBox=\"0 0 448 512\" xmlns=\"http:\/\/www.w3.org\/2000\/svg\"><path d=\"M380.9 97.1C339 55.1 283.2 32 223.9 32c-122.4 0-222 99.6-222 222 0 39.1 10.2 77.3 29.6 111L0 480l117.7-30.9c32.4 17.7 68.9 27 106.1 27h.1c122.3 0 224.1-99.6 224.1-222 0-59.3-25.2-115-67.1-157zm-157 341.6c-33.2 0-65.7-8.9-94-25.7l-6.7-4-69.8 18.3L72 359.2l-4.4-7c-18.5-29.4-28.2-63.3-28.2-98.2 0-101.7 82.8-184.5 184.6-184.5 49.3 0 95.6 19.2 130.4 54.1 34.8 34.9 56.2 81.2 56.1 130.5 0 101.8-84.9 184.6-186.6 184.6zm101.2-138.2c-5.5-2.8-32.8-16.2-37.9-18-5.1-1.9-8.8-2.8-12.5 2.8-3.7 5.6-14.3 18-17.6 21.8-3.2 3.7-6.5 4.2-12 1.4-32.6-16.3-54-29.1-75.5-66-5.7-9.8 5.7-9.1 16.3-30.3 1.8-3.7.9-6.9-.5-9.7-1.4-2.8-12.5-30.1-17.1-41.2-4.5-10.8-9.1-9.3-12.5-9.5-3.2-.2-6.9-.2-10.6-.2-3.7 0-9.7 1.4-14.8 6.9-5.1 5.6-19.4 19-19.4 46.3 0 27.3 19.9 53.7 22.6 57.4 2.8 3.7 39.1 59.7 94.8 83.8 35.2 15.2 49 16.5 66.6 13.9 10.7-1.6 32.8-13.4 37.4-26.4 4.6-13 4.6-24.1 3.2-26.4-1.3-2.5-5-3.9-10.5-6.6z\"><\/path><\/svg>\t\t\t\t\t\t<\/span>\n\t\t\t\t\t\t\t\t\t\t<span class=\"elementor-icon-list-text\"><\/span>\n\t\t\t\t\t\t\t\t\t\t\t<\/a>\n\t\t\t\t\t\t\t\t\t<\/li>\n\t\t\t\t\t\t<\/ul>\n\t\t\t\t\t\t<\/div>\n\t\t\t\t<\/div>\n\t\t\t\t<\/div>\n\t\t\t\t<\/div>\n\t\t\t\t<\/div>\n\t\t<div class=\"elementor-element elementor-element-20924ae6 e-con-full e-flex e-con e-child\" data-id=\"20924ae6\" data-element_type=\"container\" data-e-type=\"container\">\n\t\t\t\t<div class=\"elementor-element elementor-element-65c0740a elementor-widget elementor-widget-text-editor\" data-id=\"65c0740a\" data-element_type=\"widget\" data-e-type=\"widget\" data-widget_type=\"text-editor.default\">\n\t\t\t\t<div class=\"elementor-widget-container\">\n\t\t\t\t\t\t\t\t\t<p><span style=\"font-weight: 400;\">Notre \u00e9quipe d\u2019experts est \u00e0 votre disposition pour vous offrir un service sur mesure et r\u00e9pondre \u00e0 toutes vos demandes.<\/span><\/p><p><span style=\"font-weight: 400;\">De la recherche de la villa parfaite \u00e0 l\u2019organisation de vos exp\u00e9riences ou \u00e9v\u00e8nements, nous organisons tout pour vous.<\/span><\/p>\t\t\t\t\t\t\t\t<\/div>\n\t\t\t\t<\/div>\n\t\t\t\t<\/div>\n\t\t\t\t\t<\/div>\n\t\t\t\t<\/div>\n\t\t\t\t<\/div>\n\t\t\t\t<\/div>\n\t\t\t\t\t\t<\/div>\n\t\t\t\t<\/div>\n\t\t\t\t<\/div>\n\t\t\t\t<\/div>\n\t\t","protected":false},"excerpt":{"rendered":"<p>O\u00f9 est la C\u00f4te d&#8217;Azur\u00a0?\u00a0C&#8217;est une question fr\u00e9quemment pos\u00e9e par les internautes qui recherchent des informations sur cette destination, souvent parce qu&#8217;ils connaissent le nom mais souhaitent clarifier sa situation g\u00e9ographique avant de r\u00e9server leur vol ou leur h\u00e9bergement. La C\u00f4te d&#8217;Azur, \u00e9galement connue sous le nom de French Riviera, se trouve \u00e0 l&#8217;extr\u00e9mit\u00e9 sud-est [&hellip;]<\/p>\n","protected":false},"author":6,"featured_media":11852,"comment_status":"open","ping_status":"open","sticky":false,"template":"","format":"standard","meta":{"footnotes":""},"categories":[103],"tags":[],"class_list":["post-11989","post","type-post","status-publish","format-standard","has-post-thumbnail","hentry","category-cote-dazur"],"yoast_head":"<!-- This site is optimized with the Yoast SEO plugin v27.5 - https:\/\/yoast.com\/product\/yoast-seo-wordpress\/ -->\n<title>D\u00e9couvrez la C\u00f4te d\u2019Azur - Blog<\/title>\n<meta name=\"description\" content=\"D\u00e9couvrez le joyau de la France\u00a0: la C\u00f4te d\u2019Azur. Localisez-la pr\u00e9cis\u00e9ment sur la carte et planifiez le voyage de vos r\u00eaves. Profitez-en d\u00e8s maintenant\u00a0!\" \/>\n<meta name=\"robots\" content=\"index, follow, max-snippet:-1, max-image-preview:large, max-video-preview:-1\" \/>\n<link rel=\"canonical\" href=\"https:\/\/www.bucketlistvilla.com\/blog\/fr\/ou-se-situe-la-cote-azur\/\" \/>\n<meta property=\"og:locale\" content=\"fr_FR\" \/>\n<meta property=\"og:type\" content=\"article\" \/>\n<meta property=\"og:title\" content=\"D\u00e9couvrez la C\u00f4te d\u2019Azur - Blog\" \/>\n<meta property=\"og:description\" content=\"D\u00e9couvrez le joyau de la France\u00a0: la C\u00f4te d\u2019Azur. Localisez-la pr\u00e9cis\u00e9ment sur la carte et planifiez le voyage de vos r\u00eaves. Profitez-en d\u00e8s maintenant\u00a0!\" \/>\n<meta property=\"og:url\" content=\"https:\/\/www.bucketlistvilla.com\/blog\/fr\/ou-se-situe-la-cote-azur\/\" \/>\n<meta property=\"og:site_name\" content=\"Blog\" \/>\n<meta property=\"article:published_time\" content=\"2026-01-21T08:51:41+00:00\" \/>\n<meta property=\"article:modified_time\" content=\"2026-01-28T14:17:59+00:00\" \/>\n<meta property=\"og:image\" content=\"https:\/\/www.bucketlistvilla.com\/blog\/wp-content\/uploads\/2026\/01\/where-is-the-french-Riviera-.jpg\" \/>\n\t<meta property=\"og:image:width\" content=\"1920\" \/>\n\t<meta property=\"og:image:height\" content=\"798\" \/>\n\t<meta property=\"og:image:type\" content=\"image\/jpeg\" \/>\n<meta name=\"author\" content=\"Thibaut\" \/>\n<meta name=\"twitter:card\" content=\"summary_large_image\" \/>\n<meta name=\"twitter:label1\" content=\"Written by\" \/>\n\t<meta name=\"twitter:data1\" content=\"Thibaut\" \/>\n\t<meta name=\"twitter:label2\" content=\"Est. reading time\" \/>\n\t<meta name=\"twitter:data2\" content=\"10 minutes\" \/>\n<script type=\"application\/ld+json\" class=\"yoast-schema-graph\">{\"@context\":\"https:\\\/\\\/schema.org\",\"@graph\":[{\"@type\":\"Article\",\"@id\":\"https:\\\/\\\/www.bucketlistvilla.com\\\/blog\\\/fr\\\/ou-se-situe-la-cote-azur\\\/#article\",\"isPartOf\":{\"@id\":\"https:\\\/\\\/www.bucketlistvilla.com\\\/blog\\\/fr\\\/ou-se-situe-la-cote-azur\\\/\"},\"author\":{\"name\":\"Thibaut\",\"@id\":\"https:\\\/\\\/www.bucketlistvilla.com\\\/blog\\\/fr\\\/#\\\/schema\\\/person\\\/3b3666a37eb6e13d13e98c76ca36396c\"},\"headline\":\"O\u00f9 se situe la C\u00f4te d&#8217;Azur et qu\u2019est-ce qui rend son emplacement si attrayant ?\",\"datePublished\":\"2026-01-21T08:51:41+00:00\",\"dateModified\":\"2026-01-28T14:17:59+00:00\",\"mainEntityOfPage\":{\"@id\":\"https:\\\/\\\/www.bucketlistvilla.com\\\/blog\\\/fr\\\/ou-se-situe-la-cote-azur\\\/\"},\"wordCount\":1716,\"commentCount\":0,\"image\":{\"@id\":\"https:\\\/\\\/www.bucketlistvilla.com\\\/blog\\\/fr\\\/ou-se-situe-la-cote-azur\\\/#primaryimage\"},\"thumbnailUrl\":\"https:\\\/\\\/www.bucketlistvilla.com\\\/blog\\\/wp-content\\\/uploads\\\/2026\\\/01\\\/where-is-the-french-Riviera-.jpg\",\"articleSection\":[\"C\u00f4te d'azur\"],\"inLanguage\":\"fr\",\"potentialAction\":[{\"@type\":\"CommentAction\",\"name\":\"Comment\",\"target\":[\"https:\\\/\\\/www.bucketlistvilla.com\\\/blog\\\/fr\\\/ou-se-situe-la-cote-azur\\\/#respond\"]}]},{\"@type\":\"WebPage\",\"@id\":\"https:\\\/\\\/www.bucketlistvilla.com\\\/blog\\\/fr\\\/ou-se-situe-la-cote-azur\\\/\",\"url\":\"https:\\\/\\\/www.bucketlistvilla.com\\\/blog\\\/fr\\\/ou-se-situe-la-cote-azur\\\/\",\"name\":\"D\u00e9couvrez la C\u00f4te d\u2019Azur - Blog\",\"isPartOf\":{\"@id\":\"https:\\\/\\\/www.bucketlistvilla.com\\\/blog\\\/fr\\\/#website\"},\"primaryImageOfPage\":{\"@id\":\"https:\\\/\\\/www.bucketlistvilla.com\\\/blog\\\/fr\\\/ou-se-situe-la-cote-azur\\\/#primaryimage\"},\"image\":{\"@id\":\"https:\\\/\\\/www.bucketlistvilla.com\\\/blog\\\/fr\\\/ou-se-situe-la-cote-azur\\\/#primaryimage\"},\"thumbnailUrl\":\"https:\\\/\\\/www.bucketlistvilla.com\\\/blog\\\/wp-content\\\/uploads\\\/2026\\\/01\\\/where-is-the-french-Riviera-.jpg\",\"datePublished\":\"2026-01-21T08:51:41+00:00\",\"dateModified\":\"2026-01-28T14:17:59+00:00\",\"author\":{\"@id\":\"https:\\\/\\\/www.bucketlistvilla.com\\\/blog\\\/fr\\\/#\\\/schema\\\/person\\\/3b3666a37eb6e13d13e98c76ca36396c\"},\"description\":\"D\u00e9couvrez le joyau de la France\u00a0: la C\u00f4te d\u2019Azur. Localisez-la pr\u00e9cis\u00e9ment sur la carte et planifiez le voyage de vos r\u00eaves. Profitez-en d\u00e8s maintenant\u00a0!\",\"breadcrumb\":{\"@id\":\"https:\\\/\\\/www.bucketlistvilla.com\\\/blog\\\/fr\\\/ou-se-situe-la-cote-azur\\\/#breadcrumb\"},\"inLanguage\":\"fr\",\"potentialAction\":[{\"@type\":\"ReadAction\",\"target\":[\"https:\\\/\\\/www.bucketlistvilla.com\\\/blog\\\/fr\\\/ou-se-situe-la-cote-azur\\\/\"]}]},{\"@type\":\"ImageObject\",\"inLanguage\":\"fr\",\"@id\":\"https:\\\/\\\/www.bucketlistvilla.com\\\/blog\\\/fr\\\/ou-se-situe-la-cote-azur\\\/#primaryimage\",\"url\":\"https:\\\/\\\/www.bucketlistvilla.com\\\/blog\\\/wp-content\\\/uploads\\\/2026\\\/01\\\/where-is-the-french-Riviera-.jpg\",\"contentUrl\":\"https:\\\/\\\/www.bucketlistvilla.com\\\/blog\\\/wp-content\\\/uploads\\\/2026\\\/01\\\/where-is-the-french-Riviera-.jpg\",\"width\":1920,\"height\":798,\"caption\":\"where is the french Riviera\"},{\"@type\":\"BreadcrumbList\",\"@id\":\"https:\\\/\\\/www.bucketlistvilla.com\\\/blog\\\/fr\\\/ou-se-situe-la-cote-azur\\\/#breadcrumb\",\"itemListElement\":[{\"@type\":\"ListItem\",\"position\":1,\"name\":\"Home\",\"item\":\"https:\\\/\\\/www.bucketlistvilla.com\\\/blog\\\/fr\\\/\"},{\"@type\":\"ListItem\",\"position\":2,\"name\":\"O\u00f9 se situe la C\u00f4te d&#8217;Azur et qu\u2019est-ce qui rend son emplacement si attrayant ?\"}]},{\"@type\":\"WebSite\",\"@id\":\"https:\\\/\\\/www.bucketlistvilla.com\\\/blog\\\/fr\\\/#website\",\"url\":\"https:\\\/\\\/www.bucketlistvilla.com\\\/blog\\\/fr\\\/\",\"name\":\"Blog\",\"description\":\"\",\"potentialAction\":[{\"@type\":\"SearchAction\",\"target\":{\"@type\":\"EntryPoint\",\"urlTemplate\":\"https:\\\/\\\/www.bucketlistvilla.com\\\/blog\\\/fr\\\/?s={search_term_string}\"},\"query-input\":{\"@type\":\"PropertyValueSpecification\",\"valueRequired\":true,\"valueName\":\"search_term_string\"}}],\"inLanguage\":\"fr\"},{\"@type\":\"Person\",\"@id\":\"https:\\\/\\\/www.bucketlistvilla.com\\\/blog\\\/fr\\\/#\\\/schema\\\/person\\\/3b3666a37eb6e13d13e98c76ca36396c\",\"name\":\"Thibaut\",\"image\":{\"@type\":\"ImageObject\",\"inLanguage\":\"fr\",\"@id\":\"https:\\\/\\\/secure.gravatar.com\\\/avatar\\\/1657d3e03cb74dfd00a369778744d0f6773802ba2d5232a1fad7d484cfa7dcbe?s=96&d=mm&r=g\",\"url\":\"https:\\\/\\\/secure.gravatar.com\\\/avatar\\\/1657d3e03cb74dfd00a369778744d0f6773802ba2d5232a1fad7d484cfa7dcbe?s=96&d=mm&r=g\",\"contentUrl\":\"https:\\\/\\\/secure.gravatar.com\\\/avatar\\\/1657d3e03cb74dfd00a369778744d0f6773802ba2d5232a1fad7d484cfa7dcbe?s=96&d=mm&r=g\",\"caption\":\"Thibaut\"},\"url\":\"https:\\\/\\\/www.bucketlistvilla.com\\\/blog\\\/fr\\\/author\\\/thibaut\\\/\"}]}<\/script>\n<!-- \/ Yoast SEO plugin. -->","yoast_head_json":{"title":"D\u00e9couvrez la C\u00f4te d\u2019Azur - Blog","description":"D\u00e9couvrez le joyau de la France\u00a0: la C\u00f4te d\u2019Azur. Localisez-la pr\u00e9cis\u00e9ment sur la carte et planifiez le voyage de vos r\u00eaves. Profitez-en d\u00e8s maintenant\u00a0!","robots":{"index":"index","follow":"follow","max-snippet":"max-snippet:-1","max-image-preview":"max-image-preview:large","max-video-preview":"max-video-preview:-1"},"canonical":"https:\/\/www.bucketlistvilla.com\/blog\/fr\/ou-se-situe-la-cote-azur\/","og_locale":"fr_FR","og_type":"article","og_title":"D\u00e9couvrez la C\u00f4te d\u2019Azur - Blog","og_description":"D\u00e9couvrez le joyau de la France\u00a0: la C\u00f4te d\u2019Azur. Localisez-la pr\u00e9cis\u00e9ment sur la carte et planifiez le voyage de vos r\u00eaves. Profitez-en d\u00e8s maintenant\u00a0!","og_url":"https:\/\/www.bucketlistvilla.com\/blog\/fr\/ou-se-situe-la-cote-azur\/","og_site_name":"Blog","article_published_time":"2026-01-21T08:51:41+00:00","article_modified_time":"2026-01-28T14:17:59+00:00","og_image":[{"width":1920,"height":798,"url":"https:\/\/www.bucketlistvilla.com\/blog\/wp-content\/uploads\/2026\/01\/where-is-the-french-Riviera-.jpg","type":"image\/jpeg"}],"author":"Thibaut","twitter_card":"summary_large_image","twitter_misc":{"Written by":"Thibaut","Est. reading time":"10 minutes"},"schema":{"@context":"https:\/\/schema.org","@graph":[{"@type":"Article","@id":"https:\/\/www.bucketlistvilla.com\/blog\/fr\/ou-se-situe-la-cote-azur\/#article","isPartOf":{"@id":"https:\/\/www.bucketlistvilla.com\/blog\/fr\/ou-se-situe-la-cote-azur\/"},"author":{"name":"Thibaut","@id":"https:\/\/www.bucketlistvilla.com\/blog\/fr\/#\/schema\/person\/3b3666a37eb6e13d13e98c76ca36396c"},"headline":"O\u00f9 se situe la C\u00f4te d&#8217;Azur et qu\u2019est-ce qui rend son emplacement si attrayant ?","datePublished":"2026-01-21T08:51:41+00:00","dateModified":"2026-01-28T14:17:59+00:00","mainEntityOfPage":{"@id":"https:\/\/www.bucketlistvilla.com\/blog\/fr\/ou-se-situe-la-cote-azur\/"},"wordCount":1716,"commentCount":0,"image":{"@id":"https:\/\/www.bucketlistvilla.com\/blog\/fr\/ou-se-situe-la-cote-azur\/#primaryimage"},"thumbnailUrl":"https:\/\/www.bucketlistvilla.com\/blog\/wp-content\/uploads\/2026\/01\/where-is-the-french-Riviera-.jpg","articleSection":["C\u00f4te d'azur"],"inLanguage":"fr","potentialAction":[{"@type":"CommentAction","name":"Comment","target":["https:\/\/www.bucketlistvilla.com\/blog\/fr\/ou-se-situe-la-cote-azur\/#respond"]}]},{"@type":"WebPage","@id":"https:\/\/www.bucketlistvilla.com\/blog\/fr\/ou-se-situe-la-cote-azur\/","url":"https:\/\/www.bucketlistvilla.com\/blog\/fr\/ou-se-situe-la-cote-azur\/","name":"D\u00e9couvrez la C\u00f4te d\u2019Azur - Blog","isPartOf":{"@id":"https:\/\/www.bucketlistvilla.com\/blog\/fr\/#website"},"primaryImageOfPage":{"@id":"https:\/\/www.bucketlistvilla.com\/blog\/fr\/ou-se-situe-la-cote-azur\/#primaryimage"},"image":{"@id":"https:\/\/www.bucketlistvilla.com\/blog\/fr\/ou-se-situe-la-cote-azur\/#primaryimage"},"thumbnailUrl":"https:\/\/www.bucketlistvilla.com\/blog\/wp-content\/uploads\/2026\/01\/where-is-the-french-Riviera-.jpg","datePublished":"2026-01-21T08:51:41+00:00","dateModified":"2026-01-28T14:17:59+00:00","author":{"@id":"https:\/\/www.bucketlistvilla.com\/blog\/fr\/#\/schema\/person\/3b3666a37eb6e13d13e98c76ca36396c"},"description":"D\u00e9couvrez le joyau de la France\u00a0: la C\u00f4te d\u2019Azur. Localisez-la pr\u00e9cis\u00e9ment sur la carte et planifiez le voyage de vos r\u00eaves. Profitez-en d\u00e8s maintenant\u00a0!","breadcrumb":{"@id":"https:\/\/www.bucketlistvilla.com\/blog\/fr\/ou-se-situe-la-cote-azur\/#breadcrumb"},"inLanguage":"fr","potentialAction":[{"@type":"ReadAction","target":["https:\/\/www.bucketlistvilla.com\/blog\/fr\/ou-se-situe-la-cote-azur\/"]}]},{"@type":"ImageObject","inLanguage":"fr","@id":"https:\/\/www.bucketlistvilla.com\/blog\/fr\/ou-se-situe-la-cote-azur\/#primaryimage","url":"https:\/\/www.bucketlistvilla.com\/blog\/wp-content\/uploads\/2026\/01\/where-is-the-french-Riviera-.jpg","contentUrl":"https:\/\/www.bucketlistvilla.com\/blog\/wp-content\/uploads\/2026\/01\/where-is-the-french-Riviera-.jpg","width":1920,"height":798,"caption":"where is the french Riviera"},{"@type":"BreadcrumbList","@id":"https:\/\/www.bucketlistvilla.com\/blog\/fr\/ou-se-situe-la-cote-azur\/#breadcrumb","itemListElement":[{"@type":"ListItem","position":1,"name":"Home","item":"https:\/\/www.bucketlistvilla.com\/blog\/fr\/"},{"@type":"ListItem","position":2,"name":"O\u00f9 se situe la C\u00f4te d&#8217;Azur et qu\u2019est-ce qui rend son emplacement si attrayant ?"}]},{"@type":"WebSite","@id":"https:\/\/www.bucketlistvilla.com\/blog\/fr\/#website","url":"https:\/\/www.bucketlistvilla.com\/blog\/fr\/","name":"Blog","description":"","potentialAction":[{"@type":"SearchAction","target":{"@type":"EntryPoint","urlTemplate":"https:\/\/www.bucketlistvilla.com\/blog\/fr\/?s={search_term_string}"},"query-input":{"@type":"PropertyValueSpecification","valueRequired":true,"valueName":"search_term_string"}}],"inLanguage":"fr"},{"@type":"Person","@id":"https:\/\/www.bucketlistvilla.com\/blog\/fr\/#\/schema\/person\/3b3666a37eb6e13d13e98c76ca36396c","name":"Thibaut","image":{"@type":"ImageObject","inLanguage":"fr","@id":"https:\/\/secure.gravatar.com\/avatar\/1657d3e03cb74dfd00a369778744d0f6773802ba2d5232a1fad7d484cfa7dcbe?s=96&d=mm&r=g","url":"https:\/\/secure.gravatar.com\/avatar\/1657d3e03cb74dfd00a369778744d0f6773802ba2d5232a1fad7d484cfa7dcbe?s=96&d=mm&r=g","contentUrl":"https:\/\/secure.gravatar.com\/avatar\/1657d3e03cb74dfd00a369778744d0f6773802ba2d5232a1fad7d484cfa7dcbe?s=96&d=mm&r=g","caption":"Thibaut"},"url":"https:\/\/www.bucketlistvilla.com\/blog\/fr\/author\/thibaut\/"}]}},"_links":{"self":[{"href":"https:\/\/www.bucketlistvilla.com\/blog\/fr\/wp-json\/wp\/v2\/posts\/11989","targetHints":{"allow":["GET"]}}],"collection":[{"href":"https:\/\/www.bucketlistvilla.com\/blog\/fr\/wp-json\/wp\/v2\/posts"}],"about":[{"href":"https:\/\/www.bucketlistvilla.com\/blog\/fr\/wp-json\/wp\/v2\/types\/post"}],"author":[{"embeddable":true,"href":"https:\/\/www.bucketlistvilla.com\/blog\/fr\/wp-json\/wp\/v2\/users\/6"}],"replies":[{"embeddable":true,"href":"https:\/\/www.bucketlistvilla.com\/blog\/fr\/wp-json\/wp\/v2\/comments?post=11989"}],"version-history":[{"count":10,"href":"https:\/\/www.bucketlistvilla.com\/blog\/fr\/wp-json\/wp\/v2\/posts\/11989\/revisions"}],"predecessor-version":[{"id":12035,"href":"https:\/\/www.bucketlistvilla.com\/blog\/fr\/wp-json\/wp\/v2\/posts\/11989\/revisions\/12035"}],"wp:featuredmedia":[{"embeddable":true,"href":"https:\/\/www.bucketlistvilla.com\/blog\/fr\/wp-json\/wp\/v2\/media\/11852"}],"wp:attachment":[{"href":"https:\/\/www.bucketlistvilla.com\/blog\/fr\/wp-json\/wp\/v2\/media?parent=11989"}],"wp:term":[{"taxonomy":"category","embeddable":true,"href":"https:\/\/www.bucketlistvilla.com\/blog\/fr\/wp-json\/wp\/v2\/categories?post=11989"},{"taxonomy":"post_tag","embeddable":true,"href":"https:\/\/www.bucketlistvilla.com\/blog\/fr\/wp-json\/wp\/v2\/tags?post=11989"}],"curies":[{"name":"wp","href":"https:\/\/api.w.org\/{rel}","templated":true}]}}