{"id":2821,"date":"2025-01-14T10:26:26","date_gmt":"2025-01-14T10:26:26","guid":{"rendered":"https:\/\/www.bucketlistvilla.com\/blog\/?p=2821"},"modified":"2025-11-10T14:26:24","modified_gmt":"2025-11-10T14:26:24","slug":"evenements-st-barth","status":"publish","type":"post","link":"https:\/\/www.bucketlistvilla.com\/blog\/fr\/evenements-st-barth\/","title":{"rendered":"FESTIVALS &amp; \u00c9V\u00c9NEMENTS \u00c0 ST BARTH"},"content":{"rendered":"\t\t<div data-elementor-type=\"wp-post\" data-elementor-id=\"2821\" class=\"elementor elementor-2821\" data-elementor-post-type=\"post\">\n\t\t\t\t<div class=\"elementor-element elementor-element-6e12cae e-flex e-con-boxed e-con e-parent\" data-id=\"6e12cae\" data-element_type=\"container\" data-e-type=\"container\">\n\t\t\t\t\t<div class=\"e-con-inner\">\n\t\t\t\t<div class=\"elementor-element elementor-element-a533a1c elementor-widget elementor-widget-heading\" data-id=\"a533a1c\" data-element_type=\"widget\" data-e-type=\"widget\" data-widget_type=\"heading.default\">\n\t\t\t\t<div class=\"elementor-widget-container\">\n\t\t\t\t\t<h3 class=\"elementor-heading-title elementor-size-default\">Les meilleurs \u00e9v\u00e9nements et festivals annuels de St Barth<br><\/h3>\t\t\t\t<\/div>\n\t\t\t\t<\/div>\n\t\t\t\t\t<\/div>\n\t\t\t\t<\/div>\n\t\t<div class=\"elementor-element elementor-element-7d85cd7 e-flex e-con-boxed e-con e-parent\" data-id=\"7d85cd7\" data-element_type=\"container\" data-e-type=\"container\">\n\t\t\t\t\t<div class=\"e-con-inner\">\n\t\t\t\t<div class=\"elementor-element elementor-element-b041b56 elementor-widget elementor-widget-text-editor\" data-id=\"b041b56\" data-element_type=\"widget\" data-e-type=\"widget\" data-widget_type=\"text-editor.default\">\n\t\t\t\t<div class=\"elementor-widget-container\">\n\t\t\t\t\t\t\t\t\t<h2><span class=\"titre-partiel\">St Barth&#8230; <\/span>UNE \u00ceLE, QUATRE SAISONS D\u2019\u00c9MOTIONS<\/h2>\t\t\t\t\t\t\t\t<\/div>\n\t\t\t\t<\/div>\n\t\t\t\t\t<\/div>\n\t\t\t\t<\/div>\n\t\t<div class=\"elementor-element elementor-element-db3332a e-flex e-con-boxed e-con e-parent\" data-id=\"db3332a\" data-element_type=\"container\" data-e-type=\"container\">\n\t\t\t\t\t<div class=\"e-con-inner\">\n\t\t\t\t<div class=\"elementor-element elementor-element-8ea7218 texto-gold elementor-widget elementor-widget-text-editor\" data-id=\"8ea7218\" data-element_type=\"widget\" data-e-type=\"widget\" data-widget_type=\"text-editor.default\">\n\t\t\t\t<div class=\"elementor-widget-container\">\n\t\t\t\t\t\t\t\t\t<p>Sous le soleil des Cara\u00efbes, Saint-Barth offre une exp\u00e9rience unique \u00e0 chaque saison.<\/p>\t\t\t\t\t\t\t\t<\/div>\n\t\t\t\t<\/div>\n\t\t\t\t\t<\/div>\n\t\t\t\t<\/div>\n\t\t<div class=\"elementor-element elementor-element-8f77f38 e-flex e-con-boxed e-con e-parent\" data-id=\"8f77f38\" data-element_type=\"container\" data-e-type=\"container\">\n\t\t\t\t\t<div class=\"e-con-inner\">\n\t\t\t\t<div class=\"elementor-element elementor-element-c57347c elementor-widget elementor-widget-text-editor\" data-id=\"c57347c\" data-element_type=\"widget\" data-e-type=\"widget\" data-widget_type=\"text-editor.default\">\n\t\t\t\t<div class=\"elementor-widget-container\">\n\t\t\t\t\t\t\t\t\t<p><span style=\"font-weight: 400;\">L&#8217;\u00eele, joyau des Antilles, vibre au rythme des passions humaines. Au printemps, les \u00e9l\u00e9gants voiliers transforment l&#8217;oc\u00e9an en terrain de jeu, attirant des marins du monde entier. En automne, les aliz\u00e9s doux et le festival gastronomique envahissent l&#8217;\u00eele de saveurs cr\u00e9oles et de haute gastronomie fran\u00e7aise. En hiver, les nuits festives illuminent les plages et les c\u00e9l\u00e9brit\u00e9s comme les personnes les plus influentes au monde se m\u00ealent aux locaux dans une ambiance d\u00e9contract\u00e9e.<\/span><\/p><p><span style=\"font-weight: 400;\">Du nautisme aux \u00e9v\u00e9nements prestigieux et \u00e0 la gastronomie raffin\u00e9e, en passant par les nuits festives, Saint-Barth offre une palette d&#8217;\u00e9motions intenses, invitant les voyageurs \u00e0 vivre des exp\u00e9riences inoubliables.<\/span><\/p>\t\t\t\t\t\t\t\t<\/div>\n\t\t\t\t<\/div>\n\t\t\t\t<div class=\"elementor-element elementor-element-d9410f4 texto-gold30 elementor-widget elementor-widget-text-editor\" data-id=\"d9410f4\" data-element_type=\"widget\" data-e-type=\"widget\" data-widget_type=\"text-editor.default\">\n\t\t\t\t<div class=\"elementor-widget-container\">\n\t\t\t\t\t\t\t\t\t<p>\u00ab Avec Bucket List Villa, ressentez l&#8217;\u00e9motion, vivez l&#8217;inoubliable. \u00bb<\/p>\t\t\t\t\t\t\t\t<\/div>\n\t\t\t\t<\/div>\n\t\t\t\t\t<\/div>\n\t\t\t\t<\/div>\n\t\t<div class=\"elementor-element elementor-element-14cd42d e-flex e-con-boxed e-con e-parent\" data-id=\"14cd42d\" data-element_type=\"container\" data-e-type=\"container\">\n\t\t\t\t\t<div class=\"e-con-inner\">\n\t\t<div class=\"elementor-element elementor-element-3b6fcef e-con-full e-flex e-con e-child\" data-id=\"3b6fcef\" data-element_type=\"container\" data-e-type=\"container\">\n\t\t\t\t<div class=\"elementor-element elementor-element-f47c9b0 elementor-widget elementor-widget-image\" data-id=\"f47c9b0\" data-element_type=\"widget\" data-e-type=\"widget\" data-widget_type=\"image.default\">\n\t\t\t\t<div class=\"elementor-widget-container\">\n\t\t\t\t\t\t\t\t\t\t\t\t\t\t\t<img decoding=\"async\" src=\"https:\/\/www.bucketlistvilla.com\/blog\/wp-content\/uploads\/elementor\/thumbs\/new-year-st-barts-qzzn3rvlswms2hq63qt5kquxr0w3xy89lrw1yn8hhk.webp\" title=\"new-year-st-barts\" alt=\"new year st barts\" loading=\"lazy\" \/>\t\t\t\t\t\t\t\t\t\t\t\t\t\t\t<\/div>\n\t\t\t\t<\/div>\n\t\t\t\t<\/div>\n\t\t<div class=\"elementor-element elementor-element-acd2dd0 e-con-full e-flex e-con e-child\" data-id=\"acd2dd0\" data-element_type=\"container\" data-e-type=\"container\">\n\t\t\t\t<div class=\"elementor-element elementor-element-bb19c95 elementor-widget elementor-widget-heading\" data-id=\"bb19c95\" data-element_type=\"widget\" data-e-type=\"widget\" data-widget_type=\"heading.default\">\n\t\t\t\t<div class=\"elementor-widget-container\">\n\t\t\t\t\t<h2 class=\"elementor-heading-title elementor-size-default\">Nouvel An \u00e0 St Barth<\/h2>\t\t\t\t<\/div>\n\t\t\t\t<\/div>\n\t\t\t\t<div class=\"elementor-element elementor-element-1b28e96 texto-gold elementor-widget elementor-widget-text-editor\" data-id=\"1b28e96\" data-element_type=\"widget\" data-e-type=\"widget\" data-widget_type=\"text-editor.default\">\n\t\t\t\t<div class=\"elementor-widget-container\">\n\t\t\t\t\t\t\t\t\t<p>Le rendez-vous des \u00e9l\u00e9gants.<\/p>\t\t\t\t\t\t\t\t<\/div>\n\t\t\t\t<\/div>\n\t\t\t\t<div class=\"elementor-element elementor-element-9b63d60 elementor-widget elementor-widget-text-editor\" data-id=\"9b63d60\" data-element_type=\"widget\" data-e-type=\"widget\" data-widget_type=\"text-editor.default\">\n\t\t\t\t<div class=\"elementor-widget-container\">\n\t\t\t\t\t\t\t\t\t<p><span style=\"font-weight: 400;\">Fuyant le froid glacial new yorkais et la monotonie europ\u00e9enne, les c\u00e9l\u00e9brit\u00e9s, les influenceurs et jet-setters se r\u00e9fugient \u00e0 Saint-Barth pour c\u00e9l\u00e9brer le Nouvel An. L&#8217;\u00eele, alors transform\u00e9e en un v\u00e9ritable paradis tropical, offre un \u00e9crin luxueux pour des f\u00eates inoubliables.<\/span><\/p><p><span style=\"font-weight: 400;\">Sous le soleil des Cara\u00efbes, les nuits s&#8217;enflamment au rythme de la musique, tandis que les yachts scintillent au large. St Barth devient le point de rendez-vous incontournable pour ceux qui sont en qu\u00eate d&#8217;\u00e9l\u00e9gance et d\u2019ambiance festive color\u00e9e.<\/span><\/p>\t\t\t\t\t\t\t\t<\/div>\n\t\t\t\t<\/div>\n\t\t\t\t<div class=\"elementor-element elementor-element-7fdffc7 elementor-widget elementor-widget-text-editor\" data-id=\"7fdffc7\" data-element_type=\"widget\" data-e-type=\"widget\" data-widget_type=\"text-editor.default\">\n\t\t\t\t<div class=\"elementor-widget-container\">\n\t\t\t\t\t\t\t\t\t<p><a href=\"https:\/\/www.bucketlistvilla.com\/fr\/nouvel-an-st-barth\/\"><span style=\"font-weight: 400;\">NOUVEL AN \u00c0 SAINT BARTH &gt;<\/span><\/a><\/p>\t\t\t\t\t\t\t\t<\/div>\n\t\t\t\t<\/div>\n\t\t\t\t<\/div>\n\t\t\t\t\t<\/div>\n\t\t\t\t<\/div>\n\t\t<div class=\"elementor-element elementor-element-0ea552a elementor-hidden-mobile e-flex e-con-boxed e-con e-parent\" data-id=\"0ea552a\" data-element_type=\"container\" data-e-type=\"container\">\n\t\t\t\t\t<div class=\"e-con-inner\">\n\t\t<div class=\"elementor-element elementor-element-b3e0da2 e-con-full e-flex e-con e-child\" data-id=\"b3e0da2\" data-element_type=\"container\" data-e-type=\"container\">\n\t\t\t\t<div class=\"elementor-element elementor-element-9f36470 elementor-widget elementor-widget-heading\" data-id=\"9f36470\" data-element_type=\"widget\" data-e-type=\"widget\" data-widget_type=\"heading.default\">\n\t\t\t\t<div class=\"elementor-widget-container\">\n\t\t\t\t\t<h2 class=\"elementor-heading-title elementor-size-default\">Carnaval \u00e0 St Barth<\/h2>\t\t\t\t<\/div>\n\t\t\t\t<\/div>\n\t\t\t\t<div class=\"elementor-element elementor-element-9efe536 texto-gold elementor-widget elementor-widget-text-editor\" data-id=\"9efe536\" data-element_type=\"widget\" data-e-type=\"widget\" data-widget_type=\"text-editor.default\">\n\t\t\t\t<div class=\"elementor-widget-container\">\n\t\t\t\t\t\t\t\t\t<p>Rencontre du luxe et des traditions carib\u00e9ennes.<\/p>\t\t\t\t\t\t\t\t<\/div>\n\t\t\t\t<\/div>\n\t\t\t\t<div class=\"elementor-element elementor-element-50e698a elementor-widget elementor-widget-text-editor\" data-id=\"50e698a\" data-element_type=\"widget\" data-e-type=\"widget\" data-widget_type=\"text-editor.default\">\n\t\t\t\t<div class=\"elementor-widget-container\">\n\t\t\t\t\t\t\t\t\t<p><span style=\"font-weight: 400;\">Le Carnaval de Saint-Barth est un v\u00e9ritable spectacle o\u00f9 se m\u00ealent traditions locales et glamour international.<\/span><\/p><p><span style=\"font-weight: 400;\">Les rues de Gustavia s&#8217;animent au rythme des tambours, tandis que les chars somptueux d\u00e9filent sous le soleil des Cara\u00efbes. Les masques les plus extravagants c\u00f4toient les cr\u00e9ations des plus grands couturiers, faisant du carnaval de Saint-Barth un \u00e9v\u00e9nement incontournable pour les amateurs de belles f\u00eates.<\/span><\/p>\t\t\t\t\t\t\t\t<\/div>\n\t\t\t\t<\/div>\n\t\t\t\t<div class=\"elementor-element elementor-element-e666dc5 elementor-widget elementor-widget-text-editor\" data-id=\"e666dc5\" data-element_type=\"widget\" data-e-type=\"widget\" data-widget_type=\"text-editor.default\">\n\t\t\t\t<div class=\"elementor-widget-container\">\n\t\t\t\t\t\t\t\t\t<p><a href=\"https:\/\/www.bucketlistvilla.com\/blog\/fr\/carnaval-de-saint-barth\/\"><span style=\"font-weight: 400;\">ST BARTH CARNAVAL &gt; <\/span><\/a><\/p>\t\t\t\t\t\t\t\t<\/div>\n\t\t\t\t<\/div>\n\t\t\t\t<\/div>\n\t\t<div class=\"elementor-element elementor-element-aaf3a50 e-con-full e-flex e-con e-child\" data-id=\"aaf3a50\" data-element_type=\"container\" data-e-type=\"container\">\n\t\t\t\t<div class=\"elementor-element elementor-element-c61ddc5 elementor-widget elementor-widget-image\" data-id=\"c61ddc5\" data-element_type=\"widget\" data-e-type=\"widget\" data-widget_type=\"image.default\">\n\t\t\t\t<div class=\"elementor-widget-container\">\n\t\t\t\t\t\t\t\t\t\t\t\t\t\t\t<img decoding=\"async\" src=\"https:\/\/www.bucketlistvilla.com\/blog\/wp-content\/uploads\/elementor\/thumbs\/carnaval-st-barts-event-qzzn4qnmtrye02bngnucn02zqa4our2c2k10pvsx3c.webp\" title=\"carnaval-st-barts-event\" alt=\"carnaval-st-barts-event\" loading=\"lazy\" \/>\t\t\t\t\t\t\t\t\t\t\t\t\t\t\t<\/div>\n\t\t\t\t<\/div>\n\t\t\t\t<\/div>\n\t\t\t\t\t<\/div>\n\t\t\t\t<\/div>\n\t\t<div class=\"elementor-element elementor-element-2328c90 elementor-hidden-desktop elementor-hidden-tablet e-flex e-con-boxed e-con e-parent\" data-id=\"2328c90\" data-element_type=\"container\" data-e-type=\"container\">\n\t\t\t\t\t<div class=\"e-con-inner\">\n\t\t<div class=\"elementor-element elementor-element-dc4ddb1 e-con-full e-flex e-con e-child\" data-id=\"dc4ddb1\" data-element_type=\"container\" data-e-type=\"container\">\n\t\t\t\t<div class=\"elementor-element elementor-element-9988349 elementor-widget elementor-widget-image\" data-id=\"9988349\" data-element_type=\"widget\" data-e-type=\"widget\" data-widget_type=\"image.default\">\n\t\t\t\t<div class=\"elementor-widget-container\">\n\t\t\t\t\t\t\t\t\t\t\t\t\t\t\t<img decoding=\"async\" src=\"https:\/\/www.bucketlistvilla.com\/blog\/wp-content\/uploads\/elementor\/thumbs\/carnaval-st-barts-event-qzzn4qnmtrye02bngnucn02zqa4our2c2k10pvsx3c.webp\" title=\"carnaval-st-barts-event\" alt=\"carnaval-st-barts-event\" loading=\"lazy\" \/>\t\t\t\t\t\t\t\t\t\t\t\t\t\t\t<\/div>\n\t\t\t\t<\/div>\n\t\t\t\t<\/div>\n\t\t<div class=\"elementor-element elementor-element-1235066 e-con-full e-flex e-con e-child\" data-id=\"1235066\" data-element_type=\"container\" data-e-type=\"container\">\n\t\t\t\t<div class=\"elementor-element elementor-element-7851289 elementor-widget elementor-widget-heading\" data-id=\"7851289\" data-element_type=\"widget\" data-e-type=\"widget\" data-widget_type=\"heading.default\">\n\t\t\t\t<div class=\"elementor-widget-container\">\n\t\t\t\t\t<h2 class=\"elementor-heading-title elementor-size-default\">Carnaval \u00e0 St Barth<\/h2>\t\t\t\t<\/div>\n\t\t\t\t<\/div>\n\t\t\t\t<div class=\"elementor-element elementor-element-0087f8d texto-gold elementor-widget elementor-widget-text-editor\" data-id=\"0087f8d\" data-element_type=\"widget\" data-e-type=\"widget\" data-widget_type=\"text-editor.default\">\n\t\t\t\t<div class=\"elementor-widget-container\">\n\t\t\t\t\t\t\t\t\t<p>Rencontre du luxe et des traditions carib\u00e9ennes.<\/p>\t\t\t\t\t\t\t\t<\/div>\n\t\t\t\t<\/div>\n\t\t\t\t<div class=\"elementor-element elementor-element-5d5dc44 elementor-widget elementor-widget-text-editor\" data-id=\"5d5dc44\" data-element_type=\"widget\" data-e-type=\"widget\" data-widget_type=\"text-editor.default\">\n\t\t\t\t<div class=\"elementor-widget-container\">\n\t\t\t\t\t\t\t\t\t<p><span style=\"font-weight: 400;\">Le Carnaval de Saint-Barth est un v\u00e9ritable spectacle o\u00f9 se m\u00ealent traditions locales et glamour international.<\/span><\/p><p><span style=\"font-weight: 400;\">Les rues de Gustavia s&#8217;animent au rythme des tambours, tandis que les chars somptueux d\u00e9filent sous le soleil des Cara\u00efbes. Les masques les plus extravagants c\u00f4toient les cr\u00e9ations des plus grands couturiers, faisant du carnaval de Saint-Barth un \u00e9v\u00e9nement incontournable pour les amateurs de belles f\u00eates.<\/span><\/p>\t\t\t\t\t\t\t\t<\/div>\n\t\t\t\t<\/div>\n\t\t\t\t<div class=\"elementor-element elementor-element-0a5eb8a elementor-widget elementor-widget-text-editor\" data-id=\"0a5eb8a\" data-element_type=\"widget\" data-e-type=\"widget\" data-widget_type=\"text-editor.default\">\n\t\t\t\t<div class=\"elementor-widget-container\">\n\t\t\t\t\t\t\t\t\t<p><a href=\"https:\/\/www.bucketlistvilla.com\/blog\/fr\/carnaval-de-saint-barth\/\"><span style=\"font-weight: 400;\">ST BARTH CARNAVAL &gt; <\/span><\/a><\/p>\t\t\t\t\t\t\t\t<\/div>\n\t\t\t\t<\/div>\n\t\t\t\t<\/div>\n\t\t\t\t\t<\/div>\n\t\t\t\t<\/div>\n\t\t<div class=\"elementor-element elementor-element-38097b9 elementor-hidden-mobile e-flex e-con-boxed e-con e-parent\" data-id=\"38097b9\" data-element_type=\"container\" data-e-type=\"container\">\n\t\t\t\t\t<div class=\"e-con-inner\">\n\t\t\t\t<div class=\"elementor-element elementor-element-dbe4403 elementor-widget elementor-widget-spacer\" data-id=\"dbe4403\" data-element_type=\"widget\" data-e-type=\"widget\" data-widget_type=\"spacer.default\">\n\t\t\t\t<div class=\"elementor-widget-container\">\n\t\t\t\t\t\t\t<div class=\"elementor-spacer\">\n\t\t\t<div class=\"elementor-spacer-inner\"><\/div>\n\t\t<\/div>\n\t\t\t\t\t\t<\/div>\n\t\t\t\t<\/div>\n\t\t\t\t<div class=\"elementor-element elementor-element-ce48797 elementor-widget elementor-widget-image\" data-id=\"ce48797\" data-element_type=\"widget\" data-e-type=\"widget\" data-widget_type=\"image.default\">\n\t\t\t\t<div class=\"elementor-widget-container\">\n\t\t\t\t\t\t\t\t\t\t\t\t\t\t\t<img fetchpriority=\"high\" decoding=\"async\" width=\"1920\" height=\"650\" src=\"https:\/\/www.bucketlistvilla.com\/blog\/wp-content\/uploads\/2025\/01\/boat-st-barts-race.webp\" class=\"attachment-full size-full wp-image-2872\" alt=\"bateau st barth course\" srcset=\"https:\/\/www.bucketlistvilla.com\/blog\/wp-content\/uploads\/2025\/01\/boat-st-barts-race.webp 1920w, https:\/\/www.bucketlistvilla.com\/blog\/wp-content\/uploads\/2025\/01\/boat-st-barts-race-768x260.webp 768w, https:\/\/www.bucketlistvilla.com\/blog\/wp-content\/uploads\/2025\/01\/boat-st-barts-race-1536x520.webp 1536w\" sizes=\"(max-width: 1920px) 100vw, 1920px\" \/>\t\t\t\t\t\t\t\t\t\t\t\t\t\t\t<\/div>\n\t\t\t\t<\/div>\n\t\t\t\t<div class=\"elementor-element elementor-element-67e235b elementor-widget elementor-widget-spacer\" data-id=\"67e235b\" data-element_type=\"widget\" data-e-type=\"widget\" data-widget_type=\"spacer.default\">\n\t\t\t\t<div class=\"elementor-widget-container\">\n\t\t\t\t\t\t\t<div class=\"elementor-spacer\">\n\t\t\t<div class=\"elementor-spacer-inner\"><\/div>\n\t\t<\/div>\n\t\t\t\t\t\t<\/div>\n\t\t\t\t<\/div>\n\t\t\t\t\t<\/div>\n\t\t\t\t<\/div>\n\t\t<div class=\"elementor-element elementor-element-b40f926 e-flex e-con-boxed e-con e-parent\" data-id=\"b40f926\" data-element_type=\"container\" data-e-type=\"container\">\n\t\t\t\t\t<div class=\"e-con-inner\">\n\t\t<div class=\"elementor-element elementor-element-9dbb285 e-con-full e-flex e-con e-child\" data-id=\"9dbb285\" data-element_type=\"container\" data-e-type=\"container\">\n\t\t\t\t<div class=\"elementor-element elementor-element-db75257 elementor-widget elementor-widget-image\" data-id=\"db75257\" data-element_type=\"widget\" data-e-type=\"widget\" data-widget_type=\"image.default\">\n\t\t\t\t<div class=\"elementor-widget-container\">\n\t\t\t\t\t\t\t\t\t\t\t\t\t\t\t<img decoding=\"async\" src=\"https:\/\/www.bucketlistvilla.com\/blog\/wp-content\/uploads\/elementor\/thumbs\/event-bucket-regatta-st-barts-qzznl40fuwd67kjkv8lfkdd06vftwz21bl2gmdj2q0.webp\" title=\"event-bucket-regatta-st-barts\" alt=\"\u00e9v\u00e9nement bucket regatta st barth\" loading=\"lazy\" \/>\t\t\t\t\t\t\t\t\t\t\t\t\t\t\t<\/div>\n\t\t\t\t<\/div>\n\t\t\t\t<\/div>\n\t\t<div class=\"elementor-element elementor-element-fd388fa e-con-full e-flex e-con e-child\" data-id=\"fd388fa\" data-element_type=\"container\" data-e-type=\"container\">\n\t\t\t\t<div class=\"elementor-element elementor-element-2f548e9 elementor-widget elementor-widget-heading\" data-id=\"2f548e9\" data-element_type=\"widget\" data-e-type=\"widget\" data-widget_type=\"heading.default\">\n\t\t\t\t<div class=\"elementor-widget-container\">\n\t\t\t\t\t<h2 class=\"elementor-heading-title elementor-size-default\">St Barth Bucket Regatta<\/h2>\t\t\t\t<\/div>\n\t\t\t\t<\/div>\n\t\t\t\t<div class=\"elementor-element elementor-element-6f32437 texto-gold elementor-widget elementor-widget-text-editor\" data-id=\"6f32437\" data-element_type=\"widget\" data-e-type=\"widget\" data-widget_type=\"text-editor.default\">\n\t\t\t\t<div class=\"elementor-widget-container\">\n\t\t\t\t\t\t\t\t\t<p>Un ballet de g\u00e9ants sur les eaux de Saint-Barth.<\/p>\t\t\t\t\t\t\t\t<\/div>\n\t\t\t\t<\/div>\n\t\t\t\t<div class=\"elementor-element elementor-element-16fba4a elementor-widget elementor-widget-text-editor\" data-id=\"16fba4a\" data-element_type=\"widget\" data-e-type=\"widget\" data-widget_type=\"text-editor.default\">\n\t\t\t\t<div class=\"elementor-widget-container\">\n\t\t\t\t\t\t\t\t\t<p><span style=\"font-weight: 400;\">Au mois de mars, les eaux turquoise de Saint-Barth accueillent les g\u00e9ants des mers.<\/span><\/p><p><span style=\"font-weight: 400;\">Ces super yachts, v\u00e9ritables \u0153uvres d\u2019art flottantes, s&#8217;affrontent dans des courses palpitantes, offrant aux spectateurs une sc\u00e8ne maritime d&#8217;exception, un spectacle unique.<\/span><\/p><p><span style=\"font-weight: 400;\">Les nuits, l&#8217;ambiance festive bat son plein sur le port de Gustavia, passion de la voile et art de vivre se m\u00ealent jusqu\u2019au bout de la nuit.<\/span><\/p>\t\t\t\t\t\t\t\t<\/div>\n\t\t\t\t<\/div>\n\t\t\t\t<div class=\"elementor-element elementor-element-7a7a800 elementor-widget elementor-widget-text-editor\" data-id=\"7a7a800\" data-element_type=\"widget\" data-e-type=\"widget\" data-widget_type=\"text-editor.default\">\n\t\t\t\t<div class=\"elementor-widget-container\">\n\t\t\t\t\t\t\t\t\t<p><a href=\"https:\/\/www.bucketlistvilla.com\/blog\/fr\/st-barths-bucket-regatta\/\"><span style=\"font-weight: 400;\">ST BARTH BUCKET REGATTA &gt;<\/span><\/a><\/p>\t\t\t\t\t\t\t\t<\/div>\n\t\t\t\t<\/div>\n\t\t\t\t<div class=\"elementor-element elementor-element-610a3f5 elementor-widget elementor-widget-text-editor\" data-id=\"610a3f5\" data-element_type=\"widget\" data-e-type=\"widget\" data-widget_type=\"text-editor.default\">\n\t\t\t\t<div class=\"elementor-widget-container\">\n\t\t\t\t\t\t\t\t\t<p><a href=\"https:\/\/www.bucketlistvilla.com\/fr\/location\/bateaux-saint-barthelemy-c31e6683\/\"><span style=\"font-weight: 400;\">SAINT-BARTH : LE ROYAUME DES SUPER YACHTS &gt;<\/span><\/a><\/p>\t\t\t\t\t\t\t\t<\/div>\n\t\t\t\t<\/div>\n\t\t\t\t<\/div>\n\t\t\t\t\t<\/div>\n\t\t\t\t<\/div>\n\t\t<div class=\"elementor-element elementor-element-9aa166b elementor-hidden-mobile e-flex e-con-boxed e-con e-parent\" data-id=\"9aa166b\" data-element_type=\"container\" data-e-type=\"container\">\n\t\t\t\t\t<div class=\"e-con-inner\">\n\t\t<div class=\"elementor-element elementor-element-7e7b14f e-con-full e-flex e-con e-child\" data-id=\"7e7b14f\" data-element_type=\"container\" data-e-type=\"container\">\n\t\t\t\t<div class=\"elementor-element elementor-element-0fe609d elementor-widget elementor-widget-heading\" data-id=\"0fe609d\" data-element_type=\"widget\" data-e-type=\"widget\" data-widget_type=\"heading.default\">\n\t\t\t\t<div class=\"elementor-widget-container\">\n\t\t\t\t\t<h2 class=\"elementor-heading-title elementor-size-default\">St Barth Gourmet Festival<\/h2>\t\t\t\t<\/div>\n\t\t\t\t<\/div>\n\t\t\t\t<div class=\"elementor-element elementor-element-7fef401 texto-gold elementor-widget elementor-widget-text-editor\" data-id=\"7fef401\" data-element_type=\"widget\" data-e-type=\"widget\" data-widget_type=\"text-editor.default\">\n\t\t\t\t<div class=\"elementor-widget-container\">\n\t\t\t\t\t\t\t\t\tLe rendez-vous incontournable pour les \u00e9picuriens.\t\t\t\t\t\t\t\t<\/div>\n\t\t\t\t<\/div>\n\t\t\t\t<div class=\"elementor-element elementor-element-c3f51d6 elementor-widget elementor-widget-text-editor\" data-id=\"c3f51d6\" data-element_type=\"widget\" data-e-type=\"widget\" data-widget_type=\"text-editor.default\">\n\t\t\t\t<div class=\"elementor-widget-container\">\n\t\t\t\t\t\t\t\t\t<p><span style=\"font-weight: 400;\">Depuis sa cr\u00e9ation en 2013, cet \u00e9v\u00e9nement unique \u00e0 St Barth c\u00e9l\u00e8bre les saveurs de France et des Antilles.<\/span><\/p><p><span style=\"font-weight: 400;\">Chaque ann\u00e9e au mois de novembre, les grands chefs de l\u2019\u00eele accueillent dans leur cuisine, les chefs \u00e9toil\u00e9s venus de France m\u00e9tropolitaine et d\u2019ailleurs. Ensemble, ils rivalisent de talent pour vous concocter des menus d&#8217;exception, m\u00ealant tradition et cr\u00e9ativit\u00e9.<\/span><\/p><p><span style=\"font-weight: 400;\">Dans un cadre paradisiaque, les gourmets sont invit\u00e9s \u00e0 un voyage gustatif inoubliable, une promesse d\u2019une exp\u00e9rience \u00e9picurienne in\u00e9galable.<\/span><\/p>\t\t\t\t\t\t\t\t<\/div>\n\t\t\t\t<\/div>\n\t\t\t\t<div class=\"elementor-element elementor-element-b4fef81 elementor-widget elementor-widget-text-editor\" data-id=\"b4fef81\" data-element_type=\"widget\" data-e-type=\"widget\" data-widget_type=\"text-editor.default\">\n\t\t\t\t<div class=\"elementor-widget-container\">\n\t\t\t\t\t\t\t\t\t<p><a href=\"https:\/\/www.bucketlistvilla.com\/blog\/fr\/st-barth-gourmet-festival\/\"><span style=\"font-weight: 400;\">ST BARTH GOURMET FESTIVAL &gt;<\/span><\/a><\/p>\t\t\t\t\t\t\t\t<\/div>\n\t\t\t\t<\/div>\n\t\t\t\t<div class=\"elementor-element elementor-element-b2b9e18 elementor-widget elementor-widget-text-editor\" data-id=\"b2b9e18\" data-element_type=\"widget\" data-e-type=\"widget\" data-widget_type=\"text-editor.default\">\n\t\t\t\t<div class=\"elementor-widget-container\">\n\t\t\t\t\t\t\t\t\t<p><a href=\"https:\/\/www.bucketlistvilla.com\/blog\/fr\/location-villas-caraibes-avec-chef-prive\/\"><span style=\"font-weight: 400;\">EXP\u00c9RIENCE GASTRONOMIQUE EN VILLA &gt;\u00a0<\/span><\/a><\/p>\t\t\t\t\t\t\t\t<\/div>\n\t\t\t\t<\/div>\n\t\t\t\t<\/div>\n\t\t<div class=\"elementor-element elementor-element-9dc7fa6 e-con-full e-flex e-con e-child\" data-id=\"9dc7fa6\" data-element_type=\"container\" data-e-type=\"container\">\n\t\t\t\t<div class=\"elementor-element elementor-element-b4b8e75 elementor-widget elementor-widget-image\" data-id=\"b4b8e75\" data-element_type=\"widget\" data-e-type=\"widget\" data-widget_type=\"image.default\">\n\t\t\t\t<div class=\"elementor-widget-container\">\n\t\t\t\t\t\t\t\t\t\t\t\t\t\t\t<img decoding=\"async\" src=\"https:\/\/www.bucketlistvilla.com\/blog\/wp-content\/uploads\/elementor\/thumbs\/events-st-barts-gourmet-festival-qzznmf0dcm5ic2nb8sws11i1w506lu8m61oqm7le2w.webp\" title=\"events-st-barts-gourmet-festival\" alt=\"st barth gourmet festival\" loading=\"lazy\" \/>\t\t\t\t\t\t\t\t\t\t\t\t\t\t\t<\/div>\n\t\t\t\t<\/div>\n\t\t\t\t<\/div>\n\t\t\t\t\t<\/div>\n\t\t\t\t<\/div>\n\t\t<div class=\"elementor-element elementor-element-609b04b elementor-hidden-desktop elementor-hidden-tablet e-flex e-con-boxed e-con e-parent\" data-id=\"609b04b\" data-element_type=\"container\" data-e-type=\"container\">\n\t\t\t\t\t<div class=\"e-con-inner\">\n\t\t<div class=\"elementor-element elementor-element-25e9d5a e-con-full e-flex e-con e-child\" data-id=\"25e9d5a\" data-element_type=\"container\" data-e-type=\"container\">\n\t\t\t\t<div class=\"elementor-element elementor-element-23fef7f elementor-widget elementor-widget-image\" data-id=\"23fef7f\" data-element_type=\"widget\" data-e-type=\"widget\" data-widget_type=\"image.default\">\n\t\t\t\t<div class=\"elementor-widget-container\">\n\t\t\t\t\t\t\t\t\t\t\t\t\t\t\t<img decoding=\"async\" src=\"https:\/\/www.bucketlistvilla.com\/blog\/wp-content\/uploads\/elementor\/thumbs\/events-st-barts-gourmet-festival-qzznmf0dcm5ic2nb8sws11i1w506lu8m61oqm7le2w.webp\" title=\"events-st-barts-gourmet-festival\" alt=\"st barth gourmet festival\" loading=\"lazy\" \/>\t\t\t\t\t\t\t\t\t\t\t\t\t\t\t<\/div>\n\t\t\t\t<\/div>\n\t\t\t\t<\/div>\n\t\t<div class=\"elementor-element elementor-element-1443ddc e-con-full e-flex e-con e-child\" data-id=\"1443ddc\" data-element_type=\"container\" data-e-type=\"container\">\n\t\t\t\t<div class=\"elementor-element elementor-element-e9f28d3 elementor-widget elementor-widget-heading\" data-id=\"e9f28d3\" data-element_type=\"widget\" data-e-type=\"widget\" data-widget_type=\"heading.default\">\n\t\t\t\t<div class=\"elementor-widget-container\">\n\t\t\t\t\t<h2 class=\"elementor-heading-title elementor-size-default\">St Barth Gourmet Festival<\/h2>\t\t\t\t<\/div>\n\t\t\t\t<\/div>\n\t\t\t\t<div class=\"elementor-element elementor-element-06b261f texto-gold elementor-widget elementor-widget-text-editor\" data-id=\"06b261f\" data-element_type=\"widget\" data-e-type=\"widget\" data-widget_type=\"text-editor.default\">\n\t\t\t\t<div class=\"elementor-widget-container\">\n\t\t\t\t\t\t\t\t\t<p>Le rendez-vous incontournable pour les \u00e9picuriens.<\/p>\t\t\t\t\t\t\t\t<\/div>\n\t\t\t\t<\/div>\n\t\t\t\t<div class=\"elementor-element elementor-element-16752df elementor-widget elementor-widget-text-editor\" data-id=\"16752df\" data-element_type=\"widget\" data-e-type=\"widget\" data-widget_type=\"text-editor.default\">\n\t\t\t\t<div class=\"elementor-widget-container\">\n\t\t\t\t\t\t\t\t\t<p><span style=\"font-weight: 400;\">Depuis sa cr\u00e9ation en 2013, cet \u00e9v\u00e9nement unique \u00e0 St Barth c\u00e9l\u00e8bre les saveurs de France et des Antilles.<\/span><\/p><p><span style=\"font-weight: 400;\">Chaque ann\u00e9e au mois de novembre, les grands chefs de l\u2019\u00eele accueillent dans leur cuisine, les chefs \u00e9toil\u00e9s venus de France m\u00e9tropolitaine et d\u2019ailleurs. Ensemble, ils rivalisent de talent pour vous concocter des menus d&#8217;exception, m\u00ealant tradition et cr\u00e9ativit\u00e9.<\/span><\/p><p><span style=\"font-weight: 400;\">Dans un cadre paradisiaque, les gourmets sont invit\u00e9s \u00e0 un voyage gustatif inoubliable, une promesse d\u2019une exp\u00e9rience \u00e9picurienne in\u00e9galable.<\/span><\/p>\t\t\t\t\t\t\t\t<\/div>\n\t\t\t\t<\/div>\n\t\t\t\t<div class=\"elementor-element elementor-element-08d9003 elementor-widget elementor-widget-text-editor\" data-id=\"08d9003\" data-element_type=\"widget\" data-e-type=\"widget\" data-widget_type=\"text-editor.default\">\n\t\t\t\t<div class=\"elementor-widget-container\">\n\t\t\t\t\t\t\t\t\t<p><a href=\"https:\/\/www.bucketlistvilla.com\/blog\/fr\/st-barth-gourmet-festival\/\"><span style=\"font-weight: 400;\">ST BARTH GOURMET FESTIVAL &gt;<\/span><\/a><\/p>\t\t\t\t\t\t\t\t<\/div>\n\t\t\t\t<\/div>\n\t\t\t\t<div class=\"elementor-element elementor-element-fe5155c elementor-widget elementor-widget-text-editor\" data-id=\"fe5155c\" data-element_type=\"widget\" data-e-type=\"widget\" data-widget_type=\"text-editor.default\">\n\t\t\t\t<div class=\"elementor-widget-container\">\n\t\t\t\t\t\t\t\t\t<p><a href=\"https:\/\/www.bucketlistvilla.com\/blog\/fr\/location-villas-caraibes-avec-chef-prive\/\"><span style=\"font-weight: 400;\">EXP\u00c9RIENCE GASTRONOMIQUE EN VILLA &gt;\u00a0<\/span><\/a><\/p>\t\t\t\t\t\t\t\t<\/div>\n\t\t\t\t<\/div>\n\t\t\t\t<\/div>\n\t\t\t\t\t<\/div>\n\t\t\t\t<\/div>\n\t\t<div class=\"elementor-element elementor-element-11780a3 e-flex e-con-boxed e-con e-parent\" data-id=\"11780a3\" data-element_type=\"container\" data-e-type=\"container\">\n\t\t\t\t\t<div class=\"e-con-inner\">\n\t\t\t\t<div class=\"elementor-element elementor-element-0ec3ff9 elementor-widget elementor-widget-text-editor\" data-id=\"0ec3ff9\" data-element_type=\"widget\" data-e-type=\"widget\" data-widget_type=\"text-editor.default\">\n\t\t\t\t<div class=\"elementor-widget-container\">\n\t\t\t\t\t\t\t\t\t<h2><span style=\"color: #393e47;\">VILLA DE LUXE POUR VOS<\/span> <span class=\"titre-partiel\"> \u00e9v\u00e9nements<\/span> <span style=\"color: #393e47;\">\u00e0 St Barth<\/span><\/h2>\t\t\t\t\t\t\t\t<\/div>\n\t\t\t\t<\/div>\n\t\t\t\t\t<\/div>\n\t\t\t\t<\/div>\n\t\t<div class=\"elementor-element elementor-element-81c9f65 e-flex e-con-boxed e-con e-parent\" data-id=\"81c9f65\" data-element_type=\"container\" data-e-type=\"container\">\n\t\t\t\t\t<div class=\"e-con-inner\">\n\t\t\t\t<div class=\"elementor-element elementor-element-f988f0d texto-gold elementor-widget elementor-widget-text-editor\" data-id=\"f988f0d\" data-element_type=\"widget\" data-e-type=\"widget\" data-widget_type=\"text-editor.default\">\n\t\t\t\t<div class=\"elementor-widget-container\">\n\t\t\t\t\t\t\t\t\tEt si vous choisissiez la villa de location parfaite pour accueillir votre prochain \u00e9v\u00e9nement ?\t\t\t\t\t\t\t\t<\/div>\n\t\t\t\t<\/div>\n\t\t\t\t\t<\/div>\n\t\t\t\t<\/div>\n\t\t<div class=\"elementor-element elementor-element-9a766fa e-flex e-con-boxed e-con e-parent\" data-id=\"9a766fa\" data-element_type=\"container\" data-e-type=\"container\">\n\t\t\t\t\t<div class=\"e-con-inner\">\n\t\t\t\t<div class=\"elementor-element elementor-element-7d8ce6a elementor-widget elementor-widget-text-editor\" data-id=\"7d8ce6a\" data-element_type=\"widget\" data-e-type=\"widget\" data-widget_type=\"text-editor.default\">\n\t\t\t\t<div class=\"elementor-widget-container\">\n\t\t\t\t\t\t\t\t\t<p><span style=\"font-weight: 400;\">Nos villas d&#8217;exception, v\u00e9ritables joyaux architecturaux, offrent un cadre unique et personnalis\u00e9 pour c\u00e9l\u00e9brer vos moments les plus pr\u00e9cieux. Qu&#8217;il s&#8217;agisse d&#8217;un <a href=\"https:\/\/www.bucketlistvilla.com\/blog\/fr\/lune-de-miel-saint-barthelemy\/\">mariage<\/a> dans une somptueuse destinations, d&#8217;un anniversaire m\u00e9morable ou d&#8217;un s\u00e9minaire d&#8217;entreprise prestigieux, d\u2019une s\u00e9ance de shooting ou de tournage, chaque villa est une toile blanche sur laquelle vous pourrez \u00e9crire votre propre histoire.<\/span><\/p><p><span style=\"font-weight: 400;\">Avec des piscines \u00e0 d\u00e9bordement, des jardins luxuriants et des int\u00e9rieurs design, nos propri\u00e9t\u00e9s offrent un d\u00e9cor de r\u00eave pour cr\u00e9er des souvenirs imp\u00e9rissables. Faites de votre \u00e9v\u00e9nement \u00e0 St Barth un moment magique dans un cadre d&#8217;exception. Ensemble, trouvons l\u2019\u00e9crin parfait pour sublimer vos \u00e9v\u00e9nements.<\/span><\/p>\t\t\t\t\t\t\t\t<\/div>\n\t\t\t\t<\/div>\n\t\t\t\t<div class=\"elementor-element elementor-element-37fb201 texto-gold30 elementor-widget elementor-widget-text-editor\" data-id=\"37fb201\" data-element_type=\"widget\" data-e-type=\"widget\" data-widget_type=\"text-editor.default\">\n\t\t\t\t<div class=\"elementor-widget-container\">\n\t\t\t\t\t\t\t\t\t<p>\u00ab Bucket List Villa, votre partenaire pour des \u00e9v\u00e9nements inoubliables \u00bb<\/p>\t\t\t\t\t\t\t\t<\/div>\n\t\t\t\t<\/div>\n\t\t\t\t\t<\/div>\n\t\t\t\t<\/div>\n\t\t<div class=\"elementor-element elementor-element-bd681ac e-flex e-con-boxed e-con e-parent\" data-id=\"bd681ac\" data-element_type=\"container\" data-e-type=\"container\">\n\t\t\t\t\t<div class=\"e-con-inner\">\n\t\t<div class=\"elementor-element elementor-element-acaceba e-con-full e-flex e-con e-child\" data-id=\"acaceba\" data-element_type=\"container\" data-e-type=\"container\">\n\t\t\t\t<div class=\"elementor-element elementor-element-de2e479 elementor-align-right elementor-mobile-align-center elementor-widget elementor-widget-button\" data-id=\"de2e479\" data-element_type=\"widget\" data-e-type=\"widget\" data-widget_type=\"button.default\">\n\t\t\t\t<div class=\"elementor-widget-container\">\n\t\t\t\t\t\t\t\t\t<div class=\"elementor-button-wrapper\">\n\t\t\t\t\t<a class=\"elementor-button elementor-button-link elementor-size-sm\" href=\"https:\/\/www.bucketlistvilla.com\/fr\/location\/location-locations-n0\/tag-domaine-d-exception\/\">\n\t\t\t\t\t\t<span class=\"elementor-button-content-wrapper\">\n\t\t\t\t\t\t\t\t\t<span class=\"elementor-button-text\">NOS DOMAINES D\u2019EXCEPTION<\/span>\n\t\t\t\t\t<\/span>\n\t\t\t\t\t<\/a>\n\t\t\t\t<\/div>\n\t\t\t\t\t\t\t\t<\/div>\n\t\t\t\t<\/div>\n\t\t\t\t<\/div>\n\t\t<div class=\"elementor-element elementor-element-9b6687d e-con-full e-flex e-con e-child\" data-id=\"9b6687d\" data-element_type=\"container\" data-e-type=\"container\">\n\t\t\t\t<div class=\"elementor-element elementor-element-dd77ed3 elementor-align-left elementor-mobile-align-center elementor-widget elementor-widget-button\" data-id=\"dd77ed3\" data-element_type=\"widget\" data-e-type=\"widget\" data-widget_type=\"button.default\">\n\t\t\t\t<div class=\"elementor-widget-container\">\n\t\t\t\t\t\t\t\t\t<div class=\"elementor-button-wrapper\">\n\t\t\t\t\t<a class=\"elementor-button elementor-button-link elementor-size-sm\" href=\"https:\/\/wa.me\/+590690610267\">\n\t\t\t\t\t\t<span class=\"elementor-button-content-wrapper\">\n\t\t\t\t\t\t\t\t\t<span class=\"elementor-button-text\">CONTACTEZ LE SERVICE \u00c9V\u00c9NEMENTIEL<\/span>\n\t\t\t\t\t<\/span>\n\t\t\t\t\t<\/a>\n\t\t\t\t<\/div>\n\t\t\t\t\t\t\t\t<\/div>\n\t\t\t\t<\/div>\n\t\t\t\t<\/div>\n\t\t\t\t\t<\/div>\n\t\t\t\t<\/div>\n\t\t<div class=\"elementor-element elementor-element-e98bf3f e-flex e-con-boxed e-con e-parent\" data-id=\"e98bf3f\" data-element_type=\"container\" data-e-type=\"container\">\n\t\t\t\t\t<div class=\"e-con-inner\">\n\t\t\t\t<div class=\"elementor-element elementor-element-d3d3af6 elementor-widget elementor-widget-spacer\" data-id=\"d3d3af6\" data-element_type=\"widget\" data-e-type=\"widget\" data-widget_type=\"spacer.default\">\n\t\t\t\t<div class=\"elementor-widget-container\">\n\t\t\t\t\t\t\t<div class=\"elementor-spacer\">\n\t\t\t<div class=\"elementor-spacer-inner\"><\/div>\n\t\t<\/div>\n\t\t\t\t\t\t<\/div>\n\t\t\t\t<\/div>\n\t\t\t\t\t<\/div>\n\t\t\t\t<\/div>\n\t\t<div class=\"elementor-element elementor-element-8bbd5a5 e-flex e-con-boxed e-con e-parent\" data-id=\"8bbd5a5\" data-element_type=\"container\" data-e-type=\"container\">\n\t\t\t\t\t<div class=\"e-con-inner\">\n\t\t<div class=\"elementor-element elementor-element-a36de70 e-con-full e-flex e-con e-child\" data-id=\"a36de70\" data-element_type=\"container\" data-e-type=\"container\">\n\t\t\t\t<div class=\"elementor-element elementor-element-8fa3612 elementor-widget elementor-widget-heading\" data-id=\"8fa3612\" data-element_type=\"widget\" data-e-type=\"widget\" data-widget_type=\"heading.default\">\n\t\t\t\t<div class=\"elementor-widget-container\">\n\t\t\t\t\t<h3 class=\"elementor-heading-title elementor-size-default\">Besoin d'aide pour r\u00e9server ?<\/h3>\t\t\t\t<\/div>\n\t\t\t\t<\/div>\n\t\t<div class=\"elementor-element elementor-element-bef2056 e-con-full e-flex e-con e-child\" data-id=\"bef2056\" data-element_type=\"container\" data-e-type=\"container\">\n\t\t\t\t<div class=\"elementor-element elementor-element-f7c76ef elementor-icon-list--layout-inline elementor-list-item-link-full_width elementor-widget elementor-widget-icon-list\" data-id=\"f7c76ef\" data-element_type=\"widget\" data-e-type=\"widget\" data-widget_type=\"icon-list.default\">\n\t\t\t\t<div class=\"elementor-widget-container\">\n\t\t\t\t\t\t\t<ul class=\"elementor-icon-list-items elementor-inline-items\">\n\t\t\t\t\t\t\t<li class=\"elementor-icon-list-item elementor-inline-item\">\n\t\t\t\t\t\t\t\t\t\t\t<a href=\"tel:+590690610267\">\n\n\t\t\t\t\t\t\t\t\t\t\t\t<span class=\"elementor-icon-list-icon\">\n\t\t\t\t\t\t\t<svg aria-hidden=\"true\" class=\"e-font-icon-svg e-fas-phone-alt\" viewBox=\"0 0 512 512\" xmlns=\"http:\/\/www.w3.org\/2000\/svg\"><path d=\"M497.39 361.8l-112-48a24 24 0 0 0-28 6.9l-49.6 60.6A370.66 370.66 0 0 1 130.6 204.11l60.6-49.6a23.94 23.94 0 0 0 6.9-28l-48-112A24.16 24.16 0 0 0 122.6.61l-104 24A24 24 0 0 0 0 48c0 256.5 207.9 464 464 464a24 24 0 0 0 23.4-18.6l24-104a24.29 24.29 0 0 0-14.01-27.6z\"><\/path><\/svg>\t\t\t\t\t\t<\/span>\n\t\t\t\t\t\t\t\t\t\t<span class=\"elementor-icon-list-text\"><\/span>\n\t\t\t\t\t\t\t\t\t\t\t<\/a>\n\t\t\t\t\t\t\t\t\t<\/li>\n\t\t\t\t\t\t\t\t<li class=\"elementor-icon-list-item elementor-inline-item\">\n\t\t\t\t\t\t\t\t\t\t\t<a href=\"mailto:contact@bucketlistvilla.com\">\n\n\t\t\t\t\t\t\t\t\t\t\t\t<span class=\"elementor-icon-list-icon\">\n\t\t\t\t\t\t\t<svg aria-hidden=\"true\" class=\"e-font-icon-svg e-fas-mail-bulk\" viewBox=\"0 0 576 512\" xmlns=\"http:\/\/www.w3.org\/2000\/svg\"><path d=\"M160 448c-25.6 0-51.2-22.4-64-32-64-44.8-83.2-60.8-96-70.4V480c0 17.67 14.33 32 32 32h256c17.67 0 32-14.33 32-32V345.6c-12.8 9.6-32 25.6-96 70.4-12.8 9.6-38.4 32-64 32zm128-192H32c-17.67 0-32 14.33-32 32v16c25.6 19.2 22.4 19.2 115.2 86.4 9.6 6.4 28.8 25.6 44.8 25.6s35.2-19.2 44.8-22.4c92.8-67.2 89.6-67.2 115.2-86.4V288c0-17.67-14.33-32-32-32zm256-96H224c-17.67 0-32 14.33-32 32v32h96c33.21 0 60.59 25.42 63.71 57.82l.29-.22V416h192c17.67 0 32-14.33 32-32V192c0-17.67-14.33-32-32-32zm-32 128h-64v-64h64v64zm-352-96c0-35.29 28.71-64 64-64h224V32c0-17.67-14.33-32-32-32H96C78.33 0 64 14.33 64 32v192h96v-32z\"><\/path><\/svg>\t\t\t\t\t\t<\/span>\n\t\t\t\t\t\t\t\t\t\t<span class=\"elementor-icon-list-text\"><\/span>\n\t\t\t\t\t\t\t\t\t\t\t<\/a>\n\t\t\t\t\t\t\t\t\t<\/li>\n\t\t\t\t\t\t\t\t<li class=\"elementor-icon-list-item elementor-inline-item\">\n\t\t\t\t\t\t\t\t\t\t\t<a href=\"https:\/\/wa.me\/+590690610267\">\n\n\t\t\t\t\t\t\t\t\t\t\t\t<span class=\"elementor-icon-list-icon\">\n\t\t\t\t\t\t\t<svg aria-hidden=\"true\" class=\"e-font-icon-svg e-fab-whatsapp\" viewBox=\"0 0 448 512\" xmlns=\"http:\/\/www.w3.org\/2000\/svg\"><path d=\"M380.9 97.1C339 55.1 283.2 32 223.9 32c-122.4 0-222 99.6-222 222 0 39.1 10.2 77.3 29.6 111L0 480l117.7-30.9c32.4 17.7 68.9 27 106.1 27h.1c122.3 0 224.1-99.6 224.1-222 0-59.3-25.2-115-67.1-157zm-157 341.6c-33.2 0-65.7-8.9-94-25.7l-6.7-4-69.8 18.3L72 359.2l-4.4-7c-18.5-29.4-28.2-63.3-28.2-98.2 0-101.7 82.8-184.5 184.6-184.5 49.3 0 95.6 19.2 130.4 54.1 34.8 34.9 56.2 81.2 56.1 130.5 0 101.8-84.9 184.6-186.6 184.6zm101.2-138.2c-5.5-2.8-32.8-16.2-37.9-18-5.1-1.9-8.8-2.8-12.5 2.8-3.7 5.6-14.3 18-17.6 21.8-3.2 3.7-6.5 4.2-12 1.4-32.6-16.3-54-29.1-75.5-66-5.7-9.8 5.7-9.1 16.3-30.3 1.8-3.7.9-6.9-.5-9.7-1.4-2.8-12.5-30.1-17.1-41.2-4.5-10.8-9.1-9.3-12.5-9.5-3.2-.2-6.9-.2-10.6-.2-3.7 0-9.7 1.4-14.8 6.9-5.1 5.6-19.4 19-19.4 46.3 0 27.3 19.9 53.7 22.6 57.4 2.8 3.7 39.1 59.7 94.8 83.8 35.2 15.2 49 16.5 66.6 13.9 10.7-1.6 32.8-13.4 37.4-26.4 4.6-13 4.6-24.1 3.2-26.4-1.3-2.5-5-3.9-10.5-6.6z\"><\/path><\/svg>\t\t\t\t\t\t<\/span>\n\t\t\t\t\t\t\t\t\t\t<span class=\"elementor-icon-list-text\"><\/span>\n\t\t\t\t\t\t\t\t\t\t\t<\/a>\n\t\t\t\t\t\t\t\t\t<\/li>\n\t\t\t\t\t\t<\/ul>\n\t\t\t\t\t\t<\/div>\n\t\t\t\t<\/div>\n\t\t\t\t<\/div>\n\t\t\t\t<div class=\"elementor-element elementor-element-8a04ce5 elementor-widget elementor-widget-text-editor\" data-id=\"8a04ce5\" data-element_type=\"widget\" data-e-type=\"widget\" data-widget_type=\"text-editor.default\">\n\t\t\t\t<div class=\"elementor-widget-container\">\n\t\t\t\t\t\t\t\t\t<p><a href=\"https:\/\/www.bucketlistvilla.com\/fr\/contact\/\">\u00caTRE CONTACT\u00c9 PAR NOS EXPERTS &gt;<\/a><\/p>\t\t\t\t\t\t\t\t<\/div>\n\t\t\t\t<\/div>\n\t\t\t\t<div class=\"elementor-element elementor-element-0538df1 elementor-widget elementor-widget-text-editor\" data-id=\"0538df1\" data-element_type=\"widget\" data-e-type=\"widget\" data-widget_type=\"text-editor.default\">\n\t\t\t\t<div class=\"elementor-widget-container\">\n\t\t\t\t\t\t\t\t\t<p><a href=\"https:\/\/wa.me\/+590690610267\">WHATSAPP &gt;<\/a><\/p>\t\t\t\t\t\t\t\t<\/div>\n\t\t\t\t<\/div>\n\t\t\t\t<\/div>\n\t\t<div class=\"elementor-element elementor-element-f07ca1b e-con-full e-flex e-con e-child\" data-id=\"f07ca1b\" data-element_type=\"container\" data-e-type=\"container\">\n\t\t\t\t<div class=\"elementor-element elementor-element-a3de771 elementor-widget elementor-widget-text-editor\" data-id=\"a3de771\" data-element_type=\"widget\" data-e-type=\"widget\" data-widget_type=\"text-editor.default\">\n\t\t\t\t<div class=\"elementor-widget-container\">\n\t\t\t\t\t\t\t\t\t<p><span style=\"font-weight: 400;\">Notre \u00e9quipe d\u2019experts est \u00e0 votre disposition pour vous offrir un service sur mesure et r\u00e9pondre \u00e0 toutes vos demandes.<\/span><\/p><p><span style=\"font-weight: 400;\">De la recherche de la villa parfaite \u00e0 l\u2019organisation de vos \u00e9v\u00e8nements, nous organisons tout pour vous.<\/span><\/p>\t\t\t\t\t\t\t\t<\/div>\n\t\t\t\t<\/div>\n\t\t\t\t<\/div>\n\t\t\t\t\t<\/div>\n\t\t\t\t<\/div>\n\t\t<div class=\"elementor-element elementor-element-66dd4ba e-flex e-con-boxed e-con e-parent\" data-id=\"66dd4ba\" data-element_type=\"container\" data-e-type=\"container\" data-settings=\"{&quot;background_background&quot;:&quot;classic&quot;}\">\n\t\t\t\t\t<div class=\"e-con-inner\">\n\t\t<div class=\"elementor-element elementor-element-d830186 e-con-full e-flex e-con e-child\" data-id=\"d830186\" data-element_type=\"container\" data-e-type=\"container\">\n\t\t\t\t<div class=\"elementor-element elementor-element-da54b0c elementor-widget elementor-widget-text-editor\" data-id=\"da54b0c\" data-element_type=\"widget\" data-e-type=\"widget\" data-widget_type=\"text-editor.default\">\n\t\t\t\t<div class=\"elementor-widget-container\">\n\t\t\t\t\t\t\t\t\t<h2><span class=\"titre-partiel\">\u00c9v\u00e9nements&#8230;<\/span>\u00a0<span style=\"color: #ffffff;\">\u00c0 NE PAS MANQUER<\/span><\/h2>\t\t\t\t\t\t\t\t<\/div>\n\t\t\t\t<\/div>\n\t\t\t\t<div class=\"elementor-element elementor-element-da4b1dd elementor-align-center elementor-icon-list--layout-traditional elementor-list-item-link-full_width elementor-widget elementor-widget-icon-list\" data-id=\"da4b1dd\" data-element_type=\"widget\" data-e-type=\"widget\" data-widget_type=\"icon-list.default\">\n\t\t\t\t<div class=\"elementor-widget-container\">\n\t\t\t\t\t\t\t<ul class=\"elementor-icon-list-items\">\n\t\t\t\t\t\t\t<li class=\"elementor-icon-list-item\">\n\t\t\t\t\t\t\t\t\t\t\t<a href=\"https:\/\/www.bucketlistvilla.com\/fr\/vacances-thanksgiving-st-barth\/\">\n\n\t\t\t\t\t\t\t\t\t\t\t<span class=\"elementor-icon-list-text\">Thanksgiving<\/span>\n\t\t\t\t\t\t\t\t\t\t\t<\/a>\n\t\t\t\t\t\t\t\t\t<\/li>\n\t\t\t\t\t\t\t\t<li class=\"elementor-icon-list-item\">\n\t\t\t\t\t\t\t\t\t\t\t<a href=\"https:\/\/www.bucketlistvilla.com\/blog\/fr\/st-barth-gourmet-festival\/\">\n\n\t\t\t\t\t\t\t\t\t\t\t<span class=\"elementor-icon-list-text\">St Barth Gourmet Festival<\/span>\n\t\t\t\t\t\t\t\t\t\t\t<\/a>\n\t\t\t\t\t\t\t\t\t<\/li>\n\t\t\t\t\t\t\t\t<li class=\"elementor-icon-list-item\">\n\t\t\t\t\t\t\t\t\t\t\t<a href=\"https:\/\/www.bucketlistvilla.com\/blog\/fr\/st-barths-bucket-regatta\/\">\n\n\t\t\t\t\t\t\t\t\t\t\t<span class=\"elementor-icon-list-text\">St Barths Bucket Regatta<\/span>\n\t\t\t\t\t\t\t\t\t\t\t<\/a>\n\t\t\t\t\t\t\t\t\t<\/li>\n\t\t\t\t\t\t\t\t<li class=\"elementor-icon-list-item\">\n\t\t\t\t\t\t\t\t\t\t\t<a href=\"https:\/\/www.bucketlistvilla.com\/blog\/fr\/carnaval-de-saint-barth\/\">\n\n\t\t\t\t\t\t\t\t\t\t\t<span class=\"elementor-icon-list-text\">Carnaval de Saint Barth<\/span>\n\t\t\t\t\t\t\t\t\t\t\t<\/a>\n\t\t\t\t\t\t\t\t\t<\/li>\n\t\t\t\t\t\t<\/ul>\n\t\t\t\t\t\t<\/div>\n\t\t\t\t<\/div>\n\t\t\t\t<div class=\"elementor-element elementor-element-7397f67 elementor-align-center elementor-mobile-align-center elementor-widget elementor-widget-button\" data-id=\"7397f67\" data-element_type=\"widget\" data-e-type=\"widget\" data-widget_type=\"button.default\">\n\t\t\t\t<div class=\"elementor-widget-container\">\n\t\t\t\t\t\t\t\t\t<div class=\"elementor-button-wrapper\">\n\t\t\t\t\t<a class=\"elementor-button elementor-button-link elementor-size-sm\" href=\"https:\/\/www.bucketlistvilla.com\/blog\/fr\/category\/evenement\/\">\n\t\t\t\t\t\t<span class=\"elementor-button-content-wrapper\">\n\t\t\t\t\t\t\t\t\t<span class=\"elementor-button-text\">LE GUIDE DE ST BARTH<\/span>\n\t\t\t\t\t<\/span>\n\t\t\t\t\t<\/a>\n\t\t\t\t<\/div>\n\t\t\t\t\t\t\t\t<\/div>\n\t\t\t\t<\/div>\n\t\t\t\t<\/div>\n\t\t\t\t\t<\/div>\n\t\t\t\t<\/div>\n\t\t\t\t<\/div>\n\t\t","protected":false},"excerpt":{"rendered":"<p>Les meilleurs \u00e9v\u00e9nements et festivals annuels de St Barth St Barth&#8230; UNE \u00ceLE, QUATRE SAISONS D\u2019\u00c9MOTIONS Sous le soleil des Cara\u00efbes, Saint-Barth offre une exp\u00e9rience unique \u00e0 chaque saison. L&#8217;\u00eele, joyau des Antilles, vibre au rythme des passions humaines. Au printemps, les \u00e9l\u00e9gants voiliers transforment l&#8217;oc\u00e9an en terrain de jeu, attirant des marins du monde [&hellip;]<\/p>\n","protected":false},"author":3,"featured_media":2823,"comment_status":"open","ping_status":"open","sticky":false,"template":"","format":"standard","meta":{"footnotes":""},"categories":[33,29],"tags":[],"class_list":["post-2821","post","type-post","status-publish","format-standard","has-post-thumbnail","hentry","category-evenement-st-barth","category-st-barth"],"yoast_head":"<!-- This site is optimized with the Yoast SEO plugin v27.5 - https:\/\/yoast.com\/product\/yoast-seo-wordpress\/ -->\n<title>\u00c9v\u00e9nements et festivals annuels de St Barth | Bucket List Villa<\/title>\n<meta name=\"description\" content=\"D\u00e9couvrez les \u00e9v\u00e9nements incontournables de St Barth : ambiance festive et exp\u00e9riences m\u00e9morables vous attendent toute l\u2019ann\u00e9e.\" \/>\n<meta name=\"robots\" content=\"index, follow, max-snippet:-1, max-image-preview:large, max-video-preview:-1\" \/>\n<link rel=\"canonical\" href=\"https:\/\/www.bucketlistvilla.com\/blog\/fr\/evenements-st-barth\/\" \/>\n<meta property=\"og:locale\" content=\"fr_FR\" \/>\n<meta property=\"og:type\" content=\"article\" \/>\n<meta property=\"og:title\" content=\"\u00c9v\u00e9nements et festivals annuels de St Barth | Bucket List Villa\" \/>\n<meta property=\"og:description\" content=\"D\u00e9couvrez les \u00e9v\u00e9nements incontournables de St Barth : ambiance festive et exp\u00e9riences m\u00e9morables vous attendent toute l\u2019ann\u00e9e.\" \/>\n<meta property=\"og:url\" content=\"https:\/\/www.bucketlistvilla.com\/blog\/fr\/evenements-st-barth\/\" \/>\n<meta property=\"og:site_name\" content=\"Blog\" \/>\n<meta property=\"article:published_time\" content=\"2025-01-14T10:26:26+00:00\" \/>\n<meta property=\"article:modified_time\" content=\"2025-11-10T14:26:24+00:00\" \/>\n<meta property=\"og:image\" content=\"https:\/\/www.bucketlistvilla.com\/blog\/wp-content\/uploads\/2025\/01\/events-st-barts.webp\" \/>\n\t<meta property=\"og:image:width\" content=\"1920\" \/>\n\t<meta property=\"og:image:height\" content=\"650\" \/>\n\t<meta property=\"og:image:type\" content=\"image\/webp\" \/>\n<meta name=\"author\" content=\"digitalservices@avantio.com\" \/>\n<meta name=\"twitter:card\" content=\"summary_large_image\" \/>\n<meta name=\"twitter:label1\" content=\"Written by\" \/>\n\t<meta name=\"twitter:data1\" content=\"digitalservices@avantio.com\" \/>\n\t<meta name=\"twitter:label2\" content=\"Est. reading time\" \/>\n\t<meta name=\"twitter:data2\" content=\"6 minutes\" \/>\n<script type=\"application\/ld+json\" class=\"yoast-schema-graph\">{\"@context\":\"https:\\\/\\\/schema.org\",\"@graph\":[{\"@type\":\"Article\",\"@id\":\"https:\\\/\\\/www.bucketlistvilla.com\\\/blog\\\/fr\\\/evenements-st-barth\\\/#article\",\"isPartOf\":{\"@id\":\"https:\\\/\\\/www.bucketlistvilla.com\\\/blog\\\/fr\\\/evenements-st-barth\\\/\"},\"author\":{\"name\":\"digitalservices@avantio.com\",\"@id\":\"https:\\\/\\\/www.bucketlistvilla.com\\\/blog\\\/fr\\\/#\\\/schema\\\/person\\\/4fac40a1703aee7856657a7e3931d230\"},\"headline\":\"FESTIVALS &amp; \u00c9V\u00c9NEMENTS \u00c0 ST BARTH\",\"datePublished\":\"2025-01-14T10:26:26+00:00\",\"dateModified\":\"2025-11-10T14:26:24+00:00\",\"mainEntityOfPage\":{\"@id\":\"https:\\\/\\\/www.bucketlistvilla.com\\\/blog\\\/fr\\\/evenements-st-barth\\\/\"},\"wordCount\":1014,\"commentCount\":0,\"image\":{\"@id\":\"https:\\\/\\\/www.bucketlistvilla.com\\\/blog\\\/fr\\\/evenements-st-barth\\\/#primaryimage\"},\"thumbnailUrl\":\"https:\\\/\\\/www.bucketlistvilla.com\\\/blog\\\/wp-content\\\/uploads\\\/2025\\\/01\\\/events-st-barts.webp\",\"articleSection\":[\"\u00c9v\u00e9nement St Barth\",\"St Barth\"],\"inLanguage\":\"fr\",\"potentialAction\":[{\"@type\":\"CommentAction\",\"name\":\"Comment\",\"target\":[\"https:\\\/\\\/www.bucketlistvilla.com\\\/blog\\\/fr\\\/evenements-st-barth\\\/#respond\"]}]},{\"@type\":\"WebPage\",\"@id\":\"https:\\\/\\\/www.bucketlistvilla.com\\\/blog\\\/fr\\\/evenements-st-barth\\\/\",\"url\":\"https:\\\/\\\/www.bucketlistvilla.com\\\/blog\\\/fr\\\/evenements-st-barth\\\/\",\"name\":\"\u00c9v\u00e9nements et festivals annuels de St Barth | Bucket List Villa\",\"isPartOf\":{\"@id\":\"https:\\\/\\\/www.bucketlistvilla.com\\\/blog\\\/fr\\\/#website\"},\"primaryImageOfPage\":{\"@id\":\"https:\\\/\\\/www.bucketlistvilla.com\\\/blog\\\/fr\\\/evenements-st-barth\\\/#primaryimage\"},\"image\":{\"@id\":\"https:\\\/\\\/www.bucketlistvilla.com\\\/blog\\\/fr\\\/evenements-st-barth\\\/#primaryimage\"},\"thumbnailUrl\":\"https:\\\/\\\/www.bucketlistvilla.com\\\/blog\\\/wp-content\\\/uploads\\\/2025\\\/01\\\/events-st-barts.webp\",\"datePublished\":\"2025-01-14T10:26:26+00:00\",\"dateModified\":\"2025-11-10T14:26:24+00:00\",\"author\":{\"@id\":\"https:\\\/\\\/www.bucketlistvilla.com\\\/blog\\\/fr\\\/#\\\/schema\\\/person\\\/4fac40a1703aee7856657a7e3931d230\"},\"description\":\"D\u00e9couvrez les \u00e9v\u00e9nements incontournables de St Barth : ambiance festive et exp\u00e9riences m\u00e9morables vous attendent toute l\u2019ann\u00e9e.\",\"breadcrumb\":{\"@id\":\"https:\\\/\\\/www.bucketlistvilla.com\\\/blog\\\/fr\\\/evenements-st-barth\\\/#breadcrumb\"},\"inLanguage\":\"fr\",\"potentialAction\":[{\"@type\":\"ReadAction\",\"target\":[\"https:\\\/\\\/www.bucketlistvilla.com\\\/blog\\\/fr\\\/evenements-st-barth\\\/\"]}]},{\"@type\":\"ImageObject\",\"inLanguage\":\"fr\",\"@id\":\"https:\\\/\\\/www.bucketlistvilla.com\\\/blog\\\/fr\\\/evenements-st-barth\\\/#primaryimage\",\"url\":\"https:\\\/\\\/www.bucketlistvilla.com\\\/blog\\\/wp-content\\\/uploads\\\/2025\\\/01\\\/events-st-barts.webp\",\"contentUrl\":\"https:\\\/\\\/www.bucketlistvilla.com\\\/blog\\\/wp-content\\\/uploads\\\/2025\\\/01\\\/events-st-barts.webp\",\"width\":1920,\"height\":650,\"caption\":\"\u00e9v\u00e9nements st barth\"},{\"@type\":\"BreadcrumbList\",\"@id\":\"https:\\\/\\\/www.bucketlistvilla.com\\\/blog\\\/fr\\\/evenements-st-barth\\\/#breadcrumb\",\"itemListElement\":[{\"@type\":\"ListItem\",\"position\":1,\"name\":\"Home\",\"item\":\"https:\\\/\\\/www.bucketlistvilla.com\\\/blog\\\/fr\\\/\"},{\"@type\":\"ListItem\",\"position\":2,\"name\":\"FESTIVALS &amp; \u00c9V\u00c9NEMENTS \u00c0 ST BARTH\"}]},{\"@type\":\"WebSite\",\"@id\":\"https:\\\/\\\/www.bucketlistvilla.com\\\/blog\\\/fr\\\/#website\",\"url\":\"https:\\\/\\\/www.bucketlistvilla.com\\\/blog\\\/fr\\\/\",\"name\":\"Blog\",\"description\":\"\",\"potentialAction\":[{\"@type\":\"SearchAction\",\"target\":{\"@type\":\"EntryPoint\",\"urlTemplate\":\"https:\\\/\\\/www.bucketlistvilla.com\\\/blog\\\/fr\\\/?s={search_term_string}\"},\"query-input\":{\"@type\":\"PropertyValueSpecification\",\"valueRequired\":true,\"valueName\":\"search_term_string\"}}],\"inLanguage\":\"fr\"},{\"@type\":\"Person\",\"@id\":\"https:\\\/\\\/www.bucketlistvilla.com\\\/blog\\\/fr\\\/#\\\/schema\\\/person\\\/4fac40a1703aee7856657a7e3931d230\",\"name\":\"digitalservices@avantio.com\",\"image\":{\"@type\":\"ImageObject\",\"inLanguage\":\"fr\",\"@id\":\"https:\\\/\\\/secure.gravatar.com\\\/avatar\\\/af30f88a1904294c1f3eb09a9d7903eec4ffa18fa2cf40c28a8681014ecdfc20?s=96&d=mm&r=g\",\"url\":\"https:\\\/\\\/secure.gravatar.com\\\/avatar\\\/af30f88a1904294c1f3eb09a9d7903eec4ffa18fa2cf40c28a8681014ecdfc20?s=96&d=mm&r=g\",\"contentUrl\":\"https:\\\/\\\/secure.gravatar.com\\\/avatar\\\/af30f88a1904294c1f3eb09a9d7903eec4ffa18fa2cf40c28a8681014ecdfc20?s=96&d=mm&r=g\",\"caption\":\"digitalservices@avantio.com\"},\"url\":\"https:\\\/\\\/www.bucketlistvilla.com\\\/blog\\\/fr\\\/author\\\/digitalservicesavantio-com\\\/\"}]}<\/script>\n<!-- \/ Yoast SEO plugin. -->","yoast_head_json":{"title":"\u00c9v\u00e9nements et festivals annuels de St Barth | Bucket List Villa","description":"D\u00e9couvrez les \u00e9v\u00e9nements incontournables de St Barth : ambiance festive et exp\u00e9riences m\u00e9morables vous attendent toute l\u2019ann\u00e9e.","robots":{"index":"index","follow":"follow","max-snippet":"max-snippet:-1","max-image-preview":"max-image-preview:large","max-video-preview":"max-video-preview:-1"},"canonical":"https:\/\/www.bucketlistvilla.com\/blog\/fr\/evenements-st-barth\/","og_locale":"fr_FR","og_type":"article","og_title":"\u00c9v\u00e9nements et festivals annuels de St Barth | Bucket List Villa","og_description":"D\u00e9couvrez les \u00e9v\u00e9nements incontournables de St Barth : ambiance festive et exp\u00e9riences m\u00e9morables vous attendent toute l\u2019ann\u00e9e.","og_url":"https:\/\/www.bucketlistvilla.com\/blog\/fr\/evenements-st-barth\/","og_site_name":"Blog","article_published_time":"2025-01-14T10:26:26+00:00","article_modified_time":"2025-11-10T14:26:24+00:00","og_image":[{"width":1920,"height":650,"url":"https:\/\/www.bucketlistvilla.com\/blog\/wp-content\/uploads\/2025\/01\/events-st-barts.webp","type":"image\/webp"}],"author":"digitalservices@avantio.com","twitter_card":"summary_large_image","twitter_misc":{"Written by":"digitalservices@avantio.com","Est. reading time":"6 minutes"},"schema":{"@context":"https:\/\/schema.org","@graph":[{"@type":"Article","@id":"https:\/\/www.bucketlistvilla.com\/blog\/fr\/evenements-st-barth\/#article","isPartOf":{"@id":"https:\/\/www.bucketlistvilla.com\/blog\/fr\/evenements-st-barth\/"},"author":{"name":"digitalservices@avantio.com","@id":"https:\/\/www.bucketlistvilla.com\/blog\/fr\/#\/schema\/person\/4fac40a1703aee7856657a7e3931d230"},"headline":"FESTIVALS &amp; \u00c9V\u00c9NEMENTS \u00c0 ST BARTH","datePublished":"2025-01-14T10:26:26+00:00","dateModified":"2025-11-10T14:26:24+00:00","mainEntityOfPage":{"@id":"https:\/\/www.bucketlistvilla.com\/blog\/fr\/evenements-st-barth\/"},"wordCount":1014,"commentCount":0,"image":{"@id":"https:\/\/www.bucketlistvilla.com\/blog\/fr\/evenements-st-barth\/#primaryimage"},"thumbnailUrl":"https:\/\/www.bucketlistvilla.com\/blog\/wp-content\/uploads\/2025\/01\/events-st-barts.webp","articleSection":["\u00c9v\u00e9nement St Barth","St Barth"],"inLanguage":"fr","potentialAction":[{"@type":"CommentAction","name":"Comment","target":["https:\/\/www.bucketlistvilla.com\/blog\/fr\/evenements-st-barth\/#respond"]}]},{"@type":"WebPage","@id":"https:\/\/www.bucketlistvilla.com\/blog\/fr\/evenements-st-barth\/","url":"https:\/\/www.bucketlistvilla.com\/blog\/fr\/evenements-st-barth\/","name":"\u00c9v\u00e9nements et festivals annuels de St Barth | Bucket List Villa","isPartOf":{"@id":"https:\/\/www.bucketlistvilla.com\/blog\/fr\/#website"},"primaryImageOfPage":{"@id":"https:\/\/www.bucketlistvilla.com\/blog\/fr\/evenements-st-barth\/#primaryimage"},"image":{"@id":"https:\/\/www.bucketlistvilla.com\/blog\/fr\/evenements-st-barth\/#primaryimage"},"thumbnailUrl":"https:\/\/www.bucketlistvilla.com\/blog\/wp-content\/uploads\/2025\/01\/events-st-barts.webp","datePublished":"2025-01-14T10:26:26+00:00","dateModified":"2025-11-10T14:26:24+00:00","author":{"@id":"https:\/\/www.bucketlistvilla.com\/blog\/fr\/#\/schema\/person\/4fac40a1703aee7856657a7e3931d230"},"description":"D\u00e9couvrez les \u00e9v\u00e9nements incontournables de St Barth : ambiance festive et exp\u00e9riences m\u00e9morables vous attendent toute l\u2019ann\u00e9e.","breadcrumb":{"@id":"https:\/\/www.bucketlistvilla.com\/blog\/fr\/evenements-st-barth\/#breadcrumb"},"inLanguage":"fr","potentialAction":[{"@type":"ReadAction","target":["https:\/\/www.bucketlistvilla.com\/blog\/fr\/evenements-st-barth\/"]}]},{"@type":"ImageObject","inLanguage":"fr","@id":"https:\/\/www.bucketlistvilla.com\/blog\/fr\/evenements-st-barth\/#primaryimage","url":"https:\/\/www.bucketlistvilla.com\/blog\/wp-content\/uploads\/2025\/01\/events-st-barts.webp","contentUrl":"https:\/\/www.bucketlistvilla.com\/blog\/wp-content\/uploads\/2025\/01\/events-st-barts.webp","width":1920,"height":650,"caption":"\u00e9v\u00e9nements st barth"},{"@type":"BreadcrumbList","@id":"https:\/\/www.bucketlistvilla.com\/blog\/fr\/evenements-st-barth\/#breadcrumb","itemListElement":[{"@type":"ListItem","position":1,"name":"Home","item":"https:\/\/www.bucketlistvilla.com\/blog\/fr\/"},{"@type":"ListItem","position":2,"name":"FESTIVALS &amp; \u00c9V\u00c9NEMENTS \u00c0 ST BARTH"}]},{"@type":"WebSite","@id":"https:\/\/www.bucketlistvilla.com\/blog\/fr\/#website","url":"https:\/\/www.bucketlistvilla.com\/blog\/fr\/","name":"Blog","description":"","potentialAction":[{"@type":"SearchAction","target":{"@type":"EntryPoint","urlTemplate":"https:\/\/www.bucketlistvilla.com\/blog\/fr\/?s={search_term_string}"},"query-input":{"@type":"PropertyValueSpecification","valueRequired":true,"valueName":"search_term_string"}}],"inLanguage":"fr"},{"@type":"Person","@id":"https:\/\/www.bucketlistvilla.com\/blog\/fr\/#\/schema\/person\/4fac40a1703aee7856657a7e3931d230","name":"digitalservices@avantio.com","image":{"@type":"ImageObject","inLanguage":"fr","@id":"https:\/\/secure.gravatar.com\/avatar\/af30f88a1904294c1f3eb09a9d7903eec4ffa18fa2cf40c28a8681014ecdfc20?s=96&d=mm&r=g","url":"https:\/\/secure.gravatar.com\/avatar\/af30f88a1904294c1f3eb09a9d7903eec4ffa18fa2cf40c28a8681014ecdfc20?s=96&d=mm&r=g","contentUrl":"https:\/\/secure.gravatar.com\/avatar\/af30f88a1904294c1f3eb09a9d7903eec4ffa18fa2cf40c28a8681014ecdfc20?s=96&d=mm&r=g","caption":"digitalservices@avantio.com"},"url":"https:\/\/www.bucketlistvilla.com\/blog\/fr\/author\/digitalservicesavantio-com\/"}]}},"_links":{"self":[{"href":"https:\/\/www.bucketlistvilla.com\/blog\/fr\/wp-json\/wp\/v2\/posts\/2821","targetHints":{"allow":["GET"]}}],"collection":[{"href":"https:\/\/www.bucketlistvilla.com\/blog\/fr\/wp-json\/wp\/v2\/posts"}],"about":[{"href":"https:\/\/www.bucketlistvilla.com\/blog\/fr\/wp-json\/wp\/v2\/types\/post"}],"author":[{"embeddable":true,"href":"https:\/\/www.bucketlistvilla.com\/blog\/fr\/wp-json\/wp\/v2\/users\/3"}],"replies":[{"embeddable":true,"href":"https:\/\/www.bucketlistvilla.com\/blog\/fr\/wp-json\/wp\/v2\/comments?post=2821"}],"version-history":[{"count":84,"href":"https:\/\/www.bucketlistvilla.com\/blog\/fr\/wp-json\/wp\/v2\/posts\/2821\/revisions"}],"predecessor-version":[{"id":11548,"href":"https:\/\/www.bucketlistvilla.com\/blog\/fr\/wp-json\/wp\/v2\/posts\/2821\/revisions\/11548"}],"wp:featuredmedia":[{"embeddable":true,"href":"https:\/\/www.bucketlistvilla.com\/blog\/fr\/wp-json\/wp\/v2\/media\/2823"}],"wp:attachment":[{"href":"https:\/\/www.bucketlistvilla.com\/blog\/fr\/wp-json\/wp\/v2\/media?parent=2821"}],"wp:term":[{"taxonomy":"category","embeddable":true,"href":"https:\/\/www.bucketlistvilla.com\/blog\/fr\/wp-json\/wp\/v2\/categories?post=2821"},{"taxonomy":"post_tag","embeddable":true,"href":"https:\/\/www.bucketlistvilla.com\/blog\/fr\/wp-json\/wp\/v2\/tags?post=2821"}],"curies":[{"name":"wp","href":"https:\/\/api.w.org\/{rel}","templated":true}]}}