{"id":3174,"date":"2025-02-04T15:12:42","date_gmt":"2025-02-04T15:12:42","guid":{"rendered":"https:\/\/www.bucketlistvilla.com\/blog\/?p=3174"},"modified":"2026-02-25T11:45:48","modified_gmt":"2026-02-25T11:45:48","slug":"festival-film-saint-barthelemy","status":"publish","type":"post","link":"https:\/\/www.bucketlistvilla.com\/blog\/fr\/festival-film-saint-barthelemy\/","title":{"rendered":"Le Festival du film de Saint-Barth\u00e9lemy : le cin\u00e9ma des Cara\u00efbes \u00e0 l&#8217;honneur"},"content":{"rendered":"\t\t<div data-elementor-type=\"wp-post\" data-elementor-id=\"3174\" class=\"elementor elementor-3174 elementor-3010\" data-elementor-post-type=\"post\">\n\t\t\t\t<div class=\"elementor-element elementor-element-3171f1a5 e-flex e-con-boxed e-con e-parent\" data-id=\"3171f1a5\" data-element_type=\"container\" data-e-type=\"container\">\n\t\t\t\t\t<div class=\"e-con-inner\">\n\t\t\t\t<div class=\"elementor-element elementor-element-546c547d elementor-widget elementor-widget-text-editor\" data-id=\"546c547d\" data-element_type=\"widget\" data-e-type=\"widget\" data-widget_type=\"text-editor.default\">\n\t\t\t\t<div class=\"elementor-widget-container\">\n\t\t\t\t\t\t\t\t\t<p>Le festival du film de Saint-Barth\u00e9lemy est un \u00e9v\u00e9nement annuel exclusif qui r\u00e9unit des cin\u00e9astes, des artistes et des cin\u00e9philes au c\u0153ur de l&#8217;une des plus belles destinations au monde. Lanc\u00e9 en 1999, il est connu pour son atmosph\u00e8re sophistiqu\u00e9e et son hommage au cin\u00e9ma des Cara\u00efbes et d&#8217;Am\u00e9rique latine.\u00a0<\/p><p>Ce festival constitue une occasion rare de d\u00e9couvrir des r\u00e9cits passionnants tout en \u00e9tant immerg\u00e9 dans le luxe de Saint-Barth\u00e9lemy. Il s&#8217;agit d&#8217;un \u00e9v\u00e9nement incontournable du programme mondain de l&#8217;\u00eele, que vous soyez un passionn\u00e9 de cin\u00e9ma ou un voyageur \u00e0 la recherche d&#8217;un enrichissement culturel.<\/p>\t\t\t\t\t\t\t\t<\/div>\n\t\t\t\t<\/div>\n\t\t\t\t\t<\/div>\n\t\t\t\t<\/div>\n\t\t<div class=\"elementor-element elementor-element-06fe62b e-flex e-con-boxed e-con e-parent\" data-id=\"06fe62b\" data-element_type=\"container\" data-e-type=\"container\">\n\t\t\t\t\t<div class=\"e-con-inner\">\n\t\t\t\t<div class=\"elementor-element elementor-element-eb81a27 elementor-widget elementor-widget-template\" data-id=\"eb81a27\" data-element_type=\"widget\" data-e-type=\"widget\" data-widget_type=\"template.default\">\n\t\t\t\t<div class=\"elementor-widget-container\">\n\t\t\t\t\t\t\t<div class=\"elementor-template\">\n\t\t\t\t\t<div data-elementor-type=\"container\" data-elementor-id=\"6215\" class=\"elementor elementor-6215\" data-elementor-post-type=\"elementor_library\">\n\t\t\t\t<div class=\"elementor-element elementor-element-7fada30 e-flex e-con-boxed e-con e-parent\" data-id=\"7fada30\" data-element_type=\"container\" data-e-type=\"container\">\n\t\t\t\t\t<div class=\"e-con-inner\">\n\t\t\t\t<div class=\"elementor-element elementor-element-9a267c6 elementor-widget elementor-widget-table-of-contents\" data-id=\"9a267c6\" data-element_type=\"widget\" data-e-type=\"widget\" data-settings=\"{&quot;headings_by_tags&quot;:[&quot;h2&quot;],&quot;exclude_headings_by_selector&quot;:[],&quot;marker_view&quot;:&quot;bullets&quot;,&quot;icon&quot;:{&quot;value&quot;:&quot;&quot;,&quot;library&quot;:&quot;&quot;},&quot;no_headings_message&quot;:&quot;Aucun titre n\\u2019a \\u00e9t\\u00e9 trouv\\u00e9 sur cette page.&quot;,&quot;hierarchical_view&quot;:&quot;yes&quot;,&quot;min_height&quot;:{&quot;unit&quot;:&quot;px&quot;,&quot;size&quot;:&quot;&quot;,&quot;sizes&quot;:[]},&quot;min_height_tablet&quot;:{&quot;unit&quot;:&quot;px&quot;,&quot;size&quot;:&quot;&quot;,&quot;sizes&quot;:[]},&quot;min_height_mobile&quot;:{&quot;unit&quot;:&quot;px&quot;,&quot;size&quot;:&quot;&quot;,&quot;sizes&quot;:[]}}\" data-widget_type=\"table-of-contents.default\">\n\t\t\t\t<div class=\"elementor-widget-container\">\n\t\t\t\t\t\t\t\t\t<div class=\"elementor-toc__header\">\n\t\t\t\t\t\t<div class=\"elementor-toc__header-title\">\n\t\t\t\tSommaire\t\t\t<\/div>\n\t\t\t\t\t\t\t\t<\/div>\n\t\t\t\t<div id=\"elementor-toc__9a267c6\" class=\"elementor-toc__body\">\n\t\t\t<div class=\"elementor-toc__spinner-container\">\n\t\t\t\t<svg class=\"elementor-toc__spinner eicon-animation-spin e-font-icon-svg e-eicon-loading\" aria-hidden=\"true\" viewBox=\"0 0 1000 1000\" xmlns=\"http:\/\/www.w3.org\/2000\/svg\"><path d=\"M500 975V858C696 858 858 696 858 500S696 142 500 142 142 304 142 500H25C25 237 238 25 500 25S975 237 975 500 763 975 500 975Z\"><\/path><\/svg>\t\t\t<\/div>\n\t\t<\/div>\n\t\t\t\t\t\t<\/div>\n\t\t\t\t<\/div>\n\t\t\t\t\t<\/div>\n\t\t\t\t<\/div>\n\t\t\t\t<\/div>\n\t\t\t\t<\/div>\n\t\t\t\t\t\t<\/div>\n\t\t\t\t<\/div>\n\t\t\t\t\t<\/div>\n\t\t\t\t<\/div>\n\t\t<div class=\"elementor-element elementor-element-2ffc9129 e-flex e-con-boxed e-con e-parent\" data-id=\"2ffc9129\" data-element_type=\"container\" data-e-type=\"container\">\n\t\t\t\t\t<div class=\"e-con-inner\">\n\t\t\t\t<div class=\"elementor-element elementor-element-2c66cab8 elementor-widget elementor-widget-heading\" data-id=\"2c66cab8\" data-element_type=\"widget\" data-e-type=\"widget\" data-widget_type=\"heading.default\">\n\t\t\t\t<div class=\"elementor-widget-container\">\n\t\t\t\t\t<h2 class=\"elementor-heading-title elementor-size-default\">Le meilleur du festival du film de Saint-Barth\u00e9lemy : entre films et culture<\/h2>\t\t\t\t<\/div>\n\t\t\t\t<\/div>\n\t\t\t\t<div class=\"elementor-element elementor-element-1e60e3c2 elementor-widget elementor-widget-text-editor\" data-id=\"1e60e3c2\" data-element_type=\"widget\" data-e-type=\"widget\" data-widget_type=\"text-editor.default\">\n\t\t\t\t<div class=\"elementor-widget-container\">\n\t\t\t\t\t\t\t\t\t<p>Chaque ann\u00e9e, le festival du film de Saint-Barth\u00e9lemy propose une s\u00e9lection exceptionnelle de films, allant de documentaires stimulants \u00e0 des longs m\u00e9trages r\u00e9volutionnaires. Cette s\u00e9lection met en valeur le cin\u00e9ma des Cara\u00efbes et d&#8217;Am\u00e9rique latine, en pr\u00e9sentant des \u0153uvres qui traitent de l&#8217;h\u00e9ritage culturel, des questions sociales et de l&#8217;innovation artistique. Les projections sont souvent accompagn\u00e9es de s\u00e9ances de questions-r\u00e9ponses avec les r\u00e9alisateurs, ce qui permet au public de mieux comprendre le processus cr\u00e9atif et les th\u00e8mes abord\u00e9s \u00e0 l&#8217;\u00e9cran.<\/p><p>Outre les films, le festival permet de d\u00e9couvrir la culture carib\u00e9enne \u00e0 travers des discussions, des spectacles et des possibilit\u00e9s de r\u00e9seautage, ce qui en fait une exp\u00e9rience enrichissante tant pour les professionnels du secteur que pour les visiteurs.<\/p>\t\t\t\t\t\t\t\t<\/div>\n\t\t\t\t<\/div>\n\t\t\t\t\t<\/div>\n\t\t\t\t<\/div>\n\t\t<div class=\"elementor-element elementor-element-3cd14ed e-flex e-con-boxed e-con e-parent\" data-id=\"3cd14ed\" data-element_type=\"container\" data-e-type=\"container\">\n\t\t\t\t\t<div class=\"e-con-inner\">\n\t\t\t\t<div class=\"elementor-element elementor-element-9a68392 elementor-widget elementor-widget-heading\" data-id=\"9a68392\" data-element_type=\"widget\" data-e-type=\"widget\" data-widget_type=\"heading.default\">\n\t\t\t\t<div class=\"elementor-widget-container\">\n\t\t\t\t\t<h2 class=\"elementor-heading-title elementor-size-default\">Invit\u00e9s d'honneur et programmation du festival<\/h2>\t\t\t\t<\/div>\n\t\t\t\t<\/div>\n\t\t\t\t<div class=\"elementor-element elementor-element-1200276 elementor-widget elementor-widget-text-editor\" data-id=\"1200276\" data-element_type=\"widget\" data-e-type=\"widget\" data-widget_type=\"text-editor.default\">\n\t\t\t\t<div class=\"elementor-widget-container\">\n\t\t\t\t\t\t\t\t\t<p>L&#8217;un des points forts du festival du film de Saint-Barth\u00e9lemy r\u00e9side dans son impressionnante liste d`intervenants, parmi lesquels des r\u00e9alisateurs, des producteurs et des acteurs de renom. Chaque ann\u00e9e, des cin\u00e9astes de renom pr\u00e9sentent leur travail, partagent leurs points de vue et dialoguent avec le public dans le cadre de tables rondes intimistes et de d\u00e9bats apr\u00e8s les projections.<\/p>\t\t\t\t\t\t\t\t<\/div>\n\t\t\t\t<\/div>\n\t\t\t\t\t<\/div>\n\t\t\t\t<\/div>\n\t\t<div class=\"elementor-element elementor-element-66a6f1e e-flex e-con-boxed e-con e-parent\" data-id=\"66a6f1e\" data-element_type=\"container\" data-e-type=\"container\">\n\t\t\t\t\t<div class=\"e-con-inner\">\n\t\t<div class=\"elementor-element elementor-element-9c8d88e e-con-full e-flex e-con e-child\" data-id=\"9c8d88e\" data-element_type=\"container\" data-e-type=\"container\">\n\t\t\t\t<div class=\"elementor-element elementor-element-251ee21 elementor-widget elementor-widget-text-editor\" data-id=\"251ee21\" data-element_type=\"widget\" data-e-type=\"widget\" data-widget_type=\"text-editor.default\">\n\t\t\t\t<div class=\"elementor-widget-container\">\n\t\t\t\t\t\t\t\t\t<p>La programmation comprend g\u00e9n\u00e9ralement un assortiment de longs m\u00e9trages, de courts m\u00e9trages et de documentaires, ce qui garantit une diversit\u00e9 de r\u00e9cits qui s&#8217;adressent \u00e0 des go\u00fbts diff\u00e9rents. En plus des projections, les festivaliers peuvent s&#8217;attendre \u00e0 des ateliers, des conf\u00e9rences industrielles et des hommages \u00e0 des personnalit\u00e9s influentes du cin\u00e9ma carib\u00e9en et latino-am\u00e9ricain.<\/p>\t\t\t\t\t\t\t\t<\/div>\n\t\t\t\t<\/div>\n\t\t\t\t<div class=\"elementor-element elementor-element-5f37c5d elementor-widget elementor-widget-heading\" data-id=\"5f37c5d\" data-element_type=\"widget\" data-e-type=\"widget\" data-widget_type=\"heading.default\">\n\t\t\t\t<div class=\"elementor-widget-container\">\n\t\t\t\t\t<h2 class=\"elementor-heading-title elementor-size-default\">Calendrier des projections : dates et informations sur la programmation<\/h2>\t\t\t\t<\/div>\n\t\t\t\t<\/div>\n\t\t\t\t<div class=\"elementor-element elementor-element-64db303 elementor-widget elementor-widget-text-editor\" data-id=\"64db303\" data-element_type=\"widget\" data-e-type=\"widget\" data-widget_type=\"text-editor.default\">\n\t\t\t\t<div class=\"elementor-widget-container\">\n\t\t\t\t\t\t\t\t\t<p>Le Festival du film de Saint-Barth\u00e9lemy 2025 vous promet une nouvelle fois une s\u00e9lection exceptionnelle de films et d&#8217;\u00e9v\u00e9nements culturels du 30 avril au 3 mai 2025. Bien que l&#8217;horaire officiel des projections et les d\u00e9tails de la programmation n&#8217;aient pas encore \u00e9t\u00e9 annonc\u00e9s, les participants peuvent s&#8217;attendre \u00e0 un riche ensemble de r\u00e9cits captivants, de discussions perspicaces et d&#8217;opportunit\u00e9s de r\u00e9seautage exclusives.<\/p>\t\t\t\t\t\t\t\t<\/div>\n\t\t\t\t<\/div>\n\t\t\t\t<div class=\"elementor-element elementor-element-e406cb4 elementor-blockquote--skin-border elementor-widget elementor-widget-blockquote\" data-id=\"e406cb4\" data-element_type=\"widget\" data-e-type=\"widget\" data-widget_type=\"blockquote.default\">\n\t\t\t\t<div class=\"elementor-widget-container\">\n\t\t\t\t\t\t\t<blockquote class=\"elementor-blockquote\">\n\t\t\t<p class=\"elementor-blockquote__content\">\n\t\t\t\t<p>&nbsp;<span style=\"color: var( --e-global-color-text );background-color: transparent;text-align: var(--text-align)\">Nous mettrons ce blog \u00e0 jour d\u00e8s que les organisateurs de l'\u00e9v\u00e9nement publieront la programmation officielle, alors restez connect\u00e9s pour plus de d\u00e9tails sur les films \u00e0 ne pas manquer et les invit\u00e9s sp\u00e9ciaux de cette 28\u00e8me \u00e9dition du festival.<\/span><\/p>\t\t\t<\/p>\n\t\t\t\t\t<\/blockquote>\n\t\t\t\t\t\t<\/div>\n\t\t\t\t<\/div>\n\t\t\t\t<div class=\"elementor-element elementor-element-b316ea6 elementor-align-center elementor-widget elementor-widget-button\" data-id=\"b316ea6\" data-element_type=\"widget\" data-e-type=\"widget\" data-widget_type=\"button.default\">\n\t\t\t\t<div class=\"elementor-widget-container\">\n\t\t\t\t\t\t\t\t\t<div class=\"elementor-button-wrapper\">\n\t\t\t\t\t<a class=\"elementor-button elementor-button-link elementor-size-sm\" href=\"https:\/\/www.stbarthff.org\/\">\n\t\t\t\t\t\t<span class=\"elementor-button-content-wrapper\">\n\t\t\t\t\t\t\t\t\t<span class=\"elementor-button-text\">Festival du film de Saint-Barth\u00e9lemy <\/span>\n\t\t\t\t\t<\/span>\n\t\t\t\t\t<\/a>\n\t\t\t\t<\/div>\n\t\t\t\t\t\t\t\t<\/div>\n\t\t\t\t<\/div>\n\t\t\t\t<\/div>\n\t\t<div class=\"elementor-element elementor-element-6860b72 e-con-full e-flex e-con e-child\" data-id=\"6860b72\" data-element_type=\"container\" data-e-type=\"container\">\n\t\t\t\t<div class=\"elementor-element elementor-element-761ff99 elementor-widget elementor-widget-image\" data-id=\"761ff99\" data-element_type=\"widget\" data-e-type=\"widget\" data-widget_type=\"image.default\">\n\t\t\t\t<div class=\"elementor-widget-container\">\n\t\t\t\t\t\t\t\t\t\t\t\t<figure class=\"wp-caption\">\n\t\t\t\t\t\t\t\t\t\t<img fetchpriority=\"high\" decoding=\"async\" width=\"509\" height=\"662\" src=\"https:\/\/www.bucketlistvilla.com\/blog\/wp-content\/uploads\/2025\/02\/film-festival-st-barts.jpg\" class=\"attachment-full size-full wp-image-3041\" alt=\"film-festival-st-barts\" \/>\t\t\t\t\t\t\t\t\t\t\t<figcaption class=\"widget-image-caption wp-caption-text\">Source: stbarthff.org\/<\/figcaption>\n\t\t\t\t\t\t\t\t\t\t<\/figure>\n\t\t\t\t\t\t\t\t\t<\/div>\n\t\t\t\t<\/div>\n\t\t\t\t<\/div>\n\t\t\t\t\t<\/div>\n\t\t\t\t<\/div>\n\t\t<div class=\"elementor-element elementor-element-c22bacd e-flex e-con-boxed e-con e-parent\" data-id=\"c22bacd\" data-element_type=\"container\" data-e-type=\"container\">\n\t\t\t\t\t<div class=\"e-con-inner\">\n\t\t\t\t<div class=\"elementor-element elementor-element-e29f081 elementor-widget elementor-widget-heading\" data-id=\"e29f081\" data-element_type=\"widget\" data-e-type=\"widget\" data-widget_type=\"heading.default\">\n\t\t\t\t<div class=\"elementor-widget-container\">\n\t\t\t\t\t<h2 class=\"elementor-heading-title elementor-size-default\">O\u00f9 profiter du Festival : lieux et activit\u00e9s parall\u00e8les<\/h2>\t\t\t\t<\/div>\n\t\t\t\t<\/div>\n\t\t\t\t<div class=\"elementor-element elementor-element-785842b elementor-widget elementor-widget-text-editor\" data-id=\"785842b\" data-element_type=\"widget\" data-e-type=\"widget\" data-widget_type=\"text-editor.default\">\n\t\t\t\t<div class=\"elementor-widget-container\">\n\t\t\t\t\t\t\t\t\t<p>Le Festival du film de Saint-Barth\u00e9lemy se d\u00e9roule dans deux endroits principaux : \u00c0 <a href=\"https:\/\/www.cine-ajoe.fr\/\">AJOE<\/a> \u00e0 Lorient et au <a href=\"https:\/\/www.facebook.com\/theatreduparadisstbarth\/?locale=fr_FR\">Th\u00e9\u00e2tre du Paradis<\/a> \u00e0 <a href=\"https:\/\/www.bucketlistvilla.com\/blog\/fr\/gustavia-st-barts\/\">Gustavia<\/a>. Ces lieux constituent un environnement \u00e0 la fois intime et \u00e9l\u00e9gant, id\u00e9al pour profiter d&#8217;un cin\u00e9ma de grande qualit\u00e9 tout en \u00e9tant entour\u00e9 par les paysages \u00e0 couper le souffle de Saint-Barth\u00e9lemy.<\/p><p>Outre les projections de films, le festival propose souvent des \u00e9v\u00e9nements culturels, des cocktails et des rencontres exclusives o\u00f9 les participants peuvent se m\u00ealer aux cin\u00e9astes et aux cin\u00e9philes. Que vous choisissiez d&#8217;assister \u00e0 une conf\u00e9rence sur l&#8217;industrie, d&#8217;explorer la sc\u00e8ne artistique de l&#8217;\u00eele ou simplement de vous d\u00e9tendre sur ses <a href=\"https:\/\/www.bucketlistvilla.com\/blog\/fr\/meilleures-plages-saint-barth\/\">plages immacul\u00e9es<\/a>, le festival offre un m\u00e9lange harmonieux de culture et de luxe.<\/p>\t\t\t\t\t\t\t\t<\/div>\n\t\t\t\t<\/div>\n\t\t\t\t<div class=\"elementor-element elementor-element-3898817 elementor-widget elementor-widget-heading\" data-id=\"3898817\" data-element_type=\"widget\" data-e-type=\"widget\" data-widget_type=\"heading.default\">\n\t\t\t\t<div class=\"elementor-widget-container\">\n\t\t\t\t\t<h2 class=\"elementor-heading-title elementor-size-default\">Assistez au festival du film de Saint-Barth\u00e9lemy<\/h2>\t\t\t\t<\/div>\n\t\t\t\t<\/div>\n\t\t\t\t<div class=\"elementor-element elementor-element-800c57d elementor-widget elementor-widget-text-editor\" data-id=\"800c57d\" data-element_type=\"widget\" data-e-type=\"widget\" data-widget_type=\"text-editor.default\">\n\t\t\t\t<div class=\"elementor-widget-container\">\n\t\t\t\t\t\t\t\t\t<p>Vous pr\u00e9voyez de participer au Festival du film de Saint-Barth\u00e9lemy du 30 avril au 3 mai 2025 ? Voici quelques conseils essentiels pour que l&#8217;exp\u00e9rience se d\u00e9roule sans encombre :<\/p>\t\t\t\t\t\t\t\t<\/div>\n\t\t\t\t<\/div>\n\t\t\t\t<div class=\"elementor-element elementor-element-00bc42d elementor-widget elementor-widget-text-editor\" data-id=\"00bc42d\" data-element_type=\"widget\" data-e-type=\"widget\" data-widget_type=\"text-editor.default\">\n\t\t\t\t<div class=\"elementor-widget-container\">\n\t\t\t\t\t\t\t\t\t<p><strong>R\u00e9servez \u00e0 l\u2019avance votre h\u00e9bergement <\/strong>: Saint-Barth\u00e9lemy devient incroyablement populaire pendant le festival, alors r\u00e9servez votre logement bien \u00e0 l&#8217;avance. <a href=\"https:\/\/www.bucketlistvilla.com\/fr\/\">Bucket List Villas<\/a> propose des h\u00e9bergements luxueux \u00e0 Saint-Barth\u00e9lemy afin que vous puissiez trouver le logement de vacances id\u00e9ale \u00e0 proximit\u00e9 du festival.<\/p><p><strong>Informations sur les billets<\/strong> : Il n&#8217;est pas n\u00e9cessaire d&#8217;acheter des billets \u00e0 l&#8217;avance. Toutes les projections sont gratuites et ouvertes au public.<\/p><p><strong>Strat\u00e9gie pour votre s\u00e9lection :<\/strong> Arrivez t\u00f4t pour les projections de films populaires afin de vous assurer une place, car les salles peuvent se remplir rapidement.<\/p><p><strong>Tenue de soir\u00e9e<\/strong> : Apportez une veste l\u00e9g\u00e8re pour les \u00e9v\u00e9nements nocturnes, car les temp\u00e9ratures peuvent se rafra\u00eechir apr\u00e8s le coucher du soleil. En savoir plus sur <a href=\"https:\/\/www.bucketlistvilla.com\/blog\/fr\/comment-shabiller-st-barth\/\">les v\u00eatements \u00e0 porter \u00e0 Saint-Barth\u00e9l\u00e9my<\/a>.<\/p><p><strong>Conseil de pro<\/strong> : L&#8217;atmosph\u00e8re d\u00e9tendue du festival exige une tenue d\u00e9contract\u00e9e et \u00e9l\u00e9gante. Il n&#8217;est pas n\u00e9cessaire de porter une tenue de soir\u00e9e, venez simplement pour profiter d&#8217;un cin\u00e9ma carib\u00e9en exceptionnel dans un cadre tropical \u00e9poustouflant.<\/p>\t\t\t\t\t\t\t\t<\/div>\n\t\t\t\t<\/div>\n\t\t\t\t\t<\/div>\n\t\t\t\t<\/div>\n\t\t<div class=\"elementor-element elementor-element-08321b0 e-flex e-con-boxed e-con e-parent\" data-id=\"08321b0\" data-element_type=\"container\" data-e-type=\"container\">\n\t\t\t\t\t<div class=\"e-con-inner\">\n\t\t\t\t<div class=\"elementor-element elementor-element-bbd588d elementor-widget elementor-widget-video\" data-id=\"bbd588d\" data-element_type=\"widget\" data-e-type=\"widget\" data-settings=\"{&quot;youtube_url&quot;:&quot;https:\\\/\\\/www.youtube.com\\\/watch?v=9e9VnyewXus&quot;,&quot;video_type&quot;:&quot;youtube&quot;,&quot;controls&quot;:&quot;yes&quot;}\" data-widget_type=\"video.default\">\n\t\t\t\t<div class=\"elementor-widget-container\">\n\t\t\t\t\t\t\t<div class=\"elementor-wrapper elementor-open-inline\">\n\t\t\t<div class=\"elementor-video\"><\/div>\t\t<\/div>\n\t\t\t\t\t\t<\/div>\n\t\t\t\t<\/div>\n\t\t\t\t\t<\/div>\n\t\t\t\t<\/div>\n\t\t<div class=\"elementor-element elementor-element-58fa99d e-flex e-con-boxed e-con e-parent\" data-id=\"58fa99d\" data-element_type=\"container\" data-e-type=\"container\">\n\t\t\t\t\t<div class=\"e-con-inner\">\n\t\t\t\t<div class=\"elementor-element elementor-element-ad8c32c elementor-widget elementor-widget-heading\" data-id=\"ad8c32c\" data-element_type=\"widget\" data-e-type=\"widget\" data-widget_type=\"heading.default\">\n\t\t\t\t<div class=\"elementor-widget-container\">\n\t\t\t\t\t<h2 class=\"elementor-heading-title elementor-size-default\">Participez au festival du film de Saint-Barth\u00e9lemy<\/h2>\t\t\t\t<\/div>\n\t\t\t\t<\/div>\n\t\t\t\t<div class=\"elementor-element elementor-element-78b0851 elementor-widget elementor-widget-text-editor\" data-id=\"78b0851\" data-element_type=\"widget\" data-e-type=\"widget\" data-widget_type=\"text-editor.default\">\n\t\t\t\t<div class=\"elementor-widget-container\">\n\t\t\t\t\t\t\t\t\t<p>Vous \u00eates un producteur ou un r\u00e9alisateur en herbe et vous souhaitez soumettre votre film au festival ? Le festival applique un processus de s\u00e9lection comp\u00e9titif qui privil\u00e9gie les films mettant en valeur la culture carib\u00e9enne et abordant des questions locales pertinentes. En soumettant leur travail, les cin\u00e9astes de la r\u00e9gion ont une chance de gagner en visibilit\u00e9, de d\u00e9velopper des relations et d&#8217;atteindre un public plus large.<\/p><p>Si vous souhaitez participer au festival du film de Saint-Barth\u00e9lemy de cette ann\u00e9e, vous pouvez consulter les consignes et les d\u00e9lais de soumission sur le <a href=\"https:\/\/www.stbarthff.org\/\">site officiel<\/a> du festival.<\/p>\t\t\t\t\t\t\t\t<\/div>\n\t\t\t\t<\/div>\n\t\t\t\t\t<\/div>\n\t\t\t\t<\/div>\n\t\t<div class=\"elementor-element elementor-element-ff308d4 e-flex e-con-boxed e-con e-parent\" data-id=\"ff308d4\" data-element_type=\"container\" data-e-type=\"container\">\n\t\t\t\t\t<div class=\"e-con-inner\">\n\t\t\t\t<div class=\"elementor-element elementor-element-985db58 elementor-widget elementor-widget-heading\" data-id=\"985db58\" data-element_type=\"widget\" data-e-type=\"widget\" data-widget_type=\"heading.default\">\n\t\t\t\t<div class=\"elementor-widget-container\">\n\t\t\t\t\t<h2 class=\"elementor-heading-title elementor-size-default\">D\u00e9couvrez le festival du film de Saint-Barth\u00e9lemy lors de votre prochaine visite<\/h2>\t\t\t\t<\/div>\n\t\t\t\t<\/div>\n\t\t\t\t<div class=\"elementor-element elementor-element-20077e8 elementor-widget elementor-widget-text-editor\" data-id=\"20077e8\" data-element_type=\"widget\" data-e-type=\"widget\" data-widget_type=\"text-editor.default\">\n\t\t\t\t<div class=\"elementor-widget-container\">\n\t\t\t\t\t\t\t\t\t<p>Le festival du film de Saint-Barth\u00e9lemy invite les visiteurs \u00e0 d\u00e9couvrir la richesse artistique et culturelle des Cara\u00efbes dans un cadre \u00e0 la beaut\u00e9 in\u00e9gal\u00e9e. Que vous soyez attir\u00e9 par des films qui suscitent la r\u00e9flexion, par des \u00e9v\u00e9nements de networking exclusifs ou simplement par le charme de Saint-Barth\u00e9lemy, ce festival est le parfait compl\u00e9ment d&#8217;une escapade de luxe.<\/p><p>Si vous souhaitez am\u00e9liorer votre s\u00e9jour, <a href=\"https:\/\/www.bucketlistvilla.com\/fr\/contact\/\">contactez l&#8217;\u00e9quipe de r\u00e9servation<\/a> de Bucket List Villas, o\u00f9 le raffinement rencontre le confort au c\u0153ur de Saint-Barth\u00e9lemy. D\u00e9couvrez la magie de l&#8217;\u00eele tout en profitant d&#8217;un h\u00e9bergement de qualit\u00e9 : votre escapade cin\u00e9matographique vous attend.<\/p>\t\t\t\t\t\t\t\t<\/div>\n\t\t\t\t<\/div>\n\t\t\t\t\t<\/div>\n\t\t\t\t<\/div>\n\t\t<div class=\"elementor-element elementor-element-d246f17 e-flex e-con-boxed e-con e-parent\" data-id=\"d246f17\" data-element_type=\"container\" data-e-type=\"container\">\n\t\t\t\t\t<div class=\"e-con-inner\">\n\t\t\t\t<div class=\"elementor-element elementor-element-9e55d84 elementor-widget elementor-widget-template\" data-id=\"9e55d84\" data-element_type=\"widget\" data-e-type=\"widget\" data-widget_type=\"template.default\">\n\t\t\t\t<div class=\"elementor-widget-container\">\n\t\t\t\t\t\t\t<div class=\"elementor-template\">\n\t\t\t\t\t<div data-elementor-type=\"container\" data-elementor-id=\"3955\" class=\"elementor elementor-3955\" data-elementor-post-type=\"elementor_library\">\n\t\t\t\t<div class=\"elementor-element elementor-element-1d0abfe1 e-flex e-con-boxed e-con e-parent\" data-id=\"1d0abfe1\" data-element_type=\"container\" data-e-type=\"container\">\n\t\t\t\t\t<div class=\"e-con-inner\">\n\t\t<div class=\"elementor-element elementor-element-23032bb8 e-con-full e-flex e-con e-child\" data-id=\"23032bb8\" data-element_type=\"container\" data-e-type=\"container\">\n\t\t\t\t<div class=\"elementor-element elementor-element-56702b10 elementor-cta--skin-cover elementor-cta--valign-bottom elementor-animated-content elementor-bg-transform elementor-bg-transform-zoom-in elementor-widget elementor-widget-call-to-action\" data-id=\"56702b10\" data-element_type=\"widget\" data-e-type=\"widget\" data-widget_type=\"call-to-action.default\">\n\t\t\t\t<div class=\"elementor-widget-container\">\n\t\t\t\t\t\t\t<a class=\"elementor-cta\" href=\"https:\/\/www.bucketlistvilla.com\/fr\/location-vacances-st-barth\/\">\n\t\t\t\t\t<div class=\"elementor-cta__bg-wrapper\">\n\t\t\t\t<div class=\"elementor-cta__bg elementor-bg\" style=\"background-image: url(https:\/\/www.bucketlistvilla.com\/blog\/wp-content\/uploads\/2025\/06\/Villa-Tourmaline-70-1-e1749284321608.jpg);\" role=\"img\" aria-label=\"Accommodation St Barts\"><\/div>\n\t\t\t\t<div class=\"elementor-cta__bg-overlay\"><\/div>\n\t\t\t<\/div>\n\t\t\t\t\t\t\t<div class=\"elementor-cta__content\">\n\t\t\t\t\n\t\t\t\t\n\t\t\t\t\n\t\t\t\t\t\t\t\t\t<div class=\"elementor-cta__button-wrapper elementor-cta__content-item elementor-content-item elementor-animated-item--grow\">\n\t\t\t\t\t<span class=\"elementor-cta__button elementor-button elementor-size-\">\n\t\t\t\t\t\tLocations vacances st barth\t\t\t\t\t<\/span>\n\t\t\t\t\t<\/div>\n\t\t\t\t\t\t\t<\/div>\n\t\t\t\t\t\t<\/a>\n\t\t\t\t\t\t<\/div>\n\t\t\t\t<\/div>\n\t\t\t\t<\/div>\n\t\t<div class=\"elementor-element elementor-element-403c8d99 e-con-full e-flex e-con e-child\" data-id=\"403c8d99\" data-element_type=\"container\" data-e-type=\"container\">\n\t\t\t\t<div class=\"elementor-element elementor-element-11d0ef35 elementor-cta--skin-cover elementor-cta--valign-bottom elementor-animated-content elementor-bg-transform elementor-bg-transform-zoom-in elementor-widget elementor-widget-call-to-action\" data-id=\"11d0ef35\" data-element_type=\"widget\" data-e-type=\"widget\" data-widget_type=\"call-to-action.default\">\n\t\t\t\t<div class=\"elementor-widget-container\">\n\t\t\t\t\t\t\t<a class=\"elementor-cta\" href=\"https:\/\/www.bucketlistvilla.com\/fr\/villa-luxe-saint-barth\/\">\n\t\t\t\t\t<div class=\"elementor-cta__bg-wrapper\">\n\t\t\t\t<div class=\"elementor-cta__bg elementor-bg\" style=\"background-image: url(https:\/\/www.bucketlistvilla.com\/blog\/wp-content\/uploads\/2025\/06\/bucketlistvilla_larimar_st_barts_rentals_-31-e1749283151228.jpg);\" role=\"img\" aria-label=\"Villas St Barts\"><\/div>\n\t\t\t\t<div class=\"elementor-cta__bg-overlay\"><\/div>\n\t\t\t<\/div>\n\t\t\t\t\t\t\t<div class=\"elementor-cta__content\">\n\t\t\t\t\n\t\t\t\t\n\t\t\t\t\n\t\t\t\t\t\t\t\t\t<div class=\"elementor-cta__button-wrapper elementor-cta__content-item elementor-content-item elementor-animated-item--grow\">\n\t\t\t\t\t<span class=\"elementor-cta__button elementor-button elementor-size-\">\n\t\t\t\t\t\tVillas St Barth\t\t\t\t\t<\/span>\n\t\t\t\t\t<\/div>\n\t\t\t\t\t\t\t<\/div>\n\t\t\t\t\t\t<\/a>\n\t\t\t\t\t\t<\/div>\n\t\t\t\t<\/div>\n\t\t\t\t<\/div>\n\t\t<div class=\"elementor-element elementor-element-1914682f e-con-full e-flex e-con e-child\" data-id=\"1914682f\" data-element_type=\"container\" data-e-type=\"container\">\n\t\t\t\t<div class=\"elementor-element elementor-element-7999e4f0 elementor-cta--skin-cover elementor-cta--valign-bottom elementor-animated-content elementor-bg-transform elementor-bg-transform-zoom-in elementor-widget elementor-widget-call-to-action\" data-id=\"7999e4f0\" data-element_type=\"widget\" data-e-type=\"widget\" data-widget_type=\"call-to-action.default\">\n\t\t\t\t<div class=\"elementor-widget-container\">\n\t\t\t\t\t\t\t<a class=\"elementor-cta\" href=\"https:\/\/www.bucketlistvilla.com\/blog\/fr\/yacht-de-luxe-location\/\">\n\t\t\t\t\t<div class=\"elementor-cta__bg-wrapper\">\n\t\t\t\t<div class=\"elementor-cta__bg elementor-bg\" style=\"background-image: url(https:\/\/www.bucketlistvilla.com\/blog\/wp-content\/uploads\/2025\/06\/AdobeStock_600886862-2-e1749284197833.jpg);\" role=\"img\" aria-label=\"private yachts st barts\"><\/div>\n\t\t\t\t<div class=\"elementor-cta__bg-overlay\"><\/div>\n\t\t\t<\/div>\n\t\t\t\t\t\t\t<div class=\"elementor-cta__content\">\n\t\t\t\t\n\t\t\t\t\n\t\t\t\t\n\t\t\t\t\t\t\t\t\t<div class=\"elementor-cta__button-wrapper elementor-cta__content-item elementor-content-item elementor-animated-item--grow\">\n\t\t\t\t\t<span class=\"elementor-cta__button elementor-button elementor-size-\">\n\t\t\t\t\t\tBateaux St Barth\t\t\t\t\t<\/span>\n\t\t\t\t\t<\/div>\n\t\t\t\t\t\t\t<\/div>\n\t\t\t\t\t\t<\/a>\n\t\t\t\t\t\t<\/div>\n\t\t\t\t<\/div>\n\t\t\t\t<\/div>\n\t\t\t\t\t<\/div>\n\t\t\t\t<\/div>\n\t\t\t\t<\/div>\n\t\t\t\t<\/div>\n\t\t\t\t\t\t<\/div>\n\t\t\t\t<\/div>\n\t\t\t\t\t<\/div>\n\t\t\t\t<\/div>\n\t\t\t\t<\/div>\n\t\t","protected":false},"excerpt":{"rendered":"<p>Le festival du film de Saint-Barth\u00e9lemy est un \u00e9v\u00e9nement annuel exclusif qui r\u00e9unit des cin\u00e9astes, des artistes et des cin\u00e9philes au c\u0153ur de l&#8217;une des plus belles destinations au monde. Lanc\u00e9 en 1999, il est connu pour son atmosph\u00e8re sophistiqu\u00e9e et son hommage au cin\u00e9ma des Cara\u00efbes et d&#8217;Am\u00e9rique latine.\u00a0 Ce festival constitue une occasion [&hellip;]<\/p>\n","protected":false},"author":3,"featured_media":3044,"comment_status":"open","ping_status":"open","sticky":false,"template":"","format":"standard","meta":{"footnotes":""},"categories":[95,29],"tags":[],"class_list":["post-3174","post","type-post","status-publish","format-standard","has-post-thumbnail","hentry","category-evenements","category-st-barth"],"yoast_head":"<!-- This site is optimized with the Yoast SEO plugin v27.5 - https:\/\/yoast.com\/product\/yoast-seo-wordpress\/ -->\n<title>Le Festival film Saint-Barth\u00e9lemy - Blog<\/title>\n<meta name=\"description\" content=\"D\u00e9couvr\u00e9z le festival film Saint-Barth\u00e9lemy 2025. Toutes les informations disponibles. Blog\" \/>\n<meta name=\"robots\" content=\"index, follow, max-snippet:-1, max-image-preview:large, max-video-preview:-1\" \/>\n<link rel=\"canonical\" href=\"https:\/\/www.bucketlistvilla.com\/blog\/fr\/festival-film-saint-barthelemy\/\" \/>\n<meta property=\"og:locale\" content=\"fr_FR\" \/>\n<meta property=\"og:type\" content=\"article\" \/>\n<meta property=\"og:title\" content=\"Le Festival film Saint-Barth\u00e9lemy - Blog\" \/>\n<meta property=\"og:description\" content=\"D\u00e9couvr\u00e9z le festival film Saint-Barth\u00e9lemy 2025. Toutes les informations disponibles. Blog\" \/>\n<meta property=\"og:url\" content=\"https:\/\/www.bucketlistvilla.com\/blog\/fr\/festival-film-saint-barthelemy\/\" \/>\n<meta property=\"og:site_name\" content=\"Blog\" \/>\n<meta property=\"article:published_time\" content=\"2025-02-04T15:12:42+00:00\" \/>\n<meta property=\"article:modified_time\" content=\"2026-02-25T11:45:48+00:00\" \/>\n<meta property=\"og:image\" content=\"https:\/\/www.bucketlistvilla.com\/blog\/wp-content\/uploads\/2025\/02\/St-barts-film-festival.jpg\" \/>\n\t<meta property=\"og:image:width\" content=\"2120\" \/>\n\t<meta property=\"og:image:height\" content=\"707\" \/>\n\t<meta property=\"og:image:type\" content=\"image\/jpeg\" \/>\n<meta name=\"author\" content=\"digitalservices@avantio.com\" \/>\n<meta name=\"twitter:card\" content=\"summary_large_image\" \/>\n<meta name=\"twitter:label1\" content=\"Written by\" \/>\n\t<meta name=\"twitter:data1\" content=\"digitalservices@avantio.com\" \/>\n\t<meta name=\"twitter:label2\" content=\"Est. reading time\" \/>\n\t<meta name=\"twitter:data2\" content=\"6 minutes\" \/>\n<script type=\"application\/ld+json\" class=\"yoast-schema-graph\">{\"@context\":\"https:\\\/\\\/schema.org\",\"@graph\":[{\"@type\":\"Article\",\"@id\":\"https:\\\/\\\/www.bucketlistvilla.com\\\/blog\\\/fr\\\/festival-film-saint-barthelemy\\\/#article\",\"isPartOf\":{\"@id\":\"https:\\\/\\\/www.bucketlistvilla.com\\\/blog\\\/fr\\\/festival-film-saint-barthelemy\\\/\"},\"author\":{\"name\":\"digitalservices@avantio.com\",\"@id\":\"https:\\\/\\\/www.bucketlistvilla.com\\\/blog\\\/fr\\\/#\\\/schema\\\/person\\\/4fac40a1703aee7856657a7e3931d230\"},\"headline\":\"Le Festival du film de Saint-Barth\u00e9lemy : le cin\u00e9ma des Cara\u00efbes \u00e0 l&#8217;honneur\",\"datePublished\":\"2025-02-04T15:12:42+00:00\",\"dateModified\":\"2026-02-25T11:45:48+00:00\",\"mainEntityOfPage\":{\"@id\":\"https:\\\/\\\/www.bucketlistvilla.com\\\/blog\\\/fr\\\/festival-film-saint-barthelemy\\\/\"},\"wordCount\":1191,\"commentCount\":0,\"image\":{\"@id\":\"https:\\\/\\\/www.bucketlistvilla.com\\\/blog\\\/fr\\\/festival-film-saint-barthelemy\\\/#primaryimage\"},\"thumbnailUrl\":\"https:\\\/\\\/www.bucketlistvilla.com\\\/blog\\\/wp-content\\\/uploads\\\/2025\\\/02\\\/St-barts-film-festival.jpg\",\"articleSection\":[\"Ev\u00e8nements\",\"St Barth\"],\"inLanguage\":\"fr\",\"potentialAction\":[{\"@type\":\"CommentAction\",\"name\":\"Comment\",\"target\":[\"https:\\\/\\\/www.bucketlistvilla.com\\\/blog\\\/fr\\\/festival-film-saint-barthelemy\\\/#respond\"]}]},{\"@type\":\"WebPage\",\"@id\":\"https:\\\/\\\/www.bucketlistvilla.com\\\/blog\\\/fr\\\/festival-film-saint-barthelemy\\\/\",\"url\":\"https:\\\/\\\/www.bucketlistvilla.com\\\/blog\\\/fr\\\/festival-film-saint-barthelemy\\\/\",\"name\":\"Le Festival film Saint-Barth\u00e9lemy - Blog\",\"isPartOf\":{\"@id\":\"https:\\\/\\\/www.bucketlistvilla.com\\\/blog\\\/fr\\\/#website\"},\"primaryImageOfPage\":{\"@id\":\"https:\\\/\\\/www.bucketlistvilla.com\\\/blog\\\/fr\\\/festival-film-saint-barthelemy\\\/#primaryimage\"},\"image\":{\"@id\":\"https:\\\/\\\/www.bucketlistvilla.com\\\/blog\\\/fr\\\/festival-film-saint-barthelemy\\\/#primaryimage\"},\"thumbnailUrl\":\"https:\\\/\\\/www.bucketlistvilla.com\\\/blog\\\/wp-content\\\/uploads\\\/2025\\\/02\\\/St-barts-film-festival.jpg\",\"datePublished\":\"2025-02-04T15:12:42+00:00\",\"dateModified\":\"2026-02-25T11:45:48+00:00\",\"author\":{\"@id\":\"https:\\\/\\\/www.bucketlistvilla.com\\\/blog\\\/fr\\\/#\\\/schema\\\/person\\\/4fac40a1703aee7856657a7e3931d230\"},\"description\":\"D\u00e9couvr\u00e9z le festival film Saint-Barth\u00e9lemy 2025. Toutes les informations disponibles. Blog\",\"breadcrumb\":{\"@id\":\"https:\\\/\\\/www.bucketlistvilla.com\\\/blog\\\/fr\\\/festival-film-saint-barthelemy\\\/#breadcrumb\"},\"inLanguage\":\"fr\",\"potentialAction\":[{\"@type\":\"ReadAction\",\"target\":[\"https:\\\/\\\/www.bucketlistvilla.com\\\/blog\\\/fr\\\/festival-film-saint-barthelemy\\\/\"]}]},{\"@type\":\"ImageObject\",\"inLanguage\":\"fr\",\"@id\":\"https:\\\/\\\/www.bucketlistvilla.com\\\/blog\\\/fr\\\/festival-film-saint-barthelemy\\\/#primaryimage\",\"url\":\"https:\\\/\\\/www.bucketlistvilla.com\\\/blog\\\/wp-content\\\/uploads\\\/2025\\\/02\\\/St-barts-film-festival.jpg\",\"contentUrl\":\"https:\\\/\\\/www.bucketlistvilla.com\\\/blog\\\/wp-content\\\/uploads\\\/2025\\\/02\\\/St-barts-film-festival.jpg\",\"width\":2120,\"height\":707,\"caption\":\"Cheerful parents and their kids having fun while watching a movie in cinema. Focus is on father and daughter.\"},{\"@type\":\"BreadcrumbList\",\"@id\":\"https:\\\/\\\/www.bucketlistvilla.com\\\/blog\\\/fr\\\/festival-film-saint-barthelemy\\\/#breadcrumb\",\"itemListElement\":[{\"@type\":\"ListItem\",\"position\":1,\"name\":\"Home\",\"item\":\"https:\\\/\\\/www.bucketlistvilla.com\\\/blog\\\/fr\\\/\"},{\"@type\":\"ListItem\",\"position\":2,\"name\":\"Le Festival du film de Saint-Barth\u00e9lemy : le cin\u00e9ma des Cara\u00efbes \u00e0 l&#8217;honneur\"}]},{\"@type\":\"WebSite\",\"@id\":\"https:\\\/\\\/www.bucketlistvilla.com\\\/blog\\\/fr\\\/#website\",\"url\":\"https:\\\/\\\/www.bucketlistvilla.com\\\/blog\\\/fr\\\/\",\"name\":\"Blog\",\"description\":\"\",\"potentialAction\":[{\"@type\":\"SearchAction\",\"target\":{\"@type\":\"EntryPoint\",\"urlTemplate\":\"https:\\\/\\\/www.bucketlistvilla.com\\\/blog\\\/fr\\\/?s={search_term_string}\"},\"query-input\":{\"@type\":\"PropertyValueSpecification\",\"valueRequired\":true,\"valueName\":\"search_term_string\"}}],\"inLanguage\":\"fr\"},{\"@type\":\"Person\",\"@id\":\"https:\\\/\\\/www.bucketlistvilla.com\\\/blog\\\/fr\\\/#\\\/schema\\\/person\\\/4fac40a1703aee7856657a7e3931d230\",\"name\":\"digitalservices@avantio.com\",\"image\":{\"@type\":\"ImageObject\",\"inLanguage\":\"fr\",\"@id\":\"https:\\\/\\\/secure.gravatar.com\\\/avatar\\\/af30f88a1904294c1f3eb09a9d7903eec4ffa18fa2cf40c28a8681014ecdfc20?s=96&d=mm&r=g\",\"url\":\"https:\\\/\\\/secure.gravatar.com\\\/avatar\\\/af30f88a1904294c1f3eb09a9d7903eec4ffa18fa2cf40c28a8681014ecdfc20?s=96&d=mm&r=g\",\"contentUrl\":\"https:\\\/\\\/secure.gravatar.com\\\/avatar\\\/af30f88a1904294c1f3eb09a9d7903eec4ffa18fa2cf40c28a8681014ecdfc20?s=96&d=mm&r=g\",\"caption\":\"digitalservices@avantio.com\"},\"url\":\"https:\\\/\\\/www.bucketlistvilla.com\\\/blog\\\/fr\\\/author\\\/digitalservicesavantio-com\\\/\"}]}<\/script>\n<!-- \/ Yoast SEO plugin. -->","yoast_head_json":{"title":"Le Festival film Saint-Barth\u00e9lemy - Blog","description":"D\u00e9couvr\u00e9z le festival film Saint-Barth\u00e9lemy 2025. Toutes les informations disponibles. Blog","robots":{"index":"index","follow":"follow","max-snippet":"max-snippet:-1","max-image-preview":"max-image-preview:large","max-video-preview":"max-video-preview:-1"},"canonical":"https:\/\/www.bucketlistvilla.com\/blog\/fr\/festival-film-saint-barthelemy\/","og_locale":"fr_FR","og_type":"article","og_title":"Le Festival film Saint-Barth\u00e9lemy - Blog","og_description":"D\u00e9couvr\u00e9z le festival film Saint-Barth\u00e9lemy 2025. Toutes les informations disponibles. Blog","og_url":"https:\/\/www.bucketlistvilla.com\/blog\/fr\/festival-film-saint-barthelemy\/","og_site_name":"Blog","article_published_time":"2025-02-04T15:12:42+00:00","article_modified_time":"2026-02-25T11:45:48+00:00","og_image":[{"width":2120,"height":707,"url":"https:\/\/www.bucketlistvilla.com\/blog\/wp-content\/uploads\/2025\/02\/St-barts-film-festival.jpg","type":"image\/jpeg"}],"author":"digitalservices@avantio.com","twitter_card":"summary_large_image","twitter_misc":{"Written by":"digitalservices@avantio.com","Est. reading time":"6 minutes"},"schema":{"@context":"https:\/\/schema.org","@graph":[{"@type":"Article","@id":"https:\/\/www.bucketlistvilla.com\/blog\/fr\/festival-film-saint-barthelemy\/#article","isPartOf":{"@id":"https:\/\/www.bucketlistvilla.com\/blog\/fr\/festival-film-saint-barthelemy\/"},"author":{"name":"digitalservices@avantio.com","@id":"https:\/\/www.bucketlistvilla.com\/blog\/fr\/#\/schema\/person\/4fac40a1703aee7856657a7e3931d230"},"headline":"Le Festival du film de Saint-Barth\u00e9lemy : le cin\u00e9ma des Cara\u00efbes \u00e0 l&#8217;honneur","datePublished":"2025-02-04T15:12:42+00:00","dateModified":"2026-02-25T11:45:48+00:00","mainEntityOfPage":{"@id":"https:\/\/www.bucketlistvilla.com\/blog\/fr\/festival-film-saint-barthelemy\/"},"wordCount":1191,"commentCount":0,"image":{"@id":"https:\/\/www.bucketlistvilla.com\/blog\/fr\/festival-film-saint-barthelemy\/#primaryimage"},"thumbnailUrl":"https:\/\/www.bucketlistvilla.com\/blog\/wp-content\/uploads\/2025\/02\/St-barts-film-festival.jpg","articleSection":["Ev\u00e8nements","St Barth"],"inLanguage":"fr","potentialAction":[{"@type":"CommentAction","name":"Comment","target":["https:\/\/www.bucketlistvilla.com\/blog\/fr\/festival-film-saint-barthelemy\/#respond"]}]},{"@type":"WebPage","@id":"https:\/\/www.bucketlistvilla.com\/blog\/fr\/festival-film-saint-barthelemy\/","url":"https:\/\/www.bucketlistvilla.com\/blog\/fr\/festival-film-saint-barthelemy\/","name":"Le Festival film Saint-Barth\u00e9lemy - Blog","isPartOf":{"@id":"https:\/\/www.bucketlistvilla.com\/blog\/fr\/#website"},"primaryImageOfPage":{"@id":"https:\/\/www.bucketlistvilla.com\/blog\/fr\/festival-film-saint-barthelemy\/#primaryimage"},"image":{"@id":"https:\/\/www.bucketlistvilla.com\/blog\/fr\/festival-film-saint-barthelemy\/#primaryimage"},"thumbnailUrl":"https:\/\/www.bucketlistvilla.com\/blog\/wp-content\/uploads\/2025\/02\/St-barts-film-festival.jpg","datePublished":"2025-02-04T15:12:42+00:00","dateModified":"2026-02-25T11:45:48+00:00","author":{"@id":"https:\/\/www.bucketlistvilla.com\/blog\/fr\/#\/schema\/person\/4fac40a1703aee7856657a7e3931d230"},"description":"D\u00e9couvr\u00e9z le festival film Saint-Barth\u00e9lemy 2025. Toutes les informations disponibles. Blog","breadcrumb":{"@id":"https:\/\/www.bucketlistvilla.com\/blog\/fr\/festival-film-saint-barthelemy\/#breadcrumb"},"inLanguage":"fr","potentialAction":[{"@type":"ReadAction","target":["https:\/\/www.bucketlistvilla.com\/blog\/fr\/festival-film-saint-barthelemy\/"]}]},{"@type":"ImageObject","inLanguage":"fr","@id":"https:\/\/www.bucketlistvilla.com\/blog\/fr\/festival-film-saint-barthelemy\/#primaryimage","url":"https:\/\/www.bucketlistvilla.com\/blog\/wp-content\/uploads\/2025\/02\/St-barts-film-festival.jpg","contentUrl":"https:\/\/www.bucketlistvilla.com\/blog\/wp-content\/uploads\/2025\/02\/St-barts-film-festival.jpg","width":2120,"height":707,"caption":"Cheerful parents and their kids having fun while watching a movie in cinema. Focus is on father and daughter."},{"@type":"BreadcrumbList","@id":"https:\/\/www.bucketlistvilla.com\/blog\/fr\/festival-film-saint-barthelemy\/#breadcrumb","itemListElement":[{"@type":"ListItem","position":1,"name":"Home","item":"https:\/\/www.bucketlistvilla.com\/blog\/fr\/"},{"@type":"ListItem","position":2,"name":"Le Festival du film de Saint-Barth\u00e9lemy : le cin\u00e9ma des Cara\u00efbes \u00e0 l&#8217;honneur"}]},{"@type":"WebSite","@id":"https:\/\/www.bucketlistvilla.com\/blog\/fr\/#website","url":"https:\/\/www.bucketlistvilla.com\/blog\/fr\/","name":"Blog","description":"","potentialAction":[{"@type":"SearchAction","target":{"@type":"EntryPoint","urlTemplate":"https:\/\/www.bucketlistvilla.com\/blog\/fr\/?s={search_term_string}"},"query-input":{"@type":"PropertyValueSpecification","valueRequired":true,"valueName":"search_term_string"}}],"inLanguage":"fr"},{"@type":"Person","@id":"https:\/\/www.bucketlistvilla.com\/blog\/fr\/#\/schema\/person\/4fac40a1703aee7856657a7e3931d230","name":"digitalservices@avantio.com","image":{"@type":"ImageObject","inLanguage":"fr","@id":"https:\/\/secure.gravatar.com\/avatar\/af30f88a1904294c1f3eb09a9d7903eec4ffa18fa2cf40c28a8681014ecdfc20?s=96&d=mm&r=g","url":"https:\/\/secure.gravatar.com\/avatar\/af30f88a1904294c1f3eb09a9d7903eec4ffa18fa2cf40c28a8681014ecdfc20?s=96&d=mm&r=g","contentUrl":"https:\/\/secure.gravatar.com\/avatar\/af30f88a1904294c1f3eb09a9d7903eec4ffa18fa2cf40c28a8681014ecdfc20?s=96&d=mm&r=g","caption":"digitalservices@avantio.com"},"url":"https:\/\/www.bucketlistvilla.com\/blog\/fr\/author\/digitalservicesavantio-com\/"}]}},"_links":{"self":[{"href":"https:\/\/www.bucketlistvilla.com\/blog\/fr\/wp-json\/wp\/v2\/posts\/3174","targetHints":{"allow":["GET"]}}],"collection":[{"href":"https:\/\/www.bucketlistvilla.com\/blog\/fr\/wp-json\/wp\/v2\/posts"}],"about":[{"href":"https:\/\/www.bucketlistvilla.com\/blog\/fr\/wp-json\/wp\/v2\/types\/post"}],"author":[{"embeddable":true,"href":"https:\/\/www.bucketlistvilla.com\/blog\/fr\/wp-json\/wp\/v2\/users\/3"}],"replies":[{"embeddable":true,"href":"https:\/\/www.bucketlistvilla.com\/blog\/fr\/wp-json\/wp\/v2\/comments?post=3174"}],"version-history":[{"count":29,"href":"https:\/\/www.bucketlistvilla.com\/blog\/fr\/wp-json\/wp\/v2\/posts\/3174\/revisions"}],"predecessor-version":[{"id":7139,"href":"https:\/\/www.bucketlistvilla.com\/blog\/fr\/wp-json\/wp\/v2\/posts\/3174\/revisions\/7139"}],"wp:featuredmedia":[{"embeddable":true,"href":"https:\/\/www.bucketlistvilla.com\/blog\/fr\/wp-json\/wp\/v2\/media\/3044"}],"wp:attachment":[{"href":"https:\/\/www.bucketlistvilla.com\/blog\/fr\/wp-json\/wp\/v2\/media?parent=3174"}],"wp:term":[{"taxonomy":"category","embeddable":true,"href":"https:\/\/www.bucketlistvilla.com\/blog\/fr\/wp-json\/wp\/v2\/categories?post=3174"},{"taxonomy":"post_tag","embeddable":true,"href":"https:\/\/www.bucketlistvilla.com\/blog\/fr\/wp-json\/wp\/v2\/tags?post=3174"}],"curies":[{"name":"wp","href":"https:\/\/api.w.org\/{rel}","templated":true}]}}