{"id":3179,"date":"2025-02-03T15:39:53","date_gmt":"2025-02-03T15:39:53","guid":{"rendered":"https:\/\/www.bucketlistvilla.com\/blog\/?p=3179"},"modified":"2025-09-11T09:48:02","modified_gmt":"2025-09-11T09:48:02","slug":"pointe-milou-st-barth","status":"publish","type":"post","link":"https:\/\/www.bucketlistvilla.com\/blog\/fr\/pointe-milou-st-barth\/","title":{"rendered":"La Pointe Milou \u00e0 Saint-Barth\u00e9l\u00e9my : Un v\u00e9ritable sanctuaire isol\u00e9"},"content":{"rendered":"\t\t<div data-elementor-type=\"wp-post\" data-elementor-id=\"3179\" class=\"elementor elementor-3179 elementor-3005\" data-elementor-post-type=\"post\">\n\t\t\t\t<div class=\"elementor-element elementor-element-200ca478 e-flex e-con-boxed e-con e-parent\" data-id=\"200ca478\" data-element_type=\"container\" data-e-type=\"container\">\n\t\t\t\t\t<div class=\"e-con-inner\">\n\t\t\t\t<div class=\"elementor-element elementor-element-3198f7fc elementor-widget elementor-widget-text-editor\" data-id=\"3198f7fc\" data-element_type=\"widget\" data-e-type=\"widget\" data-widget_type=\"text-editor.default\">\n\t\t\t\t<div class=\"elementor-widget-container\">\n\t\t\t\t\t\t\t\t\t<p>Nich\u00e9e sur la c\u00f4te nord de Saint-Barth\u00e9lemy,<strong> Pointe Milou<\/strong> est un lieu \u00e9l\u00e9gant et isol\u00e9 qui offre une vue panoramique \u00e0 couper le souffle et un sentiment de tranquillit\u00e9 in\u00e9gal\u00e9. Connue pour ses villas priv\u00e9es luxueuses et son atmosph\u00e8re d\u00e9tendue, cette enclave exclusive attire les voyageurs exigeants \u00e0 la recherche d&#8217;une destination idyllique. La Pointe Milou, \u00e0 Saint-Barth\u00e9lemy, propose une escapade raffin\u00e9e sans pareille, o\u00f9 vous pourrez profiter de couchers de soleil envo\u00fbtants, d&#8217;un environnement paisible et d&#8217;une exp\u00e9rience carib\u00e9enne vraiment sophistiqu\u00e9e.<\/p>\t\t\t\t\t\t\t\t<\/div>\n\t\t\t\t<\/div>\n\t\t\t\t\t<\/div>\n\t\t\t\t<\/div>\n\t\t<div class=\"elementor-element elementor-element-185429ae e-flex e-con-boxed e-con e-parent\" data-id=\"185429ae\" data-element_type=\"container\" data-e-type=\"container\">\n\t\t\t\t\t<div class=\"e-con-inner\">\n\t\t\t\t<div class=\"elementor-element elementor-element-641d318 elementor-widget elementor-widget-template\" data-id=\"641d318\" data-element_type=\"widget\" data-e-type=\"widget\" data-widget_type=\"template.default\">\n\t\t\t\t<div class=\"elementor-widget-container\">\n\t\t\t\t\t\t\t<div class=\"elementor-template\">\n\t\t\t\t\t<div data-elementor-type=\"container\" data-elementor-id=\"6215\" class=\"elementor elementor-6215\" data-elementor-post-type=\"elementor_library\">\n\t\t\t\t<div class=\"elementor-element elementor-element-7fada30 e-flex e-con-boxed e-con e-parent\" data-id=\"7fada30\" data-element_type=\"container\" data-e-type=\"container\">\n\t\t\t\t\t<div class=\"e-con-inner\">\n\t\t\t\t<div class=\"elementor-element elementor-element-9a267c6 elementor-widget elementor-widget-table-of-contents\" data-id=\"9a267c6\" data-element_type=\"widget\" data-e-type=\"widget\" data-settings=\"{&quot;headings_by_tags&quot;:[&quot;h2&quot;],&quot;exclude_headings_by_selector&quot;:[],&quot;marker_view&quot;:&quot;bullets&quot;,&quot;icon&quot;:{&quot;value&quot;:&quot;&quot;,&quot;library&quot;:&quot;&quot;},&quot;no_headings_message&quot;:&quot;Aucun titre n\\u2019a \\u00e9t\\u00e9 trouv\\u00e9 sur cette page.&quot;,&quot;hierarchical_view&quot;:&quot;yes&quot;,&quot;min_height&quot;:{&quot;unit&quot;:&quot;px&quot;,&quot;size&quot;:&quot;&quot;,&quot;sizes&quot;:[]},&quot;min_height_tablet&quot;:{&quot;unit&quot;:&quot;px&quot;,&quot;size&quot;:&quot;&quot;,&quot;sizes&quot;:[]},&quot;min_height_mobile&quot;:{&quot;unit&quot;:&quot;px&quot;,&quot;size&quot;:&quot;&quot;,&quot;sizes&quot;:[]}}\" data-widget_type=\"table-of-contents.default\">\n\t\t\t\t<div class=\"elementor-widget-container\">\n\t\t\t\t\t\t\t\t\t<div class=\"elementor-toc__header\">\n\t\t\t\t\t\t<div class=\"elementor-toc__header-title\">\n\t\t\t\tSommaire\t\t\t<\/div>\n\t\t\t\t\t\t\t\t<\/div>\n\t\t\t\t<div id=\"elementor-toc__9a267c6\" class=\"elementor-toc__body\">\n\t\t\t<div class=\"elementor-toc__spinner-container\">\n\t\t\t\t<svg class=\"elementor-toc__spinner eicon-animation-spin e-font-icon-svg e-eicon-loading\" aria-hidden=\"true\" viewBox=\"0 0 1000 1000\" xmlns=\"http:\/\/www.w3.org\/2000\/svg\"><path d=\"M500 975V858C696 858 858 696 858 500S696 142 500 142 142 304 142 500H25C25 237 238 25 500 25S975 237 975 500 763 975 500 975Z\"><\/path><\/svg>\t\t\t<\/div>\n\t\t<\/div>\n\t\t\t\t\t\t<\/div>\n\t\t\t\t<\/div>\n\t\t\t\t\t<\/div>\n\t\t\t\t<\/div>\n\t\t\t\t<\/div>\n\t\t\t\t<\/div>\n\t\t\t\t\t\t<\/div>\n\t\t\t\t<\/div>\n\t\t\t\t\t<\/div>\n\t\t\t\t<\/div>\n\t\t<div class=\"elementor-element elementor-element-5b136877 e-flex e-con-boxed e-con e-parent\" data-id=\"5b136877\" data-element_type=\"container\" data-e-type=\"container\">\n\t\t\t\t\t<div class=\"e-con-inner\">\n\t\t\t\t<div class=\"elementor-element elementor-element-3b41333b elementor-widget elementor-widget-heading\" data-id=\"3b41333b\" data-element_type=\"widget\" data-e-type=\"widget\" data-widget_type=\"heading.default\">\n\t\t\t\t<div class=\"elementor-widget-container\">\n\t\t\t\t\t<h2 class=\"elementor-heading-title elementor-size-default\">La particularit\u00e9 de la Pointe Milou \u00e0 Saint-Barth\u00e9lemy<\/h2>\t\t\t\t<\/div>\n\t\t\t\t<\/div>\n\t\t\t\t<div class=\"elementor-element elementor-element-eb7476f elementor-widget elementor-widget-text-editor\" data-id=\"eb7476f\" data-element_type=\"widget\" data-e-type=\"widget\" data-widget_type=\"text-editor.default\">\n\t\t\t\t<div class=\"elementor-widget-container\">\n\t\t\t\t\t\t\t\t\t<p>Contrairement aux centres plus anim\u00e9s de <a href=\"https:\/\/www.bucketlistvilla.com\/blog\/fr\/saint-jean-saint-barthelemy\/\">Saint-Jean<\/a> et de <a href=\"https:\/\/www.bucketlistvilla.com\/blog\/fr\/gustavia-st-barts\/\">Gustavia<\/a>, Pointe Milou est r\u00e9put\u00e9e pour son intimit\u00e9 et ses paysages c\u00f4tiers \u00e0 couper le souffle. Sur\u00e9lev\u00e9e par rapport au littoral, cette zone offre une vue ininterrompue sur la mer des Cara\u00efbes, ce qui en fait l&#8217;un des endroits les plus pris\u00e9s pour une escapade luxueuse.<\/p><p>Ce quartier exclusif abrite certaines des villas de luxe les plus spectaculaires de l&#8217;\u00eele et offre un confort et une \u00e9l\u00e9gance in\u00e9gal\u00e9s. Les falaises impressionnantes, la v\u00e9g\u00e9tation tropicale luxuriante et le bruit des vagues en contrebas cr\u00e9ent une ambiance intime et paisible, parfaite pour ceux qui recherchent la tranquillit\u00e9 tout en \u00e9tant \u00e0 proximit\u00e9 des meilleures attractions de Saint-Barth\u00e9lemy.\u00a0<\/p><p>Il n&#8217;est pas \u00e9tonnant que Pointe Milou, \u00e0 Saint-Barth\u00e9lemy, soit souvent consid\u00e9r\u00e9e comme l&#8217;un des endroits les plus pris\u00e9s de l&#8217;\u00eele pour ceux qui appr\u00e9cient la discr\u00e9tion et la sophistication.<\/p>\t\t\t\t\t\t\t\t<\/div>\n\t\t\t\t<\/div>\n\t\t\t\t\t<\/div>\n\t\t\t\t<\/div>\n\t\t<div class=\"elementor-element elementor-element-c91ef78 e-flex e-con-boxed e-con e-parent\" data-id=\"c91ef78\" data-element_type=\"container\" data-e-type=\"container\">\n\t\t\t\t\t<div class=\"e-con-inner\">\n\t\t\t\t<div class=\"elementor-element elementor-element-35cd5dd elementor-widget elementor-widget-image\" data-id=\"35cd5dd\" data-element_type=\"widget\" data-e-type=\"widget\" data-widget_type=\"image.default\">\n\t\t\t\t<div class=\"elementor-widget-container\">\n\t\t\t\t\t\t\t\t\t\t\t\t<figure class=\"wp-caption\">\n\t\t\t\t\t\t\t\t\t\t\t<a href=\"https:\/\/www.bucketlistvilla.com\/fr\/location\/villa-saint-barthelemy-villa-valentina-st-barth-6-bd-494992.html\">\n\t\t\t\t\t\t\t<img fetchpriority=\"high\" decoding=\"async\" width=\"1920\" height=\"650\" src=\"https:\/\/www.bucketlistvilla.com\/blog\/wp-content\/uploads\/2025\/02\/bucket-list-villa-valentina-st-barth-82-e1751271147852.jpg\" class=\"attachment-full size-full wp-image-6836\" alt=\"Vue imprenable sur la Pointe Milou \u00e0 St Barth depuis la terrasse de votre villa priv\u00e9e\" srcset=\"https:\/\/www.bucketlistvilla.com\/blog\/wp-content\/uploads\/2025\/02\/bucket-list-villa-valentina-st-barth-82-e1751271147852.jpg 1920w, https:\/\/www.bucketlistvilla.com\/blog\/wp-content\/uploads\/2025\/02\/bucket-list-villa-valentina-st-barth-82-e1751271147852-300x102.jpg 300w, https:\/\/www.bucketlistvilla.com\/blog\/wp-content\/uploads\/2025\/02\/bucket-list-villa-valentina-st-barth-82-e1751271147852-1024x347.jpg 1024w, https:\/\/www.bucketlistvilla.com\/blog\/wp-content\/uploads\/2025\/02\/bucket-list-villa-valentina-st-barth-82-e1751271147852-768x260.jpg 768w, https:\/\/www.bucketlistvilla.com\/blog\/wp-content\/uploads\/2025\/02\/bucket-list-villa-valentina-st-barth-82-e1751271147852-1536x520.jpg 1536w\" sizes=\"(max-width: 1920px) 100vw, 1920px\" \/>\t\t\t\t\t\t\t\t<\/a>\n\t\t\t\t\t\t\t\t\t\t\t<figcaption class=\"widget-image-caption wp-caption-text\"> \u00a9 Villa Valentina St Barth<\/figcaption>\n\t\t\t\t\t\t\t\t\t\t<\/figure>\n\t\t\t\t\t\t\t\t\t<\/div>\n\t\t\t\t<\/div>\n\t\t\t\t\t<\/div>\n\t\t\t\t<\/div>\n\t\t<div class=\"elementor-element elementor-element-c98c173 e-flex e-con-boxed e-con e-parent\" data-id=\"c98c173\" data-element_type=\"container\" data-e-type=\"container\">\n\t\t\t\t\t<div class=\"e-con-inner\">\n\t\t\t\t<div class=\"elementor-element elementor-element-962bbf3 elementor-widget elementor-widget-heading\" data-id=\"962bbf3\" data-element_type=\"widget\" data-e-type=\"widget\" data-widget_type=\"heading.default\">\n\t\t\t\t<div class=\"elementor-widget-container\">\n\t\t\t\t\t<h2 class=\"elementor-heading-title elementor-size-default\">Activit\u00e9s et sites touristiques \u00e0 Pointe Milou<\/h2>\t\t\t\t<\/div>\n\t\t\t\t<\/div>\n\t\t\t\t<div class=\"elementor-element elementor-element-5b351a0 elementor-widget elementor-widget-text-editor\" data-id=\"5b351a0\" data-element_type=\"widget\" data-e-type=\"widget\" data-widget_type=\"text-editor.default\">\n\t\t\t\t<div class=\"elementor-widget-container\">\n\t\t\t\t\t\t\t\t\t<p>Bien que la Pointe Milou soit principalement connue pour ses superbes villas et la beaut\u00e9 de ses paysages, il existe quelques endroits remarquables dans la r\u00e9gion. L&#8217;un des lieux les plus embl\u00e9matiques est <a href=\"https:\/\/letistbarth-sbh.com\/fr\/\">Le Ti St Barth<\/a>, un lieu intime de type cabaret connu pour sa vie nocturne anim\u00e9e, ses costumes extravagants et ses repas de qualit\u00e9. Ce lieu hupp\u00e9 et \u00e9nergique est incontournable pour ceux qui souhaitent ajouter une touche de glamour et de divertissement \u00e0 leur s\u00e9jour.<\/p><p>Pour ceux qui veulent plus d&#8217;activit\u00e9s, les r\u00e9gions voisines telles que Lorient et Saint Jean proposent toute une gamme d&#8217;exp\u00e9riences.\u00a0<\/p><p>La plage de Lorient, situ\u00e9e \u00e0 une courte distance en voiture, est id\u00e9ale pour les surfeurs, avec des vagues r\u00e9guli\u00e8res et une ambiance d\u00e9contract\u00e9e. Pendant les saisons de migration (en particulier de f\u00e9vrier \u00e0 avril), vous pourrez m\u00eame apercevoir des baleines \u00e0 bosse en train de sauter au loin.<\/p><p>La plage de Saint-Jean, quant \u00e0 elle, est parfaite pour ceux qui souhaitent profiter d&#8217;un sable blanc immacul\u00e9 et d&#8217;eaux turquoise calmes. Cette zone comprend \u00e9galement des boutiques de luxe, des <a href=\"https:\/\/www.bucketlistvilla.com\/blog\/fr\/restaurants-saint-bathelemy\/\">restaurants<\/a> gastronomiques et le c\u00e9l\u00e8bre h\u00f4tel <a href=\"https:\/\/www.oetkercollection.com\/fr\/hotels\/eden-rock-st-barths\/restaurant-bar\/\">Eden Rock<\/a>, symbole de l&#8217;opulence de Saint-Barth\u00e9lemy.<\/p>\t\t\t\t\t\t\t\t<\/div>\n\t\t\t\t<\/div>\n\t\t\t\t\t<\/div>\n\t\t\t\t<\/div>\n\t\t<div class=\"elementor-element elementor-element-fdef15d e-flex e-con-boxed e-con e-parent\" data-id=\"fdef15d\" data-element_type=\"container\" data-e-type=\"container\">\n\t\t\t\t\t<div class=\"e-con-inner\">\n\t\t<div class=\"elementor-element elementor-element-b8a834a e-con-full e-flex e-con e-child\" data-id=\"b8a834a\" data-element_type=\"container\" data-e-type=\"container\">\n\t\t\t\t<div class=\"elementor-element elementor-element-86f3300 elementor-widget elementor-widget-heading\" data-id=\"86f3300\" data-element_type=\"widget\" data-e-type=\"widget\" data-widget_type=\"heading.default\">\n\t\t\t\t<div class=\"elementor-widget-container\">\n\t\t\t\t\t<h2 class=\"elementor-heading-title elementor-size-default\">D\u00e9couvrez la Pointe Milou avec cette carte indispensable<\/h2>\t\t\t\t<\/div>\n\t\t\t\t<\/div>\n\t\t\t\t<div class=\"elementor-element elementor-element-9712476 elementor-widget elementor-widget-text-editor\" data-id=\"9712476\" data-element_type=\"widget\" data-e-type=\"widget\" data-widget_type=\"text-editor.default\">\n\t\t\t\t<div class=\"elementor-widget-container\">\n\t\t\t\t\t\t\t\t\t<p>Pour appr\u00e9cier pleinement le caract\u00e8re exclusif et la beaut\u00e9 naturelle de cette r\u00e9gion, la carte de la Pointe Milou \u00e0 Saint-Barth\u00e9lemy est un outil essentiel pour les visiteurs. Ce guide tr\u00e8s pr\u00e9cieux met en \u00e9vidence les meilleurs points de vue, l&#8217;emplacement des villas et les lieux incontournables de la Pointe Milou et de ses environs. Il permet aux visiteurs de se d\u00e9placer sans effort dans cette enclave tranquille tout en d\u00e9couvrant les richesses des zones voisines. Que vous soyez \u00e0 la recherche d&#8217;une exp\u00e9rience gastronomique en bord de mer, de points de vue cach\u00e9s ou d&#8217;un acc\u00e8s facile aux plages voisines, une carte d\u00e9taill\u00e9e de la Pointe Milou \u00e0 Saint-Barth\u00e9lemy vous permettra de profiter au mieux de votre s\u00e9jour.<\/p>\t\t\t\t\t\t\t\t<\/div>\n\t\t\t\t<\/div>\n\t\t\t\t<\/div>\n\t\t<div class=\"elementor-element elementor-element-e40ddd4 e-con-full e-flex e-con e-child\" data-id=\"e40ddd4\" data-element_type=\"container\" data-e-type=\"container\">\n\t\t\t\t<div class=\"elementor-element elementor-element-9d17dab elementor-widget elementor-widget-google_maps\" data-id=\"9d17dab\" data-element_type=\"widget\" data-e-type=\"widget\" data-widget_type=\"google_maps.default\">\n\t\t\t\t<div class=\"elementor-widget-container\">\n\t\t\t\t\t\t\t<div class=\"elementor-custom-embed\">\n\t\t\t<iframe loading=\"lazy\"\n\t\t\t\t\tsrc=\"https:\/\/maps.google.com\/maps?q=Pointe%20Milou%2097133&#038;t=m&#038;z=15&#038;output=embed&#038;iwloc=near\"\n\t\t\t\t\ttitle=\"Pointe Milou 97133\"\n\t\t\t\t\taria-label=\"Pointe Milou 97133\"\n\t\t\t><\/iframe>\n\t\t<\/div>\n\t\t\t\t\t\t<\/div>\n\t\t\t\t<\/div>\n\t\t\t\t<\/div>\n\t\t\t\t\t<\/div>\n\t\t\t\t<\/div>\n\t\t<div class=\"elementor-element elementor-element-fdb898b e-flex e-con-boxed e-con e-parent\" data-id=\"fdb898b\" data-element_type=\"container\" data-e-type=\"container\">\n\t\t\t\t\t<div class=\"e-con-inner\">\n\t\t\t\t<div class=\"elementor-element elementor-element-20f8f1f elementor-widget elementor-widget-heading\" data-id=\"20f8f1f\" data-element_type=\"widget\" data-e-type=\"widget\" data-widget_type=\"heading.default\">\n\t\t\t\t<div class=\"elementor-widget-container\">\n\t\t\t\t\t<h2 class=\"elementor-heading-title elementor-size-default\">Lieux de s\u00e9jour et de divertissement \u00e0 Pointe Milou<\/h2>\t\t\t\t<\/div>\n\t\t\t\t<\/div>\n\t\t\t\t<div class=\"elementor-element elementor-element-1a45558 elementor-widget elementor-widget-text-editor\" data-id=\"1a45558\" data-element_type=\"widget\" data-e-type=\"widget\" data-widget_type=\"text-editor.default\">\n\t\t\t\t<div class=\"elementor-widget-container\">\n\t\t\t\t\t\t\t\t\t<p>Un voyage \u00e0 Pointe Milou \u00e0 Saint-Barth\u00e9lemy est inachev\u00e9 si l&#8217;on ne go\u00fbte pas au luxe d&#8217;une villa priv\u00e9e. Cette zone exclusive regroupe certains des logements les plus \u00e9l\u00e9gants de l&#8217;\u00eele, con\u00e7us pour offrir intimit\u00e9, raffinement et une vue in\u00e9gal\u00e9e sur l&#8217;oc\u00e9an. Que vous soyez \u00e0 la recherche d&#8217;un refuge chic et moderne ou d&#8217;une villa classique au style carib\u00e9en, les magnifiques propri\u00e9t\u00e9s de Pointe Milou vous garantiront un s\u00e9jour parfait.<\/p><p>Pour un s\u00e9jour de luxe \u00e0 Pointe Milou, d\u00e9couvrez la collection exclusive des villas de Bucket List Villa. Chaque villa est soigneusement s\u00e9lectionn\u00e9e pour offrir les meilleurs \u00e9quipements, une vue imprenable sur la mer et un niveau de <a href=\"https:\/\/www.bucketlistvilla.com\/fr\/sejour-de-luxe\/\">service<\/a> exceptionnel, afin que votre exp\u00e9rience soit aussi luxueuse que la destination elle-m\u00eame.<\/p>\t\t\t\t\t\t\t\t<\/div>\n\t\t\t\t<\/div>\n\t\t\t\t\t<\/div>\n\t\t\t\t<\/div>\n\t\t<div class=\"elementor-element elementor-element-5c50d60 e-flex e-con-boxed e-con e-parent\" data-id=\"5c50d60\" data-element_type=\"container\" data-e-type=\"container\">\n\t\t\t\t\t<div class=\"e-con-inner\">\n\t\t<div class=\"elementor-element elementor-element-9252d6a e-con-full e-flex e-con e-child\" data-id=\"9252d6a\" data-element_type=\"container\" data-e-type=\"container\" data-settings=\"{&quot;background_background&quot;:&quot;classic&quot;}\">\n\t\t\t\t<div class=\"elementor-element elementor-element-d77a643 elementor-widget elementor-widget-image\" data-id=\"d77a643\" data-element_type=\"widget\" data-e-type=\"widget\" data-widget_type=\"image.default\">\n\t\t\t\t<div class=\"elementor-widget-container\">\n\t\t\t\t\t\t\t\t\t\t\t\t\t\t\t\t<a href=\"https:\/\/www.bucketlistvilla.com\/fr\/location\/villa-saint-barthelemy-villa-valentina-st-barth-6-bd-494992.html\">\n\t\t\t\t\t\t\t<img decoding=\"async\" src=\"https:\/\/www.bucketlistvilla.com\/blog\/wp-content\/uploads\/elementor\/thumbs\/villa-valentina-st-barts-group-friends-r753t4x9jwjysknwqqee7pmxcvuckt35h1mhq705e8.webp\" title=\"villa valentina \u00e0 st barth pour les groupes\" alt=\"villa valentina \u00e0 st barth pour les groupes\" loading=\"lazy\" \/>\t\t\t\t\t\t\t\t<\/a>\n\t\t\t\t\t\t\t\t\t\t\t\t\t\t\t<\/div>\n\t\t\t\t<\/div>\n\t\t\t\t<div class=\"elementor-element elementor-element-00c36c8 elementor-widget elementor-widget-heading\" data-id=\"00c36c8\" data-element_type=\"widget\" data-e-type=\"widget\" data-widget_type=\"heading.default\">\n\t\t\t\t<div class=\"elementor-widget-container\">\n\t\t\t\t\t<h3 class=\"elementor-heading-title elementor-size-default\"><a href=\"https:\/\/www.bucketlistvilla.com\/fr\/location\/villa-saint-barthelemy-villa-valentina-st-barth-6-bd-494992.html\">Villa Valentina<\/a><\/h3>\t\t\t\t<\/div>\n\t\t\t\t<\/div>\n\t\t\t\t<\/div>\n\t\t<div class=\"elementor-element elementor-element-98c0289 e-con-full e-flex e-con e-child\" data-id=\"98c0289\" data-element_type=\"container\" data-e-type=\"container\" data-settings=\"{&quot;background_background&quot;:&quot;classic&quot;}\">\n\t\t\t\t<div class=\"elementor-element elementor-element-fb5936c elementor-widget elementor-widget-image\" data-id=\"fb5936c\" data-element_type=\"widget\" data-e-type=\"widget\" data-widget_type=\"image.default\">\n\t\t\t\t<div class=\"elementor-widget-container\">\n\t\t\t\t\t\t\t\t\t\t\t\t\t\t\t\t<a href=\"https:\/\/www.bucketlistvilla.com\/fr\/location\/villa-saint-barthelemy-villa-only-view-st-barth-4-bd-497262.html\">\n\t\t\t\t\t\t\t<img decoding=\"async\" width=\"250\" height=\"200\" src=\"https:\/\/www.bucketlistvilla.com\/blog\/wp-content\/uploads\/2025\/02\/villa-only-view-pointe-milou-st-barts.webp\" class=\"attachment-large size-large wp-image-5864\" alt=\"villa only view pointe milou st barts\" \/>\t\t\t\t\t\t\t\t<\/a>\n\t\t\t\t\t\t\t\t\t\t\t\t\t\t\t<\/div>\n\t\t\t\t<\/div>\n\t\t\t\t<div class=\"elementor-element elementor-element-1da716f elementor-widget elementor-widget-heading\" data-id=\"1da716f\" data-element_type=\"widget\" data-e-type=\"widget\" data-widget_type=\"heading.default\">\n\t\t\t\t<div class=\"elementor-widget-container\">\n\t\t\t\t\t<h3 class=\"elementor-heading-title elementor-size-default\"><a href=\"https:\/\/www.bucketlistvilla.com\/fr\/location\/villa-saint-barthelemy-villa-only-view-st-barth-4-bd-497262.html\">Villa Only View<\/a><\/h3>\t\t\t\t<\/div>\n\t\t\t\t<\/div>\n\t\t\t\t<\/div>\n\t\t<div class=\"elementor-element elementor-element-a85fe69 e-con-full e-flex e-con e-child\" data-id=\"a85fe69\" data-element_type=\"container\" data-e-type=\"container\" data-settings=\"{&quot;background_background&quot;:&quot;classic&quot;}\">\n\t\t\t\t<div class=\"elementor-element elementor-element-2cfd373 elementor-widget elementor-widget-image\" data-id=\"2cfd373\" data-element_type=\"widget\" data-e-type=\"widget\" data-widget_type=\"image.default\">\n\t\t\t\t<div class=\"elementor-widget-container\">\n\t\t\t\t\t\t\t\t\t\t\t\t\t\t\t\t<a href=\"https:\/\/www.bucketlistvilla.com\/fr\/location\/villa-saint-barthelemy-villa-cap-au-vent-st-barth-4-bd-446499.html\">\n\t\t\t\t\t\t\t<img decoding=\"async\" width=\"250\" height=\"200\" src=\"https:\/\/www.bucketlistvilla.com\/blog\/wp-content\/uploads\/2025\/02\/villa-cap-au-vent-st-barts.webp\" class=\"attachment-full size-full wp-image-5861\" alt=\"villa cap au vent st barts\" \/>\t\t\t\t\t\t\t\t<\/a>\n\t\t\t\t\t\t\t\t\t\t\t\t\t\t\t<\/div>\n\t\t\t\t<\/div>\n\t\t\t\t<div class=\"elementor-element elementor-element-879f600 elementor-widget elementor-widget-heading\" data-id=\"879f600\" data-element_type=\"widget\" data-e-type=\"widget\" data-widget_type=\"heading.default\">\n\t\t\t\t<div class=\"elementor-widget-container\">\n\t\t\t\t\t<h3 class=\"elementor-heading-title elementor-size-default\"><a href=\"https:\/\/www.bucketlistvilla.com\/fr\/location\/villa-saint-barthelemy-villa-cap-au-vent-st-barth-4-bd-446499.html\">Villa Cap au vent<\/a><\/h3>\t\t\t\t<\/div>\n\t\t\t\t<\/div>\n\t\t\t\t<\/div>\n\t\t<div class=\"elementor-element elementor-element-509da9f e-con-full e-flex e-con e-child\" data-id=\"509da9f\" data-element_type=\"container\" data-e-type=\"container\" data-settings=\"{&quot;background_background&quot;:&quot;classic&quot;}\">\n\t\t\t\t<div class=\"elementor-element elementor-element-b44f16c elementor-widget elementor-widget-image\" data-id=\"b44f16c\" data-element_type=\"widget\" data-e-type=\"widget\" data-widget_type=\"image.default\">\n\t\t\t\t<div class=\"elementor-widget-container\">\n\t\t\t\t\t\t\t\t\t\t\t\t\t\t\t\t<a href=\"https:\/\/www.bucketlistvilla.com\/fr\/location\/villa-saint-barthelemy-villa-pointe-milou-st-barth-4-bd-446479.html\">\n\t\t\t\t\t\t\t<img loading=\"lazy\" decoding=\"async\" width=\"250\" height=\"200\" src=\"https:\/\/www.bucketlistvilla.com\/blog\/wp-content\/uploads\/2025\/02\/villa-pointe-milou-st-barts.webp\" class=\"attachment-large size-large wp-image-5867\" alt=\"villa pointe milou st barts\" \/>\t\t\t\t\t\t\t\t<\/a>\n\t\t\t\t\t\t\t\t\t\t\t\t\t\t\t<\/div>\n\t\t\t\t<\/div>\n\t\t\t\t<div class=\"elementor-element elementor-element-689bad1 elementor-widget elementor-widget-heading\" data-id=\"689bad1\" data-element_type=\"widget\" data-e-type=\"widget\" data-widget_type=\"heading.default\">\n\t\t\t\t<div class=\"elementor-widget-container\">\n\t\t\t\t\t<h3 class=\"elementor-heading-title elementor-size-default\"><a href=\"https:\/\/www.bucketlistvilla.com\/fr\/location\/villa-saint-barthelemy-villa-pointe-milou-st-barth-4-bd-446479.html\">Villa Pointe Milou<\/a><\/h3>\t\t\t\t<\/div>\n\t\t\t\t<\/div>\n\t\t\t\t<\/div>\n\t\t<div class=\"elementor-element elementor-element-75389f5 e-con-full e-flex e-con e-child\" data-id=\"75389f5\" data-element_type=\"container\" data-e-type=\"container\" data-settings=\"{&quot;background_background&quot;:&quot;classic&quot;}\">\n\t\t\t\t<div class=\"elementor-element elementor-element-101ae41 elementor-widget elementor-widget-image\" data-id=\"101ae41\" data-element_type=\"widget\" data-e-type=\"widget\" data-widget_type=\"image.default\">\n\t\t\t\t<div class=\"elementor-widget-container\">\n\t\t\t\t\t\t\t\t\t\t\t\t\t\t\t\t<a href=\"https:\/\/www.bucketlistvilla.com\/fr\/location\/villa-saint-barthelemy-villa-bonbonniere-st-barth-1-bd-446501.html\">\n\t\t\t\t\t\t\t<img decoding=\"async\" src=\"https:\/\/www.bucketlistvilla.com\/blog\/wp-content\/uploads\/elementor\/thumbs\/villa-bonbonniere-st-barts-caribbean-r4qjvxihz3w4g6i5h8xd889ydbaoi18hr838p3c1n4.webp\" title=\"villa bonbonniere st barth caraibes\" alt=\"villa bonbonniere st barth caraibes\" loading=\"lazy\" \/>\t\t\t\t\t\t\t\t<\/a>\n\t\t\t\t\t\t\t\t\t\t\t\t\t\t\t<\/div>\n\t\t\t\t<\/div>\n\t\t\t\t<div class=\"elementor-element elementor-element-4bc5f05 elementor-widget elementor-widget-heading\" data-id=\"4bc5f05\" data-element_type=\"widget\" data-e-type=\"widget\" data-widget_type=\"heading.default\">\n\t\t\t\t<div class=\"elementor-widget-container\">\n\t\t\t\t\t<h3 class=\"elementor-heading-title elementor-size-default\"><a href=\"https:\/\/www.bucketlistvilla.com\/fr\/location\/villa-saint-barthelemy-villa-bonbonniere-st-barth-1-bd-446501.html\">Villa bonbonni\u00e8re<\/a><\/h3>\t\t\t\t<\/div>\n\t\t\t\t<\/div>\n\t\t\t\t<\/div>\n\t\t\t\t\t<\/div>\n\t\t\t\t<\/div>\n\t\t<div class=\"elementor-element elementor-element-7790c85 e-flex e-con-boxed e-con e-parent\" data-id=\"7790c85\" data-element_type=\"container\" data-e-type=\"container\">\n\t\t\t\t\t<div class=\"e-con-inner\">\n\t\t\t\t<div class=\"elementor-element elementor-element-59fdab1 elementor-align-center elementor-widget elementor-widget-button\" data-id=\"59fdab1\" data-element_type=\"widget\" data-e-type=\"widget\" data-widget_type=\"button.default\">\n\t\t\t\t<div class=\"elementor-widget-container\">\n\t\t\t\t\t\t\t\t\t<div class=\"elementor-button-wrapper\">\n\t\t\t\t\t<a class=\"elementor-button elementor-button-link elementor-size-sm\" href=\"https:\/\/www.bucketlistvilla.com\/fr\/location\/locations-pointe-milou-saint-barthelemy-n160237\/\">\n\t\t\t\t\t\t<span class=\"elementor-button-content-wrapper\">\n\t\t\t\t\t\t\t\t\t<span class=\"elementor-button-text\">Tous les logements<\/span>\n\t\t\t\t\t<\/span>\n\t\t\t\t\t<\/a>\n\t\t\t\t<\/div>\n\t\t\t\t\t\t\t\t<\/div>\n\t\t\t\t<\/div>\n\t\t\t\t\t<\/div>\n\t\t\t\t<\/div>\n\t\t<div class=\"elementor-element elementor-element-156e32d e-flex e-con-boxed e-con e-parent\" data-id=\"156e32d\" data-element_type=\"container\" data-e-type=\"container\">\n\t\t\t\t\t<div class=\"e-con-inner\">\n\t\t\t\t<div class=\"elementor-element elementor-element-0f8ac60 elementor-widget elementor-widget-heading\" data-id=\"0f8ac60\" data-element_type=\"widget\" data-e-type=\"widget\" data-widget_type=\"heading.default\">\n\t\t\t\t<div class=\"elementor-widget-container\">\n\t\t\t\t\t<h2 class=\"elementor-heading-title elementor-size-default\">Conclusion : Pourquoi visiter la Pointe Milou \u00e0 Saint-Barth\u00e9lemy ?<\/h2>\t\t\t\t<\/div>\n\t\t\t\t<\/div>\n\t\t\t\t<div class=\"elementor-element elementor-element-8650393 elementor-widget elementor-widget-text-editor\" data-id=\"8650393\" data-element_type=\"widget\" data-e-type=\"widget\" data-widget_type=\"text-editor.default\">\n\t\t\t\t<div class=\"elementor-widget-container\">\n\t\t\t\t\t\t\t\t\t<p>Une visite \u00e0 Pointe Milou, \u00e0 Saint-Barth\u00e9lemy, constitue pour les visiteurs une invitation \u00e0 d\u00e9couvrir l&#8217;enclave la plus tranquille et la plus exclusive de l&#8217;\u00eele. Avec ses panoramas \u00e0 couper le souffle, ses luxueuses villas priv\u00e9es et son acc\u00e8s facile \u00e0 la fois \u00e0 des lieux de d\u00e9tente isol\u00e9s et aux exp\u00e9riences anim\u00e9es de l&#8217;\u00eele, cette r\u00e9gion offre l&#8217;\u00e9quilibre parfait pour un s\u00e9jour raffin\u00e9 dans les Cara\u00efbes.<\/p><p>Que vous soyez attir\u00e9 par ses couchers de soleil envo\u00fbtants, par la vie nocturne \u00e9l\u00e9gante du Ti St Barth ou par la proximit\u00e9 des meilleures plages et attractions de Saint-Barth, Pointe Milou offre un cadre exceptionnel pour un s\u00e9jour inoubliable. Faites de votre s\u00e9jour une exp\u00e9rience unique en choisissant une villa luxueuse propos\u00e9e par <a href=\"https:\/\/www.bucketlistvilla.com\/fr\/location\/locations-pointe-milou-saint-barthelemy-n160237\/\">Bucket List Villa<\/a> et immergez-vous au c\u0153ur de la beaut\u00e9 in\u00e9gal\u00e9e et de l&#8217;exclusivit\u00e9 que Pointe Milou peut vous offrir. <a href=\"https:\/\/www.bucketlistvilla.com\/fr\/contact\/\">Contactez<\/a> notre service de r\u00e9servation \u00e0 partir d\u2019aujourd&#8217;hui et nous nous occupons de tout.<\/p>\t\t\t\t\t\t\t\t<\/div>\n\t\t\t\t<\/div>\n\t\t\t\t\t<\/div>\n\t\t\t\t<\/div>\n\t\t<div class=\"elementor-element elementor-element-66fecff e-flex e-con-boxed e-con e-parent\" data-id=\"66fecff\" data-element_type=\"container\" data-e-type=\"container\">\n\t\t\t\t\t<div class=\"e-con-inner\">\n\t\t\t\t<div class=\"elementor-element elementor-element-1e816a1 elementor-widget elementor-widget-template\" data-id=\"1e816a1\" data-element_type=\"widget\" data-e-type=\"widget\" data-widget_type=\"template.default\">\n\t\t\t\t<div class=\"elementor-widget-container\">\n\t\t\t\t\t\t\t<div class=\"elementor-template\">\n\t\t\t\t\t<div data-elementor-type=\"container\" data-elementor-id=\"3955\" class=\"elementor elementor-3955\" data-elementor-post-type=\"elementor_library\">\n\t\t\t\t<div class=\"elementor-element elementor-element-1d0abfe1 e-flex e-con-boxed e-con e-parent\" data-id=\"1d0abfe1\" data-element_type=\"container\" data-e-type=\"container\">\n\t\t\t\t\t<div class=\"e-con-inner\">\n\t\t<div class=\"elementor-element elementor-element-23032bb8 e-con-full e-flex e-con e-child\" data-id=\"23032bb8\" data-element_type=\"container\" data-e-type=\"container\">\n\t\t\t\t<div class=\"elementor-element elementor-element-56702b10 elementor-cta--skin-cover elementor-cta--valign-bottom elementor-animated-content elementor-bg-transform elementor-bg-transform-zoom-in elementor-widget elementor-widget-call-to-action\" data-id=\"56702b10\" data-element_type=\"widget\" data-e-type=\"widget\" data-widget_type=\"call-to-action.default\">\n\t\t\t\t<div class=\"elementor-widget-container\">\n\t\t\t\t\t\t\t<a class=\"elementor-cta\" href=\"https:\/\/www.bucketlistvilla.com\/fr\/location-vacances-st-barth\/\">\n\t\t\t\t\t<div class=\"elementor-cta__bg-wrapper\">\n\t\t\t\t<div class=\"elementor-cta__bg elementor-bg\" style=\"background-image: url(https:\/\/www.bucketlistvilla.com\/blog\/wp-content\/uploads\/2025\/06\/Villa-Tourmaline-70-1-e1749284321608.jpg);\" role=\"img\" aria-label=\"Accommodation St Barts\"><\/div>\n\t\t\t\t<div class=\"elementor-cta__bg-overlay\"><\/div>\n\t\t\t<\/div>\n\t\t\t\t\t\t\t<div class=\"elementor-cta__content\">\n\t\t\t\t\n\t\t\t\t\n\t\t\t\t\n\t\t\t\t\t\t\t\t\t<div class=\"elementor-cta__button-wrapper elementor-cta__content-item elementor-content-item elementor-animated-item--grow\">\n\t\t\t\t\t<span class=\"elementor-cta__button elementor-button elementor-size-\">\n\t\t\t\t\t\tLocations vacances st barth\t\t\t\t\t<\/span>\n\t\t\t\t\t<\/div>\n\t\t\t\t\t\t\t<\/div>\n\t\t\t\t\t\t<\/a>\n\t\t\t\t\t\t<\/div>\n\t\t\t\t<\/div>\n\t\t\t\t<\/div>\n\t\t<div class=\"elementor-element elementor-element-403c8d99 e-con-full e-flex e-con e-child\" data-id=\"403c8d99\" data-element_type=\"container\" data-e-type=\"container\">\n\t\t\t\t<div class=\"elementor-element elementor-element-11d0ef35 elementor-cta--skin-cover elementor-cta--valign-bottom elementor-animated-content elementor-bg-transform elementor-bg-transform-zoom-in elementor-widget elementor-widget-call-to-action\" data-id=\"11d0ef35\" data-element_type=\"widget\" data-e-type=\"widget\" data-widget_type=\"call-to-action.default\">\n\t\t\t\t<div class=\"elementor-widget-container\">\n\t\t\t\t\t\t\t<a class=\"elementor-cta\" href=\"https:\/\/www.bucketlistvilla.com\/fr\/villa-luxe-saint-barth\/\">\n\t\t\t\t\t<div class=\"elementor-cta__bg-wrapper\">\n\t\t\t\t<div class=\"elementor-cta__bg elementor-bg\" style=\"background-image: url(https:\/\/www.bucketlistvilla.com\/blog\/wp-content\/uploads\/2025\/06\/bucketlistvilla_larimar_st_barts_rentals_-31-e1749283151228.jpg);\" role=\"img\" aria-label=\"Villas St Barts\"><\/div>\n\t\t\t\t<div class=\"elementor-cta__bg-overlay\"><\/div>\n\t\t\t<\/div>\n\t\t\t\t\t\t\t<div class=\"elementor-cta__content\">\n\t\t\t\t\n\t\t\t\t\n\t\t\t\t\n\t\t\t\t\t\t\t\t\t<div class=\"elementor-cta__button-wrapper elementor-cta__content-item elementor-content-item elementor-animated-item--grow\">\n\t\t\t\t\t<span class=\"elementor-cta__button elementor-button elementor-size-\">\n\t\t\t\t\t\tVillas St Barth\t\t\t\t\t<\/span>\n\t\t\t\t\t<\/div>\n\t\t\t\t\t\t\t<\/div>\n\t\t\t\t\t\t<\/a>\n\t\t\t\t\t\t<\/div>\n\t\t\t\t<\/div>\n\t\t\t\t<\/div>\n\t\t<div class=\"elementor-element elementor-element-1914682f e-con-full e-flex e-con e-child\" data-id=\"1914682f\" data-element_type=\"container\" data-e-type=\"container\">\n\t\t\t\t<div class=\"elementor-element elementor-element-7999e4f0 elementor-cta--skin-cover elementor-cta--valign-bottom elementor-animated-content elementor-bg-transform elementor-bg-transform-zoom-in elementor-widget elementor-widget-call-to-action\" data-id=\"7999e4f0\" data-element_type=\"widget\" data-e-type=\"widget\" data-widget_type=\"call-to-action.default\">\n\t\t\t\t<div class=\"elementor-widget-container\">\n\t\t\t\t\t\t\t<a class=\"elementor-cta\" href=\"https:\/\/www.bucketlistvilla.com\/blog\/fr\/yacht-de-luxe-location\/\">\n\t\t\t\t\t<div class=\"elementor-cta__bg-wrapper\">\n\t\t\t\t<div class=\"elementor-cta__bg elementor-bg\" style=\"background-image: url(https:\/\/www.bucketlistvilla.com\/blog\/wp-content\/uploads\/2025\/06\/AdobeStock_600886862-2-e1749284197833.jpg);\" role=\"img\" aria-label=\"private yachts st barts\"><\/div>\n\t\t\t\t<div class=\"elementor-cta__bg-overlay\"><\/div>\n\t\t\t<\/div>\n\t\t\t\t\t\t\t<div class=\"elementor-cta__content\">\n\t\t\t\t\n\t\t\t\t\n\t\t\t\t\n\t\t\t\t\t\t\t\t\t<div class=\"elementor-cta__button-wrapper elementor-cta__content-item elementor-content-item elementor-animated-item--grow\">\n\t\t\t\t\t<span class=\"elementor-cta__button elementor-button elementor-size-\">\n\t\t\t\t\t\tBateaux St Barth\t\t\t\t\t<\/span>\n\t\t\t\t\t<\/div>\n\t\t\t\t\t\t\t<\/div>\n\t\t\t\t\t\t<\/a>\n\t\t\t\t\t\t<\/div>\n\t\t\t\t<\/div>\n\t\t\t\t<\/div>\n\t\t\t\t\t<\/div>\n\t\t\t\t<\/div>\n\t\t\t\t<\/div>\n\t\t\t\t<\/div>\n\t\t\t\t\t\t<\/div>\n\t\t\t\t<\/div>\n\t\t\t\t\t<\/div>\n\t\t\t\t<\/div>\n\t\t\t\t<\/div>\n\t\t","protected":false},"excerpt":{"rendered":"<p>Nich\u00e9e sur la c\u00f4te nord de Saint-Barth\u00e9lemy, Pointe Milou est un lieu \u00e9l\u00e9gant et isol\u00e9 qui offre une vue panoramique \u00e0 couper le souffle et un sentiment de tranquillit\u00e9 in\u00e9gal\u00e9. Connue pour ses villas priv\u00e9es luxueuses et son atmosph\u00e8re d\u00e9tendue, cette enclave exclusive attire les voyageurs exigeants \u00e0 la recherche d&#8217;une destination idyllique. La Pointe [&hellip;]<\/p>\n","protected":false},"author":3,"featured_media":3032,"comment_status":"open","ping_status":"open","sticky":false,"template":"","format":"standard","meta":{"footnotes":""},"categories":[75,70,29],"tags":[88],"class_list":["post-3179","post","type-post","status-publish","format-standard","has-post-thumbnail","hentry","category-experiences","category-quartiers-st-barth","category-st-barth","tag-inspiration"],"yoast_head":"<!-- This site is optimized with the Yoast SEO plugin v27.5 - https:\/\/yoast.com\/product\/yoast-seo-wordpress\/ -->\n<title>La Pointe Milou \u00e0 Saint-Barth\u00e9l\u00e9my : Un v\u00e9ritable sanctuaire isol\u00e9 - Blog<\/title>\n<meta name=\"description\" content=\"Explorez la pittoresque Pointe Milou \u00e0 Saint-Barth\u00e9lemy. Un coin plein de beaut\u00e9 et de tranquillit\u00e9. Venez profiter de ce paradis carib\u00e9en !\" \/>\n<meta name=\"robots\" content=\"index, follow, max-snippet:-1, max-image-preview:large, max-video-preview:-1\" \/>\n<link rel=\"canonical\" href=\"https:\/\/www.bucketlistvilla.com\/blog\/fr\/pointe-milou-st-barth\/\" \/>\n<meta property=\"og:locale\" content=\"fr_FR\" \/>\n<meta property=\"og:type\" content=\"article\" \/>\n<meta property=\"og:title\" content=\"La Pointe Milou \u00e0 Saint-Barth\u00e9l\u00e9my : Un v\u00e9ritable sanctuaire isol\u00e9 - Blog\" \/>\n<meta property=\"og:description\" content=\"Explorez la pittoresque Pointe Milou \u00e0 Saint-Barth\u00e9lemy. Un coin plein de beaut\u00e9 et de tranquillit\u00e9. Venez profiter de ce paradis carib\u00e9en !\" \/>\n<meta property=\"og:url\" content=\"https:\/\/www.bucketlistvilla.com\/blog\/fr\/pointe-milou-st-barth\/\" \/>\n<meta property=\"og:site_name\" content=\"Blog\" \/>\n<meta property=\"article:published_time\" content=\"2025-02-03T15:39:53+00:00\" \/>\n<meta property=\"article:modified_time\" content=\"2025-09-11T09:48:02+00:00\" \/>\n<meta property=\"og:image\" content=\"https:\/\/www.bucketlistvilla.com\/blog\/wp-content\/uploads\/2025\/02\/Pointe-Milou.jpg\" \/>\n\t<meta property=\"og:image:width\" content=\"1920\" \/>\n\t<meta property=\"og:image:height\" content=\"734\" \/>\n\t<meta property=\"og:image:type\" content=\"image\/jpeg\" \/>\n<meta name=\"author\" content=\"digitalservices@avantio.com\" \/>\n<meta name=\"twitter:card\" content=\"summary_large_image\" \/>\n<meta name=\"twitter:label1\" content=\"Written by\" \/>\n\t<meta name=\"twitter:data1\" content=\"digitalservices@avantio.com\" \/>\n\t<meta name=\"twitter:label2\" content=\"Est. reading time\" \/>\n\t<meta name=\"twitter:data2\" content=\"7 minutes\" \/>\n<script type=\"application\/ld+json\" class=\"yoast-schema-graph\">{\"@context\":\"https:\\\/\\\/schema.org\",\"@graph\":[{\"@type\":\"Article\",\"@id\":\"https:\\\/\\\/www.bucketlistvilla.com\\\/blog\\\/fr\\\/pointe-milou-st-barth\\\/#article\",\"isPartOf\":{\"@id\":\"https:\\\/\\\/www.bucketlistvilla.com\\\/blog\\\/fr\\\/pointe-milou-st-barth\\\/\"},\"author\":{\"name\":\"digitalservices@avantio.com\",\"@id\":\"https:\\\/\\\/www.bucketlistvilla.com\\\/blog\\\/fr\\\/#\\\/schema\\\/person\\\/4fac40a1703aee7856657a7e3931d230\"},\"headline\":\"La Pointe Milou \u00e0 Saint-Barth\u00e9l\u00e9my : Un v\u00e9ritable sanctuaire isol\u00e9\",\"datePublished\":\"2025-02-03T15:39:53+00:00\",\"dateModified\":\"2025-09-11T09:48:02+00:00\",\"mainEntityOfPage\":{\"@id\":\"https:\\\/\\\/www.bucketlistvilla.com\\\/blog\\\/fr\\\/pointe-milou-st-barth\\\/\"},\"wordCount\":1001,\"commentCount\":0,\"image\":{\"@id\":\"https:\\\/\\\/www.bucketlistvilla.com\\\/blog\\\/fr\\\/pointe-milou-st-barth\\\/#primaryimage\"},\"thumbnailUrl\":\"https:\\\/\\\/www.bucketlistvilla.com\\\/blog\\\/wp-content\\\/uploads\\\/2025\\\/02\\\/Pointe-Milou.jpg\",\"keywords\":[\"Inspiration\"],\"articleSection\":[\"Exp\u00e9riences\",\"Quartiers St Barth\",\"St Barth\"],\"inLanguage\":\"fr\",\"potentialAction\":[{\"@type\":\"CommentAction\",\"name\":\"Comment\",\"target\":[\"https:\\\/\\\/www.bucketlistvilla.com\\\/blog\\\/fr\\\/pointe-milou-st-barth\\\/#respond\"]}]},{\"@type\":\"WebPage\",\"@id\":\"https:\\\/\\\/www.bucketlistvilla.com\\\/blog\\\/fr\\\/pointe-milou-st-barth\\\/\",\"url\":\"https:\\\/\\\/www.bucketlistvilla.com\\\/blog\\\/fr\\\/pointe-milou-st-barth\\\/\",\"name\":\"La Pointe Milou \u00e0 Saint-Barth\u00e9l\u00e9my : Un v\u00e9ritable sanctuaire isol\u00e9 - Blog\",\"isPartOf\":{\"@id\":\"https:\\\/\\\/www.bucketlistvilla.com\\\/blog\\\/fr\\\/#website\"},\"primaryImageOfPage\":{\"@id\":\"https:\\\/\\\/www.bucketlistvilla.com\\\/blog\\\/fr\\\/pointe-milou-st-barth\\\/#primaryimage\"},\"image\":{\"@id\":\"https:\\\/\\\/www.bucketlistvilla.com\\\/blog\\\/fr\\\/pointe-milou-st-barth\\\/#primaryimage\"},\"thumbnailUrl\":\"https:\\\/\\\/www.bucketlistvilla.com\\\/blog\\\/wp-content\\\/uploads\\\/2025\\\/02\\\/Pointe-Milou.jpg\",\"datePublished\":\"2025-02-03T15:39:53+00:00\",\"dateModified\":\"2025-09-11T09:48:02+00:00\",\"author\":{\"@id\":\"https:\\\/\\\/www.bucketlistvilla.com\\\/blog\\\/fr\\\/#\\\/schema\\\/person\\\/4fac40a1703aee7856657a7e3931d230\"},\"description\":\"Explorez la pittoresque Pointe Milou \u00e0 Saint-Barth\u00e9lemy. Un coin plein de beaut\u00e9 et de tranquillit\u00e9. Venez profiter de ce paradis carib\u00e9en !\",\"breadcrumb\":{\"@id\":\"https:\\\/\\\/www.bucketlistvilla.com\\\/blog\\\/fr\\\/pointe-milou-st-barth\\\/#breadcrumb\"},\"inLanguage\":\"fr\",\"potentialAction\":[{\"@type\":\"ReadAction\",\"target\":[\"https:\\\/\\\/www.bucketlistvilla.com\\\/blog\\\/fr\\\/pointe-milou-st-barth\\\/\"]}]},{\"@type\":\"ImageObject\",\"inLanguage\":\"fr\",\"@id\":\"https:\\\/\\\/www.bucketlistvilla.com\\\/blog\\\/fr\\\/pointe-milou-st-barth\\\/#primaryimage\",\"url\":\"https:\\\/\\\/www.bucketlistvilla.com\\\/blog\\\/wp-content\\\/uploads\\\/2025\\\/02\\\/Pointe-Milou.jpg\",\"contentUrl\":\"https:\\\/\\\/www.bucketlistvilla.com\\\/blog\\\/wp-content\\\/uploads\\\/2025\\\/02\\\/Pointe-Milou.jpg\",\"width\":1920,\"height\":734,\"caption\":\"Pointe-Milou\"},{\"@type\":\"BreadcrumbList\",\"@id\":\"https:\\\/\\\/www.bucketlistvilla.com\\\/blog\\\/fr\\\/pointe-milou-st-barth\\\/#breadcrumb\",\"itemListElement\":[{\"@type\":\"ListItem\",\"position\":1,\"name\":\"Home\",\"item\":\"https:\\\/\\\/www.bucketlistvilla.com\\\/blog\\\/fr\\\/\"},{\"@type\":\"ListItem\",\"position\":2,\"name\":\"La Pointe Milou \u00e0 Saint-Barth\u00e9l\u00e9my : Un v\u00e9ritable sanctuaire isol\u00e9\"}]},{\"@type\":\"WebSite\",\"@id\":\"https:\\\/\\\/www.bucketlistvilla.com\\\/blog\\\/fr\\\/#website\",\"url\":\"https:\\\/\\\/www.bucketlistvilla.com\\\/blog\\\/fr\\\/\",\"name\":\"Blog\",\"description\":\"\",\"potentialAction\":[{\"@type\":\"SearchAction\",\"target\":{\"@type\":\"EntryPoint\",\"urlTemplate\":\"https:\\\/\\\/www.bucketlistvilla.com\\\/blog\\\/fr\\\/?s={search_term_string}\"},\"query-input\":{\"@type\":\"PropertyValueSpecification\",\"valueRequired\":true,\"valueName\":\"search_term_string\"}}],\"inLanguage\":\"fr\"},{\"@type\":\"Person\",\"@id\":\"https:\\\/\\\/www.bucketlistvilla.com\\\/blog\\\/fr\\\/#\\\/schema\\\/person\\\/4fac40a1703aee7856657a7e3931d230\",\"name\":\"digitalservices@avantio.com\",\"image\":{\"@type\":\"ImageObject\",\"inLanguage\":\"fr\",\"@id\":\"https:\\\/\\\/secure.gravatar.com\\\/avatar\\\/af30f88a1904294c1f3eb09a9d7903eec4ffa18fa2cf40c28a8681014ecdfc20?s=96&d=mm&r=g\",\"url\":\"https:\\\/\\\/secure.gravatar.com\\\/avatar\\\/af30f88a1904294c1f3eb09a9d7903eec4ffa18fa2cf40c28a8681014ecdfc20?s=96&d=mm&r=g\",\"contentUrl\":\"https:\\\/\\\/secure.gravatar.com\\\/avatar\\\/af30f88a1904294c1f3eb09a9d7903eec4ffa18fa2cf40c28a8681014ecdfc20?s=96&d=mm&r=g\",\"caption\":\"digitalservices@avantio.com\"},\"url\":\"https:\\\/\\\/www.bucketlistvilla.com\\\/blog\\\/fr\\\/author\\\/digitalservicesavantio-com\\\/\"}]}<\/script>\n<!-- \/ Yoast SEO plugin. -->","yoast_head_json":{"title":"La Pointe Milou \u00e0 Saint-Barth\u00e9l\u00e9my : Un v\u00e9ritable sanctuaire isol\u00e9 - Blog","description":"Explorez la pittoresque Pointe Milou \u00e0 Saint-Barth\u00e9lemy. Un coin plein de beaut\u00e9 et de tranquillit\u00e9. Venez profiter de ce paradis carib\u00e9en !","robots":{"index":"index","follow":"follow","max-snippet":"max-snippet:-1","max-image-preview":"max-image-preview:large","max-video-preview":"max-video-preview:-1"},"canonical":"https:\/\/www.bucketlistvilla.com\/blog\/fr\/pointe-milou-st-barth\/","og_locale":"fr_FR","og_type":"article","og_title":"La Pointe Milou \u00e0 Saint-Barth\u00e9l\u00e9my : Un v\u00e9ritable sanctuaire isol\u00e9 - Blog","og_description":"Explorez la pittoresque Pointe Milou \u00e0 Saint-Barth\u00e9lemy. Un coin plein de beaut\u00e9 et de tranquillit\u00e9. Venez profiter de ce paradis carib\u00e9en !","og_url":"https:\/\/www.bucketlistvilla.com\/blog\/fr\/pointe-milou-st-barth\/","og_site_name":"Blog","article_published_time":"2025-02-03T15:39:53+00:00","article_modified_time":"2025-09-11T09:48:02+00:00","og_image":[{"width":1920,"height":734,"url":"https:\/\/www.bucketlistvilla.com\/blog\/wp-content\/uploads\/2025\/02\/Pointe-Milou.jpg","type":"image\/jpeg"}],"author":"digitalservices@avantio.com","twitter_card":"summary_large_image","twitter_misc":{"Written by":"digitalservices@avantio.com","Est. reading time":"7 minutes"},"schema":{"@context":"https:\/\/schema.org","@graph":[{"@type":"Article","@id":"https:\/\/www.bucketlistvilla.com\/blog\/fr\/pointe-milou-st-barth\/#article","isPartOf":{"@id":"https:\/\/www.bucketlistvilla.com\/blog\/fr\/pointe-milou-st-barth\/"},"author":{"name":"digitalservices@avantio.com","@id":"https:\/\/www.bucketlistvilla.com\/blog\/fr\/#\/schema\/person\/4fac40a1703aee7856657a7e3931d230"},"headline":"La Pointe Milou \u00e0 Saint-Barth\u00e9l\u00e9my : Un v\u00e9ritable sanctuaire isol\u00e9","datePublished":"2025-02-03T15:39:53+00:00","dateModified":"2025-09-11T09:48:02+00:00","mainEntityOfPage":{"@id":"https:\/\/www.bucketlistvilla.com\/blog\/fr\/pointe-milou-st-barth\/"},"wordCount":1001,"commentCount":0,"image":{"@id":"https:\/\/www.bucketlistvilla.com\/blog\/fr\/pointe-milou-st-barth\/#primaryimage"},"thumbnailUrl":"https:\/\/www.bucketlistvilla.com\/blog\/wp-content\/uploads\/2025\/02\/Pointe-Milou.jpg","keywords":["Inspiration"],"articleSection":["Exp\u00e9riences","Quartiers St Barth","St Barth"],"inLanguage":"fr","potentialAction":[{"@type":"CommentAction","name":"Comment","target":["https:\/\/www.bucketlistvilla.com\/blog\/fr\/pointe-milou-st-barth\/#respond"]}]},{"@type":"WebPage","@id":"https:\/\/www.bucketlistvilla.com\/blog\/fr\/pointe-milou-st-barth\/","url":"https:\/\/www.bucketlistvilla.com\/blog\/fr\/pointe-milou-st-barth\/","name":"La Pointe Milou \u00e0 Saint-Barth\u00e9l\u00e9my : Un v\u00e9ritable sanctuaire isol\u00e9 - Blog","isPartOf":{"@id":"https:\/\/www.bucketlistvilla.com\/blog\/fr\/#website"},"primaryImageOfPage":{"@id":"https:\/\/www.bucketlistvilla.com\/blog\/fr\/pointe-milou-st-barth\/#primaryimage"},"image":{"@id":"https:\/\/www.bucketlistvilla.com\/blog\/fr\/pointe-milou-st-barth\/#primaryimage"},"thumbnailUrl":"https:\/\/www.bucketlistvilla.com\/blog\/wp-content\/uploads\/2025\/02\/Pointe-Milou.jpg","datePublished":"2025-02-03T15:39:53+00:00","dateModified":"2025-09-11T09:48:02+00:00","author":{"@id":"https:\/\/www.bucketlistvilla.com\/blog\/fr\/#\/schema\/person\/4fac40a1703aee7856657a7e3931d230"},"description":"Explorez la pittoresque Pointe Milou \u00e0 Saint-Barth\u00e9lemy. Un coin plein de beaut\u00e9 et de tranquillit\u00e9. Venez profiter de ce paradis carib\u00e9en !","breadcrumb":{"@id":"https:\/\/www.bucketlistvilla.com\/blog\/fr\/pointe-milou-st-barth\/#breadcrumb"},"inLanguage":"fr","potentialAction":[{"@type":"ReadAction","target":["https:\/\/www.bucketlistvilla.com\/blog\/fr\/pointe-milou-st-barth\/"]}]},{"@type":"ImageObject","inLanguage":"fr","@id":"https:\/\/www.bucketlistvilla.com\/blog\/fr\/pointe-milou-st-barth\/#primaryimage","url":"https:\/\/www.bucketlistvilla.com\/blog\/wp-content\/uploads\/2025\/02\/Pointe-Milou.jpg","contentUrl":"https:\/\/www.bucketlistvilla.com\/blog\/wp-content\/uploads\/2025\/02\/Pointe-Milou.jpg","width":1920,"height":734,"caption":"Pointe-Milou"},{"@type":"BreadcrumbList","@id":"https:\/\/www.bucketlistvilla.com\/blog\/fr\/pointe-milou-st-barth\/#breadcrumb","itemListElement":[{"@type":"ListItem","position":1,"name":"Home","item":"https:\/\/www.bucketlistvilla.com\/blog\/fr\/"},{"@type":"ListItem","position":2,"name":"La Pointe Milou \u00e0 Saint-Barth\u00e9l\u00e9my : Un v\u00e9ritable sanctuaire isol\u00e9"}]},{"@type":"WebSite","@id":"https:\/\/www.bucketlistvilla.com\/blog\/fr\/#website","url":"https:\/\/www.bucketlistvilla.com\/blog\/fr\/","name":"Blog","description":"","potentialAction":[{"@type":"SearchAction","target":{"@type":"EntryPoint","urlTemplate":"https:\/\/www.bucketlistvilla.com\/blog\/fr\/?s={search_term_string}"},"query-input":{"@type":"PropertyValueSpecification","valueRequired":true,"valueName":"search_term_string"}}],"inLanguage":"fr"},{"@type":"Person","@id":"https:\/\/www.bucketlistvilla.com\/blog\/fr\/#\/schema\/person\/4fac40a1703aee7856657a7e3931d230","name":"digitalservices@avantio.com","image":{"@type":"ImageObject","inLanguage":"fr","@id":"https:\/\/secure.gravatar.com\/avatar\/af30f88a1904294c1f3eb09a9d7903eec4ffa18fa2cf40c28a8681014ecdfc20?s=96&d=mm&r=g","url":"https:\/\/secure.gravatar.com\/avatar\/af30f88a1904294c1f3eb09a9d7903eec4ffa18fa2cf40c28a8681014ecdfc20?s=96&d=mm&r=g","contentUrl":"https:\/\/secure.gravatar.com\/avatar\/af30f88a1904294c1f3eb09a9d7903eec4ffa18fa2cf40c28a8681014ecdfc20?s=96&d=mm&r=g","caption":"digitalservices@avantio.com"},"url":"https:\/\/www.bucketlistvilla.com\/blog\/fr\/author\/digitalservicesavantio-com\/"}]}},"_links":{"self":[{"href":"https:\/\/www.bucketlistvilla.com\/blog\/fr\/wp-json\/wp\/v2\/posts\/3179","targetHints":{"allow":["GET"]}}],"collection":[{"href":"https:\/\/www.bucketlistvilla.com\/blog\/fr\/wp-json\/wp\/v2\/posts"}],"about":[{"href":"https:\/\/www.bucketlistvilla.com\/blog\/fr\/wp-json\/wp\/v2\/types\/post"}],"author":[{"embeddable":true,"href":"https:\/\/www.bucketlistvilla.com\/blog\/fr\/wp-json\/wp\/v2\/users\/3"}],"replies":[{"embeddable":true,"href":"https:\/\/www.bucketlistvilla.com\/blog\/fr\/wp-json\/wp\/v2\/comments?post=3179"}],"version-history":[{"count":36,"href":"https:\/\/www.bucketlistvilla.com\/blog\/fr\/wp-json\/wp\/v2\/posts\/3179\/revisions"}],"predecessor-version":[{"id":6948,"href":"https:\/\/www.bucketlistvilla.com\/blog\/fr\/wp-json\/wp\/v2\/posts\/3179\/revisions\/6948"}],"wp:featuredmedia":[{"embeddable":true,"href":"https:\/\/www.bucketlistvilla.com\/blog\/fr\/wp-json\/wp\/v2\/media\/3032"}],"wp:attachment":[{"href":"https:\/\/www.bucketlistvilla.com\/blog\/fr\/wp-json\/wp\/v2\/media?parent=3179"}],"wp:term":[{"taxonomy":"category","embeddable":true,"href":"https:\/\/www.bucketlistvilla.com\/blog\/fr\/wp-json\/wp\/v2\/categories?post=3179"},{"taxonomy":"post_tag","embeddable":true,"href":"https:\/\/www.bucketlistvilla.com\/blog\/fr\/wp-json\/wp\/v2\/tags?post=3179"}],"curies":[{"name":"wp","href":"https:\/\/api.w.org\/{rel}","templated":true}]}}