{"id":432,"date":"2023-12-12T15:48:37","date_gmt":"2023-12-12T15:48:37","guid":{"rendered":"https:\/\/www.bucketlistvilla.com\/blog\/meteo-a-saint-barthelemy-pourquoi-cette-ile-des-caraibes-est-un-havre-de-paix-en-hiver\/"},"modified":"2025-09-12T06:56:04","modified_gmt":"2025-09-12T06:56:04","slug":"meteo-saint-barth","status":"publish","type":"post","link":"https:\/\/www.bucketlistvilla.com\/blog\/fr\/meteo-saint-barth\/","title":{"rendered":"M\u00e9t\u00e9o \u00e0 Saint Barth : pourquoi cette \u00eele des Cara\u00efbes est-elle un havre de paix en hiver ?"},"content":{"rendered":"\t\t<div data-elementor-type=\"wp-post\" data-elementor-id=\"432\" class=\"elementor elementor-432 elementor-348\" data-elementor-post-type=\"post\">\n\t\t\t\t<div class=\"elementor-element elementor-element-2f43c905 e-flex e-con-boxed e-con e-parent\" data-id=\"2f43c905\" data-element_type=\"container\" data-e-type=\"container\">\n\t\t\t\t\t<div class=\"e-con-inner\">\n\t\t\t\t<div class=\"elementor-element elementor-element-62206e59 elementor-widget elementor-widget-text-editor\" data-id=\"62206e59\" data-element_type=\"widget\" data-e-type=\"widget\" data-widget_type=\"text-editor.default\">\n\t\t\t\t<div class=\"elementor-widget-container\">\n\t\t\t\t\t\t\t\t\t<p><span style=\"font-weight: 400;\">Ce n&#8217;est peut-\u00eatre pas une surprise, mais <\/span><b>la m\u00e9t\u00e9o \u00e0 Saint Barth<\/b><span style=\"font-weight: 400;\"> est agr\u00e9able toute l&#8217;ann\u00e9e. Sa proximit\u00e9 avec l&#8217;\u00e9quateur lui conf\u00e8re des temp\u00e9ratures chaudes, et en dehors de la saison \u00ab fra\u00eeche \u00bb de d\u00e9cembre \u00e0 avril, vous pouvez compter sur un temps favorable pour vous pr\u00e9lasser sur la plage et partir \u00e0 l&#8217;aventure dans toute l&#8217;\u00eele, quel que soit le moment de votre visite.<\/span><\/p><p><span style=\"font-weight: 400;\">Malgr\u00e9 le temps chaud et clair pendant une grande partie de l&#8217;ann\u00e9e, Saint-Barth\u00e9lemy a des saisons distinctes. Lors de votre visite, pr\u00e9parez-vous \u00e0 des d\u00e9lices tropicaux, quelle que soit la p\u00e9riode de l&#8217;ann\u00e9e \u00e0 laquelle vous arrivez.<\/span><\/p>\t\t\t\t\t\t\t\t<\/div>\n\t\t\t\t<\/div>\n\t\t\t\t\t<\/div>\n\t\t\t\t<\/div>\n\t\t<div class=\"elementor-element elementor-element-d92fca7 e-flex e-con-boxed e-con e-parent\" data-id=\"d92fca7\" data-element_type=\"container\" data-e-type=\"container\">\n\t\t\t\t\t<div class=\"e-con-inner\">\n\t\t\t\t<div class=\"elementor-element elementor-element-c6d4d16 elementor-widget elementor-widget-template\" data-id=\"c6d4d16\" data-element_type=\"widget\" data-e-type=\"widget\" data-widget_type=\"template.default\">\n\t\t\t\t<div class=\"elementor-widget-container\">\n\t\t\t\t\t\t\t<div class=\"elementor-template\">\n\t\t\t\t\t<div data-elementor-type=\"container\" data-elementor-id=\"6215\" class=\"elementor elementor-6215\" data-elementor-post-type=\"elementor_library\">\n\t\t\t\t<div class=\"elementor-element elementor-element-7fada30 e-flex e-con-boxed e-con e-parent\" data-id=\"7fada30\" data-element_type=\"container\" data-e-type=\"container\">\n\t\t\t\t\t<div class=\"e-con-inner\">\n\t\t\t\t<div class=\"elementor-element elementor-element-9a267c6 elementor-widget elementor-widget-table-of-contents\" data-id=\"9a267c6\" data-element_type=\"widget\" data-e-type=\"widget\" data-settings=\"{&quot;headings_by_tags&quot;:[&quot;h2&quot;],&quot;exclude_headings_by_selector&quot;:[],&quot;marker_view&quot;:&quot;bullets&quot;,&quot;icon&quot;:{&quot;value&quot;:&quot;&quot;,&quot;library&quot;:&quot;&quot;},&quot;no_headings_message&quot;:&quot;Aucun titre n\\u2019a \\u00e9t\\u00e9 trouv\\u00e9 sur cette page.&quot;,&quot;hierarchical_view&quot;:&quot;yes&quot;,&quot;min_height&quot;:{&quot;unit&quot;:&quot;px&quot;,&quot;size&quot;:&quot;&quot;,&quot;sizes&quot;:[]},&quot;min_height_tablet&quot;:{&quot;unit&quot;:&quot;px&quot;,&quot;size&quot;:&quot;&quot;,&quot;sizes&quot;:[]},&quot;min_height_mobile&quot;:{&quot;unit&quot;:&quot;px&quot;,&quot;size&quot;:&quot;&quot;,&quot;sizes&quot;:[]}}\" data-widget_type=\"table-of-contents.default\">\n\t\t\t\t<div class=\"elementor-widget-container\">\n\t\t\t\t\t\t\t\t\t<div class=\"elementor-toc__header\">\n\t\t\t\t\t\t<div class=\"elementor-toc__header-title\">\n\t\t\t\tSommaire\t\t\t<\/div>\n\t\t\t\t\t\t\t\t<\/div>\n\t\t\t\t<div id=\"elementor-toc__9a267c6\" class=\"elementor-toc__body\">\n\t\t\t<div class=\"elementor-toc__spinner-container\">\n\t\t\t\t<svg class=\"elementor-toc__spinner eicon-animation-spin e-font-icon-svg e-eicon-loading\" aria-hidden=\"true\" viewBox=\"0 0 1000 1000\" xmlns=\"http:\/\/www.w3.org\/2000\/svg\"><path d=\"M500 975V858C696 858 858 696 858 500S696 142 500 142 142 304 142 500H25C25 237 238 25 500 25S975 237 975 500 763 975 500 975Z\"><\/path><\/svg>\t\t\t<\/div>\n\t\t<\/div>\n\t\t\t\t\t\t<\/div>\n\t\t\t\t<\/div>\n\t\t\t\t\t<\/div>\n\t\t\t\t<\/div>\n\t\t\t\t<\/div>\n\t\t\t\t<\/div>\n\t\t\t\t\t\t<\/div>\n\t\t\t\t<\/div>\n\t\t\t\t\t<\/div>\n\t\t\t\t<\/div>\n\t\t<div class=\"elementor-element elementor-element-3038e4e e-flex e-con-boxed e-con e-parent\" data-id=\"3038e4e\" data-element_type=\"container\" data-e-type=\"container\">\n\t\t\t\t\t<div class=\"e-con-inner\">\n\t\t\t\t<div class=\"elementor-element elementor-element-21ae91b elementor-widget elementor-widget-heading\" data-id=\"21ae91b\" data-element_type=\"widget\" data-e-type=\"widget\" data-widget_type=\"heading.default\">\n\t\t\t\t<div class=\"elementor-widget-container\">\n\t\t\t\t\t<h2 class=\"elementor-heading-title elementor-size-default\">M\u00e9t\u00e9o \u00e0 Saint Barth : un paradis des Cara\u00efbes avec des saisons distinctes\n<\/h2>\t\t\t\t<\/div>\n\t\t\t\t<\/div>\n\t\t\t\t<div class=\"elementor-element elementor-element-fee937d elementor-widget elementor-widget-text-editor\" data-id=\"fee937d\" data-element_type=\"widget\" data-e-type=\"widget\" data-widget_type=\"text-editor.default\">\n\t\t\t\t<div class=\"elementor-widget-container\">\n\t\t\t\t\t\t\t\t\t<p><span style=\"font-weight: 400;\">Le <\/span><b>temps \u00e0 Saint Barth <\/b><span style=\"font-weight: 400;\">est assez stable &#8211;<\/span><a href=\"https:\/\/www.climatestotravel.com\/climate\/saint-barthelemy\"><span style=\"font-weight: 400;\">chaud et tropical \u00e0 presque toutes les p\u00e9riodes de l&#8217;ann\u00e9e.<\/span><\/a><span style=\"font-weight: 400;\"> Il y a cependant 4 saisons \u00e0 Saint-Barth\u00e9lemy. De d\u00e9cembre \u00e0 avril, les temp\u00e9ratures se rafra\u00eechissent jusqu&#8217;\u00e0 70 \u00b0 F. Cette saison est appel\u00e9e \u00ab Le Car\u00eame \u00bb dans le jargon local. En mai, le temps devient plus chaud et plus humide. Malgr\u00e9 les temp\u00e9ratures plus chaudes, cette saison s&#8217;appelle \u00ab l&#8217;hivernage \u00bb. Si vous visitez Saint-Barth pendant cette p\u00e9riode, attendez-vous \u00e0 une fr\u00e9quence plus \u00e9lev\u00e9e d&#8217;orages et de pluie, en particulier l&#8217;apr\u00e8s-midi.<\/span><\/p><p><span style=\"font-weight: 400;\">La saison d&#8217;hivernage se termine en novembre, et avec elle se termine la plus grande menace d&#8217;ouragans et de temp\u00eates tropicales chaque ann\u00e9e.<\/span><\/p>\t\t\t\t\t\t\t\t<\/div>\n\t\t\t\t<\/div>\n\t\t\t\t\t<\/div>\n\t\t\t\t<\/div>\n\t\t<div class=\"elementor-element elementor-element-95e9800 e-flex e-con-boxed e-con e-parent\" data-id=\"95e9800\" data-element_type=\"container\" data-e-type=\"container\">\n\t\t\t\t\t<div class=\"e-con-inner\">\n\t\t\t\t<div class=\"elementor-element elementor-element-2c86e7a elementor-widget elementor-widget-heading\" data-id=\"2c86e7a\" data-element_type=\"widget\" data-e-type=\"widget\" data-widget_type=\"heading.default\">\n\t\t\t\t<div class=\"elementor-widget-container\">\n\t\t\t\t\t<h2 class=\"elementor-heading-title elementor-size-default\">Bonheur hivernal : temp\u00e9ratures douces et ciel d\u00e9gag\u00e9 \u00e0 Saint-Barth\u00e9lemy\n<\/h2>\t\t\t\t<\/div>\n\t\t\t\t<\/div>\n\t\t\t\t\t<\/div>\n\t\t\t\t<\/div>\n\t\t<div class=\"elementor-element elementor-element-6db822f e-flex e-con-boxed e-con e-parent\" data-id=\"6db822f\" data-element_type=\"container\" data-e-type=\"container\">\n\t\t\t\t\t<div class=\"e-con-inner\">\n\t\t\t\t<div class=\"elementor-element elementor-element-9fceeb1 elementor-widget elementor-widget-text-editor\" data-id=\"9fceeb1\" data-element_type=\"widget\" data-e-type=\"widget\" data-widget_type=\"text-editor.default\">\n\t\t\t\t<div class=\"elementor-widget-container\">\n\t\t\t\t\t\t\t\t\t<p><span style=\"font-weight: 400;\">La m\u00e9t\u00e9o<\/span><b> \u00e0 St Barth <\/b><span style=\"font-weight: 400;\">est g\u00e9n\u00e9ralement douce et chaude, avec une humidit\u00e9 accrue vers la seconde moiti\u00e9 de l&#8217;ann\u00e9e civile et une p\u00e9riode plus s\u00e8che et plus fra\u00eeche au d\u00e9but de chaque ann\u00e9e. Saint-Barth\u00e9lemy attire de nombreux visiteurs pendant les mois d&#8217;hiver de l&#8217;h\u00e9misph\u00e8re nord, lorsque de nombreux visiteurs des \u00c9tats-Unis et d&#8217;Europe cherchent \u00e0 \u00e9chapper \u00e0 leurs maisons glaciales pour profiter du soleil et du surf dans des environnements tropicaux.<\/span><\/p><p><span style=\"font-weight: 400;\">La g\u00e9ographie de Saint-Barth\u00e9lemy permet <\/span><a href=\"https:\/\/weatherspark.com\/y\/150204\/Average-Weather-in-Saint-Barthelemy-St.-Barth%C3%A9lemy-Year-Round#google_vignette\"><span style=\"font-weight: 400;\">des temp\u00e9ratures<\/span><\/a><span style=\"font-weight: 400;\"> et des \u00e9v\u00e9nements m\u00e9t\u00e9orologiques stables dans toute l&#8217;\u00eele. En l&#8217;absence de cha\u00eenes de montagnes ou de for\u00eats tropicales, il n&#8217;y a pas de barri\u00e8res naturelles qui pi\u00e8gent les temp\u00eates ou emp\u00eachent les temp\u00e9ratures chaudes d&#8217;atteindre toutes les extr\u00e9mit\u00e9s de l&#8217;\u00eele. Comme l&#8217;\u00eele est tr\u00e8s proche de l&#8217;\u00e9quateur, le soleil se l\u00e8ve et se couche \u00e0 des moments similaires toute l&#8217;ann\u00e9e.<\/span><\/p>\t\t\t\t\t\t\t\t<\/div>\n\t\t\t\t<\/div>\n\t\t\t\t\t<\/div>\n\t\t\t\t<\/div>\n\t\t<div class=\"elementor-element elementor-element-1769bf9 e-flex e-con-boxed e-con e-parent\" data-id=\"1769bf9\" data-element_type=\"container\" data-e-type=\"container\">\n\t\t\t\t\t<div class=\"e-con-inner\">\n\t\t\t\t<div class=\"elementor-element elementor-element-50b022b elementor-widget elementor-widget-image\" data-id=\"50b022b\" data-element_type=\"widget\" data-e-type=\"widget\" data-widget_type=\"image.default\">\n\t\t\t\t<div class=\"elementor-widget-container\">\n\t\t\t\t\t\t\t\t\t\t\t\t\t\t\t<img fetchpriority=\"high\" decoding=\"async\" width=\"1920\" height=\"500\" src=\"https:\/\/www.bucketlistvilla.com\/blog\/wp-content\/uploads\/2023\/12\/view-st-barts.jpg\" class=\"attachment-full size-full wp-image-379\" alt=\"view of st barts\" srcset=\"https:\/\/www.bucketlistvilla.com\/blog\/wp-content\/uploads\/2023\/12\/view-st-barts.jpg 1920w, https:\/\/www.bucketlistvilla.com\/blog\/wp-content\/uploads\/2023\/12\/view-st-barts-768x200.jpg 768w, https:\/\/www.bucketlistvilla.com\/blog\/wp-content\/uploads\/2023\/12\/view-st-barts-1536x400.jpg 1536w\" sizes=\"(max-width: 1920px) 100vw, 1920px\" \/>\t\t\t\t\t\t\t\t\t\t\t\t\t\t\t<\/div>\n\t\t\t\t<\/div>\n\t\t\t\t\t<\/div>\n\t\t\t\t<\/div>\n\t\t<div class=\"elementor-element elementor-element-4d6408f e-flex e-con-boxed e-con e-parent\" data-id=\"4d6408f\" data-element_type=\"container\" data-e-type=\"container\">\n\t\t\t\t\t<div class=\"e-con-inner\">\n\t\t\t\t<div class=\"elementor-element elementor-element-a669843 elementor-widget elementor-widget-text-editor\" data-id=\"a669843\" data-element_type=\"widget\" data-e-type=\"widget\" data-widget_type=\"text-editor.default\">\n\t\t\t\t<div class=\"elementor-widget-container\">\n\t\t\t\t\t\t\t\t\t<p><span style=\"font-weight: 400;\">La plus grande diff\u00e9rence entre les saisons \u00e0 Saint-Barth\u00e9lemy r\u00e9side peut-\u00eatre dans la couverture nuageuse. Pendant \u00ab L&#8217;hivernage \u00bb, les nuages se d\u00e9placent principalement au large de l&#8217;\u00eele, laissant ses plages et ses petites villes pittoresques d\u00e9gag\u00e9es et expos\u00e9es au soleil, ce qui en fait le moment id\u00e9al pour se pr\u00e9lasser sur la plage ou au bord de la piscine. Pendant les autres mois de l&#8217;ann\u00e9e, vous pouvez vous attendre \u00e0 un certain soulagement du soleil, en particulier l&#8217;apr\u00e8s-midi, assurez-vous simplement de garder votre parapluie \u00e0 port\u00e9e de main en cas de pluie.<\/span><\/p>\n\t\t\t\t\t\t\t\t<\/div>\n\t\t\t\t<\/div>\n\t\t\t\t\t<\/div>\n\t\t\t\t<\/div>\n\t\t<div class=\"elementor-element elementor-element-a03b74d e-flex e-con-boxed e-con e-parent\" data-id=\"a03b74d\" data-element_type=\"container\" data-e-type=\"container\">\n\t\t\t\t\t<div class=\"e-con-inner\">\n\t\t\t\t<div class=\"elementor-element elementor-element-6d4cd54 elementor-widget elementor-widget-heading\" data-id=\"6d4cd54\" data-element_type=\"widget\" data-e-type=\"widget\" data-widget_type=\"heading.default\">\n\t\t\t\t<div class=\"elementor-widget-container\">\n\t\t\t\t\t<h2 class=\"elementor-heading-title elementor-size-default\">Ambiance estivale : chaleur, soleil et d\u00e9lices tropicaux\n<\/h2>\t\t\t\t<\/div>\n\t\t\t\t<\/div>\n\t\t\t\t\t<\/div>\n\t\t\t\t<\/div>\n\t\t<div class=\"elementor-element elementor-element-6787ac7 e-flex e-con-boxed e-con e-parent\" data-id=\"6787ac7\" data-element_type=\"container\" data-e-type=\"container\">\n\t\t\t\t\t<div class=\"e-con-inner\">\n\t\t\t\t<div class=\"elementor-element elementor-element-efd9824 elementor-widget elementor-widget-text-editor\" data-id=\"efd9824\" data-element_type=\"widget\" data-e-type=\"widget\" data-widget_type=\"text-editor.default\">\n\t\t\t\t<div class=\"elementor-widget-container\">\n\t\t\t\t\t\t\t\t\t<p><span style=\"font-weight: 400;\">Si vous visitez l&#8217;\u00eele, vous pouvez compter sur un temps chaud et ensoleill\u00e9 pendant au moins une partie de votre s\u00e9jour. Cela signifie que vous pouvez pr\u00e9voir de porter des shorts et des chemises respirantes \u00e0 tout moment de l&#8217;ann\u00e9e.<\/span><\/p><p><span style=\"font-weight: 400;\">La plupart des experts recommandent d&#8217;apporter vos chemises en coton ou en lin pour rester au frais et faciliter l&#8217;entr\u00e9e et la sortie de l&#8217;eau. Et ne vous inqui\u00e9tez pas si vous avez oubli\u00e9 vos chemises de plage confortables, il existe de nombreux endroits pour acheter des v\u00eatements appropri\u00e9s sur l&#8217;\u00eele, en particulier dans la capitale de Saint-Barth\u00e9lemy, Gustavia.<\/span><\/p><p><span style=\"font-weight: 400;\">En raison du temps assez stable, vous pouvez \u00e9galement obtenir des fruits tropicaux frais et une cuisine des Cara\u00efbes toute l&#8217;ann\u00e9e. Attendez-vous \u00e0 d\u00e9guster des boissons tropicales si c&#8217;est votre confiture, ainsi que des fruits de mer frais et plus encore, quelle que soit la date de votre visite \u00e0 Saint-Barth\u00e9lemy.<\/span><\/p><p><span style=\"font-weight: 400;\">M\u00eame pendant les mois pluvieux, en particulier en octobre, vous pouvez vous attendre \u00e0 trouver beaucoup de soleil \u00e0 Saint-Barth\u00e9lemy. Les pr\u00e9cipitations oscillent pendant les mois secs et pluvieux, mais m\u00eame si des nuages sont \u00e0 l&#8217;horizon, vous pouvez g\u00e9n\u00e9ralement vous attendre \u00e0 ce que les pr\u00e9cipitations se dispersent rapidement apr\u00e8s leur d\u00e9but.<\/span><\/p>\t\t\t\t\t\t\t\t<\/div>\n\t\t\t\t<\/div>\n\t\t\t\t\t<\/div>\n\t\t\t\t<\/div>\n\t\t<div class=\"elementor-element elementor-element-5fcacdb e-flex e-con-boxed e-con e-parent\" data-id=\"5fcacdb\" data-element_type=\"container\" data-e-type=\"container\">\n\t\t\t\t\t<div class=\"e-con-inner\">\n\t\t\t\t<div class=\"elementor-element elementor-element-c787388 elementor-widget elementor-widget-image\" data-id=\"c787388\" data-element_type=\"widget\" data-e-type=\"widget\" data-widget_type=\"image.default\">\n\t\t\t\t<div class=\"elementor-widget-container\">\n\t\t\t\t\t\t\t\t\t\t\t\t\t\t\t<img decoding=\"async\" width=\"1920\" height=\"500\" src=\"https:\/\/www.bucketlistvilla.com\/blog\/wp-content\/uploads\/2023\/12\/sunny-beach-paradise-st-barts.jpg\" class=\"attachment-full size-full wp-image-376\" alt=\"sunny beach paradise st barts\" srcset=\"https:\/\/www.bucketlistvilla.com\/blog\/wp-content\/uploads\/2023\/12\/sunny-beach-paradise-st-barts.jpg 1920w, https:\/\/www.bucketlistvilla.com\/blog\/wp-content\/uploads\/2023\/12\/sunny-beach-paradise-st-barts-768x200.jpg 768w, https:\/\/www.bucketlistvilla.com\/blog\/wp-content\/uploads\/2023\/12\/sunny-beach-paradise-st-barts-1536x400.jpg 1536w\" sizes=\"(max-width: 1920px) 100vw, 1920px\" \/>\t\t\t\t\t\t\t\t\t\t\t\t\t\t\t<\/div>\n\t\t\t\t<\/div>\n\t\t\t\t\t<\/div>\n\t\t\t\t<\/div>\n\t\t<div class=\"elementor-element elementor-element-adb28d1 e-flex e-con-boxed e-con e-parent\" data-id=\"adb28d1\" data-element_type=\"container\" data-e-type=\"container\">\n\t\t\t\t\t<div class=\"e-con-inner\">\n\t\t\t\t<div class=\"elementor-element elementor-element-64bc780 elementor-widget elementor-widget-heading\" data-id=\"64bc780\" data-element_type=\"widget\" data-e-type=\"widget\" data-widget_type=\"heading.default\">\n\t\t\t\t<div class=\"elementor-widget-container\">\n\t\t\t\t\t<h2 class=\"elementor-heading-title elementor-size-default\">Saisons de transition : charmes du printemps et de l'automne sur l'\u00eele des Cara\u00efbes<\/h2>\t\t\t\t<\/div>\n\t\t\t\t<\/div>\n\t\t\t\t<div class=\"elementor-element elementor-element-2f9f67c elementor-widget elementor-widget-text-editor\" data-id=\"2f9f67c\" data-element_type=\"widget\" data-e-type=\"widget\" data-widget_type=\"text-editor.default\">\n\t\t\t\t<div class=\"elementor-widget-container\">\n\t\t\t\t\t\t\t\t\t<p><span style=\"font-weight: 400;\">Les saisons de transition, ou saisons interm\u00e9diaires, entre l&#8217;hiver et l&#8217;\u00e9t\u00e9 offrent certaines des plus belles journ\u00e9es de l&#8217;ann\u00e9e. Alors que la saison du car\u00eame se termine et que le temps commence \u00e0 changer, certaines des temp\u00e9ratures et du temps les plus confortables apparaissent. Il en va de m\u00eame pour la saison de \u00ab l&#8217;hivernage \u00bb. Lorsque les temp\u00e9ratures commencent \u00e0 baisser l\u00e9g\u00e8rement \u00e0 la fin de la saison d&#8217;hivernage, le temps s&#8217;\u00e9quilibre et vous pouvez vous attendre \u00e0 trouver une mer calme et des plages accueillantes.<\/span><\/p>\n\t\t\t\t\t\t\t\t<\/div>\n\t\t\t\t<\/div>\n\t\t\t\t\t<\/div>\n\t\t\t\t<\/div>\n\t\t<div class=\"elementor-element elementor-element-f941451 e-flex e-con-boxed e-con e-parent\" data-id=\"f941451\" data-element_type=\"container\" data-e-type=\"container\">\n\t\t\t\t\t<div class=\"e-con-inner\">\n\t\t\t\t<div class=\"elementor-element elementor-element-75ab616 elementor-widget elementor-widget-heading\" data-id=\"75ab616\" data-element_type=\"widget\" data-e-type=\"widget\" data-widget_type=\"heading.default\">\n\t\t\t\t<div class=\"elementor-widget-container\">\n\t\t\t\t\t<h2 class=\"elementor-heading-title elementor-size-default\">Restez inform\u00e9 de la m\u00e9t\u00e9o \u00e0 Saint-Barth et planifiez votre escapade parfaite dans les Cara\u00efbes !\n<\/h2>\t\t\t\t<\/div>\n\t\t\t\t<\/div>\n\t\t\t\t<div class=\"elementor-element elementor-element-2c9e0d4 elementor-widget elementor-widget-text-editor\" data-id=\"2c9e0d4\" data-element_type=\"widget\" data-e-type=\"widget\" data-widget_type=\"text-editor.default\">\n\t\t\t\t<div class=\"elementor-widget-container\">\n\t\t\t\t\t\t\t\t\t<p><span style=\"font-weight: 400;\">Ce n&#8217;est jamais une mauvaise id\u00e9e de v\u00e9rifier les pr\u00e9visions avant de partir en voyage. Vous ne voulez pas \u00eatre pris au d\u00e9pourvu par une temp\u00eate inhabituelle pour la saison ou un autre \u00e9v\u00e9nement m\u00e9t\u00e9orologique impr\u00e9visible. Cela dit, vous pouvez parier que la temp\u00eate dans laquelle vous vous trouvez s&#8217;att\u00e9nuera rapidement et que vous pourrez retourner \u00e0 la plage en un rien de temps. C&#8217;est \u00e7a la <strong>m\u00e9t\u00e9o \u00e0<\/strong><\/span><b> Saint Barth !<\/b><span style=\"font-weight: 400;\"> Quel que soit le moment de votre visite, vous pouvez vous pr\u00e9lasser sur la plage au soleil en un rien de temps..<\/span><\/p>\t\t\t\t\t\t\t\t<\/div>\n\t\t\t\t<\/div>\n\t\t\t\t\t<\/div>\n\t\t\t\t<\/div>\n\t\t<div class=\"elementor-element elementor-element-92601d4 e-flex e-con-boxed e-con e-parent\" data-id=\"92601d4\" data-element_type=\"container\" data-e-type=\"container\">\n\t\t\t\t\t<div class=\"e-con-inner\">\n\t\t\t\t<div class=\"elementor-element elementor-element-42f74a4 elementor-widget elementor-widget-template\" data-id=\"42f74a4\" data-element_type=\"widget\" data-e-type=\"widget\" data-widget_type=\"template.default\">\n\t\t\t\t<div class=\"elementor-widget-container\">\n\t\t\t\t\t\t\t<div class=\"elementor-template\">\n\t\t\t\t\t<div data-elementor-type=\"container\" data-elementor-id=\"3955\" class=\"elementor elementor-3955\" data-elementor-post-type=\"elementor_library\">\n\t\t\t\t<div class=\"elementor-element elementor-element-1d0abfe1 e-flex e-con-boxed e-con e-parent\" data-id=\"1d0abfe1\" data-element_type=\"container\" data-e-type=\"container\">\n\t\t\t\t\t<div class=\"e-con-inner\">\n\t\t<div class=\"elementor-element elementor-element-23032bb8 e-con-full e-flex e-con e-child\" data-id=\"23032bb8\" data-element_type=\"container\" data-e-type=\"container\">\n\t\t\t\t<div class=\"elementor-element elementor-element-56702b10 elementor-cta--skin-cover elementor-cta--valign-bottom elementor-animated-content elementor-bg-transform elementor-bg-transform-zoom-in elementor-widget elementor-widget-call-to-action\" data-id=\"56702b10\" data-element_type=\"widget\" data-e-type=\"widget\" data-widget_type=\"call-to-action.default\">\n\t\t\t\t<div class=\"elementor-widget-container\">\n\t\t\t\t\t\t\t<a class=\"elementor-cta\" href=\"https:\/\/www.bucketlistvilla.com\/fr\/location-vacances-st-barth\/\">\n\t\t\t\t\t<div class=\"elementor-cta__bg-wrapper\">\n\t\t\t\t<div class=\"elementor-cta__bg elementor-bg\" style=\"background-image: url(https:\/\/www.bucketlistvilla.com\/blog\/wp-content\/uploads\/2025\/06\/Villa-Tourmaline-70-1-e1749284321608.jpg);\" role=\"img\" aria-label=\"Accommodation St Barts\"><\/div>\n\t\t\t\t<div class=\"elementor-cta__bg-overlay\"><\/div>\n\t\t\t<\/div>\n\t\t\t\t\t\t\t<div class=\"elementor-cta__content\">\n\t\t\t\t\n\t\t\t\t\n\t\t\t\t\n\t\t\t\t\t\t\t\t\t<div class=\"elementor-cta__button-wrapper elementor-cta__content-item elementor-content-item elementor-animated-item--grow\">\n\t\t\t\t\t<span class=\"elementor-cta__button elementor-button elementor-size-\">\n\t\t\t\t\t\tLocations vacances st barth\t\t\t\t\t<\/span>\n\t\t\t\t\t<\/div>\n\t\t\t\t\t\t\t<\/div>\n\t\t\t\t\t\t<\/a>\n\t\t\t\t\t\t<\/div>\n\t\t\t\t<\/div>\n\t\t\t\t<\/div>\n\t\t<div class=\"elementor-element elementor-element-403c8d99 e-con-full e-flex e-con e-child\" data-id=\"403c8d99\" data-element_type=\"container\" data-e-type=\"container\">\n\t\t\t\t<div class=\"elementor-element elementor-element-11d0ef35 elementor-cta--skin-cover elementor-cta--valign-bottom elementor-animated-content elementor-bg-transform elementor-bg-transform-zoom-in elementor-widget elementor-widget-call-to-action\" data-id=\"11d0ef35\" data-element_type=\"widget\" data-e-type=\"widget\" data-widget_type=\"call-to-action.default\">\n\t\t\t\t<div class=\"elementor-widget-container\">\n\t\t\t\t\t\t\t<a class=\"elementor-cta\" href=\"https:\/\/www.bucketlistvilla.com\/fr\/villa-luxe-saint-barth\/\">\n\t\t\t\t\t<div class=\"elementor-cta__bg-wrapper\">\n\t\t\t\t<div class=\"elementor-cta__bg elementor-bg\" style=\"background-image: url(https:\/\/www.bucketlistvilla.com\/blog\/wp-content\/uploads\/2025\/06\/bucketlistvilla_larimar_st_barts_rentals_-31-e1749283151228.jpg);\" role=\"img\" aria-label=\"Villas St Barts\"><\/div>\n\t\t\t\t<div class=\"elementor-cta__bg-overlay\"><\/div>\n\t\t\t<\/div>\n\t\t\t\t\t\t\t<div class=\"elementor-cta__content\">\n\t\t\t\t\n\t\t\t\t\n\t\t\t\t\n\t\t\t\t\t\t\t\t\t<div class=\"elementor-cta__button-wrapper elementor-cta__content-item elementor-content-item elementor-animated-item--grow\">\n\t\t\t\t\t<span class=\"elementor-cta__button elementor-button elementor-size-\">\n\t\t\t\t\t\tVillas St Barth\t\t\t\t\t<\/span>\n\t\t\t\t\t<\/div>\n\t\t\t\t\t\t\t<\/div>\n\t\t\t\t\t\t<\/a>\n\t\t\t\t\t\t<\/div>\n\t\t\t\t<\/div>\n\t\t\t\t<\/div>\n\t\t<div class=\"elementor-element elementor-element-1914682f e-con-full e-flex e-con e-child\" data-id=\"1914682f\" data-element_type=\"container\" data-e-type=\"container\">\n\t\t\t\t<div class=\"elementor-element elementor-element-7999e4f0 elementor-cta--skin-cover elementor-cta--valign-bottom elementor-animated-content elementor-bg-transform elementor-bg-transform-zoom-in elementor-widget elementor-widget-call-to-action\" data-id=\"7999e4f0\" data-element_type=\"widget\" data-e-type=\"widget\" data-widget_type=\"call-to-action.default\">\n\t\t\t\t<div class=\"elementor-widget-container\">\n\t\t\t\t\t\t\t<a class=\"elementor-cta\" href=\"https:\/\/www.bucketlistvilla.com\/blog\/fr\/yacht-de-luxe-location\/\">\n\t\t\t\t\t<div class=\"elementor-cta__bg-wrapper\">\n\t\t\t\t<div class=\"elementor-cta__bg elementor-bg\" style=\"background-image: url(https:\/\/www.bucketlistvilla.com\/blog\/wp-content\/uploads\/2025\/06\/AdobeStock_600886862-2-e1749284197833.jpg);\" role=\"img\" aria-label=\"private yachts st barts\"><\/div>\n\t\t\t\t<div class=\"elementor-cta__bg-overlay\"><\/div>\n\t\t\t<\/div>\n\t\t\t\t\t\t\t<div class=\"elementor-cta__content\">\n\t\t\t\t\n\t\t\t\t\n\t\t\t\t\n\t\t\t\t\t\t\t\t\t<div class=\"elementor-cta__button-wrapper elementor-cta__content-item elementor-content-item elementor-animated-item--grow\">\n\t\t\t\t\t<span class=\"elementor-cta__button elementor-button elementor-size-\">\n\t\t\t\t\t\tBateaux St Barth\t\t\t\t\t<\/span>\n\t\t\t\t\t<\/div>\n\t\t\t\t\t\t\t<\/div>\n\t\t\t\t\t\t<\/a>\n\t\t\t\t\t\t<\/div>\n\t\t\t\t<\/div>\n\t\t\t\t<\/div>\n\t\t\t\t\t<\/div>\n\t\t\t\t<\/div>\n\t\t\t\t<\/div>\n\t\t\t\t<\/div>\n\t\t\t\t\t\t<\/div>\n\t\t\t\t<\/div>\n\t\t\t\t\t<\/div>\n\t\t\t\t<\/div>\n\t\t\t\t<\/div>\n\t\t","protected":false},"excerpt":{"rendered":"<p>Ce n&#8217;est peut-\u00eatre pas une surprise, mais la m\u00e9t\u00e9o \u00e0 Saint Barth est agr\u00e9able toute l&#8217;ann\u00e9e. Sa proximit\u00e9 avec l&#8217;\u00e9quateur lui conf\u00e8re des temp\u00e9ratures chaudes, et en dehors de la saison \u00ab fra\u00eeche \u00bb de d\u00e9cembre \u00e0 avril, vous pouvez compter sur un temps favorable pour vous pr\u00e9lasser sur la plage et partir \u00e0 l&#8217;aventure [&hellip;]<\/p>\n","protected":false},"author":3,"featured_media":370,"comment_status":"open","ping_status":"open","sticky":false,"template":"","format":"standard","meta":{"footnotes":""},"categories":[45,97,29],"tags":[],"class_list":["post-432","post","type-post","status-publish","format-standard","has-post-thumbnail","hentry","category-climat-et-saisons","category-infos-pratiques","category-st-barth"],"yoast_head":"<!-- This site is optimized with the Yoast SEO plugin v27.5 - https:\/\/yoast.com\/product\/yoast-seo-wordpress\/ -->\n<title>La m\u00e9t\u00e9o \u00e0 Saint Barth pour bien pr\u00e9parer vos vacances<\/title>\n<meta name=\"description\" content=\"La m\u00e9t\u00e9o \u00e0 Saint Barth est agr\u00e9able toute l&#039;ann\u00e9e. Sa proximit\u00e9 avec l\u2019\u00e9quateur lui conf\u00e8re des temp\u00e9ratures chaudes et beaucoup de soleil.\" \/>\n<meta name=\"robots\" content=\"index, follow, max-snippet:-1, max-image-preview:large, max-video-preview:-1\" \/>\n<link rel=\"canonical\" href=\"https:\/\/www.bucketlistvilla.com\/blog\/fr\/meteo-saint-barth\/\" \/>\n<meta property=\"og:locale\" content=\"fr_FR\" \/>\n<meta property=\"og:type\" content=\"article\" \/>\n<meta property=\"og:title\" content=\"La m\u00e9t\u00e9o \u00e0 Saint Barth pour bien pr\u00e9parer vos vacances\" \/>\n<meta property=\"og:description\" content=\"La m\u00e9t\u00e9o \u00e0 Saint Barth est agr\u00e9able toute l&#039;ann\u00e9e. Sa proximit\u00e9 avec l\u2019\u00e9quateur lui conf\u00e8re des temp\u00e9ratures chaudes et beaucoup de soleil.\" \/>\n<meta property=\"og:url\" content=\"https:\/\/www.bucketlistvilla.com\/blog\/fr\/meteo-saint-barth\/\" \/>\n<meta property=\"og:site_name\" content=\"Blog\" \/>\n<meta property=\"article:published_time\" content=\"2023-12-12T15:48:37+00:00\" \/>\n<meta property=\"article:modified_time\" content=\"2025-09-12T06:56:04+00:00\" \/>\n<meta property=\"og:image\" content=\"https:\/\/www.bucketlistvilla.com\/blog\/wp-content\/uploads\/2023\/12\/st-barts-weather.jpg\" \/>\n\t<meta property=\"og:image:width\" content=\"1920\" \/>\n\t<meta property=\"og:image:height\" content=\"700\" \/>\n\t<meta property=\"og:image:type\" content=\"image\/jpeg\" \/>\n<meta name=\"author\" content=\"digitalservices@avantio.com\" \/>\n<meta name=\"twitter:card\" content=\"summary_large_image\" \/>\n<meta name=\"twitter:label1\" content=\"Written by\" \/>\n\t<meta name=\"twitter:data1\" content=\"digitalservices@avantio.com\" \/>\n\t<meta name=\"twitter:label2\" content=\"Est. reading time\" \/>\n\t<meta name=\"twitter:data2\" content=\"6 minutes\" \/>\n<script type=\"application\/ld+json\" class=\"yoast-schema-graph\">{\"@context\":\"https:\\\/\\\/schema.org\",\"@graph\":[{\"@type\":\"Article\",\"@id\":\"https:\\\/\\\/www.bucketlistvilla.com\\\/blog\\\/fr\\\/meteo-saint-barth\\\/#article\",\"isPartOf\":{\"@id\":\"https:\\\/\\\/www.bucketlistvilla.com\\\/blog\\\/fr\\\/meteo-saint-barth\\\/\"},\"author\":{\"name\":\"digitalservices@avantio.com\",\"@id\":\"https:\\\/\\\/www.bucketlistvilla.com\\\/blog\\\/fr\\\/#\\\/schema\\\/person\\\/4fac40a1703aee7856657a7e3931d230\"},\"headline\":\"M\u00e9t\u00e9o \u00e0 Saint Barth : pourquoi cette \u00eele des Cara\u00efbes est-elle un havre de paix en hiver ?\",\"datePublished\":\"2023-12-12T15:48:37+00:00\",\"dateModified\":\"2025-09-12T06:56:04+00:00\",\"mainEntityOfPage\":{\"@id\":\"https:\\\/\\\/www.bucketlistvilla.com\\\/blog\\\/fr\\\/meteo-saint-barth\\\/\"},\"wordCount\":1040,\"commentCount\":0,\"image\":{\"@id\":\"https:\\\/\\\/www.bucketlistvilla.com\\\/blog\\\/fr\\\/meteo-saint-barth\\\/#primaryimage\"},\"thumbnailUrl\":\"https:\\\/\\\/www.bucketlistvilla.com\\\/blog\\\/wp-content\\\/uploads\\\/2023\\\/12\\\/st-barts-weather.jpg\",\"articleSection\":[\"Climat et Saisons\",\"Infos Pratiques\",\"St Barth\"],\"inLanguage\":\"fr\",\"potentialAction\":[{\"@type\":\"CommentAction\",\"name\":\"Comment\",\"target\":[\"https:\\\/\\\/www.bucketlistvilla.com\\\/blog\\\/fr\\\/meteo-saint-barth\\\/#respond\"]}]},{\"@type\":\"WebPage\",\"@id\":\"https:\\\/\\\/www.bucketlistvilla.com\\\/blog\\\/fr\\\/meteo-saint-barth\\\/\",\"url\":\"https:\\\/\\\/www.bucketlistvilla.com\\\/blog\\\/fr\\\/meteo-saint-barth\\\/\",\"name\":\"La m\u00e9t\u00e9o \u00e0 Saint Barth pour bien pr\u00e9parer vos vacances\",\"isPartOf\":{\"@id\":\"https:\\\/\\\/www.bucketlistvilla.com\\\/blog\\\/fr\\\/#website\"},\"primaryImageOfPage\":{\"@id\":\"https:\\\/\\\/www.bucketlistvilla.com\\\/blog\\\/fr\\\/meteo-saint-barth\\\/#primaryimage\"},\"image\":{\"@id\":\"https:\\\/\\\/www.bucketlistvilla.com\\\/blog\\\/fr\\\/meteo-saint-barth\\\/#primaryimage\"},\"thumbnailUrl\":\"https:\\\/\\\/www.bucketlistvilla.com\\\/blog\\\/wp-content\\\/uploads\\\/2023\\\/12\\\/st-barts-weather.jpg\",\"datePublished\":\"2023-12-12T15:48:37+00:00\",\"dateModified\":\"2025-09-12T06:56:04+00:00\",\"author\":{\"@id\":\"https:\\\/\\\/www.bucketlistvilla.com\\\/blog\\\/fr\\\/#\\\/schema\\\/person\\\/4fac40a1703aee7856657a7e3931d230\"},\"description\":\"La m\u00e9t\u00e9o \u00e0 Saint Barth est agr\u00e9able toute l'ann\u00e9e. Sa proximit\u00e9 avec l\u2019\u00e9quateur lui conf\u00e8re des temp\u00e9ratures chaudes et beaucoup de soleil.\",\"breadcrumb\":{\"@id\":\"https:\\\/\\\/www.bucketlistvilla.com\\\/blog\\\/fr\\\/meteo-saint-barth\\\/#breadcrumb\"},\"inLanguage\":\"fr\",\"potentialAction\":[{\"@type\":\"ReadAction\",\"target\":[\"https:\\\/\\\/www.bucketlistvilla.com\\\/blog\\\/fr\\\/meteo-saint-barth\\\/\"]}]},{\"@type\":\"ImageObject\",\"inLanguage\":\"fr\",\"@id\":\"https:\\\/\\\/www.bucketlistvilla.com\\\/blog\\\/fr\\\/meteo-saint-barth\\\/#primaryimage\",\"url\":\"https:\\\/\\\/www.bucketlistvilla.com\\\/blog\\\/wp-content\\\/uploads\\\/2023\\\/12\\\/st-barts-weather.jpg\",\"contentUrl\":\"https:\\\/\\\/www.bucketlistvilla.com\\\/blog\\\/wp-content\\\/uploads\\\/2023\\\/12\\\/st-barts-weather.jpg\",\"width\":1920,\"height\":700,\"caption\":\"m\u00e9t\u00e9o saint barth\"},{\"@type\":\"BreadcrumbList\",\"@id\":\"https:\\\/\\\/www.bucketlistvilla.com\\\/blog\\\/fr\\\/meteo-saint-barth\\\/#breadcrumb\",\"itemListElement\":[{\"@type\":\"ListItem\",\"position\":1,\"name\":\"Home\",\"item\":\"https:\\\/\\\/www.bucketlistvilla.com\\\/blog\\\/fr\\\/\"},{\"@type\":\"ListItem\",\"position\":2,\"name\":\"M\u00e9t\u00e9o \u00e0 Saint Barth : pourquoi cette \u00eele des Cara\u00efbes est-elle un havre de paix en hiver ?\"}]},{\"@type\":\"WebSite\",\"@id\":\"https:\\\/\\\/www.bucketlistvilla.com\\\/blog\\\/fr\\\/#website\",\"url\":\"https:\\\/\\\/www.bucketlistvilla.com\\\/blog\\\/fr\\\/\",\"name\":\"Blog\",\"description\":\"\",\"potentialAction\":[{\"@type\":\"SearchAction\",\"target\":{\"@type\":\"EntryPoint\",\"urlTemplate\":\"https:\\\/\\\/www.bucketlistvilla.com\\\/blog\\\/fr\\\/?s={search_term_string}\"},\"query-input\":{\"@type\":\"PropertyValueSpecification\",\"valueRequired\":true,\"valueName\":\"search_term_string\"}}],\"inLanguage\":\"fr\"},{\"@type\":\"Person\",\"@id\":\"https:\\\/\\\/www.bucketlistvilla.com\\\/blog\\\/fr\\\/#\\\/schema\\\/person\\\/4fac40a1703aee7856657a7e3931d230\",\"name\":\"digitalservices@avantio.com\",\"image\":{\"@type\":\"ImageObject\",\"inLanguage\":\"fr\",\"@id\":\"https:\\\/\\\/secure.gravatar.com\\\/avatar\\\/af30f88a1904294c1f3eb09a9d7903eec4ffa18fa2cf40c28a8681014ecdfc20?s=96&d=mm&r=g\",\"url\":\"https:\\\/\\\/secure.gravatar.com\\\/avatar\\\/af30f88a1904294c1f3eb09a9d7903eec4ffa18fa2cf40c28a8681014ecdfc20?s=96&d=mm&r=g\",\"contentUrl\":\"https:\\\/\\\/secure.gravatar.com\\\/avatar\\\/af30f88a1904294c1f3eb09a9d7903eec4ffa18fa2cf40c28a8681014ecdfc20?s=96&d=mm&r=g\",\"caption\":\"digitalservices@avantio.com\"},\"url\":\"https:\\\/\\\/www.bucketlistvilla.com\\\/blog\\\/fr\\\/author\\\/digitalservicesavantio-com\\\/\"}]}<\/script>\n<!-- \/ Yoast SEO plugin. -->","yoast_head_json":{"title":"La m\u00e9t\u00e9o \u00e0 Saint Barth pour bien pr\u00e9parer vos vacances","description":"La m\u00e9t\u00e9o \u00e0 Saint Barth est agr\u00e9able toute l'ann\u00e9e. Sa proximit\u00e9 avec l\u2019\u00e9quateur lui conf\u00e8re des temp\u00e9ratures chaudes et beaucoup de soleil.","robots":{"index":"index","follow":"follow","max-snippet":"max-snippet:-1","max-image-preview":"max-image-preview:large","max-video-preview":"max-video-preview:-1"},"canonical":"https:\/\/www.bucketlistvilla.com\/blog\/fr\/meteo-saint-barth\/","og_locale":"fr_FR","og_type":"article","og_title":"La m\u00e9t\u00e9o \u00e0 Saint Barth pour bien pr\u00e9parer vos vacances","og_description":"La m\u00e9t\u00e9o \u00e0 Saint Barth est agr\u00e9able toute l'ann\u00e9e. Sa proximit\u00e9 avec l\u2019\u00e9quateur lui conf\u00e8re des temp\u00e9ratures chaudes et beaucoup de soleil.","og_url":"https:\/\/www.bucketlistvilla.com\/blog\/fr\/meteo-saint-barth\/","og_site_name":"Blog","article_published_time":"2023-12-12T15:48:37+00:00","article_modified_time":"2025-09-12T06:56:04+00:00","og_image":[{"width":1920,"height":700,"url":"https:\/\/www.bucketlistvilla.com\/blog\/wp-content\/uploads\/2023\/12\/st-barts-weather.jpg","type":"image\/jpeg"}],"author":"digitalservices@avantio.com","twitter_card":"summary_large_image","twitter_misc":{"Written by":"digitalservices@avantio.com","Est. reading time":"6 minutes"},"schema":{"@context":"https:\/\/schema.org","@graph":[{"@type":"Article","@id":"https:\/\/www.bucketlistvilla.com\/blog\/fr\/meteo-saint-barth\/#article","isPartOf":{"@id":"https:\/\/www.bucketlistvilla.com\/blog\/fr\/meteo-saint-barth\/"},"author":{"name":"digitalservices@avantio.com","@id":"https:\/\/www.bucketlistvilla.com\/blog\/fr\/#\/schema\/person\/4fac40a1703aee7856657a7e3931d230"},"headline":"M\u00e9t\u00e9o \u00e0 Saint Barth : pourquoi cette \u00eele des Cara\u00efbes est-elle un havre de paix en hiver ?","datePublished":"2023-12-12T15:48:37+00:00","dateModified":"2025-09-12T06:56:04+00:00","mainEntityOfPage":{"@id":"https:\/\/www.bucketlistvilla.com\/blog\/fr\/meteo-saint-barth\/"},"wordCount":1040,"commentCount":0,"image":{"@id":"https:\/\/www.bucketlistvilla.com\/blog\/fr\/meteo-saint-barth\/#primaryimage"},"thumbnailUrl":"https:\/\/www.bucketlistvilla.com\/blog\/wp-content\/uploads\/2023\/12\/st-barts-weather.jpg","articleSection":["Climat et Saisons","Infos Pratiques","St Barth"],"inLanguage":"fr","potentialAction":[{"@type":"CommentAction","name":"Comment","target":["https:\/\/www.bucketlistvilla.com\/blog\/fr\/meteo-saint-barth\/#respond"]}]},{"@type":"WebPage","@id":"https:\/\/www.bucketlistvilla.com\/blog\/fr\/meteo-saint-barth\/","url":"https:\/\/www.bucketlistvilla.com\/blog\/fr\/meteo-saint-barth\/","name":"La m\u00e9t\u00e9o \u00e0 Saint Barth pour bien pr\u00e9parer vos vacances","isPartOf":{"@id":"https:\/\/www.bucketlistvilla.com\/blog\/fr\/#website"},"primaryImageOfPage":{"@id":"https:\/\/www.bucketlistvilla.com\/blog\/fr\/meteo-saint-barth\/#primaryimage"},"image":{"@id":"https:\/\/www.bucketlistvilla.com\/blog\/fr\/meteo-saint-barth\/#primaryimage"},"thumbnailUrl":"https:\/\/www.bucketlistvilla.com\/blog\/wp-content\/uploads\/2023\/12\/st-barts-weather.jpg","datePublished":"2023-12-12T15:48:37+00:00","dateModified":"2025-09-12T06:56:04+00:00","author":{"@id":"https:\/\/www.bucketlistvilla.com\/blog\/fr\/#\/schema\/person\/4fac40a1703aee7856657a7e3931d230"},"description":"La m\u00e9t\u00e9o \u00e0 Saint Barth est agr\u00e9able toute l'ann\u00e9e. Sa proximit\u00e9 avec l\u2019\u00e9quateur lui conf\u00e8re des temp\u00e9ratures chaudes et beaucoup de soleil.","breadcrumb":{"@id":"https:\/\/www.bucketlistvilla.com\/blog\/fr\/meteo-saint-barth\/#breadcrumb"},"inLanguage":"fr","potentialAction":[{"@type":"ReadAction","target":["https:\/\/www.bucketlistvilla.com\/blog\/fr\/meteo-saint-barth\/"]}]},{"@type":"ImageObject","inLanguage":"fr","@id":"https:\/\/www.bucketlistvilla.com\/blog\/fr\/meteo-saint-barth\/#primaryimage","url":"https:\/\/www.bucketlistvilla.com\/blog\/wp-content\/uploads\/2023\/12\/st-barts-weather.jpg","contentUrl":"https:\/\/www.bucketlistvilla.com\/blog\/wp-content\/uploads\/2023\/12\/st-barts-weather.jpg","width":1920,"height":700,"caption":"m\u00e9t\u00e9o saint barth"},{"@type":"BreadcrumbList","@id":"https:\/\/www.bucketlistvilla.com\/blog\/fr\/meteo-saint-barth\/#breadcrumb","itemListElement":[{"@type":"ListItem","position":1,"name":"Home","item":"https:\/\/www.bucketlistvilla.com\/blog\/fr\/"},{"@type":"ListItem","position":2,"name":"M\u00e9t\u00e9o \u00e0 Saint Barth : pourquoi cette \u00eele des Cara\u00efbes est-elle un havre de paix en hiver ?"}]},{"@type":"WebSite","@id":"https:\/\/www.bucketlistvilla.com\/blog\/fr\/#website","url":"https:\/\/www.bucketlistvilla.com\/blog\/fr\/","name":"Blog","description":"","potentialAction":[{"@type":"SearchAction","target":{"@type":"EntryPoint","urlTemplate":"https:\/\/www.bucketlistvilla.com\/blog\/fr\/?s={search_term_string}"},"query-input":{"@type":"PropertyValueSpecification","valueRequired":true,"valueName":"search_term_string"}}],"inLanguage":"fr"},{"@type":"Person","@id":"https:\/\/www.bucketlistvilla.com\/blog\/fr\/#\/schema\/person\/4fac40a1703aee7856657a7e3931d230","name":"digitalservices@avantio.com","image":{"@type":"ImageObject","inLanguage":"fr","@id":"https:\/\/secure.gravatar.com\/avatar\/af30f88a1904294c1f3eb09a9d7903eec4ffa18fa2cf40c28a8681014ecdfc20?s=96&d=mm&r=g","url":"https:\/\/secure.gravatar.com\/avatar\/af30f88a1904294c1f3eb09a9d7903eec4ffa18fa2cf40c28a8681014ecdfc20?s=96&d=mm&r=g","contentUrl":"https:\/\/secure.gravatar.com\/avatar\/af30f88a1904294c1f3eb09a9d7903eec4ffa18fa2cf40c28a8681014ecdfc20?s=96&d=mm&r=g","caption":"digitalservices@avantio.com"},"url":"https:\/\/www.bucketlistvilla.com\/blog\/fr\/author\/digitalservicesavantio-com\/"}]}},"_links":{"self":[{"href":"https:\/\/www.bucketlistvilla.com\/blog\/fr\/wp-json\/wp\/v2\/posts\/432","targetHints":{"allow":["GET"]}}],"collection":[{"href":"https:\/\/www.bucketlistvilla.com\/blog\/fr\/wp-json\/wp\/v2\/posts"}],"about":[{"href":"https:\/\/www.bucketlistvilla.com\/blog\/fr\/wp-json\/wp\/v2\/types\/post"}],"author":[{"embeddable":true,"href":"https:\/\/www.bucketlistvilla.com\/blog\/fr\/wp-json\/wp\/v2\/users\/3"}],"replies":[{"embeddable":true,"href":"https:\/\/www.bucketlistvilla.com\/blog\/fr\/wp-json\/wp\/v2\/comments?post=432"}],"version-history":[{"count":13,"href":"https:\/\/www.bucketlistvilla.com\/blog\/fr\/wp-json\/wp\/v2\/posts\/432\/revisions"}],"predecessor-version":[{"id":7067,"href":"https:\/\/www.bucketlistvilla.com\/blog\/fr\/wp-json\/wp\/v2\/posts\/432\/revisions\/7067"}],"wp:featuredmedia":[{"embeddable":true,"href":"https:\/\/www.bucketlistvilla.com\/blog\/fr\/wp-json\/wp\/v2\/media\/370"}],"wp:attachment":[{"href":"https:\/\/www.bucketlistvilla.com\/blog\/fr\/wp-json\/wp\/v2\/media?parent=432"}],"wp:term":[{"taxonomy":"category","embeddable":true,"href":"https:\/\/www.bucketlistvilla.com\/blog\/fr\/wp-json\/wp\/v2\/categories?post=432"},{"taxonomy":"post_tag","embeddable":true,"href":"https:\/\/www.bucketlistvilla.com\/blog\/fr\/wp-json\/wp\/v2\/tags?post=432"}],"curies":[{"name":"wp","href":"https:\/\/api.w.org\/{rel}","templated":true}]}}