{"id":5086,"date":"2025-05-02T12:20:49","date_gmt":"2025-05-02T12:20:49","guid":{"rendered":"https:\/\/www.bucketlistvilla.com\/blog\/?p=5086"},"modified":"2025-09-11T09:42:35","modified_gmt":"2025-09-11T09:42:35","slug":"saint-barthelemy-st-barths-ou-st-barth","status":"publish","type":"post","link":"https:\/\/www.bucketlistvilla.com\/blog\/fr\/saint-barthelemy-st-barths-ou-st-barth\/","title":{"rendered":"Saint-Barth\u00e9lemy, St-Barths ou St-Barth\u00a0: comprendre l\u2019identit\u00e9 de l\u2019\u00eele"},"content":{"rendered":"\t\t<div data-elementor-type=\"wp-post\" data-elementor-id=\"5086\" class=\"elementor elementor-5086 elementor-4898\" data-elementor-post-type=\"post\">\n\t\t\t\t<div class=\"elementor-element elementor-element-5c0d9668 e-flex e-con-boxed e-con e-parent\" data-id=\"5c0d9668\" data-element_type=\"container\" data-e-type=\"container\">\n\t\t\t\t\t<div class=\"e-con-inner\">\n\t\t\t\t<div class=\"elementor-element elementor-element-68484943 elementor-widget elementor-widget-text-editor\" data-id=\"68484943\" data-element_type=\"widget\" data-e-type=\"widget\" data-widget_type=\"text-editor.default\">\n\t\t\t\t<div class=\"elementor-widget-container\">\n\t\t\t\t\t\t\t\t\t<p>Les cartes indiquent <strong>Saint-Barth\u00e9lemy.<\/strong> Les habitants disent <strong>St-Barth<\/strong>. Les Am\u00e9ricains vont pr\u00e9f\u00e9rer l\u2019\u00e9crire <strong>St Barts<\/strong>. Et pour certains, il s&#8217;agit tout simplement de \u00ab l&#8217;\u00eele \u00bb, comme s&#8217;il n&#8217;y avait rien d&#8217;autre \u00e0 ajouter. Minuscule par sa taille, mais surdimensionn\u00e9e par sa r\u00e9putation, cette \u00eele des Cara\u00efbes a longtemps entretenu la confusion entre son nom et son mythe. Avant d&#8217;atterrir sur la piste d&#8217;atterrissage r\u00e9put\u00e9e escarp\u00e9e ou de siroter un ti-punch les doigts de pied dans le sable, vous vous posez peut-\u00eatre des questions, comme : comment s&#8217;appelle exactement cette \u00eele ? Plus qu&#8217;une question linguistique, cette question est une fen\u00eatre ouverte sur l&#8217;identit\u00e9 de l&#8217;\u00eele, fa\u00e7onn\u00e9e par les lois fran\u00e7aises, les noms de rue su\u00e9dois et une client\u00e8le internationale qui en a fait son havre de paix favori.<\/p>\t\t\t\t\t\t\t\t<\/div>\n\t\t\t\t<\/div>\n\t\t\t\t\t<\/div>\n\t\t\t\t<\/div>\n\t\t<div class=\"elementor-element elementor-element-5c9957b e-flex e-con-boxed e-con e-parent\" data-id=\"5c9957b\" data-element_type=\"container\" data-e-type=\"container\">\n\t\t\t\t\t<div class=\"e-con-inner\">\n\t\t\t\t<div class=\"elementor-element elementor-element-a1bc922 elementor-widget elementor-widget-template\" data-id=\"a1bc922\" data-element_type=\"widget\" data-e-type=\"widget\" data-widget_type=\"template.default\">\n\t\t\t\t<div class=\"elementor-widget-container\">\n\t\t\t\t\t\t\t<div class=\"elementor-template\">\n\t\t\t\t\t<div data-elementor-type=\"container\" data-elementor-id=\"6215\" class=\"elementor elementor-6215\" data-elementor-post-type=\"elementor_library\">\n\t\t\t\t<div class=\"elementor-element elementor-element-7fada30 e-flex e-con-boxed e-con e-parent\" data-id=\"7fada30\" data-element_type=\"container\" data-e-type=\"container\">\n\t\t\t\t\t<div class=\"e-con-inner\">\n\t\t\t\t<div class=\"elementor-element elementor-element-9a267c6 elementor-widget elementor-widget-table-of-contents\" data-id=\"9a267c6\" data-element_type=\"widget\" data-e-type=\"widget\" data-settings=\"{&quot;headings_by_tags&quot;:[&quot;h2&quot;],&quot;exclude_headings_by_selector&quot;:[],&quot;marker_view&quot;:&quot;bullets&quot;,&quot;icon&quot;:{&quot;value&quot;:&quot;&quot;,&quot;library&quot;:&quot;&quot;},&quot;no_headings_message&quot;:&quot;Aucun titre n\\u2019a \\u00e9t\\u00e9 trouv\\u00e9 sur cette page.&quot;,&quot;hierarchical_view&quot;:&quot;yes&quot;,&quot;min_height&quot;:{&quot;unit&quot;:&quot;px&quot;,&quot;size&quot;:&quot;&quot;,&quot;sizes&quot;:[]},&quot;min_height_tablet&quot;:{&quot;unit&quot;:&quot;px&quot;,&quot;size&quot;:&quot;&quot;,&quot;sizes&quot;:[]},&quot;min_height_mobile&quot;:{&quot;unit&quot;:&quot;px&quot;,&quot;size&quot;:&quot;&quot;,&quot;sizes&quot;:[]}}\" data-widget_type=\"table-of-contents.default\">\n\t\t\t\t<div class=\"elementor-widget-container\">\n\t\t\t\t\t\t\t\t\t<div class=\"elementor-toc__header\">\n\t\t\t\t\t\t<div class=\"elementor-toc__header-title\">\n\t\t\t\tSommaire\t\t\t<\/div>\n\t\t\t\t\t\t\t\t<\/div>\n\t\t\t\t<div id=\"elementor-toc__9a267c6\" class=\"elementor-toc__body\">\n\t\t\t<div class=\"elementor-toc__spinner-container\">\n\t\t\t\t<svg class=\"elementor-toc__spinner eicon-animation-spin e-font-icon-svg e-eicon-loading\" aria-hidden=\"true\" viewBox=\"0 0 1000 1000\" xmlns=\"http:\/\/www.w3.org\/2000\/svg\"><path d=\"M500 975V858C696 858 858 696 858 500S696 142 500 142 142 304 142 500H25C25 237 238 25 500 25S975 237 975 500 763 975 500 975Z\"><\/path><\/svg>\t\t\t<\/div>\n\t\t<\/div>\n\t\t\t\t\t\t<\/div>\n\t\t\t\t<\/div>\n\t\t\t\t\t<\/div>\n\t\t\t\t<\/div>\n\t\t\t\t<\/div>\n\t\t\t\t<\/div>\n\t\t\t\t\t\t<\/div>\n\t\t\t\t<\/div>\n\t\t\t\t\t<\/div>\n\t\t\t\t<\/div>\n\t\t<div class=\"elementor-element elementor-element-3342df4c e-flex e-con-boxed e-con e-parent\" data-id=\"3342df4c\" data-element_type=\"container\" data-e-type=\"container\">\n\t\t\t\t\t<div class=\"e-con-inner\">\n\t\t\t\t<div class=\"elementor-element elementor-element-4bd55426 elementor-widget elementor-widget-heading\" data-id=\"4bd55426\" data-element_type=\"widget\" data-e-type=\"widget\" data-widget_type=\"heading.default\">\n\t\t\t\t<div class=\"elementor-widget-container\">\n\t\t\t\t\t<h2 class=\"elementor-heading-title elementor-size-default\">Quel est le nom exact de l\u2019\u00eele<\/h2>\t\t\t\t<\/div>\n\t\t\t\t<\/div>\n\t\t\t\t<div class=\"elementor-element elementor-element-596c8586 elementor-widget elementor-widget-text-editor\" data-id=\"596c8586\" data-element_type=\"widget\" data-e-type=\"widget\" data-widget_type=\"text-editor.default\">\n\t\t\t\t<div class=\"elementor-widget-container\">\n\t\t\t\t\t\t\t\t\t<p>La <strong>confusion d\u2019appellation entre St Barths et St Barts est fr\u00e9quente<\/strong>, surtout parmi les visiteurs \u00e9trangers. En fran\u00e7ais, l&#8217;\u00eele est officiellement connue sous le nom de Saint-Barth\u00e9lemy, souvent abr\u00e9g\u00e9 en St-Barth ou St Barths lorsqu&#8217;il est \u00e9crit en anglais selon une orthographe influenc\u00e9e par le fran\u00e7ais. En revanche, les anglophones l&#8217;appellent souvent St Barts, en supprimant le \u00ab h \u00bb pour des raisons de simplicit\u00e9 phon\u00e9tique. Les deux versions sont largement accept\u00e9es et utilis\u00e9es de mani\u00e8re interchangeable dans les documents touristiques et le marketing, mais la diff\u00e9rence se r\u00e9f\u00e8re subtilement au double h\u00e9ritage culturel de l&#8217;\u00eele.<\/p><p>Alors, doit-on dire St Barts ou St-Barths\u00a0? Techniquement, les deux termes sont corrects : St Barths renvoie \u00e0 la gouvernance fran\u00e7aise de l&#8217;\u00eele, tandis que St Barts est la forme anglicis\u00e9e pris\u00e9e par les visiteurs am\u00e9ricains et britanniques. Lorsque vous planifiez vos <a href=\"https:\/\/www.bucketlistvilla.com\/blog\/fr\/vacances-saint-barth\/\">vacances \u00e0 Saint-Barth<\/a>, il peut \u00eatre utile de savoir comment les deux langues pr\u00e9sentent l&#8217;\u00eele.<\/p>\t\t\t\t\t\t\t\t<\/div>\n\t\t\t\t<\/div>\n\t\t\t\t\t<\/div>\n\t\t\t\t<\/div>\n\t\t<div class=\"elementor-element elementor-element-26c7d0b e-flex e-con-boxed e-con e-parent\" data-id=\"26c7d0b\" data-element_type=\"container\" data-e-type=\"container\">\n\t\t\t\t\t<div class=\"e-con-inner\">\n\t\t\t\t<div class=\"elementor-element elementor-element-f105860 elementor-widget elementor-widget-heading\" data-id=\"f105860\" data-element_type=\"widget\" data-e-type=\"widget\" data-widget_type=\"heading.default\">\n\t\t\t\t<div class=\"elementor-widget-container\">\n\t\t\t\t\t<h2 class=\"elementor-heading-title elementor-size-default\">O\u00f9 se situe Saint-Barth, et comment s\u2019y rendre<\/h2>\t\t\t\t<\/div>\n\t\t\t\t<\/div>\n\t\t\t\t\t<\/div>\n\t\t\t\t<\/div>\n\t\t<div class=\"elementor-element elementor-element-e2e95ef e-flex e-con-boxed e-con e-parent\" data-id=\"e2e95ef\" data-element_type=\"container\" data-e-type=\"container\">\n\t\t\t\t\t<div class=\"e-con-inner\">\n\t\t<div class=\"elementor-element elementor-element-adad401 e-con-full e-flex e-con e-child\" data-id=\"adad401\" data-element_type=\"container\" data-e-type=\"container\">\n\t\t\t\t<div class=\"elementor-element elementor-element-e8cc407 elementor-widget elementor-widget-text-editor\" data-id=\"e8cc407\" data-element_type=\"widget\" data-e-type=\"widget\" data-widget_type=\"text-editor.default\">\n\t\t\t\t<div class=\"elementor-widget-container\">\n\t\t\t\t\t\t\t\t\t<p>Situ\u00e9e dans les Antilles fran\u00e7aises, Saint-Barth\u00e9lemy est une petite \u00eele de 21 km\u00b2 au sud-est de Saint-Martin, dans la mer des Cara\u00efbes. Malgr\u00e9 sa taille modeste, l&#8217;\u00eele est un haut lieu du tourisme de luxe et attire les c\u00e9l\u00e9brit\u00e9s.<\/p><p>Pour se rendre sur l&#8217;\u00eele, il faut un peu d&#8217;organisation. La plupart des visiteurs atterrissent \u00e0 l&#8217;a\u00e9roport international Princess Juliana (SXM) de Saint-Martin et empruntent ensuite une courte correspondance pour l&#8217;a\u00e9roport Gustaf III de Saint-Barth\u00e9lemy, un vol palpitant en raison de la courte piste d&#8217;atterrissage de l&#8217;\u00eele. Il est \u00e9galement possible d&#8217;emprunter un ferry \u00e0 grande vitesse, comme <a href=\"https:\/\/www.bucketlistvilla.com\/blog\/fr\/ferry-saint-barthelemy\/\">celui qui relie Saint-Martin \u00e0 Saint-Barth<\/a>, pour un trajet plus agr\u00e9able. Une fois sur place, il est ais\u00e9 de se d\u00e9placer gr\u00e2ce aux voitures de location, aux taxis ou aux transports priv\u00e9s organis\u00e9s par votre villa. Renseignez-vous sur les <a href=\"https:\/\/www.bucketlistvilla.com\/blog\/fr\/vols-st-barth\/\">vols \u00e0 destination de Saint-Barth\u00e9lemy<\/a> pour planifier votre voyage sans encombre.<\/p>\t\t\t\t\t\t\t\t<\/div>\n\t\t\t\t<\/div>\n\t\t\t\t<\/div>\n\t\t<div class=\"elementor-element elementor-element-000bb29 e-con-full e-flex e-con e-child\" data-id=\"000bb29\" data-element_type=\"container\" data-e-type=\"container\">\n\t\t\t\t<div class=\"elementor-element elementor-element-563c471 elementor-widget elementor-widget-google_maps\" data-id=\"563c471\" data-element_type=\"widget\" data-e-type=\"widget\" data-widget_type=\"google_maps.default\">\n\t\t\t\t<div class=\"elementor-widget-container\">\n\t\t\t\t\t\t\t<div class=\"elementor-custom-embed\">\n\t\t\t<iframe loading=\"lazy\"\n\t\t\t\t\tsrc=\"https:\/\/maps.google.com\/maps?q=st%20barts&#038;t=m&#038;z=3&#038;output=embed&#038;iwloc=near\"\n\t\t\t\t\ttitle=\"st barts\"\n\t\t\t\t\taria-label=\"st barts\"\n\t\t\t><\/iframe>\n\t\t<\/div>\n\t\t\t\t\t\t<\/div>\n\t\t\t\t<\/div>\n\t\t\t\t<\/div>\n\t\t\t\t\t<\/div>\n\t\t\t\t<\/div>\n\t\t<div class=\"elementor-element elementor-element-06d53f1 e-flex e-con-boxed e-con e-parent\" data-id=\"06d53f1\" data-element_type=\"container\" data-e-type=\"container\">\n\t\t\t\t\t<div class=\"e-con-inner\">\n\t\t\t\t<div class=\"elementor-element elementor-element-04dfac0 elementor-widget elementor-widget-heading\" data-id=\"04dfac0\" data-element_type=\"widget\" data-e-type=\"widget\" data-widget_type=\"heading.default\">\n\t\t\t\t<div class=\"elementor-widget-container\">\n\t\t\t\t\t<h2 class=\"elementor-heading-title elementor-size-default\">Une petite r\u00e9trospective de l'\u00eele et de son histoire<\/h2>\t\t\t\t<\/div>\n\t\t\t\t<\/div>\n\t\t\t\t<div class=\"elementor-element elementor-element-aac2d75 elementor-widget elementor-widget-text-editor\" data-id=\"aac2d75\" data-element_type=\"widget\" data-e-type=\"widget\" data-widget_type=\"text-editor.default\">\n\t\t\t\t<div class=\"elementor-widget-container\">\n\t\t\t\t\t\t\t\t\t<p>L&#8217;\u00eele a \u00e9t\u00e9 d\u00e9couverte pour la premi\u00e8re fois par <strong>Christophe Colomb en 1493<\/strong> et nomm\u00e9e d&#8217;apr\u00e8s son fr\u00e8re, Bartolomeo. Au fil des si\u00e8cles, elle a chang\u00e9 de mains \u00e0 plusieurs reprises. Les Fran\u00e7ais en ont pris le contr\u00f4le au XVIIe si\u00e8cle, mais elle a ensuite \u00e9t\u00e9 c\u00e9d\u00e9e \u00e0 la Su\u00e8de en 1784. Cette br\u00e8ve p\u00e9riode su\u00e9doise a \u00e9t\u00e9 marqu\u00e9e par un h\u00e9ritage durable, comme la capitale de l&#8217;\u00eele, Gustavia, nomm\u00e9e en l&#8217;honneur du roi Gustav III. En 1878, Saint-Barth\u00e9lemy a \u00e9t\u00e9 restitu\u00e9e \u00e0 la France et demeure aujourd&#8217;hui une collectivit\u00e9 fran\u00e7aise d&#8217;outre-mer.<\/p><p>Cette histoire complexe contribue \u00e0 l&#8217;identit\u00e9 distincte de l&#8217;\u00eele : un style europ\u00e9en sophistiqu\u00e9 associ\u00e9 \u00e0 la chaleur des Cara\u00efbes. Que vous disiez St Barts ou Saint-Barth, vous faites r\u00e9f\u00e9rence \u00e0 une \u00eele fa\u00e7onn\u00e9e par des si\u00e8cles d&#8217;influences diverses.<\/p>\t\t\t\t\t\t\t\t<\/div>\n\t\t\t\t<\/div>\n\t\t\t\t\t<\/div>\n\t\t\t\t<\/div>\n\t\t<div class=\"elementor-element elementor-element-a338257 e-flex e-con-boxed e-con e-parent\" data-id=\"a338257\" data-element_type=\"container\" data-e-type=\"container\">\n\t\t\t\t\t<div class=\"e-con-inner\">\n\t\t\t\t<div class=\"elementor-element elementor-element-01fee7a elementor-widget elementor-widget-image\" data-id=\"01fee7a\" data-element_type=\"widget\" data-e-type=\"widget\" data-widget_type=\"image.default\">\n\t\t\t\t<div class=\"elementor-widget-container\">\n\t\t\t\t\t\t\t\t\t\t\t\t\t\t\t<img fetchpriority=\"high\" decoding=\"async\" width=\"1920\" height=\"1080\" src=\"https:\/\/www.bucketlistvilla.com\/blog\/wp-content\/uploads\/2025\/05\/traveling-st-barts-e1749977034981.jpg\" class=\"attachment-full size-full wp-image-5731\" alt=\"traveling st barts\" \/>\t\t\t\t\t\t\t\t\t\t\t\t\t\t\t<\/div>\n\t\t\t\t<\/div>\n\t\t\t\t\t<\/div>\n\t\t\t\t<\/div>\n\t\t<div class=\"elementor-element elementor-element-f05189e e-flex e-con-boxed e-con e-parent\" data-id=\"f05189e\" data-element_type=\"container\" data-e-type=\"container\">\n\t\t\t\t\t<div class=\"e-con-inner\">\n\t\t\t\t<div class=\"elementor-element elementor-element-123654f elementor-widget elementor-widget-heading\" data-id=\"123654f\" data-element_type=\"widget\" data-e-type=\"widget\" data-widget_type=\"heading.default\">\n\t\t\t\t<div class=\"elementor-widget-container\">\n\t\t\t\t\t<h2 class=\"elementor-heading-title elementor-size-default\">Gouvernement et administration de Saint-Barth\u00e9lemy<\/h2>\t\t\t\t<\/div>\n\t\t\t\t<\/div>\n\t\t\t\t<div class=\"elementor-element elementor-element-8ac6dcd elementor-widget elementor-widget-text-editor\" data-id=\"8ac6dcd\" data-element_type=\"widget\" data-e-type=\"widget\" data-widget_type=\"text-editor.default\">\n\t\t\t\t<div class=\"elementor-widget-container\">\n\t\t\t\t\t\t\t\t\t<p>En tant que <strong>collectivit\u00e9 fran\u00e7aise d&#8217;outre-mer<\/strong>, Saint-Barth\u00e9lemy fonctionne selon le syst\u00e8me juridique et administratif fran\u00e7ais, mais jouit d&#8217;un degr\u00e9 de libert\u00e9 \u00e9lev\u00e9. L&#8217;\u00eele dispose de son propre conseil territorial qui g\u00e8re les affaires locales, notamment l&#8217;urbanisme, le tourisme et les services publics. Elle est repr\u00e9sent\u00e9e au Parlement fran\u00e7ais, et <a href=\"https:\/\/www.bucketlistvilla.com\/blog\/fr\/monnaie-st-barth\/\">l&#8217;euro est la monnaie officielle<\/a>.<\/p><p><strong>Le fran\u00e7ais est la langue officielle<\/strong>, bien que <strong>l&#8217;anglais soit largement r\u00e9pandu<\/strong>, en particulier dans les domaines li\u00e9s au tourisme. Le standard \u00e9lev\u00e9 des infrastructures, des services publics et des soins de sant\u00e9 refl\u00e8te le lien de l&#8217;\u00eele avec la France continentale, tandis que sa gouvernance ind\u00e9pendante garantit que les priorit\u00e9s locales sont au c\u0153ur de la prise de d\u00e9cision.<\/p>\t\t\t\t\t\t\t\t<\/div>\n\t\t\t\t<\/div>\n\t\t\t\t\t<\/div>\n\t\t\t\t<\/div>\n\t\t<div class=\"elementor-element elementor-element-d03fb17 e-flex e-con-boxed e-con e-parent\" data-id=\"d03fb17\" data-element_type=\"container\" data-e-type=\"container\">\n\t\t\t\t\t<div class=\"e-con-inner\">\n\t\t\t\t<div class=\"elementor-element elementor-element-7d5ed78 elementor-widget elementor-widget-heading\" data-id=\"7d5ed78\" data-element_type=\"widget\" data-e-type=\"widget\" data-widget_type=\"heading.default\">\n\t\t\t\t<div class=\"elementor-widget-container\">\n\t\t\t\t\t<h2 class=\"elementor-heading-title elementor-size-default\">Les lieux incontournables que vous devriez visiter<\/h2>\t\t\t\t<\/div>\n\t\t\t\t<\/div>\n\t\t\t\t<div class=\"elementor-element elementor-element-9e0d526 elementor-widget elementor-widget-text-editor\" data-id=\"9e0d526\" data-element_type=\"widget\" data-e-type=\"widget\" data-widget_type=\"text-editor.default\">\n\t\t\t\t<div class=\"elementor-widget-container\">\n\t\t\t\t\t\t\t\t\t<p>Si l&#8217;ensemble de l&#8217;\u00eele m\u00e9rite un d\u00e9tour, certaines zones illustrent v\u00e9ritablement son identit\u00e9.\u00a0<a href=\"https:\/\/www.bucketlistvilla.com\/blog\/fr\/gustavia-st-barts\/\">Gustavia<\/a>, la capitale, est un p\u00f4le d&#8217;activit\u00e9 qui regorge d&#8217;histoire, de boutiques haut de gamme et de restaurants \u00e9toil\u00e9s. \u00c0 <a href=\"https:\/\/www.bucketlistvilla.com\/blog\/fr\/saint-jean-saint-barthelemy\/\">Saint-Jean<\/a>, vous trouverez une plage anim\u00e9e o\u00f9 le d\u00e9jeuner peut se prolonger jusqu&#8217;au coucher du soleil, notamment \u00e0 l&#8217;embl\u00e9matique Eden Rock. La plage de Colombier est isol\u00e9e et n&#8217;est accessible que par une randonn\u00e9e p\u00e9destre ou une promenade en bateau. Elle est parfaite pour ceux qui pr\u00e9f\u00e8rent les plages tranquilles et naturelles.<\/p><p><strong><a href=\"https:\/\/www.bucketlistvilla.com\/blog\/fr\/lorient-st-barth\/\">Lorient<\/a><\/strong> est la plage pr\u00e9f\u00e9r\u00e9e des <strong>familles et des surfeurs<\/strong>. L&#8217;atmosph\u00e8re y est plus familiale, avec des <a href=\"https:\/\/www.bucketlistvilla.com\/blog\/fr\/surf-a-saint-barthelemy\/\">vagues propices au surf<\/a> et un rythme de vie local qui contraste avec le faste des autres r\u00e9gions.\u00a0<a href=\"https:\/\/www.bucketlistvilla.com\/blog\/fr\/pointe-milou-st-barth\/\">La pointe Milou<\/a>, quant \u00e0 elle, est un refuge paisible situ\u00e9 sur la c\u00f4te nord. Ses villas \u00e0 flanc de colline offrent des vues spectaculaires et les couchers de soleil y sont parmi les plus beaux de l&#8217;\u00eele.<\/p><p>\u00c0 l&#8217;est, le littoral accident\u00e9 de Toiny et de Grand Fond s\u00e9duit les aventuriers et les amoureux de la nature. Il s&#8217;agit de lieux moins fr\u00e9quent\u00e9s, o\u00f9 le vent et la mer donnent le ton, et o\u00f9 des sentiers pittoresques incitent \u00e0 l&#8217;exploration. Chaque coin de cette \u00eele a quelque chose de diff\u00e9rent \u00e0 pr\u00e9senter, que ce soit en mati\u00e8re de plage \u00e9l\u00e9gante, d&#8217;h\u00e9ritage culturel ou de splendeur naturelle.<\/p><p>La diversit\u00e9 des lieux sur l&#8217;\u00eele fait que vous trouverez toujours quelque chose \u00e0 votre go\u00fbt, qu&#8217;il s&#8217;agisse de d\u00e9couvrir les <a href=\"https:\/\/www.bucketlistvilla.com\/blog\/fr\/beach-clubs-st-barth\/\">plages de Saint-Barth\u00e9lemy<\/a> ou les meilleurs <a href=\"https:\/\/www.bucketlistvilla.com\/blog\/fr\/restaurants-saint-bathelemy\/\">restaurants de l&#8217;\u00eele<\/a>.<\/p>\t\t\t\t\t\t\t\t<\/div>\n\t\t\t\t<\/div>\n\t\t\t\t\t<\/div>\n\t\t\t\t<\/div>\n\t\t<div class=\"elementor-element elementor-element-89351b9 e-flex e-con-boxed e-con e-parent\" data-id=\"89351b9\" data-element_type=\"container\" data-e-type=\"container\">\n\t\t\t\t\t<div class=\"e-con-inner\">\n\t\t\t\t<div class=\"elementor-element elementor-element-e4f8c74 elementor-widget elementor-widget-image\" data-id=\"e4f8c74\" data-element_type=\"widget\" data-e-type=\"widget\" data-widget_type=\"image.default\">\n\t\t\t\t<div class=\"elementor-widget-container\">\n\t\t\t\t\t\t\t\t\t\t\t\t\t\t\t<img decoding=\"async\" width=\"1920\" height=\"777\" src=\"https:\/\/www.bucketlistvilla.com\/blog\/wp-content\/uploads\/2025\/05\/Saint-Jean-Beach.jpg\" class=\"attachment-full size-full wp-image-5734\" alt=\"St Jean Beach St Barts\" srcset=\"https:\/\/www.bucketlistvilla.com\/blog\/wp-content\/uploads\/2025\/05\/Saint-Jean-Beach.jpg 1920w, https:\/\/www.bucketlistvilla.com\/blog\/wp-content\/uploads\/2025\/05\/Saint-Jean-Beach-300x121.jpg 300w, https:\/\/www.bucketlistvilla.com\/blog\/wp-content\/uploads\/2025\/05\/Saint-Jean-Beach-1024x414.jpg 1024w, https:\/\/www.bucketlistvilla.com\/blog\/wp-content\/uploads\/2025\/05\/Saint-Jean-Beach-768x311.jpg 768w, https:\/\/www.bucketlistvilla.com\/blog\/wp-content\/uploads\/2025\/05\/Saint-Jean-Beach-1536x622.jpg 1536w\" sizes=\"(max-width: 1920px) 100vw, 1920px\" \/>\t\t\t\t\t\t\t\t\t\t\t\t\t\t\t<\/div>\n\t\t\t\t<\/div>\n\t\t\t\t\t<\/div>\n\t\t\t\t<\/div>\n\t\t<div class=\"elementor-element elementor-element-923b7f8 e-flex e-con-boxed e-con e-parent\" data-id=\"923b7f8\" data-element_type=\"container\" data-e-type=\"container\">\n\t\t\t\t\t<div class=\"e-con-inner\">\n\t\t\t\t<div class=\"elementor-element elementor-element-98040b6 elementor-widget elementor-widget-heading\" data-id=\"98040b6\" data-element_type=\"widget\" data-e-type=\"widget\" data-widget_type=\"heading.default\">\n\t\t\t\t<div class=\"elementor-widget-container\">\n\t\t\t\t\t<h2 class=\"elementor-heading-title elementor-size-default\">Quelques raisons pour lesquelles Saint-Barth est une destination unique<\/h2>\t\t\t\t<\/div>\n\t\t\t\t<\/div>\n\t\t\t\t<div class=\"elementor-element elementor-element-6227b0d elementor-widget elementor-widget-text-editor\" data-id=\"6227b0d\" data-element_type=\"widget\" data-e-type=\"widget\" data-widget_type=\"text-editor.default\">\n\t\t\t\t<div class=\"elementor-widget-container\">\n\t\t\t\t\t\t\t\t\t<p>Peu de destinations parviennent \u00e0 combiner une <strong>\u00e9l\u00e9gance<\/strong> d\u00e9pouill\u00e9e et un charme carib\u00e9en d\u00e9contract\u00e9 aussi parfaitement que Saint-Barth\u00e9lemy. L&#8217;\u00eele poss\u00e8de des plages immacul\u00e9es, chacune ayant son propre <strong>cachet<\/strong> ; des villas de luxe et des h\u00f4tels de caract\u00e8re qui offrent un confort et une intimit\u00e9 de premier ordre ; et des exp\u00e9riences culinaires exceptionnelles, allant de la fine cuisine fran\u00e7aise aux sp\u00e9cialit\u00e9s cr\u00e9oles.<\/p><p>Il se passe toujours quelque chose, que ce soit le vibrant <a href=\"https:\/\/www.bucketlistvilla.com\/blog\/fr\/carnaval-de-saint-barth\/\">carnaval de Saint-Barth<\/a> ou des \u00e9v\u00e9nements de renomm\u00e9e mondiale tels que la <a href=\"https:\/\/www.bucketlistvilla.com\/blog\/fr\/st-barths-bucket-regatta\/\">St Barths Bucket Regatta<\/a> et le <a href=\"https:\/\/www.bucketlistvilla.com\/blog\/fr\/st-barth-gourmet-festival\/\">Gourmet Festival St Barth<\/a>. Pour une escapade romantique, l&#8217;\u00eele constitue \u00e9galement un choix de premier ordre pour une <a href=\"https:\/\/www.bucketlistvilla.com\/blog\/fr\/lune-de-miel-saint-barthelemy\/\">lune de miel \u00e0 Saint-Barth<\/a>.<\/p><p>Ajoutez \u00e0 cela un climat toujours doux \u00e0 Saint-Barth, des <a href=\"https:\/\/www.bucketlistvilla.com\/blog\/fr\/beach-clubs-st-barth\/\">clubs de plage<\/a> sophistiqu\u00e9s et un sentiment d&#8217;exclusivit\u00e9, et vous comprendrez pourquoi les touristes reviennent encore et encore. Si vous vous demandez quelle est la <a href=\"https:\/\/www.bucketlistvilla.com\/blog\/fr\/voyage-saint-barthelemy\/\">meilleure p\u00e9riode pour aller \u00e0 Saint-Barth\u00e9lemy<\/a>, il est bon de tenir compte \u00e0 la fois du climat et des \u00e9v\u00e9nements qui vous int\u00e9ressent le plus.<\/p>\t\t\t\t\t\t\t\t<\/div>\n\t\t\t\t<\/div>\n\t\t\t\t\t<\/div>\n\t\t\t\t<\/div>\n\t\t<div class=\"elementor-element elementor-element-82d2a0f e-flex e-con-boxed e-con e-parent\" data-id=\"82d2a0f\" data-element_type=\"container\" data-e-type=\"container\">\n\t\t\t\t\t<div class=\"e-con-inner\">\n\t\t\t\t<div class=\"elementor-element elementor-element-dbfad68 elementor-widget elementor-widget-heading\" data-id=\"dbfad68\" data-element_type=\"widget\" data-e-type=\"widget\" data-widget_type=\"heading.default\">\n\t\t\t\t<div class=\"elementor-widget-container\">\n\t\t\t\t\t<h2 class=\"elementor-heading-title elementor-size-default\">Venez d\u00e9couvrir Saint-Barth<\/h2>\t\t\t\t<\/div>\n\t\t\t\t<\/div>\n\t\t\t\t<div class=\"elementor-element elementor-element-01c43ab elementor-widget elementor-widget-text-editor\" data-id=\"01c43ab\" data-element_type=\"widget\" data-e-type=\"widget\" data-widget_type=\"text-editor.default\">\n\t\t\t\t<div class=\"elementor-widget-container\">\n\t\t\t\t\t\t\t\t\t<p>Que vous l&#8217;appeliez St Barts ou St Barths, cette \u00eele est une destination captivante o\u00f9 le luxe europ\u00e9en c\u00f4toie l&#8217;aisance carib\u00e9enne. Son histoire complexe, sa culture raffin\u00e9e et sa beaut\u00e9 naturelle \u00e9poustouflante vous assurent un s\u00e9jour \u00e0 la fois agr\u00e9able et enrichissant.<\/p><p>Si vous envisagez de vous \u00e9vader sur cette \u00eele extraordinaire, l&#8217;\u00e9quipe de r\u00e9servation de Bucket List Villa est \u00e0 votre disposition pour vous concocter un s\u00e9jour inoubliable. Qu&#8217;il s&#8217;agisse d&#8217;<a href=\"https:\/\/www.bucketlistvilla.com\/blog\/fr\/vacances-en-couple-caraibes\/\">escapades romantiques<\/a>, de <a href=\"https:\/\/www.bucketlistvilla.com\/blog\/fr\/vacances-famille-caraibes\/\">vacances en famille<\/a> ou d&#8217;\u00e9v\u00e9nements saisonniers, nous vous aiderons \u00e0 organiser votre s\u00e9jour \u00e0 la perfection. D\u00e9couvrez le meilleur de Saint-Barth\u00e9lemy, quelle que soit l&#8217;orthographe que vous lui donnez.<\/p>\t\t\t\t\t\t\t\t<\/div>\n\t\t\t\t<\/div>\n\t\t\t\t\t<\/div>\n\t\t\t\t<\/div>\n\t\t<div class=\"elementor-element elementor-element-e6211b3 e-flex e-con-boxed e-con e-parent\" data-id=\"e6211b3\" data-element_type=\"container\" data-e-type=\"container\">\n\t\t\t\t\t<div class=\"e-con-inner\">\n\t\t\t\t<div class=\"elementor-element elementor-element-7dfbe87 elementor-widget elementor-widget-template\" data-id=\"7dfbe87\" data-element_type=\"widget\" data-e-type=\"widget\" data-widget_type=\"template.default\">\n\t\t\t\t<div class=\"elementor-widget-container\">\n\t\t\t\t\t\t\t<div class=\"elementor-template\">\n\t\t\t\t\t<div data-elementor-type=\"container\" data-elementor-id=\"3955\" class=\"elementor elementor-3955\" data-elementor-post-type=\"elementor_library\">\n\t\t\t\t<div class=\"elementor-element elementor-element-1d0abfe1 e-flex e-con-boxed e-con e-parent\" data-id=\"1d0abfe1\" data-element_type=\"container\" data-e-type=\"container\">\n\t\t\t\t\t<div class=\"e-con-inner\">\n\t\t<div class=\"elementor-element elementor-element-23032bb8 e-con-full e-flex e-con e-child\" data-id=\"23032bb8\" data-element_type=\"container\" data-e-type=\"container\">\n\t\t\t\t<div class=\"elementor-element elementor-element-56702b10 elementor-cta--skin-cover elementor-cta--valign-bottom elementor-animated-content elementor-bg-transform elementor-bg-transform-zoom-in elementor-widget elementor-widget-call-to-action\" data-id=\"56702b10\" data-element_type=\"widget\" data-e-type=\"widget\" data-widget_type=\"call-to-action.default\">\n\t\t\t\t<div class=\"elementor-widget-container\">\n\t\t\t\t\t\t\t<a class=\"elementor-cta\" href=\"https:\/\/www.bucketlistvilla.com\/fr\/location-vacances-st-barth\/\">\n\t\t\t\t\t<div class=\"elementor-cta__bg-wrapper\">\n\t\t\t\t<div class=\"elementor-cta__bg elementor-bg\" style=\"background-image: url(https:\/\/www.bucketlistvilla.com\/blog\/wp-content\/uploads\/2025\/06\/Villa-Tourmaline-70-1-e1749284321608.jpg);\" role=\"img\" aria-label=\"Accommodation St Barts\"><\/div>\n\t\t\t\t<div class=\"elementor-cta__bg-overlay\"><\/div>\n\t\t\t<\/div>\n\t\t\t\t\t\t\t<div class=\"elementor-cta__content\">\n\t\t\t\t\n\t\t\t\t\n\t\t\t\t\n\t\t\t\t\t\t\t\t\t<div class=\"elementor-cta__button-wrapper elementor-cta__content-item elementor-content-item elementor-animated-item--grow\">\n\t\t\t\t\t<span class=\"elementor-cta__button elementor-button elementor-size-\">\n\t\t\t\t\t\tLocations vacances st barth\t\t\t\t\t<\/span>\n\t\t\t\t\t<\/div>\n\t\t\t\t\t\t\t<\/div>\n\t\t\t\t\t\t<\/a>\n\t\t\t\t\t\t<\/div>\n\t\t\t\t<\/div>\n\t\t\t\t<\/div>\n\t\t<div class=\"elementor-element elementor-element-403c8d99 e-con-full e-flex e-con e-child\" data-id=\"403c8d99\" data-element_type=\"container\" data-e-type=\"container\">\n\t\t\t\t<div class=\"elementor-element elementor-element-11d0ef35 elementor-cta--skin-cover elementor-cta--valign-bottom elementor-animated-content elementor-bg-transform elementor-bg-transform-zoom-in elementor-widget elementor-widget-call-to-action\" data-id=\"11d0ef35\" data-element_type=\"widget\" data-e-type=\"widget\" data-widget_type=\"call-to-action.default\">\n\t\t\t\t<div class=\"elementor-widget-container\">\n\t\t\t\t\t\t\t<a class=\"elementor-cta\" href=\"https:\/\/www.bucketlistvilla.com\/fr\/villa-luxe-saint-barth\/\">\n\t\t\t\t\t<div class=\"elementor-cta__bg-wrapper\">\n\t\t\t\t<div class=\"elementor-cta__bg elementor-bg\" style=\"background-image: url(https:\/\/www.bucketlistvilla.com\/blog\/wp-content\/uploads\/2025\/06\/bucketlistvilla_larimar_st_barts_rentals_-31-e1749283151228.jpg);\" role=\"img\" aria-label=\"Villas St Barts\"><\/div>\n\t\t\t\t<div class=\"elementor-cta__bg-overlay\"><\/div>\n\t\t\t<\/div>\n\t\t\t\t\t\t\t<div class=\"elementor-cta__content\">\n\t\t\t\t\n\t\t\t\t\n\t\t\t\t\n\t\t\t\t\t\t\t\t\t<div class=\"elementor-cta__button-wrapper elementor-cta__content-item elementor-content-item elementor-animated-item--grow\">\n\t\t\t\t\t<span class=\"elementor-cta__button elementor-button elementor-size-\">\n\t\t\t\t\t\tVillas St Barth\t\t\t\t\t<\/span>\n\t\t\t\t\t<\/div>\n\t\t\t\t\t\t\t<\/div>\n\t\t\t\t\t\t<\/a>\n\t\t\t\t\t\t<\/div>\n\t\t\t\t<\/div>\n\t\t\t\t<\/div>\n\t\t<div class=\"elementor-element elementor-element-1914682f e-con-full e-flex e-con e-child\" data-id=\"1914682f\" data-element_type=\"container\" data-e-type=\"container\">\n\t\t\t\t<div class=\"elementor-element elementor-element-7999e4f0 elementor-cta--skin-cover elementor-cta--valign-bottom elementor-animated-content elementor-bg-transform elementor-bg-transform-zoom-in elementor-widget elementor-widget-call-to-action\" data-id=\"7999e4f0\" data-element_type=\"widget\" data-e-type=\"widget\" data-widget_type=\"call-to-action.default\">\n\t\t\t\t<div class=\"elementor-widget-container\">\n\t\t\t\t\t\t\t<a class=\"elementor-cta\" href=\"https:\/\/www.bucketlistvilla.com\/blog\/fr\/yacht-de-luxe-location\/\">\n\t\t\t\t\t<div class=\"elementor-cta__bg-wrapper\">\n\t\t\t\t<div class=\"elementor-cta__bg elementor-bg\" style=\"background-image: url(https:\/\/www.bucketlistvilla.com\/blog\/wp-content\/uploads\/2025\/06\/AdobeStock_600886862-2-e1749284197833.jpg);\" role=\"img\" aria-label=\"private yachts st barts\"><\/div>\n\t\t\t\t<div class=\"elementor-cta__bg-overlay\"><\/div>\n\t\t\t<\/div>\n\t\t\t\t\t\t\t<div class=\"elementor-cta__content\">\n\t\t\t\t\n\t\t\t\t\n\t\t\t\t\n\t\t\t\t\t\t\t\t\t<div class=\"elementor-cta__button-wrapper elementor-cta__content-item elementor-content-item elementor-animated-item--grow\">\n\t\t\t\t\t<span class=\"elementor-cta__button elementor-button elementor-size-\">\n\t\t\t\t\t\tBateaux St Barth\t\t\t\t\t<\/span>\n\t\t\t\t\t<\/div>\n\t\t\t\t\t\t\t<\/div>\n\t\t\t\t\t\t<\/a>\n\t\t\t\t\t\t<\/div>\n\t\t\t\t<\/div>\n\t\t\t\t<\/div>\n\t\t\t\t\t<\/div>\n\t\t\t\t<\/div>\n\t\t\t\t<\/div>\n\t\t\t\t<\/div>\n\t\t\t\t\t\t<\/div>\n\t\t\t\t<\/div>\n\t\t\t\t\t<\/div>\n\t\t\t\t<\/div>\n\t\t\t\t<\/div>\n\t\t","protected":false},"excerpt":{"rendered":"<p>Les cartes indiquent Saint-Barth\u00e9lemy. Les habitants disent St-Barth. Les Am\u00e9ricains vont pr\u00e9f\u00e9rer l\u2019\u00e9crire St Barts. Et pour certains, il s&#8217;agit tout simplement de \u00ab l&#8217;\u00eele \u00bb, comme s&#8217;il n&#8217;y avait rien d&#8217;autre \u00e0 ajouter. Minuscule par sa taille, mais surdimensionn\u00e9e par sa r\u00e9putation, cette \u00eele des Cara\u00efbes a longtemps entretenu la confusion entre son nom [&hellip;]<\/p>\n","protected":false},"author":3,"featured_media":4974,"comment_status":"open","ping_status":"open","sticky":false,"template":"","format":"standard","meta":{"footnotes":""},"categories":[97,29],"tags":[],"class_list":["post-5086","post","type-post","status-publish","format-standard","has-post-thumbnail","hentry","category-infos-pratiques","category-st-barth"],"yoast_head":"<!-- This site is optimized with the Yoast SEO plugin v27.5 - https:\/\/yoast.com\/product\/yoast-seo-wordpress\/ -->\n<title>Saint-Barth ou Saint-Barth\u00e9lemy ? Venez le d\u00e9couvrir - Blog<\/title>\n<meta name=\"description\" content=\"D\u00e9couvrez si Saint-Barth ou Saint-Barth\u00e9lemy est la meilleure destination pour votre escapade dans les Cara\u00efbes. Plages paradisiaques et luxe dans les deux destinations !\" \/>\n<meta name=\"robots\" content=\"index, follow, max-snippet:-1, max-image-preview:large, max-video-preview:-1\" \/>\n<link rel=\"canonical\" href=\"https:\/\/www.bucketlistvilla.com\/blog\/fr\/saint-barthelemy-st-barths-ou-st-barth\/\" \/>\n<meta property=\"og:locale\" content=\"fr_FR\" \/>\n<meta property=\"og:type\" content=\"article\" \/>\n<meta property=\"og:title\" content=\"Saint-Barth ou Saint-Barth\u00e9lemy ? Venez le d\u00e9couvrir - Blog\" \/>\n<meta property=\"og:description\" content=\"D\u00e9couvrez si Saint-Barth ou Saint-Barth\u00e9lemy est la meilleure destination pour votre escapade dans les Cara\u00efbes. Plages paradisiaques et luxe dans les deux destinations !\" \/>\n<meta property=\"og:url\" content=\"https:\/\/www.bucketlistvilla.com\/blog\/fr\/saint-barthelemy-st-barths-ou-st-barth\/\" \/>\n<meta property=\"og:site_name\" content=\"Blog\" \/>\n<meta property=\"article:published_time\" content=\"2025-05-02T12:20:49+00:00\" \/>\n<meta property=\"article:modified_time\" content=\"2025-09-11T09:42:35+00:00\" \/>\n<meta property=\"og:image\" content=\"https:\/\/www.bucketlistvilla.com\/blog\/wp-content\/uploads\/2025\/05\/St-barts-or-st-barth.webp\" \/>\n\t<meta property=\"og:image:width\" content=\"1920\" \/>\n\t<meta property=\"og:image:height\" content=\"650\" \/>\n\t<meta property=\"og:image:type\" content=\"image\/webp\" \/>\n<meta name=\"author\" content=\"digitalservices@avantio.com\" \/>\n<meta name=\"twitter:card\" content=\"summary_large_image\" \/>\n<meta name=\"twitter:label1\" content=\"Written by\" \/>\n\t<meta name=\"twitter:data1\" content=\"digitalservices@avantio.com\" \/>\n\t<meta name=\"twitter:label2\" content=\"Est. reading time\" \/>\n\t<meta name=\"twitter:data2\" content=\"8 minutes\" \/>\n<script type=\"application\/ld+json\" class=\"yoast-schema-graph\">{\"@context\":\"https:\\\/\\\/schema.org\",\"@graph\":[{\"@type\":\"Article\",\"@id\":\"https:\\\/\\\/www.bucketlistvilla.com\\\/blog\\\/fr\\\/saint-barthelemy-st-barths-ou-st-barth\\\/#article\",\"isPartOf\":{\"@id\":\"https:\\\/\\\/www.bucketlistvilla.com\\\/blog\\\/fr\\\/saint-barthelemy-st-barths-ou-st-barth\\\/\"},\"author\":{\"name\":\"digitalservices@avantio.com\",\"@id\":\"https:\\\/\\\/www.bucketlistvilla.com\\\/blog\\\/fr\\\/#\\\/schema\\\/person\\\/4fac40a1703aee7856657a7e3931d230\"},\"headline\":\"Saint-Barth\u00e9lemy, St-Barths ou St-Barth\u00a0: comprendre l\u2019identit\u00e9 de l\u2019\u00eele\",\"datePublished\":\"2025-05-02T12:20:49+00:00\",\"dateModified\":\"2025-09-11T09:42:35+00:00\",\"mainEntityOfPage\":{\"@id\":\"https:\\\/\\\/www.bucketlistvilla.com\\\/blog\\\/fr\\\/saint-barthelemy-st-barths-ou-st-barth\\\/\"},\"wordCount\":1460,\"commentCount\":0,\"image\":{\"@id\":\"https:\\\/\\\/www.bucketlistvilla.com\\\/blog\\\/fr\\\/saint-barthelemy-st-barths-ou-st-barth\\\/#primaryimage\"},\"thumbnailUrl\":\"https:\\\/\\\/www.bucketlistvilla.com\\\/blog\\\/wp-content\\\/uploads\\\/2025\\\/05\\\/St-barts-or-st-barth.webp\",\"articleSection\":[\"Infos Pratiques\",\"St Barth\"],\"inLanguage\":\"fr\",\"potentialAction\":[{\"@type\":\"CommentAction\",\"name\":\"Comment\",\"target\":[\"https:\\\/\\\/www.bucketlistvilla.com\\\/blog\\\/fr\\\/saint-barthelemy-st-barths-ou-st-barth\\\/#respond\"]}]},{\"@type\":\"WebPage\",\"@id\":\"https:\\\/\\\/www.bucketlistvilla.com\\\/blog\\\/fr\\\/saint-barthelemy-st-barths-ou-st-barth\\\/\",\"url\":\"https:\\\/\\\/www.bucketlistvilla.com\\\/blog\\\/fr\\\/saint-barthelemy-st-barths-ou-st-barth\\\/\",\"name\":\"Saint-Barth ou Saint-Barth\u00e9lemy ? Venez le d\u00e9couvrir - Blog\",\"isPartOf\":{\"@id\":\"https:\\\/\\\/www.bucketlistvilla.com\\\/blog\\\/fr\\\/#website\"},\"primaryImageOfPage\":{\"@id\":\"https:\\\/\\\/www.bucketlistvilla.com\\\/blog\\\/fr\\\/saint-barthelemy-st-barths-ou-st-barth\\\/#primaryimage\"},\"image\":{\"@id\":\"https:\\\/\\\/www.bucketlistvilla.com\\\/blog\\\/fr\\\/saint-barthelemy-st-barths-ou-st-barth\\\/#primaryimage\"},\"thumbnailUrl\":\"https:\\\/\\\/www.bucketlistvilla.com\\\/blog\\\/wp-content\\\/uploads\\\/2025\\\/05\\\/St-barts-or-st-barth.webp\",\"datePublished\":\"2025-05-02T12:20:49+00:00\",\"dateModified\":\"2025-09-11T09:42:35+00:00\",\"author\":{\"@id\":\"https:\\\/\\\/www.bucketlistvilla.com\\\/blog\\\/fr\\\/#\\\/schema\\\/person\\\/4fac40a1703aee7856657a7e3931d230\"},\"description\":\"D\u00e9couvrez si Saint-Barth ou Saint-Barth\u00e9lemy est la meilleure destination pour votre escapade dans les Cara\u00efbes. Plages paradisiaques et luxe dans les deux destinations !\",\"breadcrumb\":{\"@id\":\"https:\\\/\\\/www.bucketlistvilla.com\\\/blog\\\/fr\\\/saint-barthelemy-st-barths-ou-st-barth\\\/#breadcrumb\"},\"inLanguage\":\"fr\",\"potentialAction\":[{\"@type\":\"ReadAction\",\"target\":[\"https:\\\/\\\/www.bucketlistvilla.com\\\/blog\\\/fr\\\/saint-barthelemy-st-barths-ou-st-barth\\\/\"]}]},{\"@type\":\"ImageObject\",\"inLanguage\":\"fr\",\"@id\":\"https:\\\/\\\/www.bucketlistvilla.com\\\/blog\\\/fr\\\/saint-barthelemy-st-barths-ou-st-barth\\\/#primaryimage\",\"url\":\"https:\\\/\\\/www.bucketlistvilla.com\\\/blog\\\/wp-content\\\/uploads\\\/2025\\\/05\\\/St-barts-or-st-barth.webp\",\"contentUrl\":\"https:\\\/\\\/www.bucketlistvilla.com\\\/blog\\\/wp-content\\\/uploads\\\/2025\\\/05\\\/St-barts-or-st-barth.webp\",\"width\":1920,\"height\":650,\"caption\":\"St barts or st barth\"},{\"@type\":\"BreadcrumbList\",\"@id\":\"https:\\\/\\\/www.bucketlistvilla.com\\\/blog\\\/fr\\\/saint-barthelemy-st-barths-ou-st-barth\\\/#breadcrumb\",\"itemListElement\":[{\"@type\":\"ListItem\",\"position\":1,\"name\":\"Home\",\"item\":\"https:\\\/\\\/www.bucketlistvilla.com\\\/blog\\\/fr\\\/\"},{\"@type\":\"ListItem\",\"position\":2,\"name\":\"Saint-Barth\u00e9lemy, St-Barths ou St-Barth\u00a0: comprendre l\u2019identit\u00e9 de l\u2019\u00eele\"}]},{\"@type\":\"WebSite\",\"@id\":\"https:\\\/\\\/www.bucketlistvilla.com\\\/blog\\\/fr\\\/#website\",\"url\":\"https:\\\/\\\/www.bucketlistvilla.com\\\/blog\\\/fr\\\/\",\"name\":\"Blog\",\"description\":\"\",\"potentialAction\":[{\"@type\":\"SearchAction\",\"target\":{\"@type\":\"EntryPoint\",\"urlTemplate\":\"https:\\\/\\\/www.bucketlistvilla.com\\\/blog\\\/fr\\\/?s={search_term_string}\"},\"query-input\":{\"@type\":\"PropertyValueSpecification\",\"valueRequired\":true,\"valueName\":\"search_term_string\"}}],\"inLanguage\":\"fr\"},{\"@type\":\"Person\",\"@id\":\"https:\\\/\\\/www.bucketlistvilla.com\\\/blog\\\/fr\\\/#\\\/schema\\\/person\\\/4fac40a1703aee7856657a7e3931d230\",\"name\":\"digitalservices@avantio.com\",\"image\":{\"@type\":\"ImageObject\",\"inLanguage\":\"fr\",\"@id\":\"https:\\\/\\\/secure.gravatar.com\\\/avatar\\\/af30f88a1904294c1f3eb09a9d7903eec4ffa18fa2cf40c28a8681014ecdfc20?s=96&d=mm&r=g\",\"url\":\"https:\\\/\\\/secure.gravatar.com\\\/avatar\\\/af30f88a1904294c1f3eb09a9d7903eec4ffa18fa2cf40c28a8681014ecdfc20?s=96&d=mm&r=g\",\"contentUrl\":\"https:\\\/\\\/secure.gravatar.com\\\/avatar\\\/af30f88a1904294c1f3eb09a9d7903eec4ffa18fa2cf40c28a8681014ecdfc20?s=96&d=mm&r=g\",\"caption\":\"digitalservices@avantio.com\"},\"url\":\"https:\\\/\\\/www.bucketlistvilla.com\\\/blog\\\/fr\\\/author\\\/digitalservicesavantio-com\\\/\"}]}<\/script>\n<!-- \/ Yoast SEO plugin. -->","yoast_head_json":{"title":"Saint-Barth ou Saint-Barth\u00e9lemy ? Venez le d\u00e9couvrir - Blog","description":"D\u00e9couvrez si Saint-Barth ou Saint-Barth\u00e9lemy est la meilleure destination pour votre escapade dans les Cara\u00efbes. Plages paradisiaques et luxe dans les deux destinations !","robots":{"index":"index","follow":"follow","max-snippet":"max-snippet:-1","max-image-preview":"max-image-preview:large","max-video-preview":"max-video-preview:-1"},"canonical":"https:\/\/www.bucketlistvilla.com\/blog\/fr\/saint-barthelemy-st-barths-ou-st-barth\/","og_locale":"fr_FR","og_type":"article","og_title":"Saint-Barth ou Saint-Barth\u00e9lemy ? Venez le d\u00e9couvrir - Blog","og_description":"D\u00e9couvrez si Saint-Barth ou Saint-Barth\u00e9lemy est la meilleure destination pour votre escapade dans les Cara\u00efbes. Plages paradisiaques et luxe dans les deux destinations !","og_url":"https:\/\/www.bucketlistvilla.com\/blog\/fr\/saint-barthelemy-st-barths-ou-st-barth\/","og_site_name":"Blog","article_published_time":"2025-05-02T12:20:49+00:00","article_modified_time":"2025-09-11T09:42:35+00:00","og_image":[{"width":1920,"height":650,"url":"https:\/\/www.bucketlistvilla.com\/blog\/wp-content\/uploads\/2025\/05\/St-barts-or-st-barth.webp","type":"image\/webp"}],"author":"digitalservices@avantio.com","twitter_card":"summary_large_image","twitter_misc":{"Written by":"digitalservices@avantio.com","Est. reading time":"8 minutes"},"schema":{"@context":"https:\/\/schema.org","@graph":[{"@type":"Article","@id":"https:\/\/www.bucketlistvilla.com\/blog\/fr\/saint-barthelemy-st-barths-ou-st-barth\/#article","isPartOf":{"@id":"https:\/\/www.bucketlistvilla.com\/blog\/fr\/saint-barthelemy-st-barths-ou-st-barth\/"},"author":{"name":"digitalservices@avantio.com","@id":"https:\/\/www.bucketlistvilla.com\/blog\/fr\/#\/schema\/person\/4fac40a1703aee7856657a7e3931d230"},"headline":"Saint-Barth\u00e9lemy, St-Barths ou St-Barth\u00a0: comprendre l\u2019identit\u00e9 de l\u2019\u00eele","datePublished":"2025-05-02T12:20:49+00:00","dateModified":"2025-09-11T09:42:35+00:00","mainEntityOfPage":{"@id":"https:\/\/www.bucketlistvilla.com\/blog\/fr\/saint-barthelemy-st-barths-ou-st-barth\/"},"wordCount":1460,"commentCount":0,"image":{"@id":"https:\/\/www.bucketlistvilla.com\/blog\/fr\/saint-barthelemy-st-barths-ou-st-barth\/#primaryimage"},"thumbnailUrl":"https:\/\/www.bucketlistvilla.com\/blog\/wp-content\/uploads\/2025\/05\/St-barts-or-st-barth.webp","articleSection":["Infos Pratiques","St Barth"],"inLanguage":"fr","potentialAction":[{"@type":"CommentAction","name":"Comment","target":["https:\/\/www.bucketlistvilla.com\/blog\/fr\/saint-barthelemy-st-barths-ou-st-barth\/#respond"]}]},{"@type":"WebPage","@id":"https:\/\/www.bucketlistvilla.com\/blog\/fr\/saint-barthelemy-st-barths-ou-st-barth\/","url":"https:\/\/www.bucketlistvilla.com\/blog\/fr\/saint-barthelemy-st-barths-ou-st-barth\/","name":"Saint-Barth ou Saint-Barth\u00e9lemy ? Venez le d\u00e9couvrir - Blog","isPartOf":{"@id":"https:\/\/www.bucketlistvilla.com\/blog\/fr\/#website"},"primaryImageOfPage":{"@id":"https:\/\/www.bucketlistvilla.com\/blog\/fr\/saint-barthelemy-st-barths-ou-st-barth\/#primaryimage"},"image":{"@id":"https:\/\/www.bucketlistvilla.com\/blog\/fr\/saint-barthelemy-st-barths-ou-st-barth\/#primaryimage"},"thumbnailUrl":"https:\/\/www.bucketlistvilla.com\/blog\/wp-content\/uploads\/2025\/05\/St-barts-or-st-barth.webp","datePublished":"2025-05-02T12:20:49+00:00","dateModified":"2025-09-11T09:42:35+00:00","author":{"@id":"https:\/\/www.bucketlistvilla.com\/blog\/fr\/#\/schema\/person\/4fac40a1703aee7856657a7e3931d230"},"description":"D\u00e9couvrez si Saint-Barth ou Saint-Barth\u00e9lemy est la meilleure destination pour votre escapade dans les Cara\u00efbes. Plages paradisiaques et luxe dans les deux destinations !","breadcrumb":{"@id":"https:\/\/www.bucketlistvilla.com\/blog\/fr\/saint-barthelemy-st-barths-ou-st-barth\/#breadcrumb"},"inLanguage":"fr","potentialAction":[{"@type":"ReadAction","target":["https:\/\/www.bucketlistvilla.com\/blog\/fr\/saint-barthelemy-st-barths-ou-st-barth\/"]}]},{"@type":"ImageObject","inLanguage":"fr","@id":"https:\/\/www.bucketlistvilla.com\/blog\/fr\/saint-barthelemy-st-barths-ou-st-barth\/#primaryimage","url":"https:\/\/www.bucketlistvilla.com\/blog\/wp-content\/uploads\/2025\/05\/St-barts-or-st-barth.webp","contentUrl":"https:\/\/www.bucketlistvilla.com\/blog\/wp-content\/uploads\/2025\/05\/St-barts-or-st-barth.webp","width":1920,"height":650,"caption":"St barts or st barth"},{"@type":"BreadcrumbList","@id":"https:\/\/www.bucketlistvilla.com\/blog\/fr\/saint-barthelemy-st-barths-ou-st-barth\/#breadcrumb","itemListElement":[{"@type":"ListItem","position":1,"name":"Home","item":"https:\/\/www.bucketlistvilla.com\/blog\/fr\/"},{"@type":"ListItem","position":2,"name":"Saint-Barth\u00e9lemy, St-Barths ou St-Barth\u00a0: comprendre l\u2019identit\u00e9 de l\u2019\u00eele"}]},{"@type":"WebSite","@id":"https:\/\/www.bucketlistvilla.com\/blog\/fr\/#website","url":"https:\/\/www.bucketlistvilla.com\/blog\/fr\/","name":"Blog","description":"","potentialAction":[{"@type":"SearchAction","target":{"@type":"EntryPoint","urlTemplate":"https:\/\/www.bucketlistvilla.com\/blog\/fr\/?s={search_term_string}"},"query-input":{"@type":"PropertyValueSpecification","valueRequired":true,"valueName":"search_term_string"}}],"inLanguage":"fr"},{"@type":"Person","@id":"https:\/\/www.bucketlistvilla.com\/blog\/fr\/#\/schema\/person\/4fac40a1703aee7856657a7e3931d230","name":"digitalservices@avantio.com","image":{"@type":"ImageObject","inLanguage":"fr","@id":"https:\/\/secure.gravatar.com\/avatar\/af30f88a1904294c1f3eb09a9d7903eec4ffa18fa2cf40c28a8681014ecdfc20?s=96&d=mm&r=g","url":"https:\/\/secure.gravatar.com\/avatar\/af30f88a1904294c1f3eb09a9d7903eec4ffa18fa2cf40c28a8681014ecdfc20?s=96&d=mm&r=g","contentUrl":"https:\/\/secure.gravatar.com\/avatar\/af30f88a1904294c1f3eb09a9d7903eec4ffa18fa2cf40c28a8681014ecdfc20?s=96&d=mm&r=g","caption":"digitalservices@avantio.com"},"url":"https:\/\/www.bucketlistvilla.com\/blog\/fr\/author\/digitalservicesavantio-com\/"}]}},"_links":{"self":[{"href":"https:\/\/www.bucketlistvilla.com\/blog\/fr\/wp-json\/wp\/v2\/posts\/5086","targetHints":{"allow":["GET"]}}],"collection":[{"href":"https:\/\/www.bucketlistvilla.com\/blog\/fr\/wp-json\/wp\/v2\/posts"}],"about":[{"href":"https:\/\/www.bucketlistvilla.com\/blog\/fr\/wp-json\/wp\/v2\/types\/post"}],"author":[{"embeddable":true,"href":"https:\/\/www.bucketlistvilla.com\/blog\/fr\/wp-json\/wp\/v2\/users\/3"}],"replies":[{"embeddable":true,"href":"https:\/\/www.bucketlistvilla.com\/blog\/fr\/wp-json\/wp\/v2\/comments?post=5086"}],"version-history":[{"count":18,"href":"https:\/\/www.bucketlistvilla.com\/blog\/fr\/wp-json\/wp\/v2\/posts\/5086\/revisions"}],"predecessor-version":[{"id":7142,"href":"https:\/\/www.bucketlistvilla.com\/blog\/fr\/wp-json\/wp\/v2\/posts\/5086\/revisions\/7142"}],"wp:featuredmedia":[{"embeddable":true,"href":"https:\/\/www.bucketlistvilla.com\/blog\/fr\/wp-json\/wp\/v2\/media\/4974"}],"wp:attachment":[{"href":"https:\/\/www.bucketlistvilla.com\/blog\/fr\/wp-json\/wp\/v2\/media?parent=5086"}],"wp:term":[{"taxonomy":"category","embeddable":true,"href":"https:\/\/www.bucketlistvilla.com\/blog\/fr\/wp-json\/wp\/v2\/categories?post=5086"},{"taxonomy":"post_tag","embeddable":true,"href":"https:\/\/www.bucketlistvilla.com\/blog\/fr\/wp-json\/wp\/v2\/tags?post=5086"}],"curies":[{"name":"wp","href":"https:\/\/api.w.org\/{rel}","templated":true}]}}