{"id":6586,"date":"2025-07-15T07:25:36","date_gmt":"2025-07-15T07:25:36","guid":{"rendered":"https:\/\/www.bucketlistvilla.com\/blog\/?p=6586"},"modified":"2025-09-11T09:37:35","modified_gmt":"2025-09-11T09:37:35","slug":"plage-flamands-saint-barthelemy","status":"publish","type":"post","link":"https:\/\/www.bucketlistvilla.com\/blog\/fr\/plage-flamands-saint-barthelemy\/","title":{"rendered":"Plage de Flamands Saint-Barth\u00e9lemy : villas et exp\u00e9riences exclusives"},"content":{"rendered":"\t\t<div data-elementor-type=\"wp-post\" data-elementor-id=\"6586\" class=\"elementor elementor-6586\" data-elementor-post-type=\"post\">\n\t\t\t\t<div class=\"elementor-element elementor-element-815bb92 e-flex e-con-boxed e-con e-parent\" data-id=\"815bb92\" data-element_type=\"container\" data-e-type=\"container\">\n\t\t\t\t\t<div class=\"e-con-inner\">\n\t\t\t\t<div class=\"elementor-element elementor-element-605a743 elementor-widget elementor-widget-text-editor\" data-id=\"605a743\" data-element_type=\"widget\" data-e-type=\"widget\" data-widget_type=\"text-editor.default\">\n\t\t\t\t<div class=\"elementor-widget-container\">\n\t\t\t\t\t\t\t\t\t<p>Nich\u00e9e sur la c\u00f4te nord-ouest de Saint-Barth\u00e9lemy, la <strong>plage de Flamands<\/strong> est la plus grande et l\u2019une des plus pris\u00e9es de l\u2019\u00eele. Sable blanc immacul\u00e9, eaux turquoise et atmosph\u00e8re raffin\u00e9e en font une destination id\u00e9ale pour les voyageurs en qu\u00eate de luxe et de nature pr\u00e9serv\u00e9e. Ici, villas prestigieuses, gastronomie d\u2019exception et cadre exclusif se combinent pour offrir une exp\u00e9rience inoubliable au c\u0153ur des Cara\u00efbes.<\/p>\t\t\t\t\t\t\t\t<\/div>\n\t\t\t\t<\/div>\n\t\t\t\t\t<\/div>\n\t\t\t\t<\/div>\n\t\t<div class=\"elementor-element elementor-element-5bd6e4e e-flex e-con-boxed e-con e-parent\" data-id=\"5bd6e4e\" data-element_type=\"container\" data-e-type=\"container\">\n\t\t\t\t\t<div class=\"e-con-inner\">\n\t\t\t\t<div class=\"elementor-element elementor-element-f258545 elementor-widget elementor-widget-template\" data-id=\"f258545\" data-element_type=\"widget\" data-e-type=\"widget\" data-widget_type=\"template.default\">\n\t\t\t\t<div class=\"elementor-widget-container\">\n\t\t\t\t\t\t\t<div class=\"elementor-template\">\n\t\t\t\t\t<div data-elementor-type=\"container\" data-elementor-id=\"6215\" class=\"elementor elementor-6215\" data-elementor-post-type=\"elementor_library\">\n\t\t\t\t<div class=\"elementor-element elementor-element-7fada30 e-flex e-con-boxed e-con e-parent\" data-id=\"7fada30\" data-element_type=\"container\" data-e-type=\"container\">\n\t\t\t\t\t<div class=\"e-con-inner\">\n\t\t\t\t<div class=\"elementor-element elementor-element-9a267c6 elementor-widget elementor-widget-table-of-contents\" data-id=\"9a267c6\" data-element_type=\"widget\" data-e-type=\"widget\" data-settings=\"{&quot;headings_by_tags&quot;:[&quot;h2&quot;],&quot;exclude_headings_by_selector&quot;:[],&quot;marker_view&quot;:&quot;bullets&quot;,&quot;icon&quot;:{&quot;value&quot;:&quot;&quot;,&quot;library&quot;:&quot;&quot;},&quot;no_headings_message&quot;:&quot;Aucun titre n\\u2019a \\u00e9t\\u00e9 trouv\\u00e9 sur cette page.&quot;,&quot;hierarchical_view&quot;:&quot;yes&quot;,&quot;min_height&quot;:{&quot;unit&quot;:&quot;px&quot;,&quot;size&quot;:&quot;&quot;,&quot;sizes&quot;:[]},&quot;min_height_tablet&quot;:{&quot;unit&quot;:&quot;px&quot;,&quot;size&quot;:&quot;&quot;,&quot;sizes&quot;:[]},&quot;min_height_mobile&quot;:{&quot;unit&quot;:&quot;px&quot;,&quot;size&quot;:&quot;&quot;,&quot;sizes&quot;:[]}}\" data-widget_type=\"table-of-contents.default\">\n\t\t\t\t<div class=\"elementor-widget-container\">\n\t\t\t\t\t\t\t\t\t<div class=\"elementor-toc__header\">\n\t\t\t\t\t\t<div class=\"elementor-toc__header-title\">\n\t\t\t\tSommaire\t\t\t<\/div>\n\t\t\t\t\t\t\t\t<\/div>\n\t\t\t\t<div id=\"elementor-toc__9a267c6\" class=\"elementor-toc__body\">\n\t\t\t<div class=\"elementor-toc__spinner-container\">\n\t\t\t\t<svg class=\"elementor-toc__spinner eicon-animation-spin e-font-icon-svg e-eicon-loading\" aria-hidden=\"true\" viewBox=\"0 0 1000 1000\" xmlns=\"http:\/\/www.w3.org\/2000\/svg\"><path d=\"M500 975V858C696 858 858 696 858 500S696 142 500 142 142 304 142 500H25C25 237 238 25 500 25S975 237 975 500 763 975 500 975Z\"><\/path><\/svg>\t\t\t<\/div>\n\t\t<\/div>\n\t\t\t\t\t\t<\/div>\n\t\t\t\t<\/div>\n\t\t\t\t\t<\/div>\n\t\t\t\t<\/div>\n\t\t\t\t<\/div>\n\t\t\t\t<\/div>\n\t\t\t\t\t\t<\/div>\n\t\t\t\t<\/div>\n\t\t\t\t\t<\/div>\n\t\t\t\t<\/div>\n\t\t<div class=\"elementor-element elementor-element-49135f0 e-flex e-con-boxed e-con e-parent\" data-id=\"49135f0\" data-element_type=\"container\" data-e-type=\"container\">\n\t\t\t\t\t<div class=\"e-con-inner\">\n\t\t\t\t<div class=\"elementor-element elementor-element-f170f34 elementor-widget elementor-widget-heading\" data-id=\"f170f34\" data-element_type=\"widget\" data-e-type=\"widget\" data-widget_type=\"heading.default\">\n\t\t\t\t<div class=\"elementor-widget-container\">\n\t\t\t\t\t<h2 class=\"elementor-heading-title elementor-size-default\">Flamands : une plage embl\u00e9matique \u00e0 Saint-Barth\u00e9lemy<\/h2>\t\t\t\t<\/div>\n\t\t\t\t<\/div>\n\t\t\t\t<div class=\"elementor-element elementor-element-1fdae14 elementor-widget elementor-widget-text-editor\" data-id=\"1fdae14\" data-element_type=\"widget\" data-e-type=\"widget\" data-widget_type=\"text-editor.default\">\n\t\t\t\t<div class=\"elementor-widget-container\">\n\t\t\t\t\t\t\t\t\t<p>La plage de Flamands se distingue par son sable fin et blanc, ses eaux cristallines et son ambiance naturellement \u00e9l\u00e9gante. Elle attire depuis longtemps les voyageurs en qu\u00eate de tranquillit\u00e9 et de paysages spectaculaires. Plus grande <a href=\"https:\/\/www.bucketlistvilla.com\/blog\/fr\/meilleures-plages-saint-barth\/\">plage de l\u2019\u00eele<\/a>, elle offre un cadre exceptionnel o\u00f9 l\u2019on peut profiter d\u2019un environnement pr\u00e9serv\u00e9, loin de l\u2019agitation touristique.<\/p>\t\t\t\t\t\t\t\t<\/div>\n\t\t\t\t<\/div>\n\t\t\t\t\t<\/div>\n\t\t\t\t<\/div>\n\t\t<div class=\"elementor-element elementor-element-4c55027 e-flex e-con-boxed e-con e-parent\" data-id=\"4c55027\" data-element_type=\"container\" data-e-type=\"container\">\n\t\t\t\t\t<div class=\"e-con-inner\">\n\t\t\t\t<div class=\"elementor-element elementor-element-d0b663e elementor-widget elementor-widget-image\" data-id=\"d0b663e\" data-element_type=\"widget\" data-e-type=\"widget\" data-widget_type=\"image.default\">\n\t\t\t\t<div class=\"elementor-widget-container\">\n\t\t\t\t\t\t\t\t\t\t\t\t\t\t\t<img fetchpriority=\"high\" decoding=\"async\" width=\"1920\" height=\"650\" src=\"https:\/\/www.bucketlistvilla.com\/blog\/wp-content\/uploads\/2025\/06\/Villa-Northwaves-67-e1750692325617.jpg\" class=\"attachment-full size-full wp-image-6645\" alt=\"Plage de Flamands Saint-Barth\u00e9lemy sable blanc et eaux turquoise vue panoramique\" srcset=\"https:\/\/www.bucketlistvilla.com\/blog\/wp-content\/uploads\/2025\/06\/Villa-Northwaves-67-e1750692325617.jpg 1920w, https:\/\/www.bucketlistvilla.com\/blog\/wp-content\/uploads\/2025\/06\/Villa-Northwaves-67-e1750692325617-300x102.jpg 300w, https:\/\/www.bucketlistvilla.com\/blog\/wp-content\/uploads\/2025\/06\/Villa-Northwaves-67-e1750692325617-1024x347.jpg 1024w, https:\/\/www.bucketlistvilla.com\/blog\/wp-content\/uploads\/2025\/06\/Villa-Northwaves-67-e1750692325617-768x260.jpg 768w, https:\/\/www.bucketlistvilla.com\/blog\/wp-content\/uploads\/2025\/06\/Villa-Northwaves-67-e1750692325617-1536x520.jpg 1536w\" sizes=\"(max-width: 1920px) 100vw, 1920px\" \/>\t\t\t\t\t\t\t\t\t\t\t\t\t\t\t<\/div>\n\t\t\t\t<\/div>\n\t\t\t\t<div class=\"elementor-element elementor-element-91f4be1 elementor-widget elementor-widget-spacer\" data-id=\"91f4be1\" data-element_type=\"widget\" data-e-type=\"widget\" data-widget_type=\"spacer.default\">\n\t\t\t\t<div class=\"elementor-widget-container\">\n\t\t\t\t\t\t\t<div class=\"elementor-spacer\">\n\t\t\t<div class=\"elementor-spacer-inner\"><\/div>\n\t\t<\/div>\n\t\t\t\t\t\t<\/div>\n\t\t\t\t<\/div>\n\t\t\t\t\t<\/div>\n\t\t\t\t<\/div>\n\t\t<div class=\"elementor-element elementor-element-5f421f7 e-flex e-con-boxed e-con e-parent\" data-id=\"5f421f7\" data-element_type=\"container\" data-e-type=\"container\" data-settings=\"{&quot;background_background&quot;:&quot;classic&quot;}\">\n\t\t\t\t\t<div class=\"e-con-inner\">\n\t\t<div class=\"elementor-element elementor-element-cc5b87c e-con-full e-flex e-con e-child\" data-id=\"cc5b87c\" data-element_type=\"container\" data-e-type=\"container\" data-settings=\"{&quot;background_background&quot;:&quot;classic&quot;}\">\n\t\t\t\t<div class=\"elementor-element elementor-element-bc173e5 elementor-widget elementor-widget-heading\" data-id=\"bc173e5\" data-element_type=\"widget\" data-e-type=\"widget\" data-widget_type=\"heading.default\">\n\t\t\t\t<div class=\"elementor-widget-container\">\n\t\t\t\t\t<h2 class=\"elementor-heading-title elementor-size-default\">Le saviez-vous ?<\/h2>\t\t\t\t<\/div>\n\t\t\t\t<\/div>\n\t\t\t\t<div class=\"elementor-element elementor-element-6ab9463 elementor-widget elementor-widget-text-editor\" data-id=\"6ab9463\" data-element_type=\"widget\" data-e-type=\"widget\" data-widget_type=\"text-editor.default\">\n\t\t\t\t<div class=\"elementor-widget-container\">\n\t\t\t\t\t\t\t\t\t<p><span style=\"font-weight: 400;\">Autrefois, la plage de Flamands attirait d\u00e9j\u00e0 des personnalit\u00e9s en qu\u00eate de tranquillit\u00e9 ; on raconte que certains grands noms du cin\u00e9ma ou des affaires venaient y savourer l\u2019anonymat, loin du tumulte du monde. <\/span><\/p>\n<p><span style=\"font-weight: 400;\">L\u2019anecdote locale la plus connue \u00e9voque la venue discr\u00e8te d\u2019<\/span><b>Andy Warhol<\/b><span style=\"font-weight: 400;\">, qui aurait aim\u00e9 y trouver l\u2019inspiration lors de s\u00e9jours sur l\u2019\u00eele dans les ann\u00e9es 1980.<\/span><\/p>\t\t\t\t\t\t\t\t<\/div>\n\t\t\t\t<\/div>\n\t\t\t\t<\/div>\n\t\t\t\t\t<\/div>\n\t\t\t\t<\/div>\n\t\t<div class=\"elementor-element elementor-element-0674494 e-flex e-con-boxed e-con e-parent\" data-id=\"0674494\" data-element_type=\"container\" data-e-type=\"container\">\n\t\t\t\t\t<div class=\"e-con-inner\">\n\t\t\t\t<div class=\"elementor-element elementor-element-ce86384 elementor-widget elementor-widget-spacer\" data-id=\"ce86384\" data-element_type=\"widget\" data-e-type=\"widget\" data-widget_type=\"spacer.default\">\n\t\t\t\t<div class=\"elementor-widget-container\">\n\t\t\t\t\t\t\t<div class=\"elementor-spacer\">\n\t\t\t<div class=\"elementor-spacer-inner\"><\/div>\n\t\t<\/div>\n\t\t\t\t\t\t<\/div>\n\t\t\t\t<\/div>\n\t\t\t\t<div class=\"elementor-element elementor-element-5b6af52 elementor-widget elementor-widget-heading\" data-id=\"5b6af52\" data-element_type=\"widget\" data-e-type=\"widget\" data-widget_type=\"heading.default\">\n\t\t\t\t<div class=\"elementor-widget-container\">\n\t\t\t\t\t<h2 class=\"elementor-heading-title elementor-size-default\">Activit\u00e9s incontournables et loisirs nautiques sur la plage de Flamands<\/h2>\t\t\t\t<\/div>\n\t\t\t\t<\/div>\n\t\t\t\t\t<\/div>\n\t\t\t\t<\/div>\n\t\t<div class=\"elementor-element elementor-element-e850f07 e-grid e-con-boxed e-con e-parent\" data-id=\"e850f07\" data-element_type=\"container\" data-e-type=\"container\">\n\t\t\t\t\t<div class=\"e-con-inner\">\n\t\t<div class=\"elementor-element elementor-element-2cc1afc e-con-full e-flex e-con e-child\" data-id=\"2cc1afc\" data-element_type=\"container\" data-e-type=\"container\">\n\t\t\t\t<div class=\"elementor-element elementor-element-ccfc379 elementor-widget elementor-widget-image\" data-id=\"ccfc379\" data-element_type=\"widget\" data-e-type=\"widget\" data-widget_type=\"image.default\">\n\t\t\t\t<div class=\"elementor-widget-container\">\n\t\t\t\t\t\t\t\t\t\t\t\t\t\t\t<img decoding=\"async\" width=\"600\" height=\"400\" src=\"https:\/\/www.bucketlistvilla.com\/blog\/wp-content\/uploads\/2025\/06\/flamands-st-barth-e1750688979281.jpg\" class=\"attachment-large size-large wp-image-6627\" alt=\"Flamands beach in Saint-Barth\u00e9lemy with white sand and crystal-clear turquoise waters\" srcset=\"https:\/\/www.bucketlistvilla.com\/blog\/wp-content\/uploads\/2025\/06\/flamands-st-barth-e1750688979281.jpg 600w, https:\/\/www.bucketlistvilla.com\/blog\/wp-content\/uploads\/2025\/06\/flamands-st-barth-e1750688979281-300x200.jpg 300w\" sizes=\"(max-width: 600px) 100vw, 600px\" \/>\t\t\t\t\t\t\t\t\t\t\t\t\t\t\t<\/div>\n\t\t\t\t<\/div>\n\t\t\t\t<div class=\"elementor-element elementor-element-795071a elementor-widget elementor-widget-heading\" data-id=\"795071a\" data-element_type=\"widget\" data-e-type=\"widget\" data-widget_type=\"heading.default\">\n\t\t\t\t<div class=\"elementor-widget-container\">\n\t\t\t\t\t<h3 class=\"elementor-heading-title elementor-size-default\">D\u00e9tente et baignade dans un cadre paradisiaque<\/h3>\t\t\t\t<\/div>\n\t\t\t\t<\/div>\n\t\t\t\t<div class=\"elementor-element elementor-element-40e1297 elementor-widget elementor-widget-text-editor\" data-id=\"40e1297\" data-element_type=\"widget\" data-e-type=\"widget\" data-widget_type=\"text-editor.default\">\n\t\t\t\t<div class=\"elementor-widget-container\">\n\t\t\t\t\t\t\t\t\t<p>La plage de Flamands se pr\u00eate parfaitement au repos. Farniente sur sable fin, baignades dans une eau cristalline et transats confortables install\u00e9s au bord de la mer garantissent un moment de d\u00e9tente absolue.<\/p>\t\t\t\t\t\t\t\t<\/div>\n\t\t\t\t<\/div>\n\t\t\t\t<\/div>\n\t\t<div class=\"elementor-element elementor-element-a390dcb e-con-full e-flex e-con e-child\" data-id=\"a390dcb\" data-element_type=\"container\" data-e-type=\"container\">\n\t\t\t\t<div class=\"elementor-element elementor-element-3d64568 elementor-widget elementor-widget-image\" data-id=\"3d64568\" data-element_type=\"widget\" data-e-type=\"widget\" data-widget_type=\"image.default\">\n\t\t\t\t<div class=\"elementor-widget-container\">\n\t\t\t\t\t\t\t\t\t\t\t\t\t\t\t<img decoding=\"async\" width=\"600\" height=\"400\" src=\"https:\/\/www.bucketlistvilla.com\/blog\/wp-content\/uploads\/2025\/06\/paddle-flamands-st-barth-e1750688232778.jpg\" class=\"attachment-large size-large wp-image-6624\" alt=\"Paddle lever du soleil plage de Flamands Saint-Barth\u00e9lemy activit\u00e9 d\u00e9tente\" srcset=\"https:\/\/www.bucketlistvilla.com\/blog\/wp-content\/uploads\/2025\/06\/paddle-flamands-st-barth-e1750688232778.jpg 600w, https:\/\/www.bucketlistvilla.com\/blog\/wp-content\/uploads\/2025\/06\/paddle-flamands-st-barth-e1750688232778-300x200.jpg 300w\" sizes=\"(max-width: 600px) 100vw, 600px\" \/>\t\t\t\t\t\t\t\t\t\t\t\t\t\t\t<\/div>\n\t\t\t\t<\/div>\n\t\t\t\t<div class=\"elementor-element elementor-element-849977e elementor-widget elementor-widget-heading\" data-id=\"849977e\" data-element_type=\"widget\" data-e-type=\"widget\" data-widget_type=\"heading.default\">\n\t\t\t\t<div class=\"elementor-widget-container\">\n\t\t\t\t\t<h3 class=\"elementor-heading-title elementor-size-default\">Sports nautiques doux et exploration sous-marine<\/h3>\t\t\t\t<\/div>\n\t\t\t\t<\/div>\n\t\t\t\t<div class=\"elementor-element elementor-element-e8313a3 elementor-widget elementor-widget-text-editor\" data-id=\"e8313a3\" data-element_type=\"widget\" data-e-type=\"widget\" data-widget_type=\"text-editor.default\">\n\t\t\t\t<div class=\"elementor-widget-container\">\n\t\t\t\t\t\t\t\t\t<p>Les amateurs de stand-up paddle et snorkeling peuvent explorer la faune marine riche et color\u00e9e des eaux calmes. Bodyboard et surf sont \u00e9galement possibles lors des jours de houle, tandis que la randonn\u00e9e c\u00f4ti\u00e8re jusqu\u2019\u00e0 la Pointe de Colombier offre un panorama spectaculaire, parfait pour les amoureux de nature.<\/p>\t\t\t\t\t\t\t\t<\/div>\n\t\t\t\t<\/div>\n\t\t\t\t<\/div>\n\t\t\t\t\t<\/div>\n\t\t\t\t<\/div>\n\t\t<div class=\"elementor-element elementor-element-c463cd6 e-flex e-con-boxed e-con e-parent\" data-id=\"c463cd6\" data-element_type=\"container\" data-e-type=\"container\">\n\t\t\t\t\t<div class=\"e-con-inner\">\n\t\t\t\t<div class=\"elementor-element elementor-element-cdb6391 elementor-widget elementor-widget-image\" data-id=\"cdb6391\" data-element_type=\"widget\" data-e-type=\"widget\" data-widget_type=\"image.default\">\n\t\t\t\t<div class=\"elementor-widget-container\">\n\t\t\t\t\t\t\t\t\t\t\t\t<figure class=\"wp-caption\">\n\t\t\t\t\t\t\t\t\t\t<img loading=\"lazy\" decoding=\"async\" width=\"1920\" height=\"650\" src=\"https:\/\/www.bucketlistvilla.com\/blog\/wp-content\/uploads\/2025\/06\/dejeuner-plage-st-jean-e1750689266784.jpg\" class=\"attachment-full size-full wp-image-6630\" alt=\"Table \u00e9l\u00e9gamment dress\u00e9e en bord de mer sur la plage de Flamands \u00e0 Saint-Barth avec vue sur l\u2019horizon carib\u00e9en\" srcset=\"https:\/\/www.bucketlistvilla.com\/blog\/wp-content\/uploads\/2025\/06\/dejeuner-plage-st-jean-e1750689266784.jpg 1920w, https:\/\/www.bucketlistvilla.com\/blog\/wp-content\/uploads\/2025\/06\/dejeuner-plage-st-jean-e1750689266784-300x102.jpg 300w, https:\/\/www.bucketlistvilla.com\/blog\/wp-content\/uploads\/2025\/06\/dejeuner-plage-st-jean-e1750689266784-1024x347.jpg 1024w, https:\/\/www.bucketlistvilla.com\/blog\/wp-content\/uploads\/2025\/06\/dejeuner-plage-st-jean-e1750689266784-768x260.jpg 768w, https:\/\/www.bucketlistvilla.com\/blog\/wp-content\/uploads\/2025\/06\/dejeuner-plage-st-jean-e1750689266784-1536x520.jpg 1536w\" sizes=\"(max-width: 1920px) 100vw, 1920px\" \/>\t\t\t\t\t\t\t\t\t\t\t<figcaption class=\"widget-image-caption wp-caption-text\">\u00a9 Cheval Blanc St Barth<\/figcaption>\n\t\t\t\t\t\t\t\t\t\t<\/figure>\n\t\t\t\t\t\t\t\t\t<\/div>\n\t\t\t\t<\/div>\n\t\t\t\t\t<\/div>\n\t\t\t\t<\/div>\n\t\t<div class=\"elementor-element elementor-element-9bb1a92 e-flex e-con-boxed e-con e-parent\" data-id=\"9bb1a92\" data-element_type=\"container\" data-e-type=\"container\">\n\t\t\t\t\t<div class=\"e-con-inner\">\n\t\t\t\t<div class=\"elementor-element elementor-element-cbab3b7 elementor-widget elementor-widget-spacer\" data-id=\"cbab3b7\" data-element_type=\"widget\" data-e-type=\"widget\" data-widget_type=\"spacer.default\">\n\t\t\t\t<div class=\"elementor-widget-container\">\n\t\t\t\t\t\t\t<div class=\"elementor-spacer\">\n\t\t\t<div class=\"elementor-spacer-inner\"><\/div>\n\t\t<\/div>\n\t\t\t\t\t\t<\/div>\n\t\t\t\t<\/div>\n\t\t\t\t<div class=\"elementor-element elementor-element-934142e elementor-widget elementor-widget-heading\" data-id=\"934142e\" data-element_type=\"widget\" data-e-type=\"widget\" data-widget_type=\"heading.default\">\n\t\t\t\t<div class=\"elementor-widget-container\">\n\t\t\t\t\t<h2 class=\"elementor-heading-title elementor-size-default\">Top 5 des exp\u00e9riences exclusives \u00e0 vivre sur la plage de Flamands<\/h2>\t\t\t\t<\/div>\n\t\t\t\t<\/div>\n\t\t<div class=\"elementor-element elementor-element-1af66a0 e-con-full e-flex e-con e-child\" data-id=\"1af66a0\" data-element_type=\"container\" data-e-type=\"container\">\n\t\t\t\t<div class=\"elementor-element elementor-element-c0b857b elementor-widget elementor-widget-heading\" data-id=\"c0b857b\" data-element_type=\"widget\" data-e-type=\"widget\" data-widget_type=\"heading.default\">\n\t\t\t\t<div class=\"elementor-widget-container\">\n\t\t\t\t\t<h3 class=\"elementor-heading-title elementor-size-default\">D\u00e9jeuner chic et d\u00e9tente au bord de l\u2019eau<\/h3>\t\t\t\t<\/div>\n\t\t\t\t<\/div>\n\t\t\t\t<div class=\"elementor-element elementor-element-cdb4972 elementor-widget elementor-widget-text-editor\" data-id=\"cdb4972\" data-element_type=\"widget\" data-e-type=\"widget\" data-widget_type=\"text-editor.default\">\n\t\t\t\t<div class=\"elementor-widget-container\">\n\t\t\t\t\t\t\t\t\t<p>Savourez un pique-nique \u00e9l\u00e9gant sur la plage, berc\u00e9 par la douce brise marine.<\/p>\t\t\t\t\t\t\t\t<\/div>\n\t\t\t\t<\/div>\n\t\t\t\t<div class=\"elementor-element elementor-element-9f21392 elementor-widget elementor-widget-heading\" data-id=\"9f21392\" data-element_type=\"widget\" data-e-type=\"widget\" data-widget_type=\"heading.default\">\n\t\t\t\t<div class=\"elementor-widget-container\">\n\t\t\t\t\t<h3 class=\"elementor-heading-title elementor-size-default\">Paddle au lever du soleil pour un moment magique<\/h3>\t\t\t\t<\/div>\n\t\t\t\t<\/div>\n\t\t\t\t<div class=\"elementor-element elementor-element-de7fdb1 elementor-widget elementor-widget-text-editor\" data-id=\"de7fdb1\" data-element_type=\"widget\" data-e-type=\"widget\" data-widget_type=\"text-editor.default\">\n\t\t\t\t<div class=\"elementor-widget-container\">\n\t\t\t\t\t\t\t\t\tGlissez sur une mer calme \u00e0 l\u2019aube et laissez-vous envelopper par la s\u00e9r\u00e9nit\u00e9 des lieux.<\/p>\t\t\t\t\t\t\t\t<\/div>\n\t\t\t\t<\/div>\n\t\t\t\t<div class=\"elementor-element elementor-element-b552b3e elementor-widget elementor-widget-heading\" data-id=\"b552b3e\" data-element_type=\"widget\" data-e-type=\"widget\" data-widget_type=\"heading.default\">\n\t\t\t\t<div class=\"elementor-widget-container\">\n\t\t\t\t\t<h3 class=\"elementor-heading-title elementor-size-default\">Snorkeling dans les eaux cristallines<\/h3>\t\t\t\t<\/div>\n\t\t\t\t<\/div>\n\t\t\t\t<div class=\"elementor-element elementor-element-28cab48 elementor-widget elementor-widget-text-editor\" data-id=\"28cab48\" data-element_type=\"widget\" data-e-type=\"widget\" data-widget_type=\"text-editor.default\">\n\t\t\t\t<div class=\"elementor-widget-container\">\n\t\t\t\t\t\t\t\t\t<p>Explorez les fonds marins turquoise et admirez poissons tropicaux et coraux color\u00e9s pour une exp\u00e9rience aquatique inoubliable.<\/p>\t\t\t\t\t\t\t\t<\/div>\n\t\t\t\t<\/div>\n\t\t\t\t<div class=\"elementor-element elementor-element-6a9b707 elementor-widget elementor-widget-heading\" data-id=\"6a9b707\" data-element_type=\"widget\" data-e-type=\"widget\" data-widget_type=\"heading.default\">\n\t\t\t\t<div class=\"elementor-widget-container\">\n\t\t\t\t\t<h3 class=\"elementor-heading-title elementor-size-default\">D\u00eener pieds dans le sable au coucher du soleil<\/h3>\t\t\t\t<\/div>\n\t\t\t\t<\/div>\n\t\t\t\t<div class=\"elementor-element elementor-element-b693094 elementor-widget elementor-widget-text-editor\" data-id=\"b693094\" data-element_type=\"widget\" data-e-type=\"widget\" data-widget_type=\"text-editor.default\">\n\t\t\t\t<div class=\"elementor-widget-container\">\n\t\t\t\t\t\t\t\t\t<p>Profitez d\u2019un repas gastronomique dans l\u2019un des restaurants d\u2019exception face \u00e0 la mer.<\/p>\t\t\t\t\t\t\t\t<\/div>\n\t\t\t\t<\/div>\n\t\t\t\t<div class=\"elementor-element elementor-element-1129ef9 elementor-widget elementor-widget-heading\" data-id=\"1129ef9\" data-element_type=\"widget\" data-e-type=\"widget\" data-widget_type=\"heading.default\">\n\t\t\t\t<div class=\"elementor-widget-container\">\n\t\t\t\t\t<h3 class=\"elementor-heading-title elementor-size-default\">Randonn\u00e9e panoramique jusqu\u2019\u00e0 la Pointe de Colombier<\/h3>\t\t\t\t<\/div>\n\t\t\t\t<\/div>\n\t\t\t\t<div class=\"elementor-element elementor-element-2421af0 elementor-widget elementor-widget-text-editor\" data-id=\"2421af0\" data-element_type=\"widget\" data-e-type=\"widget\" data-widget_type=\"text-editor.default\">\n\t\t\t\t<div class=\"elementor-widget-container\">\n\t\t\t\t\t\t\t\t\t<p>Offrez-vous une vue spectaculaire sur la mer des Cara\u00efbes, au bout d\u2019un sentier c\u00f4tier idyllique.<\/p>\t\t\t\t\t\t\t\t<\/div>\n\t\t\t\t<\/div>\n\t\t\t\t<\/div>\n\t\t\t\t<div class=\"elementor-element elementor-element-f1600ba elementor-widget elementor-widget-text-editor\" data-id=\"f1600ba\" data-element_type=\"widget\" data-e-type=\"widget\" data-widget_type=\"text-editor.default\">\n\t\t\t\t<div class=\"elementor-widget-container\">\n\t\t\t\t\t\t\t\t\t<p><strong><a href=\"mailto:conciergerie@bucketlistvilla.com\">Contactez notre conciergerie<\/a><\/strong> Bucket List Villa pour organiser votre exp\u00e9rience sur mesure \u00e0 la plage de Flamands et vivre des moments inoubliables \u00e0 Saint-Barth\u00e9lemy.<\/p>\t\t\t\t\t\t\t\t<\/div>\n\t\t\t\t<\/div>\n\t\t\t\t\t<\/div>\n\t\t\t\t<\/div>\n\t\t<div class=\"elementor-element elementor-element-58684dc e-flex e-con-boxed e-con e-parent\" data-id=\"58684dc\" data-element_type=\"container\" data-e-type=\"container\">\n\t\t\t\t\t<div class=\"e-con-inner\">\n\t\t\t\t<div class=\"elementor-element elementor-element-0d97274 elementor-align-center elementor-mobile-align-justify elementor-tablet-align-justify elementor-widget elementor-widget-button\" data-id=\"0d97274\" data-element_type=\"widget\" data-e-type=\"widget\" data-widget_type=\"button.default\">\n\t\t\t\t<div class=\"elementor-widget-container\">\n\t\t\t\t\t\t\t\t\t<div class=\"elementor-button-wrapper\">\n\t\t\t\t\t<a class=\"elementor-button elementor-button-link elementor-size-sm\" href=\"https:\/\/www.bucketlistvilla.com\/fr\/contact\/\">\n\t\t\t\t\t\t<span class=\"elementor-button-content-wrapper\">\n\t\t\t\t\t\t\t\t\t<span class=\"elementor-button-text\">contacter la conciergerie<\/span>\n\t\t\t\t\t<\/span>\n\t\t\t\t\t<\/a>\n\t\t\t\t<\/div>\n\t\t\t\t\t\t\t\t<\/div>\n\t\t\t\t<\/div>\n\t\t\t\t<div class=\"elementor-element elementor-element-24c0bbf elementor-widget elementor-widget-spacer\" data-id=\"24c0bbf\" data-element_type=\"widget\" data-e-type=\"widget\" data-widget_type=\"spacer.default\">\n\t\t\t\t<div class=\"elementor-widget-container\">\n\t\t\t\t\t\t\t<div class=\"elementor-spacer\">\n\t\t\t<div class=\"elementor-spacer-inner\"><\/div>\n\t\t<\/div>\n\t\t\t\t\t\t<\/div>\n\t\t\t\t<\/div>\n\t\t\t\t\t<\/div>\n\t\t\t\t<\/div>\n\t\t<div class=\"elementor-element elementor-element-17a38a0 e-flex e-con-boxed e-con e-parent\" data-id=\"17a38a0\" data-element_type=\"container\" data-e-type=\"container\" data-settings=\"{&quot;background_background&quot;:&quot;classic&quot;}\">\n\t\t\t\t\t<div class=\"e-con-inner\">\n\t\t\t\t<div class=\"elementor-element elementor-element-c2b008f elementor-widget elementor-widget-spacer\" data-id=\"c2b008f\" data-element_type=\"widget\" data-e-type=\"widget\" data-widget_type=\"spacer.default\">\n\t\t\t\t<div class=\"elementor-widget-container\">\n\t\t\t\t\t\t\t<div class=\"elementor-spacer\">\n\t\t\t<div class=\"elementor-spacer-inner\"><\/div>\n\t\t<\/div>\n\t\t\t\t\t\t<\/div>\n\t\t\t\t<\/div>\n\t\t\t\t<div class=\"elementor-element elementor-element-3454e5c elementor-widget elementor-widget-heading\" data-id=\"3454e5c\" data-element_type=\"widget\" data-e-type=\"widget\" data-widget_type=\"heading.default\">\n\t\t\t\t<div class=\"elementor-widget-container\">\n\t\t\t\t\t<h2 class=\"elementor-heading-title elementor-size-default\">Villas de prestige \u00e0 louer en bord de plage \u00e0 Flamands<\/h2>\t\t\t\t<\/div>\n\t\t\t\t<\/div>\n\t\t\t\t\t<\/div>\n\t\t\t\t<\/div>\n\t\t<div class=\"elementor-element elementor-element-cb8b182 e-grid e-con-boxed e-con e-parent\" data-id=\"cb8b182\" data-element_type=\"container\" data-e-type=\"container\" data-settings=\"{&quot;background_background&quot;:&quot;classic&quot;}\">\n\t\t\t\t\t<div class=\"e-con-inner\">\n\t\t<div class=\"elementor-element elementor-element-62cab1f e-con-full e-flex e-con e-child\" data-id=\"62cab1f\" data-element_type=\"container\" data-e-type=\"container\">\n\t\t\t\t<div class=\"elementor-element elementor-element-c106a2f elementor-widget elementor-widget-image\" data-id=\"c106a2f\" data-element_type=\"widget\" data-e-type=\"widget\" data-widget_type=\"image.default\">\n\t\t\t\t<div class=\"elementor-widget-container\">\n\t\t\t\t\t\t\t\t\t\t\t\t\t\t\t<img loading=\"lazy\" decoding=\"async\" width=\"600\" height=\"400\" src=\"https:\/\/www.bucketlistvilla.com\/blog\/wp-content\/uploads\/2025\/06\/villa-sand-club-palge-flamands-st-barth.jpg\" class=\"attachment-large size-large wp-image-6597\" alt=\"Villa Sand Club Saint-Barth\u00e9lemy location luxe plage de Flamands\" srcset=\"https:\/\/www.bucketlistvilla.com\/blog\/wp-content\/uploads\/2025\/06\/villa-sand-club-palge-flamands-st-barth.jpg 600w, https:\/\/www.bucketlistvilla.com\/blog\/wp-content\/uploads\/2025\/06\/villa-sand-club-palge-flamands-st-barth-300x200.jpg 300w\" sizes=\"(max-width: 600px) 100vw, 600px\" \/>\t\t\t\t\t\t\t\t\t\t\t\t\t\t\t<\/div>\n\t\t\t\t<\/div>\n\t\t\t\t<div class=\"elementor-element elementor-element-24e9860 elementor-widget elementor-widget-heading\" data-id=\"24e9860\" data-element_type=\"widget\" data-e-type=\"widget\" data-widget_type=\"heading.default\">\n\t\t\t\t<div class=\"elementor-widget-container\">\n\t\t\t\t\t<h3 class=\"elementor-heading-title elementor-size-default\">Villa SAND CLUB<\/h3>\t\t\t\t<\/div>\n\t\t\t\t<\/div>\n\t\t\t\t<div class=\"elementor-element elementor-element-1d48815 elementor-widget elementor-widget-text-editor\" data-id=\"1d48815\" data-element_type=\"widget\" data-e-type=\"widget\" data-widget_type=\"text-editor.default\">\n\t\t\t\t<div class=\"elementor-widget-container\">\n\t\t\t\t\t\t\t\t\t<p><span style=\"font-weight: 400;\">Une villa pieds dans l\u2019eau au charme intemporel, avec piscine, larges terrasses et un style \u00e9l\u00e9gant, parfait pour les familles, les groupes d\u2019amis et les <a href=\"https:\/\/www.bucketlistvilla.com\/fr\/location\/location-locations-r0\/tag-villas-de-celebration\/\">c\u00e9l\u00e9brations<\/a>.<\/span><\/p>\t\t\t\t\t\t\t\t<\/div>\n\t\t\t\t<\/div>\n\t\t\t\t<div class=\"elementor-element elementor-element-9de377c elementor-tablet-align-justify elementor-widget elementor-widget-button\" data-id=\"9de377c\" data-element_type=\"widget\" data-e-type=\"widget\" data-widget_type=\"button.default\">\n\t\t\t\t<div class=\"elementor-widget-container\">\n\t\t\t\t\t\t\t\t\t<div class=\"elementor-button-wrapper\">\n\t\t\t\t\t<a class=\"elementor-button elementor-button-link elementor-size-sm\" href=\"https:\/\/www.bucketlistvilla.com\/fr\/location\/villa-saint-barthelemy-villa-sand-club-st-barth-6-bd-456963.html\" target=\"_blank\">\n\t\t\t\t\t\t<span class=\"elementor-button-content-wrapper\">\n\t\t\t\t\t\t\t\t\t<span class=\"elementor-button-text\">VOIR LA VILLA<\/span>\n\t\t\t\t\t<\/span>\n\t\t\t\t\t<\/a>\n\t\t\t\t<\/div>\n\t\t\t\t\t\t\t\t<\/div>\n\t\t\t\t<\/div>\n\t\t\t\t<\/div>\n\t\t<div class=\"elementor-element elementor-element-98ffefd e-con-full e-flex e-con e-child\" data-id=\"98ffefd\" data-element_type=\"container\" data-e-type=\"container\">\n\t\t\t\t<div class=\"elementor-element elementor-element-1a441c6 elementor-widget elementor-widget-image\" data-id=\"1a441c6\" data-element_type=\"widget\" data-e-type=\"widget\" data-widget_type=\"image.default\">\n\t\t\t\t<div class=\"elementor-widget-container\">\n\t\t\t\t\t\t\t\t\t\t\t\t\t\t\t<img loading=\"lazy\" decoding=\"async\" width=\"600\" height=\"400\" src=\"https:\/\/www.bucketlistvilla.com\/blog\/wp-content\/uploads\/2025\/06\/villa-jangali-plage-flamands-st-barth-e1750681786397.jpg\" class=\"attachment-large size-large wp-image-6603\" alt=\"Villa Jangali Saint-Barth\u00e9lemy \u00e9l\u00e9gance acc\u00e8s plage de Flamands\" srcset=\"https:\/\/www.bucketlistvilla.com\/blog\/wp-content\/uploads\/2025\/06\/villa-jangali-plage-flamands-st-barth-e1750681786397.jpg 600w, https:\/\/www.bucketlistvilla.com\/blog\/wp-content\/uploads\/2025\/06\/villa-jangali-plage-flamands-st-barth-e1750681786397-300x200.jpg 300w\" sizes=\"(max-width: 600px) 100vw, 600px\" \/>\t\t\t\t\t\t\t\t\t\t\t\t\t\t\t<\/div>\n\t\t\t\t<\/div>\n\t\t\t\t<div class=\"elementor-element elementor-element-9a79b1c elementor-widget elementor-widget-heading\" data-id=\"9a79b1c\" data-element_type=\"widget\" data-e-type=\"widget\" data-widget_type=\"heading.default\">\n\t\t\t\t<div class=\"elementor-widget-container\">\n\t\t\t\t\t<h3 class=\"elementor-heading-title elementor-size-default\">Villa JANGALI<\/h3>\t\t\t\t<\/div>\n\t\t\t\t<\/div>\n\t\t\t\t<div class=\"elementor-element elementor-element-40f6b31 elementor-widget elementor-widget-text-editor\" data-id=\"40f6b31\" data-element_type=\"widget\" data-e-type=\"widget\" data-widget_type=\"text-editor.default\">\n\t\t\t\t<div class=\"elementor-widget-container\">\n\t\t\t\t\t\t\t\t\t<p><span style=\"font-weight: 400;\">Nich\u00e9e dans un \u00e9crin tropical sur la plage, elle marie luxe moderne et ambiance exotique, avec un acc\u00e8s imm\u00e9diat \u00e0 la mer.<\/span><\/p>\t\t\t\t\t\t\t\t<\/div>\n\t\t\t\t<\/div>\n\t\t\t\t<div class=\"elementor-element elementor-element-1f2ed48 elementor-tablet-align-justify elementor-widget elementor-widget-button\" data-id=\"1f2ed48\" data-element_type=\"widget\" data-e-type=\"widget\" data-widget_type=\"button.default\">\n\t\t\t\t<div class=\"elementor-widget-container\">\n\t\t\t\t\t\t\t\t\t<div class=\"elementor-button-wrapper\">\n\t\t\t\t\t<a class=\"elementor-button elementor-button-link elementor-size-sm\" href=\"https:\/\/www.bucketlistvilla.com\/fr\/location\/villa-saint-barthelemy-villa-jangali-st-barth-5-bd-524021.html\" target=\"_blank\">\n\t\t\t\t\t\t<span class=\"elementor-button-content-wrapper\">\n\t\t\t\t\t\t\t\t\t<span class=\"elementor-button-text\">VOIR LA VILLA<\/span>\n\t\t\t\t\t<\/span>\n\t\t\t\t\t<\/a>\n\t\t\t\t<\/div>\n\t\t\t\t\t\t\t\t<\/div>\n\t\t\t\t<\/div>\n\t\t\t\t<\/div>\n\t\t<div class=\"elementor-element elementor-element-4362a94 e-con-full e-flex e-con e-child\" data-id=\"4362a94\" data-element_type=\"container\" data-e-type=\"container\">\n\t\t\t\t<div class=\"elementor-element elementor-element-ff85a33 elementor-widget elementor-widget-image\" data-id=\"ff85a33\" data-element_type=\"widget\" data-e-type=\"widget\" data-widget_type=\"image.default\">\n\t\t\t\t<div class=\"elementor-widget-container\">\n\t\t\t\t\t\t\t\t\t\t\t\t\t\t\t<img loading=\"lazy\" decoding=\"async\" width=\"600\" height=\"400\" src=\"https:\/\/www.bucketlistvilla.com\/blog\/wp-content\/uploads\/2025\/06\/villa-wake-up-plage-flamands-st-barth.jpg\" class=\"attachment-large size-large wp-image-6600\" alt=\"Villa Wake Up Saint-Barth\u00e9lemy luxe acc\u00e8s direct plage Flamands\" srcset=\"https:\/\/www.bucketlistvilla.com\/blog\/wp-content\/uploads\/2025\/06\/villa-wake-up-plage-flamands-st-barth.jpg 600w, https:\/\/www.bucketlistvilla.com\/blog\/wp-content\/uploads\/2025\/06\/villa-wake-up-plage-flamands-st-barth-300x200.jpg 300w\" sizes=\"(max-width: 600px) 100vw, 600px\" \/>\t\t\t\t\t\t\t\t\t\t\t\t\t\t\t<\/div>\n\t\t\t\t<\/div>\n\t\t\t\t<div class=\"elementor-element elementor-element-393d47a elementor-widget elementor-widget-heading\" data-id=\"393d47a\" data-element_type=\"widget\" data-e-type=\"widget\" data-widget_type=\"heading.default\">\n\t\t\t\t<div class=\"elementor-widget-container\">\n\t\t\t\t\t<h3 class=\"elementor-heading-title elementor-size-default\">Villa WAKE UP<\/h3>\t\t\t\t<\/div>\n\t\t\t\t<\/div>\n\t\t\t\t<div class=\"elementor-element elementor-element-5954375 elementor-widget elementor-widget-text-editor\" data-id=\"5954375\" data-element_type=\"widget\" data-e-type=\"widget\" data-widget_type=\"text-editor.default\">\n\t\t\t\t<div class=\"elementor-widget-container\">\n\t\t\t\t\t\t\t\t\t<p><span style=\"font-weight: 400;\"><a href=\"https:\/\/www.bucketlistvilla.com\/fr\/location\/location-locations-r0\/tag-villas-iconiques\/\">Villa iconique<\/a> contemporaine en bord de plage, avec acc\u00e8s direct au sable, vastes espaces ouverts et prestations ultra premium.<\/span><\/p>\t\t\t\t\t\t\t\t<\/div>\n\t\t\t\t<\/div>\n\t\t\t\t<div class=\"elementor-element elementor-element-9e124bc elementor-tablet-align-justify elementor-widget elementor-widget-button\" data-id=\"9e124bc\" data-element_type=\"widget\" data-e-type=\"widget\" data-widget_type=\"button.default\">\n\t\t\t\t<div class=\"elementor-widget-container\">\n\t\t\t\t\t\t\t\t\t<div class=\"elementor-button-wrapper\">\n\t\t\t\t\t<a class=\"elementor-button elementor-button-link elementor-size-sm\" href=\"https:\/\/www.bucketlistvilla.com\/fr\/location\/villa-saint-barthelemy-villa-wake-up-st-barth-6-bd-494650.html\" target=\"_blank\">\n\t\t\t\t\t\t<span class=\"elementor-button-content-wrapper\">\n\t\t\t\t\t\t\t\t\t<span class=\"elementor-button-text\">VOIR LA VILLA<\/span>\n\t\t\t\t\t<\/span>\n\t\t\t\t\t<\/a>\n\t\t\t\t<\/div>\n\t\t\t\t\t\t\t\t<\/div>\n\t\t\t\t<\/div>\n\t\t\t\t<\/div>\n\t\t\t\t\t<\/div>\n\t\t\t\t<\/div>\n\t\t<div class=\"elementor-element elementor-element-d766952 e-flex e-con-boxed e-con e-parent\" data-id=\"d766952\" data-element_type=\"container\" data-e-type=\"container\" data-settings=\"{&quot;background_background&quot;:&quot;classic&quot;}\">\n\t\t\t\t\t<div class=\"e-con-inner\">\n\t\t\t\t<div class=\"elementor-element elementor-element-602688b elementor-widget elementor-widget-text-editor\" data-id=\"602688b\" data-element_type=\"widget\" data-e-type=\"widget\" data-widget_type=\"text-editor.default\">\n\t\t\t\t<div class=\"elementor-widget-container\">\n\t\t\t\t\t\t\t\t\t<p>D\u00e9couvrez notre s\u00e9lection exclusive de villas \u00e0 louer sur la plage de Flamands et dans ses environs, et imaginez votre prochaine \u00e9vasion sur-mesure au c\u0153ur des Cara\u00efbes.<\/p>\t\t\t\t\t\t\t\t<\/div>\n\t\t\t\t<\/div>\n\t\t\t\t<div class=\"elementor-element elementor-element-0c9f297 elementor-align-center elementor-tablet-align-justify elementor-widget elementor-widget-button\" data-id=\"0c9f297\" data-element_type=\"widget\" data-e-type=\"widget\" data-widget_type=\"button.default\">\n\t\t\t\t<div class=\"elementor-widget-container\">\n\t\t\t\t\t\t\t\t\t<div class=\"elementor-button-wrapper\">\n\t\t\t\t\t<a class=\"elementor-button elementor-button-link elementor-size-sm\" href=\"https:\/\/www.bucketlistvilla.com\/fr\/location\/locations-flamands-saint-barthelemy-n160242\/\" target=\"_blank\">\n\t\t\t\t\t\t<span class=\"elementor-button-content-wrapper\">\n\t\t\t\t\t\t\t\t\t<span class=\"elementor-button-text\">D\u00e9couvrir la s\u00e9lection<\/span>\n\t\t\t\t\t<\/span>\n\t\t\t\t\t<\/a>\n\t\t\t\t<\/div>\n\t\t\t\t\t\t\t\t<\/div>\n\t\t\t\t<\/div>\n\t\t\t\t<div class=\"elementor-element elementor-element-085d7be elementor-widget elementor-widget-spacer\" data-id=\"085d7be\" data-element_type=\"widget\" data-e-type=\"widget\" data-widget_type=\"spacer.default\">\n\t\t\t\t<div class=\"elementor-widget-container\">\n\t\t\t\t\t\t\t<div class=\"elementor-spacer\">\n\t\t\t<div class=\"elementor-spacer-inner\"><\/div>\n\t\t<\/div>\n\t\t\t\t\t\t<\/div>\n\t\t\t\t<\/div>\n\t\t\t\t\t<\/div>\n\t\t\t\t<\/div>\n\t\t<div class=\"elementor-element elementor-element-96ed505 e-flex e-con-boxed e-con e-parent\" data-id=\"96ed505\" data-element_type=\"container\" data-e-type=\"container\">\n\t\t\t\t\t<div class=\"e-con-inner\">\n\t\t\t\t<div class=\"elementor-element elementor-element-3e63ef1 elementor-widget elementor-widget-spacer\" data-id=\"3e63ef1\" data-element_type=\"widget\" data-e-type=\"widget\" data-widget_type=\"spacer.default\">\n\t\t\t\t<div class=\"elementor-widget-container\">\n\t\t\t\t\t\t\t<div class=\"elementor-spacer\">\n\t\t\t<div class=\"elementor-spacer-inner\"><\/div>\n\t\t<\/div>\n\t\t\t\t\t\t<\/div>\n\t\t\t\t<\/div>\n\t\t\t\t<div class=\"elementor-element elementor-element-f25fc14 elementor-widget elementor-widget-heading\" data-id=\"f25fc14\" data-element_type=\"widget\" data-e-type=\"widget\" data-widget_type=\"heading.default\">\n\t\t\t\t<div class=\"elementor-widget-container\">\n\t\t\t\t\t<h2 class=\"elementor-heading-title elementor-size-default\">Gastronomie d\u2019exception \u00e0 Flamands : restaurants incontournables<\/h2>\t\t\t\t<\/div>\n\t\t\t\t<\/div>\n\t\t\t\t<div class=\"elementor-element elementor-element-0e46e0d elementor-widget elementor-widget-text-editor\" data-id=\"0e46e0d\" data-element_type=\"widget\" data-e-type=\"widget\" data-widget_type=\"text-editor.default\">\n\t\t\t\t<div class=\"elementor-widget-container\">\n\t\t\t\t\t\t\t\t\t<p>Que ce soit pour un <a href=\"https:\/\/www.bucketlistvilla.com\/blog\/fr\/beach-clubs-st-barth\/\">d\u00e9jeuner les pieds dans le sable<\/a> ou un d\u00eener gastronomique au coucher du soleil, la plage de Flamands s\u00e9duit aussi par ses adresses culinaires d\u2019exception.<\/p>\t\t\t\t\t\t\t\t<\/div>\n\t\t\t\t<\/div>\n\t\t\t\t\t<\/div>\n\t\t\t\t<\/div>\n\t\t<div class=\"elementor-element elementor-element-9b5c3ca e-grid e-con-boxed e-con e-parent\" data-id=\"9b5c3ca\" data-element_type=\"container\" data-e-type=\"container\">\n\t\t\t\t\t<div class=\"e-con-inner\">\n\t\t<div class=\"elementor-element elementor-element-c29efc1 e-con-full e-flex e-con e-child\" data-id=\"c29efc1\" data-element_type=\"container\" data-e-type=\"container\">\n\t\t\t\t<div class=\"elementor-element elementor-element-bf6779a elementor-widget elementor-widget-image\" data-id=\"bf6779a\" data-element_type=\"widget\" data-e-type=\"widget\" data-widget_type=\"image.default\">\n\t\t\t\t<div class=\"elementor-widget-container\">\n\t\t\t\t\t\t\t\t\t\t\t\t<figure class=\"wp-caption\">\n\t\t\t\t\t\t\t\t\t\t\t<a href=\"https:\/\/www.chevalblanc.com\/fr\/maison\/st-barth\/restaurants-et-bars\/la-case\/\" target=\"_blank\">\n\t\t\t\t\t\t\t<img loading=\"lazy\" decoding=\"async\" width=\"600\" height=\"400\" src=\"https:\/\/www.bucketlistvilla.com\/blog\/wp-content\/uploads\/2025\/06\/restaurant-la-case-plage-flamands-e1750682419438.jpg\" class=\"attachment-full size-full wp-image-6606\" alt=\"Restaurant La Case Cheval Blanc Saint-Barth\u00e9lemy chef Jean Imbert gastronomie\" srcset=\"https:\/\/www.bucketlistvilla.com\/blog\/wp-content\/uploads\/2025\/06\/restaurant-la-case-plage-flamands-e1750682419438.jpg 600w, https:\/\/www.bucketlistvilla.com\/blog\/wp-content\/uploads\/2025\/06\/restaurant-la-case-plage-flamands-e1750682419438-300x200.jpg 300w\" sizes=\"(max-width: 600px) 100vw, 600px\" \/>\t\t\t\t\t\t\t\t<\/a>\n\t\t\t\t\t\t\t\t\t\t\t<figcaption class=\"widget-image-caption wp-caption-text\">\u00a9 La Case | Cheval Blanc St Barth<\/figcaption>\n\t\t\t\t\t\t\t\t\t\t<\/figure>\n\t\t\t\t\t\t\t\t\t<\/div>\n\t\t\t\t<\/div>\n\t\t\t\t<div class=\"elementor-element elementor-element-06f52c9 elementor-widget elementor-widget-heading\" data-id=\"06f52c9\" data-element_type=\"widget\" data-e-type=\"widget\" data-widget_type=\"heading.default\">\n\t\t\t\t<div class=\"elementor-widget-container\">\n\t\t\t\t\t<h3 class=\"elementor-heading-title elementor-size-default\">La Case<\/h3>\t\t\t\t<\/div>\n\t\t\t\t<\/div>\n\t\t\t\t<div class=\"elementor-element elementor-element-c8e8a27 elementor-widget elementor-widget-text-editor\" data-id=\"c8e8a27\" data-element_type=\"widget\" data-e-type=\"widget\" data-widget_type=\"text-editor.default\">\n\t\t\t\t<div class=\"elementor-widget-container\">\n\t\t\t\t\t\t\t\t\t<p><span style=\"font-weight: 400;\">Au <strong>Cheval Blanc St\u2011Barth<\/strong>, le Chef \u00e9toil\u00e9 <strong>Jean Lambert<\/strong>, propose une cuisine cr\u00e9ative mettant \u00e0 l\u2019honneur les saveurs carib\u00e9ennes dans un d\u00e9cor con\u00e7u par Jacques Grange.<\/span><\/p>\t\t\t\t\t\t\t\t<\/div>\n\t\t\t\t<\/div>\n\t\t\t\t<\/div>\n\t\t<div class=\"elementor-element elementor-element-4d74570 e-con-full e-flex e-con e-child\" data-id=\"4d74570\" data-element_type=\"container\" data-e-type=\"container\">\n\t\t\t\t<div class=\"elementor-element elementor-element-bad81c9 elementor-widget elementor-widget-image\" data-id=\"bad81c9\" data-element_type=\"widget\" data-e-type=\"widget\" data-widget_type=\"image.default\">\n\t\t\t\t<div class=\"elementor-widget-container\">\n\t\t\t\t\t\t\t\t\t\t\t\t<figure class=\"wp-caption\">\n\t\t\t\t\t\t\t\t\t\t\t<a href=\"https:\/\/www.chevalblanc.com\/fr\/maison\/st-barth\/restaurants-et-bars\/cheval-blanc-st-barth-la-cabane\/\" target=\"_blank\">\n\t\t\t\t\t\t\t<img loading=\"lazy\" decoding=\"async\" width=\"600\" height=\"400\" src=\"https:\/\/www.bucketlistvilla.com\/blog\/wp-content\/uploads\/2025\/06\/restaurant-la-cabane-plage-flamands-e1750683229640.jpg\" class=\"attachment-full size-full wp-image-6609\" alt=\"Restaurant La Cabane Cheval Blanc Saint-Barth\u00e9lemy ambiance chic plage Flamands\" srcset=\"https:\/\/www.bucketlistvilla.com\/blog\/wp-content\/uploads\/2025\/06\/restaurant-la-cabane-plage-flamands-e1750683229640.jpg 600w, https:\/\/www.bucketlistvilla.com\/blog\/wp-content\/uploads\/2025\/06\/restaurant-la-cabane-plage-flamands-e1750683229640-300x200.jpg 300w\" sizes=\"(max-width: 600px) 100vw, 600px\" \/>\t\t\t\t\t\t\t\t<\/a>\n\t\t\t\t\t\t\t\t\t\t\t<figcaption class=\"widget-image-caption wp-caption-text\">\u00a9 La Cabane | Cheval Blanc St Barth<\/figcaption>\n\t\t\t\t\t\t\t\t\t\t<\/figure>\n\t\t\t\t\t\t\t\t\t<\/div>\n\t\t\t\t<\/div>\n\t\t\t\t<div class=\"elementor-element elementor-element-2b288f0 elementor-widget elementor-widget-heading\" data-id=\"2b288f0\" data-element_type=\"widget\" data-e-type=\"widget\" data-widget_type=\"heading.default\">\n\t\t\t\t<div class=\"elementor-widget-container\">\n\t\t\t\t\t<h3 class=\"elementor-heading-title elementor-size-default\">La Cabane<\/h3>\t\t\t\t<\/div>\n\t\t\t\t<\/div>\n\t\t\t\t<div class=\"elementor-element elementor-element-0e4a244 elementor-widget elementor-widget-text-editor\" data-id=\"0e4a244\" data-element_type=\"widget\" data-e-type=\"widget\" data-widget_type=\"text-editor.default\">\n\t\t\t\t<div class=\"elementor-widget-container\">\n\t\t\t\t\t\t\t\t\t<p><span style=\"font-weight: 400;\">Egalement sign\u00e9 par Jean Imbert sur la plage du <strong>Cheval Blanc Isle de France<\/strong>,\u00a0 ce lieu d\u00e9contract\u00e9 en bord de plage offre des plats frais \u2013 salades, burgers, poissons grill\u00e9s \u2013 dans une ambiance chic et naturelle.<\/span><\/p>\t\t\t\t\t\t\t\t<\/div>\n\t\t\t\t<\/div>\n\t\t\t\t<\/div>\n\t\t\t\t\t<\/div>\n\t\t\t\t<\/div>\n\t\t<div class=\"elementor-element elementor-element-902301d e-flex e-con-boxed e-con e-parent\" data-id=\"902301d\" data-element_type=\"container\" data-e-type=\"container\">\n\t\t\t\t\t<div class=\"e-con-inner\">\n\t\t\t\t<div class=\"elementor-element elementor-element-423578b elementor-widget elementor-widget-spacer\" data-id=\"423578b\" data-element_type=\"widget\" data-e-type=\"widget\" data-widget_type=\"spacer.default\">\n\t\t\t\t<div class=\"elementor-widget-container\">\n\t\t\t\t\t\t\t<div class=\"elementor-spacer\">\n\t\t\t<div class=\"elementor-spacer-inner\"><\/div>\n\t\t<\/div>\n\t\t\t\t\t\t<\/div>\n\t\t\t\t<\/div>\n\t\t\t\t<div class=\"elementor-element elementor-element-6d61697 elementor-widget elementor-widget-heading\" data-id=\"6d61697\" data-element_type=\"widget\" data-e-type=\"widget\" data-widget_type=\"heading.default\">\n\t\t\t\t<div class=\"elementor-widget-container\">\n\t\t\t\t\t<h2 class=\"elementor-heading-title elementor-size-default\">H\u00f4tels de luxe \u00e0 proximit\u00e9 de la plage de Flamands Saint-Barth\u00e9lemy<\/h2>\t\t\t\t<\/div>\n\t\t\t\t<\/div>\n\t\t\t\t<div class=\"elementor-element elementor-element-36f5f54 elementor-widget elementor-widget-text-editor\" data-id=\"36f5f54\" data-element_type=\"widget\" data-e-type=\"widget\" data-widget_type=\"text-editor.default\">\n\t\t\t\t<div class=\"elementor-widget-container\">\n\t\t\t\t\t\t\t\t\t<p>Parmi les h\u00f4tels d\u2019exception, le <a href=\"https:\/\/www.chevalblanc.com\/fr\/maison\/st-barth\/\">Cheval Blanc St-Barth Isle de France<\/a>\u00a0se distingue comme un symbole du luxe et du raffinement, avec son spa de prestige et son service d\u2019excellence.<\/p>\t\t\t\t\t\t\t\t<\/div>\n\t\t\t\t<\/div>\n\t\t\t\t\t<\/div>\n\t\t\t\t<\/div>\n\t\t<div class=\"elementor-element elementor-element-71bb0ea e-flex e-con-boxed e-con e-parent\" data-id=\"71bb0ea\" data-element_type=\"container\" data-e-type=\"container\">\n\t\t\t\t\t<div class=\"e-con-inner\">\n\t\t\t\t<div class=\"elementor-element elementor-element-b42af24 elementor-widget elementor-widget-video\" data-id=\"b42af24\" data-element_type=\"widget\" data-e-type=\"widget\" data-settings=\"{&quot;youtube_url&quot;:&quot;https:\\\/\\\/youtu.be\\\/t6298ePEwcI&quot;,&quot;start&quot;:876,&quot;end&quot;:1284,&quot;autoplay&quot;:&quot;yes&quot;,&quot;play_on_mobile&quot;:&quot;yes&quot;,&quot;mute&quot;:&quot;yes&quot;,&quot;lazy_load&quot;:&quot;yes&quot;,&quot;video_type&quot;:&quot;youtube&quot;,&quot;controls&quot;:&quot;yes&quot;}\" data-widget_type=\"video.default\">\n\t\t\t\t<div class=\"elementor-widget-container\">\n\t\t\t\t\t\t\t<div class=\"elementor-wrapper elementor-open-inline\">\n\t\t\t<div class=\"elementor-video\"><\/div>\t\t<\/div>\n\t\t\t\t\t\t<\/div>\n\t\t\t\t<\/div>\n\t\t\t\t\t<\/div>\n\t\t\t\t<\/div>\n\t\t<div class=\"elementor-element elementor-element-52963e2 e-flex e-con-boxed e-con e-parent\" data-id=\"52963e2\" data-element_type=\"container\" data-e-type=\"container\">\n\t\t\t\t\t<div class=\"e-con-inner\">\n\t\t\t\t<div class=\"elementor-element elementor-element-604de23 elementor-widget elementor-widget-spacer\" data-id=\"604de23\" data-element_type=\"widget\" data-e-type=\"widget\" data-widget_type=\"spacer.default\">\n\t\t\t\t<div class=\"elementor-widget-container\">\n\t\t\t\t\t\t\t<div class=\"elementor-spacer\">\n\t\t\t<div class=\"elementor-spacer-inner\"><\/div>\n\t\t<\/div>\n\t\t\t\t\t\t<\/div>\n\t\t\t\t<\/div>\n\t\t\t\t<div class=\"elementor-element elementor-element-75de06f elementor-widget elementor-widget-heading\" data-id=\"75de06f\" data-element_type=\"widget\" data-e-type=\"widget\" data-widget_type=\"heading.default\">\n\t\t\t\t<div class=\"elementor-widget-container\">\n\t\t\t\t\t<h2 class=\"elementor-heading-title elementor-size-default\">Pourquoi choisir la plage de Flamands pour votre s\u00e9jour \u00e0 Saint-Barth\u00e9lemy ?<\/h2>\t\t\t\t<\/div>\n\t\t\t\t<\/div>\n\t\t\t\t<div class=\"elementor-element elementor-element-6daf6c9 elementor-widget elementor-widget-text-editor\" data-id=\"6daf6c9\" data-element_type=\"widget\" data-e-type=\"widget\" data-widget_type=\"text-editor.default\">\n\t\t\t\t<div class=\"elementor-widget-container\">\n\t\t\t\t\t\t\t\t\t<p>S\u00e9journer \u00e0 Flamands, c\u2019est s\u2019offrir une exp\u00e9rience unique entre luxe discret et nature pr\u00e9serv\u00e9e. Cette plage embl\u00e9matique conjugue villas d\u2019exception en bord de mer, activit\u00e9s exclusives et une atmosph\u00e8re chic et apaisante. Que vous soyez en qu\u00eate de d\u00e9tente, d\u2019aventures marines ou de moments gourmands, Flamands r\u00e9pond \u00e0 toutes vos envies dans un cadre authentique et \u00e9l\u00e9gant.<\/p>\t\t\t\t\t\t\t\t<\/div>\n\t\t\t\t<\/div>\n\t\t\t\t<div class=\"elementor-element elementor-element-56b2709 elementor-widget elementor-widget-text-editor\" data-id=\"56b2709\" data-element_type=\"widget\" data-e-type=\"widget\" data-widget_type=\"text-editor.default\">\n\t\t\t\t<div class=\"elementor-widget-container\">\n\t\t\t\t\t\t\t\t\t<p><span style=\"font-weight: 400;\">Contactez <\/span>Bucket List Villa<span style=\"font-weight: 400;\">, sp\u00e9cialiste des villas de luxe \u00e0 Saint-Barth, pour r\u00e9server votre villa de r\u00eave et vivre des vacances sur mesure dans ce cadre exceptionnel.<\/span><\/p>\t\t\t\t\t\t\t\t<\/div>\n\t\t\t\t<\/div>\n\t\t\t\t\t<\/div>\n\t\t\t\t<\/div>\n\t\t<div class=\"elementor-element elementor-element-a1f8e3e e-flex e-con-boxed e-con e-parent\" data-id=\"a1f8e3e\" data-element_type=\"container\" data-e-type=\"container\">\n\t\t\t\t\t<div class=\"e-con-inner\">\n\t\t<div class=\"elementor-element elementor-element-1764bb6 e-con-full e-flex e-con e-child\" data-id=\"1764bb6\" data-element_type=\"container\" data-e-type=\"container\">\n\t\t\t\t<div class=\"elementor-element elementor-element-d03c16c elementor-align-right elementor-mobile-align-justify elementor-tablet-align-justify elementor-widget elementor-widget-button\" data-id=\"d03c16c\" data-element_type=\"widget\" data-e-type=\"widget\" data-widget_type=\"button.default\">\n\t\t\t\t<div class=\"elementor-widget-container\">\n\t\t\t\t\t\t\t\t\t<div class=\"elementor-button-wrapper\">\n\t\t\t\t\t<a class=\"elementor-button elementor-button-link elementor-size-sm\" href=\"mailto:conciergerie@bucketlistvilla.com\">\n\t\t\t\t\t\t<span class=\"elementor-button-content-wrapper\">\n\t\t\t\t\t\t\t\t\t<span class=\"elementor-button-text\">contacter un expert<\/span>\n\t\t\t\t\t<\/span>\n\t\t\t\t\t<\/a>\n\t\t\t\t<\/div>\n\t\t\t\t\t\t\t\t<\/div>\n\t\t\t\t<\/div>\n\t\t\t\t<\/div>\n\t\t<div class=\"elementor-element elementor-element-27c2a5c e-con-full e-flex e-con e-child\" data-id=\"27c2a5c\" data-element_type=\"container\" data-e-type=\"container\">\n\t\t\t\t<div class=\"elementor-element elementor-element-f0b61c0 elementor-align-left elementor-mobile-align-justify elementor-tablet-align-justify elementor-widget elementor-widget-button\" data-id=\"f0b61c0\" data-element_type=\"widget\" data-e-type=\"widget\" data-widget_type=\"button.default\">\n\t\t\t\t<div class=\"elementor-widget-container\">\n\t\t\t\t\t\t\t\t\t<div class=\"elementor-button-wrapper\">\n\t\t\t\t\t<a class=\"elementor-button elementor-button-link elementor-size-sm\" href=\"https:\/\/wa.me\/+590690610267\">\n\t\t\t\t\t\t<span class=\"elementor-button-content-wrapper\">\n\t\t\t\t\t\t\t\t\t<span class=\"elementor-button-text\">parler \u00e0 un expert<\/span>\n\t\t\t\t\t<\/span>\n\t\t\t\t\t<\/a>\n\t\t\t\t<\/div>\n\t\t\t\t\t\t\t\t<\/div>\n\t\t\t\t<\/div>\n\t\t\t\t<\/div>\n\t\t\t\t\t<\/div>\n\t\t\t\t<\/div>\n\t\t<div class=\"elementor-element elementor-element-87f7eb2 e-flex e-con-boxed e-con e-parent\" data-id=\"87f7eb2\" data-element_type=\"container\" data-e-type=\"container\">\n\t\t\t\t\t<div class=\"e-con-inner\">\n\t\t\t\t<div class=\"elementor-element elementor-element-d10b145 elementor-widget elementor-widget-template\" data-id=\"d10b145\" data-element_type=\"widget\" data-e-type=\"widget\" data-widget_type=\"template.default\">\n\t\t\t\t<div class=\"elementor-widget-container\">\n\t\t\t\t\t\t\t<div class=\"elementor-template\">\n\t\t\t\t\t<div data-elementor-type=\"container\" data-elementor-id=\"3955\" class=\"elementor elementor-3955\" data-elementor-post-type=\"elementor_library\">\n\t\t\t\t<div class=\"elementor-element elementor-element-1d0abfe1 e-flex e-con-boxed e-con e-parent\" data-id=\"1d0abfe1\" data-element_type=\"container\" data-e-type=\"container\">\n\t\t\t\t\t<div class=\"e-con-inner\">\n\t\t<div class=\"elementor-element elementor-element-23032bb8 e-con-full e-flex e-con e-child\" data-id=\"23032bb8\" data-element_type=\"container\" data-e-type=\"container\">\n\t\t\t\t<div class=\"elementor-element elementor-element-56702b10 elementor-cta--skin-cover elementor-cta--valign-bottom elementor-animated-content elementor-bg-transform elementor-bg-transform-zoom-in elementor-widget elementor-widget-call-to-action\" data-id=\"56702b10\" data-element_type=\"widget\" data-e-type=\"widget\" data-widget_type=\"call-to-action.default\">\n\t\t\t\t<div class=\"elementor-widget-container\">\n\t\t\t\t\t\t\t<a class=\"elementor-cta\" href=\"https:\/\/www.bucketlistvilla.com\/fr\/location-vacances-st-barth\/\">\n\t\t\t\t\t<div class=\"elementor-cta__bg-wrapper\">\n\t\t\t\t<div class=\"elementor-cta__bg elementor-bg\" style=\"background-image: url(https:\/\/www.bucketlistvilla.com\/blog\/wp-content\/uploads\/2025\/06\/Villa-Tourmaline-70-1-e1749284321608.jpg);\" role=\"img\" aria-label=\"Accommodation St Barts\"><\/div>\n\t\t\t\t<div class=\"elementor-cta__bg-overlay\"><\/div>\n\t\t\t<\/div>\n\t\t\t\t\t\t\t<div class=\"elementor-cta__content\">\n\t\t\t\t\n\t\t\t\t\n\t\t\t\t\n\t\t\t\t\t\t\t\t\t<div class=\"elementor-cta__button-wrapper elementor-cta__content-item elementor-content-item elementor-animated-item--grow\">\n\t\t\t\t\t<span class=\"elementor-cta__button elementor-button elementor-size-\">\n\t\t\t\t\t\tLocations vacances st barth\t\t\t\t\t<\/span>\n\t\t\t\t\t<\/div>\n\t\t\t\t\t\t\t<\/div>\n\t\t\t\t\t\t<\/a>\n\t\t\t\t\t\t<\/div>\n\t\t\t\t<\/div>\n\t\t\t\t<\/div>\n\t\t<div class=\"elementor-element elementor-element-403c8d99 e-con-full e-flex e-con e-child\" data-id=\"403c8d99\" data-element_type=\"container\" data-e-type=\"container\">\n\t\t\t\t<div class=\"elementor-element elementor-element-11d0ef35 elementor-cta--skin-cover elementor-cta--valign-bottom elementor-animated-content elementor-bg-transform elementor-bg-transform-zoom-in elementor-widget elementor-widget-call-to-action\" data-id=\"11d0ef35\" data-element_type=\"widget\" data-e-type=\"widget\" data-widget_type=\"call-to-action.default\">\n\t\t\t\t<div class=\"elementor-widget-container\">\n\t\t\t\t\t\t\t<a class=\"elementor-cta\" href=\"https:\/\/www.bucketlistvilla.com\/fr\/villa-luxe-saint-barth\/\">\n\t\t\t\t\t<div class=\"elementor-cta__bg-wrapper\">\n\t\t\t\t<div class=\"elementor-cta__bg elementor-bg\" style=\"background-image: url(https:\/\/www.bucketlistvilla.com\/blog\/wp-content\/uploads\/2025\/06\/bucketlistvilla_larimar_st_barts_rentals_-31-e1749283151228.jpg);\" role=\"img\" aria-label=\"Villas St Barts\"><\/div>\n\t\t\t\t<div class=\"elementor-cta__bg-overlay\"><\/div>\n\t\t\t<\/div>\n\t\t\t\t\t\t\t<div class=\"elementor-cta__content\">\n\t\t\t\t\n\t\t\t\t\n\t\t\t\t\n\t\t\t\t\t\t\t\t\t<div class=\"elementor-cta__button-wrapper elementor-cta__content-item elementor-content-item elementor-animated-item--grow\">\n\t\t\t\t\t<span class=\"elementor-cta__button elementor-button elementor-size-\">\n\t\t\t\t\t\tVillas St Barth\t\t\t\t\t<\/span>\n\t\t\t\t\t<\/div>\n\t\t\t\t\t\t\t<\/div>\n\t\t\t\t\t\t<\/a>\n\t\t\t\t\t\t<\/div>\n\t\t\t\t<\/div>\n\t\t\t\t<\/div>\n\t\t<div class=\"elementor-element elementor-element-1914682f e-con-full e-flex e-con e-child\" data-id=\"1914682f\" data-element_type=\"container\" data-e-type=\"container\">\n\t\t\t\t<div class=\"elementor-element elementor-element-7999e4f0 elementor-cta--skin-cover elementor-cta--valign-bottom elementor-animated-content elementor-bg-transform elementor-bg-transform-zoom-in elementor-widget elementor-widget-call-to-action\" data-id=\"7999e4f0\" data-element_type=\"widget\" data-e-type=\"widget\" data-widget_type=\"call-to-action.default\">\n\t\t\t\t<div class=\"elementor-widget-container\">\n\t\t\t\t\t\t\t<a class=\"elementor-cta\" href=\"https:\/\/www.bucketlistvilla.com\/blog\/fr\/yacht-de-luxe-location\/\">\n\t\t\t\t\t<div class=\"elementor-cta__bg-wrapper\">\n\t\t\t\t<div class=\"elementor-cta__bg elementor-bg\" style=\"background-image: url(https:\/\/www.bucketlistvilla.com\/blog\/wp-content\/uploads\/2025\/06\/AdobeStock_600886862-2-e1749284197833.jpg);\" role=\"img\" aria-label=\"private yachts st barts\"><\/div>\n\t\t\t\t<div class=\"elementor-cta__bg-overlay\"><\/div>\n\t\t\t<\/div>\n\t\t\t\t\t\t\t<div class=\"elementor-cta__content\">\n\t\t\t\t\n\t\t\t\t\n\t\t\t\t\n\t\t\t\t\t\t\t\t\t<div class=\"elementor-cta__button-wrapper elementor-cta__content-item elementor-content-item elementor-animated-item--grow\">\n\t\t\t\t\t<span class=\"elementor-cta__button elementor-button elementor-size-\">\n\t\t\t\t\t\tBateaux St Barth\t\t\t\t\t<\/span>\n\t\t\t\t\t<\/div>\n\t\t\t\t\t\t\t<\/div>\n\t\t\t\t\t\t<\/a>\n\t\t\t\t\t\t<\/div>\n\t\t\t\t<\/div>\n\t\t\t\t<\/div>\n\t\t\t\t\t<\/div>\n\t\t\t\t<\/div>\n\t\t\t\t<\/div>\n\t\t\t\t<\/div>\n\t\t\t\t\t\t<\/div>\n\t\t\t\t<\/div>\n\t\t\t\t\t<\/div>\n\t\t\t\t<\/div>\n\t\t<div class=\"elementor-element elementor-element-73b8681 e-con-full e-flex e-con e-parent\" data-id=\"73b8681\" data-element_type=\"container\" data-e-type=\"container\">\n\t\t\t\t<div class=\"elementor-element elementor-element-7b325f0 elementor-widget elementor-widget-template\" data-id=\"7b325f0\" data-element_type=\"widget\" data-e-type=\"widget\" data-widget_type=\"template.default\">\n\t\t\t\t<div class=\"elementor-widget-container\">\n\t\t\t\t\t\t\t<div class=\"elementor-template\">\n\t\t\t\t\t<div data-elementor-type=\"container\" data-elementor-id=\"6226\" class=\"elementor elementor-6226\" data-elementor-post-type=\"elementor_library\">\n\t\t\t\t<div class=\"elementor-element elementor-element-f203827 e-flex e-con-boxed e-con e-parent\" data-id=\"f203827\" data-element_type=\"container\" data-e-type=\"container\" data-settings=\"{&quot;background_background&quot;:&quot;classic&quot;}\">\n\t\t\t\t\t<div class=\"e-con-inner\">\n\t\t<div class=\"elementor-element elementor-element-5515a880 e-con-full e-flex e-con e-child\" data-id=\"5515a880\" data-element_type=\"container\" data-e-type=\"container\">\n\t\t<div class=\"elementor-element elementor-element-3a05ad07 e-con-full e-flex e-con e-child\" data-id=\"3a05ad07\" data-element_type=\"container\" data-e-type=\"container\">\n\t\t\t\t<div class=\"elementor-element elementor-element-702e4543 elementor-widget elementor-widget-heading\" data-id=\"702e4543\" data-element_type=\"widget\" data-e-type=\"widget\" data-widget_type=\"heading.default\">\n\t\t\t\t<div class=\"elementor-widget-container\">\n\t\t\t\t\t<h3 class=\"elementor-heading-title elementor-size-default\">Besoin d'aide pour r\u00e9server ?<\/h3>\t\t\t\t<\/div>\n\t\t\t\t<\/div>\n\t\t\t\t<div class=\"elementor-element elementor-element-282cf3e6 elementor-widget elementor-widget-text-editor\" data-id=\"282cf3e6\" data-element_type=\"widget\" data-e-type=\"widget\" data-widget_type=\"text-editor.default\">\n\t\t\t\t<div class=\"elementor-widget-container\">\n\t\t\t\t\t\t\t\t\t<a href=\"https:\/\/www.bucketlistvilla.com\/fr\/contact\/\">\u00caTRE CONTACT\u00c9 PAR NOS EXPERTS &gt;<\/a>\t\t\t\t\t\t\t\t<\/div>\n\t\t\t\t<\/div>\n\t\t\t\t<div class=\"elementor-element elementor-element-6a7da241 elementor-widget elementor-widget-text-editor\" data-id=\"6a7da241\" data-element_type=\"widget\" data-e-type=\"widget\" data-widget_type=\"text-editor.default\">\n\t\t\t\t<div class=\"elementor-widget-container\">\n\t\t\t\t\t\t\t\t\t<p><a href=\"https:\/\/wa.me\/+590690610267\">WHATSAPP &gt;<\/a><\/p>\t\t\t\t\t\t\t\t<\/div>\n\t\t\t\t<\/div>\n\t\t<div class=\"elementor-element elementor-element-5cde7a1 e-con-full e-flex e-con e-child\" data-id=\"5cde7a1\" data-element_type=\"container\" data-e-type=\"container\">\n\t\t\t\t<div class=\"elementor-element elementor-element-769dbdd3 elementor-icon-list--layout-inline elementor-list-item-link-full_width elementor-widget elementor-widget-icon-list\" data-id=\"769dbdd3\" data-element_type=\"widget\" data-e-type=\"widget\" data-widget_type=\"icon-list.default\">\n\t\t\t\t<div class=\"elementor-widget-container\">\n\t\t\t\t\t\t\t<ul class=\"elementor-icon-list-items elementor-inline-items\">\n\t\t\t\t\t\t\t<li class=\"elementor-icon-list-item elementor-inline-item\">\n\t\t\t\t\t\t\t\t\t\t\t<a href=\"tel:+590690610267\">\n\n\t\t\t\t\t\t\t\t\t\t\t\t<span class=\"elementor-icon-list-icon\">\n\t\t\t\t\t\t\t<svg aria-hidden=\"true\" class=\"e-font-icon-svg e-fas-phone-alt\" viewBox=\"0 0 512 512\" xmlns=\"http:\/\/www.w3.org\/2000\/svg\"><path d=\"M497.39 361.8l-112-48a24 24 0 0 0-28 6.9l-49.6 60.6A370.66 370.66 0 0 1 130.6 204.11l60.6-49.6a23.94 23.94 0 0 0 6.9-28l-48-112A24.16 24.16 0 0 0 122.6.61l-104 24A24 24 0 0 0 0 48c0 256.5 207.9 464 464 464a24 24 0 0 0 23.4-18.6l24-104a24.29 24.29 0 0 0-14.01-27.6z\"><\/path><\/svg>\t\t\t\t\t\t<\/span>\n\t\t\t\t\t\t\t\t\t\t<span class=\"elementor-icon-list-text\"><\/span>\n\t\t\t\t\t\t\t\t\t\t\t<\/a>\n\t\t\t\t\t\t\t\t\t<\/li>\n\t\t\t\t\t\t\t\t<li class=\"elementor-icon-list-item elementor-inline-item\">\n\t\t\t\t\t\t\t\t\t\t\t<a href=\"mailto:contact@bucketlistvilla.com\">\n\n\t\t\t\t\t\t\t\t\t\t\t\t<span class=\"elementor-icon-list-icon\">\n\t\t\t\t\t\t\t<svg aria-hidden=\"true\" class=\"e-font-icon-svg e-fas-mail-bulk\" viewBox=\"0 0 576 512\" xmlns=\"http:\/\/www.w3.org\/2000\/svg\"><path d=\"M160 448c-25.6 0-51.2-22.4-64-32-64-44.8-83.2-60.8-96-70.4V480c0 17.67 14.33 32 32 32h256c17.67 0 32-14.33 32-32V345.6c-12.8 9.6-32 25.6-96 70.4-12.8 9.6-38.4 32-64 32zm128-192H32c-17.67 0-32 14.33-32 32v16c25.6 19.2 22.4 19.2 115.2 86.4 9.6 6.4 28.8 25.6 44.8 25.6s35.2-19.2 44.8-22.4c92.8-67.2 89.6-67.2 115.2-86.4V288c0-17.67-14.33-32-32-32zm256-96H224c-17.67 0-32 14.33-32 32v32h96c33.21 0 60.59 25.42 63.71 57.82l.29-.22V416h192c17.67 0 32-14.33 32-32V192c0-17.67-14.33-32-32-32zm-32 128h-64v-64h64v64zm-352-96c0-35.29 28.71-64 64-64h224V32c0-17.67-14.33-32-32-32H96C78.33 0 64 14.33 64 32v192h96v-32z\"><\/path><\/svg>\t\t\t\t\t\t<\/span>\n\t\t\t\t\t\t\t\t\t\t<span class=\"elementor-icon-list-text\"><\/span>\n\t\t\t\t\t\t\t\t\t\t\t<\/a>\n\t\t\t\t\t\t\t\t\t<\/li>\n\t\t\t\t\t\t\t\t<li class=\"elementor-icon-list-item elementor-inline-item\">\n\t\t\t\t\t\t\t\t\t\t\t<a href=\"https:\/\/wa.me\/+590690610267\">\n\n\t\t\t\t\t\t\t\t\t\t\t\t<span class=\"elementor-icon-list-icon\">\n\t\t\t\t\t\t\t<svg aria-hidden=\"true\" class=\"e-font-icon-svg e-fab-whatsapp\" viewBox=\"0 0 448 512\" xmlns=\"http:\/\/www.w3.org\/2000\/svg\"><path d=\"M380.9 97.1C339 55.1 283.2 32 223.9 32c-122.4 0-222 99.6-222 222 0 39.1 10.2 77.3 29.6 111L0 480l117.7-30.9c32.4 17.7 68.9 27 106.1 27h.1c122.3 0 224.1-99.6 224.1-222 0-59.3-25.2-115-67.1-157zm-157 341.6c-33.2 0-65.7-8.9-94-25.7l-6.7-4-69.8 18.3L72 359.2l-4.4-7c-18.5-29.4-28.2-63.3-28.2-98.2 0-101.7 82.8-184.5 184.6-184.5 49.3 0 95.6 19.2 130.4 54.1 34.8 34.9 56.2 81.2 56.1 130.5 0 101.8-84.9 184.6-186.6 184.6zm101.2-138.2c-5.5-2.8-32.8-16.2-37.9-18-5.1-1.9-8.8-2.8-12.5 2.8-3.7 5.6-14.3 18-17.6 21.8-3.2 3.7-6.5 4.2-12 1.4-32.6-16.3-54-29.1-75.5-66-5.7-9.8 5.7-9.1 16.3-30.3 1.8-3.7.9-6.9-.5-9.7-1.4-2.8-12.5-30.1-17.1-41.2-4.5-10.8-9.1-9.3-12.5-9.5-3.2-.2-6.9-.2-10.6-.2-3.7 0-9.7 1.4-14.8 6.9-5.1 5.6-19.4 19-19.4 46.3 0 27.3 19.9 53.7 22.6 57.4 2.8 3.7 39.1 59.7 94.8 83.8 35.2 15.2 49 16.5 66.6 13.9 10.7-1.6 32.8-13.4 37.4-26.4 4.6-13 4.6-24.1 3.2-26.4-1.3-2.5-5-3.9-10.5-6.6z\"><\/path><\/svg>\t\t\t\t\t\t<\/span>\n\t\t\t\t\t\t\t\t\t\t<span class=\"elementor-icon-list-text\"><\/span>\n\t\t\t\t\t\t\t\t\t\t\t<\/a>\n\t\t\t\t\t\t\t\t\t<\/li>\n\t\t\t\t\t\t<\/ul>\n\t\t\t\t\t\t<\/div>\n\t\t\t\t<\/div>\n\t\t\t\t<\/div>\n\t\t\t\t<\/div>\n\t\t\t\t<\/div>\n\t\t<div class=\"elementor-element elementor-element-20924ae6 e-con-full e-flex e-con e-child\" data-id=\"20924ae6\" data-element_type=\"container\" data-e-type=\"container\">\n\t\t\t\t<div class=\"elementor-element elementor-element-65c0740a elementor-widget elementor-widget-text-editor\" data-id=\"65c0740a\" data-element_type=\"widget\" data-e-type=\"widget\" data-widget_type=\"text-editor.default\">\n\t\t\t\t<div class=\"elementor-widget-container\">\n\t\t\t\t\t\t\t\t\t<p><span style=\"font-weight: 400;\">Notre \u00e9quipe d\u2019experts est \u00e0 votre disposition pour vous offrir un service sur mesure et r\u00e9pondre \u00e0 toutes vos demandes.<\/span><\/p><p><span style=\"font-weight: 400;\">De la recherche de la villa parfaite \u00e0 l\u2019organisation de vos exp\u00e9riences ou \u00e9v\u00e8nements, nous organisons tout pour vous.<\/span><\/p>\t\t\t\t\t\t\t\t<\/div>\n\t\t\t\t<\/div>\n\t\t\t\t<\/div>\n\t\t\t\t\t<\/div>\n\t\t\t\t<\/div>\n\t\t\t\t<\/div>\n\t\t\t\t<\/div>\n\t\t\t\t\t\t<\/div>\n\t\t\t\t<\/div>\n\t\t\t\t<\/div>\n\t\t\t\t<\/div>\n\t\t","protected":false},"excerpt":{"rendered":"<p>D\u00e9couvrez la plage de Flamands, la plus grande de Saint-Barth\u00e9lemy, avec villas de luxe en bord de mer, restaurants raffin\u00e9s et activit\u00e9s nautiques exclusives.<\/p>\n","protected":false},"author":2,"featured_media":6639,"comment_status":"open","ping_status":"open","sticky":false,"template":"","format":"standard","meta":{"footnotes":""},"categories":[75,30,29],"tags":[88],"class_list":["post-6586","post","type-post","status-publish","format-standard","has-post-thumbnail","hentry","category-experiences","category-plage-st-barth","category-st-barth","tag-inspiration"],"yoast_head":"<!-- This site is optimized with the Yoast SEO plugin v27.5 - https:\/\/yoast.com\/product\/yoast-seo-wordpress\/ -->\n<title>Plage de Flamands Saint-Barth\u00e9lemy : villas et activit\u00e9s de prestige<\/title>\n<meta name=\"description\" content=\"D\u00e9couvrez la plage de Flamands \u00e0 Saint-Barth\u00e9lemy, entre villas de luxe, activit\u00e9s nautiques, gastronomie d\u2019exception et h\u00f4tels prestigieux.\" \/>\n<meta name=\"robots\" content=\"index, follow, max-snippet:-1, max-image-preview:large, max-video-preview:-1\" \/>\n<link rel=\"canonical\" href=\"https:\/\/www.bucketlistvilla.com\/blog\/fr\/plage-flamands-saint-barthelemy\/\" \/>\n<meta property=\"og:locale\" content=\"fr_FR\" \/>\n<meta property=\"og:type\" content=\"article\" \/>\n<meta property=\"og:title\" content=\"Plage de Flamands Saint-Barth\u00e9lemy : villas et activit\u00e9s de prestige\" \/>\n<meta property=\"og:description\" content=\"D\u00e9couvrez la plage de Flamands \u00e0 Saint-Barth\u00e9lemy, entre villas de luxe, activit\u00e9s nautiques, gastronomie d\u2019exception et h\u00f4tels prestigieux.\" \/>\n<meta property=\"og:url\" content=\"https:\/\/www.bucketlistvilla.com\/blog\/fr\/plage-flamands-saint-barthelemy\/\" \/>\n<meta property=\"og:site_name\" content=\"Blog\" \/>\n<meta property=\"article:published_time\" content=\"2025-07-15T07:25:36+00:00\" \/>\n<meta property=\"article:modified_time\" content=\"2025-09-11T09:37:35+00:00\" \/>\n<meta property=\"og:image\" content=\"https:\/\/www.bucketlistvilla.com\/blog\/wp-content\/uploads\/2025\/06\/Flamands-Beach-2-1-e1750691598871.jpg\" \/>\n\t<meta property=\"og:image:width\" content=\"1920\" \/>\n\t<meta property=\"og:image:height\" content=\"650\" \/>\n\t<meta property=\"og:image:type\" content=\"image\/jpeg\" \/>\n<meta name=\"author\" content=\"bucketlistvilla\" \/>\n<meta name=\"twitter:card\" content=\"summary_large_image\" \/>\n<meta name=\"twitter:label1\" content=\"Written by\" \/>\n\t<meta name=\"twitter:data1\" content=\"bucketlistvilla\" \/>\n\t<meta name=\"twitter:label2\" content=\"Est. reading time\" \/>\n\t<meta name=\"twitter:data2\" content=\"7 minutes\" \/>\n<script type=\"application\/ld+json\" class=\"yoast-schema-graph\">{\"@context\":\"https:\\\/\\\/schema.org\",\"@graph\":[{\"@type\":\"Article\",\"@id\":\"https:\\\/\\\/www.bucketlistvilla.com\\\/blog\\\/fr\\\/plage-flamands-saint-barthelemy\\\/#article\",\"isPartOf\":{\"@id\":\"https:\\\/\\\/www.bucketlistvilla.com\\\/blog\\\/fr\\\/plage-flamands-saint-barthelemy\\\/\"},\"author\":{\"name\":\"bucketlistvilla\",\"@id\":\"https:\\\/\\\/www.bucketlistvilla.com\\\/blog\\\/fr\\\/#\\\/schema\\\/person\\\/c8b1bc4b80bc50bb38e1fd34e415d4b3\"},\"headline\":\"Plage de Flamands Saint-Barth\u00e9lemy : villas et exp\u00e9riences exclusives\",\"datePublished\":\"2025-07-15T07:25:36+00:00\",\"dateModified\":\"2025-09-11T09:37:35+00:00\",\"mainEntityOfPage\":{\"@id\":\"https:\\\/\\\/www.bucketlistvilla.com\\\/blog\\\/fr\\\/plage-flamands-saint-barthelemy\\\/\"},\"wordCount\":941,\"commentCount\":0,\"image\":{\"@id\":\"https:\\\/\\\/www.bucketlistvilla.com\\\/blog\\\/fr\\\/plage-flamands-saint-barthelemy\\\/#primaryimage\"},\"thumbnailUrl\":\"https:\\\/\\\/www.bucketlistvilla.com\\\/blog\\\/wp-content\\\/uploads\\\/2025\\\/06\\\/Flamands-Beach-2-1-e1750691598871.jpg\",\"keywords\":[\"Inspiration\"],\"articleSection\":[\"Exp\u00e9riences\",\"Plage St Barth\",\"St Barth\"],\"inLanguage\":\"fr\",\"potentialAction\":[{\"@type\":\"CommentAction\",\"name\":\"Comment\",\"target\":[\"https:\\\/\\\/www.bucketlistvilla.com\\\/blog\\\/fr\\\/plage-flamands-saint-barthelemy\\\/#respond\"]}]},{\"@type\":\"WebPage\",\"@id\":\"https:\\\/\\\/www.bucketlistvilla.com\\\/blog\\\/fr\\\/plage-flamands-saint-barthelemy\\\/\",\"url\":\"https:\\\/\\\/www.bucketlistvilla.com\\\/blog\\\/fr\\\/plage-flamands-saint-barthelemy\\\/\",\"name\":\"Plage de Flamands Saint-Barth\u00e9lemy : villas et activit\u00e9s de prestige\",\"isPartOf\":{\"@id\":\"https:\\\/\\\/www.bucketlistvilla.com\\\/blog\\\/fr\\\/#website\"},\"primaryImageOfPage\":{\"@id\":\"https:\\\/\\\/www.bucketlistvilla.com\\\/blog\\\/fr\\\/plage-flamands-saint-barthelemy\\\/#primaryimage\"},\"image\":{\"@id\":\"https:\\\/\\\/www.bucketlistvilla.com\\\/blog\\\/fr\\\/plage-flamands-saint-barthelemy\\\/#primaryimage\"},\"thumbnailUrl\":\"https:\\\/\\\/www.bucketlistvilla.com\\\/blog\\\/wp-content\\\/uploads\\\/2025\\\/06\\\/Flamands-Beach-2-1-e1750691598871.jpg\",\"datePublished\":\"2025-07-15T07:25:36+00:00\",\"dateModified\":\"2025-09-11T09:37:35+00:00\",\"author\":{\"@id\":\"https:\\\/\\\/www.bucketlistvilla.com\\\/blog\\\/fr\\\/#\\\/schema\\\/person\\\/c8b1bc4b80bc50bb38e1fd34e415d4b3\"},\"description\":\"D\u00e9couvrez la plage de Flamands \u00e0 Saint-Barth\u00e9lemy, entre villas de luxe, activit\u00e9s nautiques, gastronomie d\u2019exception et h\u00f4tels prestigieux.\",\"breadcrumb\":{\"@id\":\"https:\\\/\\\/www.bucketlistvilla.com\\\/blog\\\/fr\\\/plage-flamands-saint-barthelemy\\\/#breadcrumb\"},\"inLanguage\":\"fr\",\"potentialAction\":[{\"@type\":\"ReadAction\",\"target\":[\"https:\\\/\\\/www.bucketlistvilla.com\\\/blog\\\/fr\\\/plage-flamands-saint-barthelemy\\\/\"]}]},{\"@type\":\"ImageObject\",\"inLanguage\":\"fr\",\"@id\":\"https:\\\/\\\/www.bucketlistvilla.com\\\/blog\\\/fr\\\/plage-flamands-saint-barthelemy\\\/#primaryimage\",\"url\":\"https:\\\/\\\/www.bucketlistvilla.com\\\/blog\\\/wp-content\\\/uploads\\\/2025\\\/06\\\/Flamands-Beach-2-1-e1750691598871.jpg\",\"contentUrl\":\"https:\\\/\\\/www.bucketlistvilla.com\\\/blog\\\/wp-content\\\/uploads\\\/2025\\\/06\\\/Flamands-Beach-2-1-e1750691598871.jpg\",\"width\":1920,\"height\":650,\"caption\":\"Plage de Flamands \u00e0 Saint-Barth\u00e9lemy, sable blanc et mer turquoise cristalline.\"},{\"@type\":\"BreadcrumbList\",\"@id\":\"https:\\\/\\\/www.bucketlistvilla.com\\\/blog\\\/fr\\\/plage-flamands-saint-barthelemy\\\/#breadcrumb\",\"itemListElement\":[{\"@type\":\"ListItem\",\"position\":1,\"name\":\"Home\",\"item\":\"https:\\\/\\\/www.bucketlistvilla.com\\\/blog\\\/fr\\\/\"},{\"@type\":\"ListItem\",\"position\":2,\"name\":\"Plage de Flamands Saint-Barth\u00e9lemy : villas et exp\u00e9riences exclusives\"}]},{\"@type\":\"WebSite\",\"@id\":\"https:\\\/\\\/www.bucketlistvilla.com\\\/blog\\\/fr\\\/#website\",\"url\":\"https:\\\/\\\/www.bucketlistvilla.com\\\/blog\\\/fr\\\/\",\"name\":\"Blog\",\"description\":\"\",\"potentialAction\":[{\"@type\":\"SearchAction\",\"target\":{\"@type\":\"EntryPoint\",\"urlTemplate\":\"https:\\\/\\\/www.bucketlistvilla.com\\\/blog\\\/fr\\\/?s={search_term_string}\"},\"query-input\":{\"@type\":\"PropertyValueSpecification\",\"valueRequired\":true,\"valueName\":\"search_term_string\"}}],\"inLanguage\":\"fr\"},{\"@type\":\"Person\",\"@id\":\"https:\\\/\\\/www.bucketlistvilla.com\\\/blog\\\/fr\\\/#\\\/schema\\\/person\\\/c8b1bc4b80bc50bb38e1fd34e415d4b3\",\"name\":\"bucketlistvilla\",\"image\":{\"@type\":\"ImageObject\",\"inLanguage\":\"fr\",\"@id\":\"https:\\\/\\\/secure.gravatar.com\\\/avatar\\\/1aa049deecc447bee9bcefe627a3e665b6c917a626c724dcbf09ff48be7a21ec?s=96&d=mm&r=g\",\"url\":\"https:\\\/\\\/secure.gravatar.com\\\/avatar\\\/1aa049deecc447bee9bcefe627a3e665b6c917a626c724dcbf09ff48be7a21ec?s=96&d=mm&r=g\",\"contentUrl\":\"https:\\\/\\\/secure.gravatar.com\\\/avatar\\\/1aa049deecc447bee9bcefe627a3e665b6c917a626c724dcbf09ff48be7a21ec?s=96&d=mm&r=g\",\"caption\":\"bucketlistvilla\"},\"url\":\"https:\\\/\\\/www.bucketlistvilla.com\\\/blog\\\/fr\\\/author\\\/bucketlistvilla\\\/\"}]}<\/script>\n<!-- \/ Yoast SEO plugin. -->","yoast_head_json":{"title":"Plage de Flamands Saint-Barth\u00e9lemy : villas et activit\u00e9s de prestige","description":"D\u00e9couvrez la plage de Flamands \u00e0 Saint-Barth\u00e9lemy, entre villas de luxe, activit\u00e9s nautiques, gastronomie d\u2019exception et h\u00f4tels prestigieux.","robots":{"index":"index","follow":"follow","max-snippet":"max-snippet:-1","max-image-preview":"max-image-preview:large","max-video-preview":"max-video-preview:-1"},"canonical":"https:\/\/www.bucketlistvilla.com\/blog\/fr\/plage-flamands-saint-barthelemy\/","og_locale":"fr_FR","og_type":"article","og_title":"Plage de Flamands Saint-Barth\u00e9lemy : villas et activit\u00e9s de prestige","og_description":"D\u00e9couvrez la plage de Flamands \u00e0 Saint-Barth\u00e9lemy, entre villas de luxe, activit\u00e9s nautiques, gastronomie d\u2019exception et h\u00f4tels prestigieux.","og_url":"https:\/\/www.bucketlistvilla.com\/blog\/fr\/plage-flamands-saint-barthelemy\/","og_site_name":"Blog","article_published_time":"2025-07-15T07:25:36+00:00","article_modified_time":"2025-09-11T09:37:35+00:00","og_image":[{"width":1920,"height":650,"url":"https:\/\/www.bucketlistvilla.com\/blog\/wp-content\/uploads\/2025\/06\/Flamands-Beach-2-1-e1750691598871.jpg","type":"image\/jpeg"}],"author":"bucketlistvilla","twitter_card":"summary_large_image","twitter_misc":{"Written by":"bucketlistvilla","Est. reading time":"7 minutes"},"schema":{"@context":"https:\/\/schema.org","@graph":[{"@type":"Article","@id":"https:\/\/www.bucketlistvilla.com\/blog\/fr\/plage-flamands-saint-barthelemy\/#article","isPartOf":{"@id":"https:\/\/www.bucketlistvilla.com\/blog\/fr\/plage-flamands-saint-barthelemy\/"},"author":{"name":"bucketlistvilla","@id":"https:\/\/www.bucketlistvilla.com\/blog\/fr\/#\/schema\/person\/c8b1bc4b80bc50bb38e1fd34e415d4b3"},"headline":"Plage de Flamands Saint-Barth\u00e9lemy : villas et exp\u00e9riences exclusives","datePublished":"2025-07-15T07:25:36+00:00","dateModified":"2025-09-11T09:37:35+00:00","mainEntityOfPage":{"@id":"https:\/\/www.bucketlistvilla.com\/blog\/fr\/plage-flamands-saint-barthelemy\/"},"wordCount":941,"commentCount":0,"image":{"@id":"https:\/\/www.bucketlistvilla.com\/blog\/fr\/plage-flamands-saint-barthelemy\/#primaryimage"},"thumbnailUrl":"https:\/\/www.bucketlistvilla.com\/blog\/wp-content\/uploads\/2025\/06\/Flamands-Beach-2-1-e1750691598871.jpg","keywords":["Inspiration"],"articleSection":["Exp\u00e9riences","Plage St Barth","St Barth"],"inLanguage":"fr","potentialAction":[{"@type":"CommentAction","name":"Comment","target":["https:\/\/www.bucketlistvilla.com\/blog\/fr\/plage-flamands-saint-barthelemy\/#respond"]}]},{"@type":"WebPage","@id":"https:\/\/www.bucketlistvilla.com\/blog\/fr\/plage-flamands-saint-barthelemy\/","url":"https:\/\/www.bucketlistvilla.com\/blog\/fr\/plage-flamands-saint-barthelemy\/","name":"Plage de Flamands Saint-Barth\u00e9lemy : villas et activit\u00e9s de prestige","isPartOf":{"@id":"https:\/\/www.bucketlistvilla.com\/blog\/fr\/#website"},"primaryImageOfPage":{"@id":"https:\/\/www.bucketlistvilla.com\/blog\/fr\/plage-flamands-saint-barthelemy\/#primaryimage"},"image":{"@id":"https:\/\/www.bucketlistvilla.com\/blog\/fr\/plage-flamands-saint-barthelemy\/#primaryimage"},"thumbnailUrl":"https:\/\/www.bucketlistvilla.com\/blog\/wp-content\/uploads\/2025\/06\/Flamands-Beach-2-1-e1750691598871.jpg","datePublished":"2025-07-15T07:25:36+00:00","dateModified":"2025-09-11T09:37:35+00:00","author":{"@id":"https:\/\/www.bucketlistvilla.com\/blog\/fr\/#\/schema\/person\/c8b1bc4b80bc50bb38e1fd34e415d4b3"},"description":"D\u00e9couvrez la plage de Flamands \u00e0 Saint-Barth\u00e9lemy, entre villas de luxe, activit\u00e9s nautiques, gastronomie d\u2019exception et h\u00f4tels prestigieux.","breadcrumb":{"@id":"https:\/\/www.bucketlistvilla.com\/blog\/fr\/plage-flamands-saint-barthelemy\/#breadcrumb"},"inLanguage":"fr","potentialAction":[{"@type":"ReadAction","target":["https:\/\/www.bucketlistvilla.com\/blog\/fr\/plage-flamands-saint-barthelemy\/"]}]},{"@type":"ImageObject","inLanguage":"fr","@id":"https:\/\/www.bucketlistvilla.com\/blog\/fr\/plage-flamands-saint-barthelemy\/#primaryimage","url":"https:\/\/www.bucketlistvilla.com\/blog\/wp-content\/uploads\/2025\/06\/Flamands-Beach-2-1-e1750691598871.jpg","contentUrl":"https:\/\/www.bucketlistvilla.com\/blog\/wp-content\/uploads\/2025\/06\/Flamands-Beach-2-1-e1750691598871.jpg","width":1920,"height":650,"caption":"Plage de Flamands \u00e0 Saint-Barth\u00e9lemy, sable blanc et mer turquoise cristalline."},{"@type":"BreadcrumbList","@id":"https:\/\/www.bucketlistvilla.com\/blog\/fr\/plage-flamands-saint-barthelemy\/#breadcrumb","itemListElement":[{"@type":"ListItem","position":1,"name":"Home","item":"https:\/\/www.bucketlistvilla.com\/blog\/fr\/"},{"@type":"ListItem","position":2,"name":"Plage de Flamands Saint-Barth\u00e9lemy : villas et exp\u00e9riences exclusives"}]},{"@type":"WebSite","@id":"https:\/\/www.bucketlistvilla.com\/blog\/fr\/#website","url":"https:\/\/www.bucketlistvilla.com\/blog\/fr\/","name":"Blog","description":"","potentialAction":[{"@type":"SearchAction","target":{"@type":"EntryPoint","urlTemplate":"https:\/\/www.bucketlistvilla.com\/blog\/fr\/?s={search_term_string}"},"query-input":{"@type":"PropertyValueSpecification","valueRequired":true,"valueName":"search_term_string"}}],"inLanguage":"fr"},{"@type":"Person","@id":"https:\/\/www.bucketlistvilla.com\/blog\/fr\/#\/schema\/person\/c8b1bc4b80bc50bb38e1fd34e415d4b3","name":"bucketlistvilla","image":{"@type":"ImageObject","inLanguage":"fr","@id":"https:\/\/secure.gravatar.com\/avatar\/1aa049deecc447bee9bcefe627a3e665b6c917a626c724dcbf09ff48be7a21ec?s=96&d=mm&r=g","url":"https:\/\/secure.gravatar.com\/avatar\/1aa049deecc447bee9bcefe627a3e665b6c917a626c724dcbf09ff48be7a21ec?s=96&d=mm&r=g","contentUrl":"https:\/\/secure.gravatar.com\/avatar\/1aa049deecc447bee9bcefe627a3e665b6c917a626c724dcbf09ff48be7a21ec?s=96&d=mm&r=g","caption":"bucketlistvilla"},"url":"https:\/\/www.bucketlistvilla.com\/blog\/fr\/author\/bucketlistvilla\/"}]}},"_links":{"self":[{"href":"https:\/\/www.bucketlistvilla.com\/blog\/fr\/wp-json\/wp\/v2\/posts\/6586","targetHints":{"allow":["GET"]}}],"collection":[{"href":"https:\/\/www.bucketlistvilla.com\/blog\/fr\/wp-json\/wp\/v2\/posts"}],"about":[{"href":"https:\/\/www.bucketlistvilla.com\/blog\/fr\/wp-json\/wp\/v2\/types\/post"}],"author":[{"embeddable":true,"href":"https:\/\/www.bucketlistvilla.com\/blog\/fr\/wp-json\/wp\/v2\/users\/2"}],"replies":[{"embeddable":true,"href":"https:\/\/www.bucketlistvilla.com\/blog\/fr\/wp-json\/wp\/v2\/comments?post=6586"}],"version-history":[{"count":62,"href":"https:\/\/www.bucketlistvilla.com\/blog\/fr\/wp-json\/wp\/v2\/posts\/6586\/revisions"}],"predecessor-version":[{"id":8156,"href":"https:\/\/www.bucketlistvilla.com\/blog\/fr\/wp-json\/wp\/v2\/posts\/6586\/revisions\/8156"}],"wp:featuredmedia":[{"embeddable":true,"href":"https:\/\/www.bucketlistvilla.com\/blog\/fr\/wp-json\/wp\/v2\/media\/6639"}],"wp:attachment":[{"href":"https:\/\/www.bucketlistvilla.com\/blog\/fr\/wp-json\/wp\/v2\/media?parent=6586"}],"wp:term":[{"taxonomy":"category","embeddable":true,"href":"https:\/\/www.bucketlistvilla.com\/blog\/fr\/wp-json\/wp\/v2\/categories?post=6586"},{"taxonomy":"post_tag","embeddable":true,"href":"https:\/\/www.bucketlistvilla.com\/blog\/fr\/wp-json\/wp\/v2\/tags?post=6586"}],"curies":[{"name":"wp","href":"https:\/\/api.w.org\/{rel}","templated":true}]}}