{"id":7930,"date":"2025-07-10T13:34:17","date_gmt":"2025-07-10T13:34:17","guid":{"rendered":"https:\/\/www.bucketlistvilla.com\/blog\/?p=7930"},"modified":"2025-09-11T09:29:39","modified_gmt":"2025-09-11T09:29:39","slug":"vacances-luxe-derniere-minute","status":"publish","type":"post","link":"https:\/\/www.bucketlistvilla.com\/blog\/fr\/vacances-luxe-derniere-minute\/","title":{"rendered":"Vacances de luxe de derni\u00e8re minute : d\u00e9couvrez nos offres"},"content":{"rendered":"\t\t<div data-elementor-type=\"wp-post\" data-elementor-id=\"7930\" class=\"elementor elementor-7930\" data-elementor-post-type=\"post\">\n\t\t\t\t<div class=\"elementor-element elementor-element-90b3189 e-flex e-con-boxed e-con e-parent\" data-id=\"90b3189\" data-element_type=\"container\" data-e-type=\"container\">\n\t\t\t\t\t<div class=\"e-con-inner\">\n\t\t\t\t<div class=\"elementor-element elementor-element-b3930ed elementor-widget elementor-widget-text-editor\" data-id=\"b3930ed\" data-element_type=\"widget\" data-e-type=\"widget\" data-widget_type=\"text-editor.default\">\n\t\t\t\t<div class=\"elementor-widget-container\">\n\t\t\t\t\t\t\t\t\t<p>Vous n&#8217;avez pas eu le temps de planifier et d&#8217;organiser vos prochaines vacances ? Aucun probl\u00e8me, Bucket List Villa s&#8217;occupe de tout \u00e0 votre place ! D\u00e9couvrez nos offres de <strong>vacances de luxe de derni\u00e8re minute<\/strong>, con\u00e7ues pour vous offrir un s\u00e9jour exceptionnel sans compromis. Destinations de r\u00eaves, offres, activit\u00e9s et conseils&#8230; On vous dit tout !<\/p>\t\t\t\t\t\t\t\t<\/div>\n\t\t\t\t<\/div>\n\t\t\t\t\t<\/div>\n\t\t\t\t<\/div>\n\t\t<div class=\"elementor-element elementor-element-eba90eb e-flex e-con-boxed e-con e-parent\" data-id=\"eba90eb\" data-element_type=\"container\" data-e-type=\"container\">\n\t\t\t\t\t<div class=\"e-con-inner\">\n\t\t\t\t<div class=\"elementor-element elementor-element-06eef91 elementor-widget elementor-widget-template\" data-id=\"06eef91\" data-element_type=\"widget\" data-e-type=\"widget\" data-widget_type=\"template.default\">\n\t\t\t\t<div class=\"elementor-widget-container\">\n\t\t\t\t\t\t\t<div class=\"elementor-template\">\n\t\t\t\t\t<div data-elementor-type=\"container\" data-elementor-id=\"6215\" class=\"elementor elementor-6215\" data-elementor-post-type=\"elementor_library\">\n\t\t\t\t<div class=\"elementor-element elementor-element-7fada30 e-flex e-con-boxed e-con e-parent\" data-id=\"7fada30\" data-element_type=\"container\" data-e-type=\"container\">\n\t\t\t\t\t<div class=\"e-con-inner\">\n\t\t\t\t<div class=\"elementor-element elementor-element-9a267c6 elementor-widget elementor-widget-table-of-contents\" data-id=\"9a267c6\" data-element_type=\"widget\" data-e-type=\"widget\" data-settings=\"{&quot;headings_by_tags&quot;:[&quot;h2&quot;],&quot;exclude_headings_by_selector&quot;:[],&quot;marker_view&quot;:&quot;bullets&quot;,&quot;icon&quot;:{&quot;value&quot;:&quot;&quot;,&quot;library&quot;:&quot;&quot;},&quot;no_headings_message&quot;:&quot;Aucun titre n\\u2019a \\u00e9t\\u00e9 trouv\\u00e9 sur cette page.&quot;,&quot;hierarchical_view&quot;:&quot;yes&quot;,&quot;min_height&quot;:{&quot;unit&quot;:&quot;px&quot;,&quot;size&quot;:&quot;&quot;,&quot;sizes&quot;:[]},&quot;min_height_tablet&quot;:{&quot;unit&quot;:&quot;px&quot;,&quot;size&quot;:&quot;&quot;,&quot;sizes&quot;:[]},&quot;min_height_mobile&quot;:{&quot;unit&quot;:&quot;px&quot;,&quot;size&quot;:&quot;&quot;,&quot;sizes&quot;:[]}}\" data-widget_type=\"table-of-contents.default\">\n\t\t\t\t<div class=\"elementor-widget-container\">\n\t\t\t\t\t\t\t\t\t<div class=\"elementor-toc__header\">\n\t\t\t\t\t\t<div class=\"elementor-toc__header-title\">\n\t\t\t\tSommaire\t\t\t<\/div>\n\t\t\t\t\t\t\t\t<\/div>\n\t\t\t\t<div id=\"elementor-toc__9a267c6\" class=\"elementor-toc__body\">\n\t\t\t<div class=\"elementor-toc__spinner-container\">\n\t\t\t\t<svg class=\"elementor-toc__spinner eicon-animation-spin e-font-icon-svg e-eicon-loading\" aria-hidden=\"true\" viewBox=\"0 0 1000 1000\" xmlns=\"http:\/\/www.w3.org\/2000\/svg\"><path d=\"M500 975V858C696 858 858 696 858 500S696 142 500 142 142 304 142 500H25C25 237 238 25 500 25S975 237 975 500 763 975 500 975Z\"><\/path><\/svg>\t\t\t<\/div>\n\t\t<\/div>\n\t\t\t\t\t\t<\/div>\n\t\t\t\t<\/div>\n\t\t\t\t\t<\/div>\n\t\t\t\t<\/div>\n\t\t\t\t<\/div>\n\t\t\t\t<\/div>\n\t\t\t\t\t\t<\/div>\n\t\t\t\t<\/div>\n\t\t\t\t\t<\/div>\n\t\t\t\t<\/div>\n\t\t<div class=\"elementor-element elementor-element-7205140 e-flex e-con-boxed e-con e-parent\" data-id=\"7205140\" data-element_type=\"container\" data-e-type=\"container\">\n\t\t\t\t\t<div class=\"e-con-inner\">\n\t\t\t\t<div class=\"elementor-element elementor-element-c9a8855 elementor-widget elementor-widget-heading\" data-id=\"c9a8855\" data-element_type=\"widget\" data-e-type=\"widget\" data-widget_type=\"heading.default\">\n\t\t\t\t<div class=\"elementor-widget-container\">\n\t\t\t\t\t<h2 class=\"elementor-heading-title elementor-size-default\">Les meilleures destinations pour des vacances de luxe de derni\u00e8re minute<\/h2>\t\t\t\t<\/div>\n\t\t\t\t<\/div>\n\t\t\t\t\t<\/div>\n\t\t\t\t<\/div>\n\t\t<div class=\"elementor-element elementor-element-d296253 e-flex e-con-boxed e-con e-parent\" data-id=\"d296253\" data-element_type=\"container\" data-e-type=\"container\">\n\t\t\t\t\t<div class=\"e-con-inner\">\n\t\t<div class=\"elementor-element elementor-element-8169815 e-con-full e-flex e-con e-child\" data-id=\"8169815\" data-element_type=\"container\" data-e-type=\"container\">\n\t\t\t\t<div class=\"elementor-element elementor-element-4bad443 elementor-widget elementor-widget-heading\" data-id=\"4bad443\" data-element_type=\"widget\" data-e-type=\"widget\" data-widget_type=\"heading.default\">\n\t\t\t\t<div class=\"elementor-widget-container\">\n\t\t\t\t\t<h3 class=\"elementor-heading-title elementor-size-default\"><a href=\"https:\/\/www.bucketlistvilla.com\/fr\/location-vacances-luxe-caraibes\/\">Les cara\u00efbes<\/a><\/h3>\t\t\t\t<\/div>\n\t\t\t\t<\/div>\n\t\t\t\t<div class=\"elementor-element elementor-element-193c11a elementor-widget elementor-widget-image\" data-id=\"193c11a\" data-element_type=\"widget\" data-e-type=\"widget\" data-widget_type=\"image.default\">\n\t\t\t\t<div class=\"elementor-widget-container\">\n\t\t\t\t\t\t\t\t\t\t\t\t\t\t\t<img fetchpriority=\"high\" decoding=\"async\" width=\"300\" height=\"250\" src=\"https:\/\/www.bucketlistvilla.com\/blog\/wp-content\/uploads\/2025\/07\/vacances-luxe-derniere-minute-caraibes.webp\" class=\"attachment-full size-full wp-image-8014\" alt=\"vacances luxe derni\u00e8re minute cara\u00efbes\" \/>\t\t\t\t\t\t\t\t\t\t\t\t\t\t\t<\/div>\n\t\t\t\t<\/div>\n\t\t\t\t<div class=\"elementor-element elementor-element-0b4870b elementor-widget elementor-widget-text-editor\" data-id=\"0b4870b\" data-element_type=\"widget\" data-e-type=\"widget\" data-widget_type=\"text-editor.default\">\n\t\t\t\t<div class=\"elementor-widget-container\">\n\t\t\t\t\t\t\t\t\t<p>Paysages paradisiaques, plages de sable fin, eaux turquoise&#8230; Vous trouverez une multitude de destinations de luxe, id\u00e9ales pour des vacances de derni\u00e8re minute.\u00a0<\/p><p>Notre coup de c\u0153ur : L&#8217;\u00eele de <a href=\"https:\/\/www.bucketlistvilla.com\/blog\/fr\/vacances-saint-barth\/\"><strong>Saint-Barth\u00e9lemy<\/strong><\/a>, pour son \u00e9l\u00e9gance et raffinement et ses services haut de gamme.<\/p>\t\t\t\t\t\t\t\t<\/div>\n\t\t\t\t<\/div>\n\t\t\t\t<\/div>\n\t\t<div class=\"elementor-element elementor-element-77a6d0c e-con-full e-flex e-con e-child\" data-id=\"77a6d0c\" data-element_type=\"container\" data-e-type=\"container\">\n\t\t\t\t<div class=\"elementor-element elementor-element-69bd742 elementor-widget elementor-widget-heading\" data-id=\"69bd742\" data-element_type=\"widget\" data-e-type=\"widget\" data-widget_type=\"heading.default\">\n\t\t\t\t<div class=\"elementor-widget-container\">\n\t\t\t\t\t<h3 class=\"elementor-heading-title elementor-size-default\"><a href=\"https:\/\/www.bucketlistvilla.com\/fr\/location\/location-locations-n0\/tag-cote-d-azur\/\">La C\u00f4te d'Azur<\/a><\/h3>\t\t\t\t<\/div>\n\t\t\t\t<\/div>\n\t\t\t\t<div class=\"elementor-element elementor-element-1f66aa0 elementor-widget elementor-widget-image\" data-id=\"1f66aa0\" data-element_type=\"widget\" data-e-type=\"widget\" data-widget_type=\"image.default\">\n\t\t\t\t<div class=\"elementor-widget-container\">\n\t\t\t\t\t\t\t\t\t\t\t\t\t\t\t<img decoding=\"async\" width=\"300\" height=\"250\" src=\"https:\/\/www.bucketlistvilla.com\/blog\/wp-content\/uploads\/2025\/07\/luxury-vacation-last-minute-french-riviera.webp\" class=\"attachment-large size-large wp-image-8020\" alt=\"vacances de luxe last minute c\u00f4te d&#039;azur\" \/>\t\t\t\t\t\t\t\t\t\t\t\t\t\t\t<\/div>\n\t\t\t\t<\/div>\n\t\t\t\t<div class=\"elementor-element elementor-element-df3e8b5 elementor-widget elementor-widget-text-editor\" data-id=\"df3e8b5\" data-element_type=\"widget\" data-e-type=\"widget\" data-widget_type=\"text-editor.default\">\n\t\t\t\t<div class=\"elementor-widget-container\">\n\t\t\t\t\t\t\t\t\t<p>Destination parfaite pour les amateurs de luxe. Des villes comme Nice, Cannes et Saint-Tropez offrent une combinaison parfaite de glamour, culture et nature.\u00a0<\/p><p>Shopping, plages priv\u00e9es, visite des villages pittoresques, excursion en bateau&#8230;<\/p>\t\t\t\t\t\t\t\t<\/div>\n\t\t\t\t<\/div>\n\t\t\t\t<\/div>\n\t\t<div class=\"elementor-element elementor-element-790f2d7 e-con-full e-flex e-con e-child\" data-id=\"790f2d7\" data-element_type=\"container\" data-e-type=\"container\">\n\t\t\t\t<div class=\"elementor-element elementor-element-0db89b5 elementor-widget elementor-widget-heading\" data-id=\"0db89b5\" data-element_type=\"widget\" data-e-type=\"widget\" data-widget_type=\"heading.default\">\n\t\t\t\t<div class=\"elementor-widget-container\">\n\t\t\t\t\t<h3 class=\"elementor-heading-title elementor-size-default\"><a href=\"https:\/\/www.bucketlistvilla.com\/fr\/location\/locations-iles-baleares-r14\/\">Les  \u00eeles des Bal\u00e9ares<\/a><\/h3>\t\t\t\t<\/div>\n\t\t\t\t<\/div>\n\t\t\t\t<div class=\"elementor-element elementor-element-7990421 elementor-widget elementor-widget-image\" data-id=\"7990421\" data-element_type=\"widget\" data-e-type=\"widget\" data-widget_type=\"image.default\">\n\t\t\t\t<div class=\"elementor-widget-container\">\n\t\t\t\t\t\t\t\t\t\t\t\t\t\t\t<img decoding=\"async\" width=\"300\" height=\"250\" src=\"https:\/\/www.bucketlistvilla.com\/blog\/wp-content\/uploads\/2025\/07\/vacances-ibiza-luxe.webp\" class=\"attachment-large size-large wp-image-8017\" alt=\"vacances \u00e0 ibiza luxe\" \/>\t\t\t\t\t\t\t\t\t\t\t\t\t\t\t<\/div>\n\t\t\t\t<\/div>\n\t\t\t\t<div class=\"elementor-element elementor-element-14fc1ac elementor-widget elementor-widget-text-editor\" data-id=\"14fc1ac\" data-element_type=\"widget\" data-e-type=\"widget\" data-widget_type=\"text-editor.default\">\n\t\t\t\t<div class=\"elementor-widget-container\">\n\t\t\t\t\t\t\t\t\t<p>Grande diversit\u00e9 de paysages et d&#8217;exp\u00e9riences. Majorque, Ibiza, Minorque et Formentera sont autant de destinations de luxe o\u00f9 se m\u00ealent culture, nature et modernit\u00e9.<\/p><p>Profitez d&#8217;une villa priv\u00e9e de luxe au bord de la M\u00e9diterrann\u00e9e.<\/p>\t\t\t\t\t\t\t\t<\/div>\n\t\t\t\t<\/div>\n\t\t\t\t<\/div>\n\t\t<div class=\"elementor-element elementor-element-181700e e-con-full e-flex e-con e-child\" data-id=\"181700e\" data-element_type=\"container\" data-e-type=\"container\">\n\t\t\t\t<div class=\"elementor-element elementor-element-b6cabd7 elementor-widget elementor-widget-heading\" data-id=\"b6cabd7\" data-element_type=\"widget\" data-e-type=\"widget\" data-widget_type=\"heading.default\">\n\t\t\t\t<div class=\"elementor-widget-container\">\n\t\t\t\t\t<h3 class=\"elementor-heading-title elementor-size-default\">Les cyclades<\/h3>\t\t\t\t<\/div>\n\t\t\t\t<\/div>\n\t\t\t\t<div class=\"elementor-element elementor-element-7e6c85a elementor-widget elementor-widget-image\" data-id=\"7e6c85a\" data-element_type=\"widget\" data-e-type=\"widget\" data-widget_type=\"image.default\">\n\t\t\t\t<div class=\"elementor-widget-container\">\n\t\t\t\t\t\t\t\t\t\t\t\t\t\t\t<img loading=\"lazy\" decoding=\"async\" width=\"300\" height=\"250\" src=\"https:\/\/www.bucketlistvilla.com\/blog\/wp-content\/uploads\/2025\/07\/luxury-vacation-deal-greece.webp\" class=\"attachment-large size-large wp-image-8023\" alt=\"\" \/>\t\t\t\t\t\t\t\t\t\t\t\t\t\t\t<\/div>\n\t\t\t\t<\/div>\n\t\t\t\t<div class=\"elementor-element elementor-element-c4e7a41 elementor-widget elementor-widget-text-editor\" data-id=\"c4e7a41\" data-element_type=\"widget\" data-e-type=\"widget\" data-widget_type=\"text-editor.default\">\n\t\t\t\t<div class=\"elementor-widget-container\">\n\t\t\t\t\t\t\t\t\t<p>Archipel embl\u00e9matique de la Gr\u00e8ce et v\u00e9ritable symbole du luxe m\u00e9diterran\u00e9en. Santorin, Mykonos, Paros et Milos sont des destinations id\u00e9ales pour un s\u00e9jour d&#8217;exception.<\/p><p>Notre coup de c\u0153ur : <a href=\"https:\/\/www.bucketlistvilla.com\/fr\/location\/locations-mykonos-e6543\/\">Mykonos<\/a> pour ses\u00a0plages paradisiaques, ses eaux cristallines et sa vie nocturne exclusive.<\/p>\t\t\t\t\t\t\t\t<\/div>\n\t\t\t\t<\/div>\n\t\t\t\t<\/div>\n\t\t\t\t\t<\/div>\n\t\t\t\t<\/div>\n\t\t<div class=\"elementor-element elementor-element-04c8001 e-flex e-con-boxed e-con e-parent\" data-id=\"04c8001\" data-element_type=\"container\" data-e-type=\"container\">\n\t\t\t\t\t<div class=\"e-con-inner\">\n\t\t<div class=\"elementor-element elementor-element-59ee887 e-con-full e-flex e-con e-child\" data-id=\"59ee887\" data-element_type=\"container\" data-e-type=\"container\">\n\t\t\t\t<div class=\"elementor-element elementor-element-8997360 elementor-align-right elementor-mobile-align-center elementor-widget elementor-widget-button\" data-id=\"8997360\" data-element_type=\"widget\" data-e-type=\"widget\" data-widget_type=\"button.default\">\n\t\t\t\t<div class=\"elementor-widget-container\">\n\t\t\t\t\t\t\t\t\t<div class=\"elementor-button-wrapper\">\n\t\t\t\t\t<a class=\"elementor-button elementor-button-link elementor-size-sm\" href=\"https:\/\/www.bucketlistvilla.com\/fr\/vacances-luxe\/\">\n\t\t\t\t\t\t<span class=\"elementor-button-content-wrapper\">\n\t\t\t\t\t\t\t\t\t<span class=\"elementor-button-text\">NOS DESTINATIONS<\/span>\n\t\t\t\t\t<\/span>\n\t\t\t\t\t<\/a>\n\t\t\t\t<\/div>\n\t\t\t\t\t\t\t\t<\/div>\n\t\t\t\t<\/div>\n\t\t\t\t<\/div>\n\t\t<div class=\"elementor-element elementor-element-3742d9c e-con-full e-flex e-con e-child\" data-id=\"3742d9c\" data-element_type=\"container\" data-e-type=\"container\">\n\t\t\t\t<div class=\"elementor-element elementor-element-91f2205 elementor-align-left elementor-mobile-align-center elementor-widget elementor-widget-button\" data-id=\"91f2205\" data-element_type=\"widget\" data-e-type=\"widget\" data-widget_type=\"button.default\">\n\t\t\t\t<div class=\"elementor-widget-container\">\n\t\t\t\t\t\t\t\t\t<div class=\"elementor-button-wrapper\">\n\t\t\t\t\t<a class=\"elementor-button elementor-button-link elementor-size-sm\" href=\"#offres\">\n\t\t\t\t\t\t<span class=\"elementor-button-content-wrapper\">\n\t\t\t\t\t\t\t\t\t<span class=\"elementor-button-text\">NOS OFFRES<\/span>\n\t\t\t\t\t<\/span>\n\t\t\t\t\t<\/a>\n\t\t\t\t<\/div>\n\t\t\t\t\t\t\t\t<\/div>\n\t\t\t\t<\/div>\n\t\t\t\t<\/div>\n\t\t\t\t\t<\/div>\n\t\t\t\t<\/div>\n\t\t<div class=\"elementor-element elementor-element-8d57455 e-flex e-con-boxed e-con e-parent\" data-id=\"8d57455\" data-element_type=\"container\" data-e-type=\"container\">\n\t\t\t\t\t<div class=\"e-con-inner\">\n\t\t\t\t<div class=\"elementor-element elementor-element-f31cfd2 elementor-widget elementor-widget-heading\" data-id=\"f31cfd2\" data-element_type=\"widget\" data-e-type=\"widget\" data-widget_type=\"heading.default\">\n\t\t\t\t<div class=\"elementor-widget-container\">\n\t\t\t\t\t<h2 class=\"elementor-heading-title elementor-size-default\">Pourquoi opter pour un s\u00e9jour de luxe de derni\u00e8re minute ?<\/h2>\t\t\t\t<\/div>\n\t\t\t\t<\/div>\n\t\t\t\t\t<\/div>\n\t\t\t\t<\/div>\n\t\t<div class=\"elementor-element elementor-element-814907b e-flex e-con-boxed e-con e-parent\" data-id=\"814907b\" data-element_type=\"container\" data-e-type=\"container\">\n\t\t\t\t\t<div class=\"e-con-inner\">\n\t\t\t\t<div class=\"elementor-element elementor-element-5e30752 texto-gold elementor-widget elementor-widget-text-editor\" data-id=\"5e30752\" data-element_type=\"widget\" data-e-type=\"widget\" data-widget_type=\"text-editor.default\">\n\t\t\t\t<div class=\"elementor-widget-container\">\n\t\t\t\t\t\t\t\t\t<p>Luxe, spontan\u00e9it\u00e9 et accessibilit\u00e9<\/p>\t\t\t\t\t\t\t\t<\/div>\n\t\t\t\t<\/div>\n\t\t\t\t<div class=\"elementor-element elementor-element-213c73f elementor-widget elementor-widget-text-editor\" data-id=\"213c73f\" data-element_type=\"widget\" data-e-type=\"widget\" data-widget_type=\"text-editor.default\">\n\t\t\t\t<div class=\"elementor-widget-container\">\n\t\t\t\t\t\t\t\t\t<p>Opter pour des vacances de luxe de derni\u00e8re minute peut sembler paradoxal, mais c\u2019est en r\u00e9alit\u00e9 une opportunit\u00e9 unique de vivre une exp\u00e9rience exceptionnelle sans avoir \u00e0 planifier longtemps \u00e0 l&#8217;avance.<\/p><p>Les h\u00f4tels de luxe et les complexes haut de gamme proposent r\u00e9guli\u00e8rement des <strong data-start=\"631\" data-end=\"664\">promotions de derni\u00e8re minute<\/strong> pour maximiser leur taux de remplissage.<\/p><p>Profitez \u00e9galement d&#8217;une plus grande <strong>flexibilit\u00e9 et libert\u00e9<\/strong> (dates de s\u00e9jour et destinations).<\/p><p>La <strong>pr\u00e9paration des vacances<\/strong> peut parfois \u00eatre longue et stressante. Les prestataires de voyages de luxe s\u2019occupent de tout, de la r\u00e9servation des vols aux services personnalis\u00e9s, vous permettant de vous d\u00e9tendre et de profiter pleinement de chaque instant. Nous nous chargons de tout \u00e0 votre place.<\/p>\t\t\t\t\t\t\t\t<\/div>\n\t\t\t\t<\/div>\n\t\t\t\t<div class=\"elementor-element elementor-element-9b1defc texto-gold30 elementor-widget elementor-widget-text-editor\" data-id=\"9b1defc\" data-element_type=\"widget\" data-e-type=\"widget\" data-widget_type=\"text-editor.default\">\n\t\t\t\t<div class=\"elementor-widget-container\">\n\t\t\t\t\t\t\t\t\t<p>Bucket List Villa : votre partenaire de confiance pour des vacances <em>last minute<\/em><\/p>\t\t\t\t\t\t\t\t<\/div>\n\t\t\t\t<\/div>\n\t\t\t\t<div class=\"elementor-element elementor-element-aa6d684 elementor-widget elementor-widget-menu-anchor\" data-id=\"aa6d684\" data-element_type=\"widget\" data-e-type=\"widget\" data-widget_type=\"menu-anchor.default\">\n\t\t\t\t<div class=\"elementor-widget-container\">\n\t\t\t\t\t\t\t<div class=\"elementor-menu-anchor\" id=\"offres\"><\/div>\n\t\t\t\t\t\t<\/div>\n\t\t\t\t<\/div>\n\t\t\t\t\t<\/div>\n\t\t\t\t<\/div>\n\t\t<div class=\"elementor-element elementor-element-c0b5a2d e-flex e-con-boxed e-con e-parent\" data-id=\"c0b5a2d\" data-element_type=\"container\" data-e-type=\"container\">\n\t\t\t\t\t<div class=\"e-con-inner\">\n\t\t\t\t<div class=\"elementor-element elementor-element-08b7c5b elementor-widget elementor-widget-heading\" data-id=\"08b7c5b\" data-element_type=\"widget\" data-e-type=\"widget\" data-widget_type=\"heading.default\">\n\t\t\t\t<div class=\"elementor-widget-container\">\n\t\t\t\t\t<h2 class=\"elementor-heading-title elementor-size-default\">Nos meilleurs offres de derni\u00e8re minute pour cet \u00e9t\u00e9<\/h2>\t\t\t\t<\/div>\n\t\t\t\t<\/div>\n\t\t\t\t\t<\/div>\n\t\t\t\t<\/div>\n\t\t<div class=\"elementor-element elementor-element-13dc730 e-flex e-con-boxed e-con e-parent\" data-id=\"13dc730\" data-element_type=\"container\" data-e-type=\"container\">\n\t\t\t\t\t<div class=\"e-con-inner\">\n\t\t<div class=\"elementor-element elementor-element-fe8ca10 e-con-full e-flex e-con e-child\" data-id=\"fe8ca10\" data-element_type=\"container\" data-e-type=\"container\">\n\t\t\t\t<div class=\"elementor-element elementor-element-325839b elementor-widget elementor-widget-image\" data-id=\"325839b\" data-element_type=\"widget\" data-e-type=\"widget\" data-widget_type=\"image.default\">\n\t\t\t\t<div class=\"elementor-widget-container\">\n\t\t\t\t\t\t\t\t\t\t\t\t\t\t\t\t<a href=\"https:\/\/www.bucketlistvilla.com\/fr\/location\/villa-saint-barthelemy-villa-gypset-st-barth-2-bd-514691.html\">\n\t\t\t\t\t\t\t<img loading=\"lazy\" decoding=\"async\" width=\"500\" height=\"350\" src=\"https:\/\/www.bucketlistvilla.com\/blog\/wp-content\/uploads\/2025\/07\/villa-gypset-st-barth.webp\" class=\"attachment-full size-full wp-image-7990\" alt=\"villa gypset st barth\" srcset=\"https:\/\/www.bucketlistvilla.com\/blog\/wp-content\/uploads\/2025\/07\/villa-gypset-st-barth.webp 500w, https:\/\/www.bucketlistvilla.com\/blog\/wp-content\/uploads\/2025\/07\/villa-gypset-st-barth-300x210.webp 300w\" sizes=\"(max-width: 500px) 100vw, 500px\" \/>\t\t\t\t\t\t\t\t<\/a>\n\t\t\t\t\t\t\t\t\t\t\t\t\t\t\t<\/div>\n\t\t\t\t<\/div>\n\t\t\t\t<\/div>\n\t\t<div class=\"elementor-element elementor-element-398e57e e-con-full e-flex e-con e-child\" data-id=\"398e57e\" data-element_type=\"container\" data-e-type=\"container\">\n\t\t\t\t<div class=\"elementor-element elementor-element-9cb0792 elementor-widget elementor-widget-heading\" data-id=\"9cb0792\" data-element_type=\"widget\" data-e-type=\"widget\" data-widget_type=\"heading.default\">\n\t\t\t\t<div class=\"elementor-widget-container\">\n\t\t\t\t\t<h3 class=\"elementor-heading-title elementor-size-default\">Villa Gypset<\/h3>\t\t\t\t<\/div>\n\t\t\t\t<\/div>\n\t\t\t\t<div class=\"elementor-element elementor-element-52c457e elementor-widget elementor-widget-text-editor\" data-id=\"52c457e\" data-element_type=\"widget\" data-e-type=\"widget\" data-widget_type=\"text-editor.default\">\n\t\t\t\t<div class=\"elementor-widget-container\">\n\t\t\t\t\t\t\t\t\t<div class=\"flex-shrink-0 flex flex-col relative items-end\"><div class=\"pt-0\"><div class=\"gizmo-bot-avatar flex h-8 w-8 items-center justify-center overflow-hidden rounded-full\"><p>La Villa Gypset \u00e0 Gouverneur, St Barth, est une villa de luxe avec vue sur la mer.<\/p><p>Elle dispose de 2 chambres \u00e9l\u00e9gantes avec salles de bain privatives, un salon spacieux, une terrasse avec piscine \u00e0 d\u00e9bordement, et une cuisine moderne. Un cadre paisible et priv\u00e9 pour une escapade exclusive. Un patio tropical ajoute une touche de s\u00e9r\u00e9nit\u00e9 \u00e0 ce lieu paisible.<\/p><p>Ins\u00e9rez vos dates de s\u00e9jour et v\u00e9rifiez la disponibilit\u00e9.<\/p><\/div><\/div><\/div>\t\t\t\t\t\t\t\t<\/div>\n\t\t\t\t<\/div>\n\t\t\t\t<div class=\"elementor-element elementor-element-34bf41f elementor-widget elementor-widget-button\" data-id=\"34bf41f\" data-element_type=\"widget\" data-e-type=\"widget\" data-widget_type=\"button.default\">\n\t\t\t\t<div class=\"elementor-widget-container\">\n\t\t\t\t\t\t\t\t\t<div class=\"elementor-button-wrapper\">\n\t\t\t\t\t<a class=\"elementor-button elementor-button-link elementor-size-sm\" href=\"https:\/\/www.bucketlistvilla.com\/fr\/location\/villa-saint-barthelemy-villa-gypset-st-barth-2-bd-514691.html\">\n\t\t\t\t\t\t<span class=\"elementor-button-content-wrapper\">\n\t\t\t\t\t\t\t\t\t<span class=\"elementor-button-text\">VOIR LA VILLA<\/span>\n\t\t\t\t\t<\/span>\n\t\t\t\t\t<\/a>\n\t\t\t\t<\/div>\n\t\t\t\t\t\t\t\t<\/div>\n\t\t\t\t<\/div>\n\t\t\t\t<\/div>\n\t\t\t\t\t<\/div>\n\t\t\t\t<\/div>\n\t\t<div class=\"elementor-element elementor-element-7279267 e-flex e-con-boxed e-con e-parent\" data-id=\"7279267\" data-element_type=\"container\" data-e-type=\"container\">\n\t\t\t\t\t<div class=\"e-con-inner\">\n\t\t<div class=\"elementor-element elementor-element-43f78e6 e-con-full e-flex e-con e-child\" data-id=\"43f78e6\" data-element_type=\"container\" data-e-type=\"container\">\n\t\t\t\t<div class=\"elementor-element elementor-element-7b33029 elementor-widget elementor-widget-image\" data-id=\"7b33029\" data-element_type=\"widget\" data-e-type=\"widget\" data-widget_type=\"image.default\">\n\t\t\t\t<div class=\"elementor-widget-container\">\n\t\t\t\t\t\t\t\t\t\t\t\t\t\t\t\t<a href=\"https:\/\/www.bucketlistvilla.com\/fr\/location\/villa-saint-barthelemy-villa-la-maison-saline-st-barth-4-bd-515456.html\">\n\t\t\t\t\t\t\t<img decoding=\"async\" src=\"https:\/\/www.bucketlistvilla.com\/blog\/wp-content\/uploads\/elementor\/thumbs\/VILLA-MAISON-SALINE-ST-BARTH-e1750431618607-r7lawnyz1rc11ccqnn84nnwdj1cj5i27ngsq5ibnos.jpg\" title=\"VILLA-MAISON-SALINE-ST-BARTH\" alt=\"villa maison saline st barth\" loading=\"lazy\" \/>\t\t\t\t\t\t\t\t<\/a>\n\t\t\t\t\t\t\t\t\t\t\t\t\t\t\t<\/div>\n\t\t\t\t<\/div>\n\t\t\t\t<\/div>\n\t\t<div class=\"elementor-element elementor-element-835eb97 e-con-full e-flex e-con e-child\" data-id=\"835eb97\" data-element_type=\"container\" data-e-type=\"container\">\n\t\t\t\t<div class=\"elementor-element elementor-element-ce7ef66 elementor-widget elementor-widget-heading\" data-id=\"ce7ef66\" data-element_type=\"widget\" data-e-type=\"widget\" data-widget_type=\"heading.default\">\n\t\t\t\t<div class=\"elementor-widget-container\">\n\t\t\t\t\t<h3 class=\"elementor-heading-title elementor-size-default\">Villa Maison saline <\/h3>\t\t\t\t<\/div>\n\t\t\t\t<\/div>\n\t\t\t\t<div class=\"elementor-element elementor-element-d2f2013 elementor-widget elementor-widget-text-editor\" data-id=\"d2f2013\" data-element_type=\"widget\" data-e-type=\"widget\" data-widget_type=\"text-editor.default\">\n\t\t\t\t<div class=\"elementor-widget-container\">\n\t\t\t\t\t\t\t\t\t<div class=\"flex-shrink-0 flex flex-col relative items-end\"><div class=\"pt-0\"><div class=\"gizmo-bot-avatar flex h-8 w-8 items-center justify-center overflow-hidden rounded-full\"><p>Il s&#8217;agit d&#8217;une villa de luxe situ\u00e9e dans les Cara\u00efbes, id\u00e9ale pour les s\u00e9jours de derni\u00e8re minute. Profitez de son emplacement privil\u00e9gi\u00e9 au c\u0153ur de la nature et \u00e0 proximit\u00e9 imm\u00e9diate de la plage de Saline, l&#8217;une des plus belles et pr\u00e9serv\u00e9es de l&#8217;\u00eele de St Barth.<\/p><p>Elle offre 4 chambres ind\u00e9pendantes avec salles de bain ext\u00e9rieures, une grande terrasse en bois avec piscine chauff\u00e9e \u00e0 d\u00e9bordement, et des jardins tropicaux.<\/p><p>Parfaite pour une escapade tranquille, cette villa offre confort, luxe et proximit\u00e9 des plages et commerces.<\/p><\/div><\/div><\/div>\t\t\t\t\t\t\t\t<\/div>\n\t\t\t\t<\/div>\n\t\t\t\t<div class=\"elementor-element elementor-element-3823e84 elementor-widget elementor-widget-button\" data-id=\"3823e84\" data-element_type=\"widget\" data-e-type=\"widget\" data-widget_type=\"button.default\">\n\t\t\t\t<div class=\"elementor-widget-container\">\n\t\t\t\t\t\t\t\t\t<div class=\"elementor-button-wrapper\">\n\t\t\t\t\t<a class=\"elementor-button elementor-button-link elementor-size-sm\" href=\"https:\/\/www.bucketlistvilla.com\/fr\/location\/villa-saint-barthelemy-villa-la-maison-saline-st-barth-4-bd-515456.html\">\n\t\t\t\t\t\t<span class=\"elementor-button-content-wrapper\">\n\t\t\t\t\t\t\t\t\t<span class=\"elementor-button-text\">VOIR LA VILLA<\/span>\n\t\t\t\t\t<\/span>\n\t\t\t\t\t<\/a>\n\t\t\t\t<\/div>\n\t\t\t\t\t\t\t\t<\/div>\n\t\t\t\t<\/div>\n\t\t\t\t<\/div>\n\t\t\t\t\t<\/div>\n\t\t\t\t<\/div>\n\t\t<div class=\"elementor-element elementor-element-583cc3e e-flex e-con-boxed e-con e-parent\" data-id=\"583cc3e\" data-element_type=\"container\" data-e-type=\"container\">\n\t\t\t\t\t<div class=\"e-con-inner\">\n\t\t<div class=\"elementor-element elementor-element-ab438cc e-con-full e-flex e-con e-child\" data-id=\"ab438cc\" data-element_type=\"container\" data-e-type=\"container\">\n\t\t\t\t<div class=\"elementor-element elementor-element-48fcbf7 elementor-widget elementor-widget-image\" data-id=\"48fcbf7\" data-element_type=\"widget\" data-e-type=\"widget\" data-widget_type=\"image.default\">\n\t\t\t\t<div class=\"elementor-widget-container\">\n\t\t\t\t\t\t\t\t\t\t\t\t\t\t\t\t<a href=\"https:\/\/www.bucketlistvilla.com\/fr\/location\/villa-saint-barthelemy-villa-le-moulin-st-barth-4-bd-513060.html\">\n\t\t\t\t\t\t\t<img loading=\"lazy\" decoding=\"async\" width=\"500\" height=\"350\" src=\"https:\/\/www.bucketlistvilla.com\/blog\/wp-content\/uploads\/2025\/07\/villa-le-moulin-st-barth.webp\" class=\"attachment-full size-full wp-image-7993\" alt=\"\" srcset=\"https:\/\/www.bucketlistvilla.com\/blog\/wp-content\/uploads\/2025\/07\/villa-le-moulin-st-barth.webp 500w, https:\/\/www.bucketlistvilla.com\/blog\/wp-content\/uploads\/2025\/07\/villa-le-moulin-st-barth-300x210.webp 300w\" sizes=\"(max-width: 500px) 100vw, 500px\" \/>\t\t\t\t\t\t\t\t<\/a>\n\t\t\t\t\t\t\t\t\t\t\t\t\t\t\t<\/div>\n\t\t\t\t<\/div>\n\t\t\t\t<\/div>\n\t\t<div class=\"elementor-element elementor-element-a9cf749 e-con-full e-flex e-con e-child\" data-id=\"a9cf749\" data-element_type=\"container\" data-e-type=\"container\">\n\t\t\t\t<div class=\"elementor-element elementor-element-99273ef elementor-widget elementor-widget-heading\" data-id=\"99273ef\" data-element_type=\"widget\" data-e-type=\"widget\" data-widget_type=\"heading.default\">\n\t\t\t\t<div class=\"elementor-widget-container\">\n\t\t\t\t\t<h3 class=\"elementor-heading-title elementor-size-default\">Villa Le Moulin<\/h3>\t\t\t\t<\/div>\n\t\t\t\t<\/div>\n\t\t\t\t<div class=\"elementor-element elementor-element-b3a10b0 elementor-widget elementor-widget-text-editor\" data-id=\"b3a10b0\" data-element_type=\"widget\" data-e-type=\"widget\" data-widget_type=\"text-editor.default\">\n\t\t\t\t<div class=\"elementor-widget-container\">\n\t\t\t\t\t\t\t\t\t<div class=\"flex-shrink-0 flex flex-col relative items-end\"><div class=\"pt-0\"><div class=\"gizmo-bot-avatar flex h-8 w-8 items-center justify-center overflow-hidden rounded-full\"><p>Situ\u00e9e sur la plage de Saint-Jean \u00e0 Saint-Barth\u00e9lemy, cette villa allie histoire et luxe moderne. Cette propri\u00e9t\u00e9 unique, avec son moulin \u00e0 vent restaur\u00e9, offre 2 \u00e0 4 chambres climatis\u00e9es, un vaste s\u00e9jour, une cuisine \u00e9quip\u00e9e, et une salle \u00e0 manger ext\u00e9rieure avec vue sur l&#8217;oc\u00e9an.<\/p><p>La terrasse, la piscine priv\u00e9e et le jardin luxuriant cr\u00e9ent un cadre idyllique. Parfaite pour un s\u00e9jour en famille ou entre amis, cette villa combine confort, \u00e9l\u00e9gance et paysages \u00e0 couper le souffle.<\/p><\/div><\/div><\/div>\t\t\t\t\t\t\t\t<\/div>\n\t\t\t\t<\/div>\n\t\t\t\t<div class=\"elementor-element elementor-element-b615bb3 elementor-widget elementor-widget-button\" data-id=\"b615bb3\" data-element_type=\"widget\" data-e-type=\"widget\" data-widget_type=\"button.default\">\n\t\t\t\t<div class=\"elementor-widget-container\">\n\t\t\t\t\t\t\t\t\t<div class=\"elementor-button-wrapper\">\n\t\t\t\t\t<a class=\"elementor-button elementor-button-link elementor-size-sm\" href=\"https:\/\/www.bucketlistvilla.com\/fr\/location\/villa-saint-barthelemy-villa-le-moulin-st-barth-4-bd-513060.html\">\n\t\t\t\t\t\t<span class=\"elementor-button-content-wrapper\">\n\t\t\t\t\t\t\t\t\t<span class=\"elementor-button-text\">VOIR LA VILLA<\/span>\n\t\t\t\t\t<\/span>\n\t\t\t\t\t<\/a>\n\t\t\t\t<\/div>\n\t\t\t\t\t\t\t\t<\/div>\n\t\t\t\t<\/div>\n\t\t\t\t<\/div>\n\t\t\t\t\t<\/div>\n\t\t\t\t<\/div>\n\t\t<div class=\"elementor-element elementor-element-26a1b4e e-flex e-con-boxed e-con e-parent\" data-id=\"26a1b4e\" data-element_type=\"container\" data-e-type=\"container\">\n\t\t\t\t\t<div class=\"e-con-inner\">\n\t\t<div class=\"elementor-element elementor-element-d20a05e e-con-full e-flex e-con e-child\" data-id=\"d20a05e\" data-element_type=\"container\" data-e-type=\"container\">\n\t\t\t\t<div class=\"elementor-element elementor-element-881e5ef elementor-widget elementor-widget-image\" data-id=\"881e5ef\" data-element_type=\"widget\" data-e-type=\"widget\" data-widget_type=\"image.default\">\n\t\t\t\t<div class=\"elementor-widget-container\">\n\t\t\t\t\t\t\t\t\t\t\t\t\t\t\t\t<a href=\"https:\/\/www.bucketlistvilla.com\/fr\/location\/villa-saint-barthelemy-villa-ti-rock-st-barth-3-bd-445122.html\">\n\t\t\t\t\t\t\t<img loading=\"lazy\" decoding=\"async\" width=\"500\" height=\"350\" src=\"https:\/\/www.bucketlistvilla.com\/blog\/wp-content\/uploads\/2025\/07\/villa-ti-rock-saint-barth-caraibes.webp\" class=\"attachment-full size-full wp-image-7996\" alt=\"villa ti rock saint barth cara\u00efbes\" srcset=\"https:\/\/www.bucketlistvilla.com\/blog\/wp-content\/uploads\/2025\/07\/villa-ti-rock-saint-barth-caraibes.webp 500w, https:\/\/www.bucketlistvilla.com\/blog\/wp-content\/uploads\/2025\/07\/villa-ti-rock-saint-barth-caraibes-300x210.webp 300w\" sizes=\"(max-width: 500px) 100vw, 500px\" \/>\t\t\t\t\t\t\t\t<\/a>\n\t\t\t\t\t\t\t\t\t\t\t\t\t\t\t<\/div>\n\t\t\t\t<\/div>\n\t\t\t\t<\/div>\n\t\t<div class=\"elementor-element elementor-element-280856e e-con-full e-flex e-con e-child\" data-id=\"280856e\" data-element_type=\"container\" data-e-type=\"container\">\n\t\t\t\t<div class=\"elementor-element elementor-element-e932609 elementor-widget elementor-widget-heading\" data-id=\"e932609\" data-element_type=\"widget\" data-e-type=\"widget\" data-widget_type=\"heading.default\">\n\t\t\t\t<div class=\"elementor-widget-container\">\n\t\t\t\t\t<h3 class=\"elementor-heading-title elementor-size-default\">Villa Ti Rock<\/h3>\t\t\t\t<\/div>\n\t\t\t\t<\/div>\n\t\t\t\t<div class=\"elementor-element elementor-element-ac5636d elementor-widget elementor-widget-text-editor\" data-id=\"ac5636d\" data-element_type=\"widget\" data-e-type=\"widget\" data-widget_type=\"text-editor.default\">\n\t\t\t\t<div class=\"elementor-widget-container\">\n\t\t\t\t\t\t\t\t\t<div class=\"flex-shrink-0 flex flex-col relative items-end\"><div class=\"pt-0\"><div class=\"gizmo-bot-avatar flex h-8 w-8 items-center justify-center overflow-hidden rounded-full\"><p>Cette villa, disponible en r\u00e9servation derni\u00e8re minute, offre une exp\u00e9rience luxueuse avec une vue imprenable sur le lagon de Grand-Cul-de-Sac, \u00e0 St Barth. Son architecture \u00e9l\u00e9gante et sa d\u00e9coration chaleureuse cr\u00e9ent une ambiance conviviale et accueillante.<\/p><p>Les chambres climatis\u00e9es, avec vues spectaculaires, offrent un confort optimal. \u00c0 l\u2019ext\u00e9rieur, une piscine g\u00e9om\u00e9trique, un jacuzzi et des espaces de d\u00e9tente compl\u00e8tent ce cadre idyllique. Parfaite pour des moments de relaxation et de partage, TI ROCK incarne le luxe et la s\u00e9r\u00e9nit\u00e9.<\/p><\/div><\/div><\/div>\t\t\t\t\t\t\t\t<\/div>\n\t\t\t\t<\/div>\n\t\t\t\t<div class=\"elementor-element elementor-element-3501dee elementor-widget elementor-widget-button\" data-id=\"3501dee\" data-element_type=\"widget\" data-e-type=\"widget\" data-widget_type=\"button.default\">\n\t\t\t\t<div class=\"elementor-widget-container\">\n\t\t\t\t\t\t\t\t\t<div class=\"elementor-button-wrapper\">\n\t\t\t\t\t<a class=\"elementor-button elementor-button-link elementor-size-sm\" href=\"https:\/\/www.bucketlistvilla.com\/fr\/location\/villa-saint-barthelemy-villa-ti-rock-st-barth-3-bd-445122.html\">\n\t\t\t\t\t\t<span class=\"elementor-button-content-wrapper\">\n\t\t\t\t\t\t\t\t\t<span class=\"elementor-button-text\">VOIR LA VILLA<\/span>\n\t\t\t\t\t<\/span>\n\t\t\t\t\t<\/a>\n\t\t\t\t<\/div>\n\t\t\t\t\t\t\t\t<\/div>\n\t\t\t\t<\/div>\n\t\t\t\t<\/div>\n\t\t\t\t\t<\/div>\n\t\t\t\t<\/div>\n\t\t<div class=\"elementor-element elementor-element-c2be7c4 e-flex e-con-boxed e-con e-parent\" data-id=\"c2be7c4\" data-element_type=\"container\" data-e-type=\"container\">\n\t\t\t\t\t<div class=\"e-con-inner\">\n\t\t<div class=\"elementor-element elementor-element-a5302ab e-con-full e-flex e-con e-child\" data-id=\"a5302ab\" data-element_type=\"container\" data-e-type=\"container\">\n\t\t\t\t<div class=\"elementor-element elementor-element-253d628 elementor-widget elementor-widget-image\" data-id=\"253d628\" data-element_type=\"widget\" data-e-type=\"widget\" data-widget_type=\"image.default\">\n\t\t\t\t<div class=\"elementor-widget-container\">\n\t\t\t\t\t\t\t\t\t\t\t\t\t\t\t\t<a href=\"https:\/\/www.bucketlistvilla.com\/fr\/location\/villa-saint-barthelemy-villa-les-palmes-st-barth-5-bd-444791.html\">\n\t\t\t\t\t\t\t<img decoding=\"async\" src=\"https:\/\/www.bucketlistvilla.com\/blog\/wp-content\/uploads\/elementor\/thumbs\/villa-les-palmes-st-barth-qpzcmrsrf4a3fqy0npfke1fqbci64rht7nkoirn358.webp\" title=\"villa-les-palmes-st-barth\" alt=\"villa les palmes st barth\" loading=\"lazy\" \/>\t\t\t\t\t\t\t\t<\/a>\n\t\t\t\t\t\t\t\t\t\t\t\t\t\t\t<\/div>\n\t\t\t\t<\/div>\n\t\t\t\t<\/div>\n\t\t<div class=\"elementor-element elementor-element-e2d198c e-con-full e-flex e-con e-child\" data-id=\"e2d198c\" data-element_type=\"container\" data-e-type=\"container\">\n\t\t\t\t<div class=\"elementor-element elementor-element-fd299e7 elementor-widget elementor-widget-heading\" data-id=\"fd299e7\" data-element_type=\"widget\" data-e-type=\"widget\" data-widget_type=\"heading.default\">\n\t\t\t\t<div class=\"elementor-widget-container\">\n\t\t\t\t\t<h3 class=\"elementor-heading-title elementor-size-default\">Villa Les Palmes<\/h3>\t\t\t\t<\/div>\n\t\t\t\t<\/div>\n\t\t\t\t<div class=\"elementor-element elementor-element-a8b6316 elementor-widget elementor-widget-text-editor\" data-id=\"a8b6316\" data-element_type=\"widget\" data-e-type=\"widget\" data-widget_type=\"text-editor.default\">\n\t\t\t\t<div class=\"elementor-widget-container\">\n\t\t\t\t\t\t\t\t\t<div class=\"flex-shrink-0 flex flex-col relative items-end\"><div class=\"pt-0\"><div class=\"gizmo-bot-avatar flex h-8 w-8 items-center justify-center overflow-hidden rounded-full\"><p>La villa Les Palmes \u00e0 St-Barth, situ\u00e9e dans le prestigieux Domaine Priv\u00e9 de La R\u00e9serve, offre une vue imprenable sur la baie de Flamands et l\u2019oc\u00e9an.<\/p><p>Disponible en 3, 4 ou 5 chambres, elle combine luxe et tranquillit\u00e9, \u00e0 seulement 5 minutes de Gustavia et de la plage de Saint-Jean.<\/p><p>Avec sa piscine \u00e0 d\u00e9bordement chauff\u00e9e, son spa, sa salle de fitness et ses espaces ext\u00e9rieurs paysag\u00e9s, Les Palmes est le lieu parfait pour une escapade d\u00e9di\u00e9e \u00e0 la d\u00e9tente et au bien-\u00eatre en famille ou entre amis.<\/p><\/div><\/div><\/div>\t\t\t\t\t\t\t\t<\/div>\n\t\t\t\t<\/div>\n\t\t\t\t<div class=\"elementor-element elementor-element-900d438 elementor-widget elementor-widget-button\" data-id=\"900d438\" data-element_type=\"widget\" data-e-type=\"widget\" data-widget_type=\"button.default\">\n\t\t\t\t<div class=\"elementor-widget-container\">\n\t\t\t\t\t\t\t\t\t<div class=\"elementor-button-wrapper\">\n\t\t\t\t\t<a class=\"elementor-button elementor-button-link elementor-size-sm\" href=\"https:\/\/www.bucketlistvilla.com\/fr\/location\/villa-saint-barthelemy-villa-les-palmes-st-barth-5-bd-444791.html\">\n\t\t\t\t\t\t<span class=\"elementor-button-content-wrapper\">\n\t\t\t\t\t\t\t\t\t<span class=\"elementor-button-text\">VOIR LA VILLA<\/span>\n\t\t\t\t\t<\/span>\n\t\t\t\t\t<\/a>\n\t\t\t\t<\/div>\n\t\t\t\t\t\t\t\t<\/div>\n\t\t\t\t<\/div>\n\t\t\t\t<\/div>\n\t\t\t\t\t<\/div>\n\t\t\t\t<\/div>\n\t\t<div class=\"elementor-element elementor-element-f9f87b7 e-flex e-con-boxed e-con e-parent\" data-id=\"f9f87b7\" data-element_type=\"container\" data-e-type=\"container\">\n\t\t\t\t\t<div class=\"e-con-inner\">\n\t\t\t\t<div class=\"elementor-element elementor-element-7a0923e elementor-align-center elementor-widget elementor-widget-button\" data-id=\"7a0923e\" data-element_type=\"widget\" data-e-type=\"widget\" data-widget_type=\"button.default\">\n\t\t\t\t<div class=\"elementor-widget-container\">\n\t\t\t\t\t\t\t\t\t<div class=\"elementor-button-wrapper\">\n\t\t\t\t\t<a class=\"elementor-button elementor-button-link elementor-size-sm\" href=\"https:\/\/www.bucketlistvilla.com\/fr\/location\/location-locations-r0\/tag-best-sellers-ete\/\">\n\t\t\t\t\t\t<span class=\"elementor-button-content-wrapper\">\n\t\t\t\t\t\t\t\t\t<span class=\"elementor-button-text\">VILLAS BEST SELLERS<\/span>\n\t\t\t\t\t<\/span>\n\t\t\t\t\t<\/a>\n\t\t\t\t<\/div>\n\t\t\t\t\t\t\t\t<\/div>\n\t\t\t\t<\/div>\n\t\t\t\t\t<\/div>\n\t\t\t\t<\/div>\n\t\t<div class=\"elementor-element elementor-element-f08a10d e-flex e-con-boxed e-con e-parent\" data-id=\"f08a10d\" data-element_type=\"container\" data-e-type=\"container\">\n\t\t\t\t\t<div class=\"e-con-inner\">\n\t\t\t\t<div class=\"elementor-element elementor-element-7193bb8 elementor-widget elementor-widget-heading\" data-id=\"7193bb8\" data-element_type=\"widget\" data-e-type=\"widget\" data-widget_type=\"heading.default\">\n\t\t\t\t<div class=\"elementor-widget-container\">\n\t\t\t\t\t<h2 class=\"elementor-heading-title elementor-size-default\">Nos conseils pour r\u00e9server \u00e0 la derni\u00e8re minute<\/h2>\t\t\t\t<\/div>\n\t\t\t\t<\/div>\n\t\t\t\t\t<\/div>\n\t\t\t\t<\/div>\n\t\t<div class=\"elementor-element elementor-element-e2473bf e-flex e-con-boxed e-con e-parent\" data-id=\"e2473bf\" data-element_type=\"container\" data-e-type=\"container\">\n\t\t\t\t\t<div class=\"e-con-inner\">\n\t\t\t\t<div class=\"elementor-element elementor-element-ab66605 texto-gold elementor-widget elementor-widget-text-editor\" data-id=\"ab66605\" data-element_type=\"widget\" data-e-type=\"widget\" data-widget_type=\"text-editor.default\">\n\t\t\t\t<div class=\"elementor-widget-container\">\n\t\t\t\t\t\t\t\t\t<p>Conseils &amp; astuces by Bucket List Villa<\/p>\t\t\t\t\t\t\t\t<\/div>\n\t\t\t\t<\/div>\n\t\t\t\t<div class=\"elementor-element elementor-element-0ad58c8 elementor-widget elementor-widget-text-editor\" data-id=\"0ad58c8\" data-element_type=\"widget\" data-e-type=\"widget\" data-widget_type=\"text-editor.default\">\n\t\t\t\t<div class=\"elementor-widget-container\">\n\t\t\t\t\t\t\t\t\t<p>Privil\u00e9giez des<strong> plateformes r\u00e9actives et sp\u00e9cialis\u00e9es dans le luxe<\/strong>. Vous pouvez \u00e9galement vous inscrire aux diff\u00e9rentes newsletters des h\u00f4tels et agences pour \u00eatre alert\u00e9 sur des offres exclusives de derni\u00e8re minute.<\/p><p>Soyez<strong> flexible sur les dates et les destinations<\/strong> : en \u00e9tant flexible sur vos dates de d\u00e9part\/arriv\u00e9e, vous augmentez vos chances de trouver une offre exceptionnelle.<\/p><p>Si vous \u00eates dans l&#8217;urgence, n&#8217;h\u00e9sitez pas \u00e0 <strong>contacter directement<\/strong> la plateforme ou le prestataire pour gagner du temps.<\/p><p>Suivez les r\u00e9seaux sociaux des h\u00f4tels et agence de voyage de luxe pour profiter des offres flash (<a href=\"https:\/\/www.instagram.com\/bucketlistvilla\/#\">Suivez-nous !<\/a>).<\/p><p><strong>Privil\u00e9giez les r\u00e9sidences et villas priv\u00e9es<\/strong> pour une exp\u00e9riences plus intime et personnalis\u00e9e. Ces options sont parfois plus flexibles sur les dates et peuvent \u00eatre r\u00e9serv\u00e9es en urgence tout en offrant un niveau de confort et de service exceptionnels. De plus, ces types de logements sont souvent situ\u00e9s dans des endroits plus isol\u00e9s, offrant plus de tranquillit\u00e9 et de confidentialit\u00e9.<\/p><p>Nous pouvons organiser vos vacances de luxe en derni\u00e8re minute. Contactez-nous !<\/p>\t\t\t\t\t\t\t\t<\/div>\n\t\t\t\t<\/div>\n\t\t\t\t\t<\/div>\n\t\t\t\t<\/div>\n\t\t<div class=\"elementor-element elementor-element-b6e1c90 e-flex e-con-boxed e-con e-parent\" data-id=\"b6e1c90\" data-element_type=\"container\" data-e-type=\"container\">\n\t\t\t\t\t<div class=\"e-con-inner\">\n\t\t<div class=\"elementor-element elementor-element-3295abb e-con-full e-flex e-con e-child\" data-id=\"3295abb\" data-element_type=\"container\" data-e-type=\"container\">\n\t\t\t\t<div class=\"elementor-element elementor-element-ff3526f elementor-align-right elementor-mobile-align-center elementor-widget elementor-widget-button\" data-id=\"ff3526f\" data-element_type=\"widget\" data-e-type=\"widget\" data-widget_type=\"button.default\">\n\t\t\t\t<div class=\"elementor-widget-container\">\n\t\t\t\t\t\t\t\t\t<div class=\"elementor-button-wrapper\">\n\t\t\t\t\t<a class=\"elementor-button elementor-button-link elementor-size-sm\" href=\"https:\/\/wa.me\/+590690610267\">\n\t\t\t\t\t\t<span class=\"elementor-button-content-wrapper\">\n\t\t\t\t\t\t\t\t\t<span class=\"elementor-button-text\">WHATSAPP<\/span>\n\t\t\t\t\t<\/span>\n\t\t\t\t\t<\/a>\n\t\t\t\t<\/div>\n\t\t\t\t\t\t\t\t<\/div>\n\t\t\t\t<\/div>\n\t\t\t\t<\/div>\n\t\t<div class=\"elementor-element elementor-element-593b212 e-con-full e-flex e-con e-child\" data-id=\"593b212\" data-element_type=\"container\" data-e-type=\"container\">\n\t\t\t\t<div class=\"elementor-element elementor-element-76e74fa elementor-align-left elementor-mobile-align-center elementor-widget elementor-widget-button\" data-id=\"76e74fa\" data-element_type=\"widget\" data-e-type=\"widget\" data-widget_type=\"button.default\">\n\t\t\t\t<div class=\"elementor-widget-container\">\n\t\t\t\t\t\t\t\t\t<div class=\"elementor-button-wrapper\">\n\t\t\t\t\t<a class=\"elementor-button elementor-button-link elementor-size-sm\" href=\"mailto:contact@bucketlistvilla.com\">\n\t\t\t\t\t\t<span class=\"elementor-button-content-wrapper\">\n\t\t\t\t\t\t\t\t\t<span class=\"elementor-button-text\">EMAIL<\/span>\n\t\t\t\t\t<\/span>\n\t\t\t\t\t<\/a>\n\t\t\t\t<\/div>\n\t\t\t\t\t\t\t\t<\/div>\n\t\t\t\t<\/div>\n\t\t\t\t<\/div>\n\t\t\t\t\t<\/div>\n\t\t\t\t<\/div>\n\t\t\t\t<\/div>\n\t\t","protected":false},"excerpt":{"rendered":"<p>Vous n&#8217;avez pas eu le temps de planifier et d&#8217;organiser vos prochaines vacances ? Aucun probl\u00e8me, Bucket List Villa s&#8217;occupe de tout \u00e0 votre place ! D\u00e9couvrez nos offres de vacances de luxe de derni\u00e8re minute, con\u00e7ues pour vous offrir un s\u00e9jour exceptionnel sans compromis. Destinations de r\u00eaves, offres, activit\u00e9s et conseils&#8230; On vous dit [&hellip;]<\/p>\n","protected":false},"author":3,"featured_media":8011,"comment_status":"open","ping_status":"open","sticky":false,"template":"","format":"standard","meta":{"footnotes":""},"categories":[96],"tags":[],"class_list":["post-7930","post","type-post","status-publish","format-standard","has-post-thumbnail","hentry","category-offres"],"yoast_head":"<!-- This site is optimized with the Yoast SEO plugin v27.5 - https:\/\/yoast.com\/product\/yoast-seo-wordpress\/ -->\n<title>Vacances de luxe de derni\u00e8re minute : destinations de r\u00eave<\/title>\n<meta name=\"description\" content=\"R\u00e9servez d\u00e8s maintenant vos vacances de luxe de derni\u00e8re minute et vivez des moments inoubliables dans des destinations exclusives.\" \/>\n<meta name=\"robots\" content=\"index, follow, max-snippet:-1, max-image-preview:large, max-video-preview:-1\" \/>\n<link rel=\"canonical\" href=\"https:\/\/www.bucketlistvilla.com\/blog\/fr\/vacances-luxe-derniere-minute\/\" \/>\n<meta property=\"og:locale\" content=\"fr_FR\" \/>\n<meta property=\"og:type\" content=\"article\" \/>\n<meta property=\"og:title\" content=\"Vacances de luxe de derni\u00e8re minute : destinations de r\u00eave\" \/>\n<meta property=\"og:description\" content=\"R\u00e9servez d\u00e8s maintenant vos vacances de luxe de derni\u00e8re minute et vivez des moments inoubliables dans des destinations exclusives.\" \/>\n<meta property=\"og:url\" content=\"https:\/\/www.bucketlistvilla.com\/blog\/fr\/vacances-luxe-derniere-minute\/\" \/>\n<meta property=\"og:site_name\" content=\"Blog\" \/>\n<meta property=\"article:published_time\" content=\"2025-07-10T13:34:17+00:00\" \/>\n<meta property=\"article:modified_time\" content=\"2025-09-11T09:29:39+00:00\" \/>\n<meta property=\"og:image\" content=\"https:\/\/www.bucketlistvilla.com\/blog\/wp-content\/uploads\/2025\/07\/last-minute-luxury-vacation.webp\" \/>\n\t<meta property=\"og:image:width\" content=\"1920\" \/>\n\t<meta property=\"og:image:height\" content=\"650\" \/>\n\t<meta property=\"og:image:type\" content=\"image\/webp\" \/>\n<meta name=\"author\" content=\"digitalservices@avantio.com\" \/>\n<meta name=\"twitter:card\" content=\"summary_large_image\" \/>\n<meta name=\"twitter:label1\" content=\"Written by\" \/>\n\t<meta name=\"twitter:data1\" content=\"digitalservices@avantio.com\" \/>\n\t<meta name=\"twitter:label2\" content=\"Est. reading time\" \/>\n\t<meta name=\"twitter:data2\" content=\"8 minutes\" \/>\n<script type=\"application\/ld+json\" class=\"yoast-schema-graph\">{\"@context\":\"https:\\\/\\\/schema.org\",\"@graph\":[{\"@type\":\"Article\",\"@id\":\"https:\\\/\\\/www.bucketlistvilla.com\\\/blog\\\/fr\\\/vacances-luxe-derniere-minute\\\/#article\",\"isPartOf\":{\"@id\":\"https:\\\/\\\/www.bucketlistvilla.com\\\/blog\\\/fr\\\/vacances-luxe-derniere-minute\\\/\"},\"author\":{\"name\":\"digitalservices@avantio.com\",\"@id\":\"https:\\\/\\\/www.bucketlistvilla.com\\\/blog\\\/fr\\\/#\\\/schema\\\/person\\\/4fac40a1703aee7856657a7e3931d230\"},\"headline\":\"Vacances de luxe de derni\u00e8re minute : d\u00e9couvrez nos offres\",\"datePublished\":\"2025-07-10T13:34:17+00:00\",\"dateModified\":\"2025-09-11T09:29:39+00:00\",\"mainEntityOfPage\":{\"@id\":\"https:\\\/\\\/www.bucketlistvilla.com\\\/blog\\\/fr\\\/vacances-luxe-derniere-minute\\\/\"},\"wordCount\":1127,\"commentCount\":0,\"image\":{\"@id\":\"https:\\\/\\\/www.bucketlistvilla.com\\\/blog\\\/fr\\\/vacances-luxe-derniere-minute\\\/#primaryimage\"},\"thumbnailUrl\":\"https:\\\/\\\/www.bucketlistvilla.com\\\/blog\\\/wp-content\\\/uploads\\\/2025\\\/07\\\/last-minute-luxury-vacation.webp\",\"articleSection\":[\"Offres\"],\"inLanguage\":\"fr\",\"potentialAction\":[{\"@type\":\"CommentAction\",\"name\":\"Comment\",\"target\":[\"https:\\\/\\\/www.bucketlistvilla.com\\\/blog\\\/fr\\\/vacances-luxe-derniere-minute\\\/#respond\"]}]},{\"@type\":\"WebPage\",\"@id\":\"https:\\\/\\\/www.bucketlistvilla.com\\\/blog\\\/fr\\\/vacances-luxe-derniere-minute\\\/\",\"url\":\"https:\\\/\\\/www.bucketlistvilla.com\\\/blog\\\/fr\\\/vacances-luxe-derniere-minute\\\/\",\"name\":\"Vacances de luxe de derni\u00e8re minute : destinations de r\u00eave\",\"isPartOf\":{\"@id\":\"https:\\\/\\\/www.bucketlistvilla.com\\\/blog\\\/fr\\\/#website\"},\"primaryImageOfPage\":{\"@id\":\"https:\\\/\\\/www.bucketlistvilla.com\\\/blog\\\/fr\\\/vacances-luxe-derniere-minute\\\/#primaryimage\"},\"image\":{\"@id\":\"https:\\\/\\\/www.bucketlistvilla.com\\\/blog\\\/fr\\\/vacances-luxe-derniere-minute\\\/#primaryimage\"},\"thumbnailUrl\":\"https:\\\/\\\/www.bucketlistvilla.com\\\/blog\\\/wp-content\\\/uploads\\\/2025\\\/07\\\/last-minute-luxury-vacation.webp\",\"datePublished\":\"2025-07-10T13:34:17+00:00\",\"dateModified\":\"2025-09-11T09:29:39+00:00\",\"author\":{\"@id\":\"https:\\\/\\\/www.bucketlistvilla.com\\\/blog\\\/fr\\\/#\\\/schema\\\/person\\\/4fac40a1703aee7856657a7e3931d230\"},\"description\":\"R\u00e9servez d\u00e8s maintenant vos vacances de luxe de derni\u00e8re minute et vivez des moments inoubliables dans des destinations exclusives.\",\"breadcrumb\":{\"@id\":\"https:\\\/\\\/www.bucketlistvilla.com\\\/blog\\\/fr\\\/vacances-luxe-derniere-minute\\\/#breadcrumb\"},\"inLanguage\":\"fr\",\"potentialAction\":[{\"@type\":\"ReadAction\",\"target\":[\"https:\\\/\\\/www.bucketlistvilla.com\\\/blog\\\/fr\\\/vacances-luxe-derniere-minute\\\/\"]}]},{\"@type\":\"ImageObject\",\"inLanguage\":\"fr\",\"@id\":\"https:\\\/\\\/www.bucketlistvilla.com\\\/blog\\\/fr\\\/vacances-luxe-derniere-minute\\\/#primaryimage\",\"url\":\"https:\\\/\\\/www.bucketlistvilla.com\\\/blog\\\/wp-content\\\/uploads\\\/2025\\\/07\\\/last-minute-luxury-vacation.webp\",\"contentUrl\":\"https:\\\/\\\/www.bucketlistvilla.com\\\/blog\\\/wp-content\\\/uploads\\\/2025\\\/07\\\/last-minute-luxury-vacation.webp\",\"width\":1920,\"height\":650,\"caption\":\"last minute luxury vacation\"},{\"@type\":\"BreadcrumbList\",\"@id\":\"https:\\\/\\\/www.bucketlistvilla.com\\\/blog\\\/fr\\\/vacances-luxe-derniere-minute\\\/#breadcrumb\",\"itemListElement\":[{\"@type\":\"ListItem\",\"position\":1,\"name\":\"Home\",\"item\":\"https:\\\/\\\/www.bucketlistvilla.com\\\/blog\\\/fr\\\/\"},{\"@type\":\"ListItem\",\"position\":2,\"name\":\"Vacances de luxe de derni\u00e8re minute : d\u00e9couvrez nos offres\"}]},{\"@type\":\"WebSite\",\"@id\":\"https:\\\/\\\/www.bucketlistvilla.com\\\/blog\\\/fr\\\/#website\",\"url\":\"https:\\\/\\\/www.bucketlistvilla.com\\\/blog\\\/fr\\\/\",\"name\":\"Blog\",\"description\":\"\",\"potentialAction\":[{\"@type\":\"SearchAction\",\"target\":{\"@type\":\"EntryPoint\",\"urlTemplate\":\"https:\\\/\\\/www.bucketlistvilla.com\\\/blog\\\/fr\\\/?s={search_term_string}\"},\"query-input\":{\"@type\":\"PropertyValueSpecification\",\"valueRequired\":true,\"valueName\":\"search_term_string\"}}],\"inLanguage\":\"fr\"},{\"@type\":\"Person\",\"@id\":\"https:\\\/\\\/www.bucketlistvilla.com\\\/blog\\\/fr\\\/#\\\/schema\\\/person\\\/4fac40a1703aee7856657a7e3931d230\",\"name\":\"digitalservices@avantio.com\",\"image\":{\"@type\":\"ImageObject\",\"inLanguage\":\"fr\",\"@id\":\"https:\\\/\\\/secure.gravatar.com\\\/avatar\\\/af30f88a1904294c1f3eb09a9d7903eec4ffa18fa2cf40c28a8681014ecdfc20?s=96&d=mm&r=g\",\"url\":\"https:\\\/\\\/secure.gravatar.com\\\/avatar\\\/af30f88a1904294c1f3eb09a9d7903eec4ffa18fa2cf40c28a8681014ecdfc20?s=96&d=mm&r=g\",\"contentUrl\":\"https:\\\/\\\/secure.gravatar.com\\\/avatar\\\/af30f88a1904294c1f3eb09a9d7903eec4ffa18fa2cf40c28a8681014ecdfc20?s=96&d=mm&r=g\",\"caption\":\"digitalservices@avantio.com\"},\"url\":\"https:\\\/\\\/www.bucketlistvilla.com\\\/blog\\\/fr\\\/author\\\/digitalservicesavantio-com\\\/\"}]}<\/script>\n<!-- \/ Yoast SEO plugin. -->","yoast_head_json":{"title":"Vacances de luxe de derni\u00e8re minute : destinations de r\u00eave","description":"R\u00e9servez d\u00e8s maintenant vos vacances de luxe de derni\u00e8re minute et vivez des moments inoubliables dans des destinations exclusives.","robots":{"index":"index","follow":"follow","max-snippet":"max-snippet:-1","max-image-preview":"max-image-preview:large","max-video-preview":"max-video-preview:-1"},"canonical":"https:\/\/www.bucketlistvilla.com\/blog\/fr\/vacances-luxe-derniere-minute\/","og_locale":"fr_FR","og_type":"article","og_title":"Vacances de luxe de derni\u00e8re minute : destinations de r\u00eave","og_description":"R\u00e9servez d\u00e8s maintenant vos vacances de luxe de derni\u00e8re minute et vivez des moments inoubliables dans des destinations exclusives.","og_url":"https:\/\/www.bucketlistvilla.com\/blog\/fr\/vacances-luxe-derniere-minute\/","og_site_name":"Blog","article_published_time":"2025-07-10T13:34:17+00:00","article_modified_time":"2025-09-11T09:29:39+00:00","og_image":[{"width":1920,"height":650,"url":"https:\/\/www.bucketlistvilla.com\/blog\/wp-content\/uploads\/2025\/07\/last-minute-luxury-vacation.webp","type":"image\/webp"}],"author":"digitalservices@avantio.com","twitter_card":"summary_large_image","twitter_misc":{"Written by":"digitalservices@avantio.com","Est. reading time":"8 minutes"},"schema":{"@context":"https:\/\/schema.org","@graph":[{"@type":"Article","@id":"https:\/\/www.bucketlistvilla.com\/blog\/fr\/vacances-luxe-derniere-minute\/#article","isPartOf":{"@id":"https:\/\/www.bucketlistvilla.com\/blog\/fr\/vacances-luxe-derniere-minute\/"},"author":{"name":"digitalservices@avantio.com","@id":"https:\/\/www.bucketlistvilla.com\/blog\/fr\/#\/schema\/person\/4fac40a1703aee7856657a7e3931d230"},"headline":"Vacances de luxe de derni\u00e8re minute : d\u00e9couvrez nos offres","datePublished":"2025-07-10T13:34:17+00:00","dateModified":"2025-09-11T09:29:39+00:00","mainEntityOfPage":{"@id":"https:\/\/www.bucketlistvilla.com\/blog\/fr\/vacances-luxe-derniere-minute\/"},"wordCount":1127,"commentCount":0,"image":{"@id":"https:\/\/www.bucketlistvilla.com\/blog\/fr\/vacances-luxe-derniere-minute\/#primaryimage"},"thumbnailUrl":"https:\/\/www.bucketlistvilla.com\/blog\/wp-content\/uploads\/2025\/07\/last-minute-luxury-vacation.webp","articleSection":["Offres"],"inLanguage":"fr","potentialAction":[{"@type":"CommentAction","name":"Comment","target":["https:\/\/www.bucketlistvilla.com\/blog\/fr\/vacances-luxe-derniere-minute\/#respond"]}]},{"@type":"WebPage","@id":"https:\/\/www.bucketlistvilla.com\/blog\/fr\/vacances-luxe-derniere-minute\/","url":"https:\/\/www.bucketlistvilla.com\/blog\/fr\/vacances-luxe-derniere-minute\/","name":"Vacances de luxe de derni\u00e8re minute : destinations de r\u00eave","isPartOf":{"@id":"https:\/\/www.bucketlistvilla.com\/blog\/fr\/#website"},"primaryImageOfPage":{"@id":"https:\/\/www.bucketlistvilla.com\/blog\/fr\/vacances-luxe-derniere-minute\/#primaryimage"},"image":{"@id":"https:\/\/www.bucketlistvilla.com\/blog\/fr\/vacances-luxe-derniere-minute\/#primaryimage"},"thumbnailUrl":"https:\/\/www.bucketlistvilla.com\/blog\/wp-content\/uploads\/2025\/07\/last-minute-luxury-vacation.webp","datePublished":"2025-07-10T13:34:17+00:00","dateModified":"2025-09-11T09:29:39+00:00","author":{"@id":"https:\/\/www.bucketlistvilla.com\/blog\/fr\/#\/schema\/person\/4fac40a1703aee7856657a7e3931d230"},"description":"R\u00e9servez d\u00e8s maintenant vos vacances de luxe de derni\u00e8re minute et vivez des moments inoubliables dans des destinations exclusives.","breadcrumb":{"@id":"https:\/\/www.bucketlistvilla.com\/blog\/fr\/vacances-luxe-derniere-minute\/#breadcrumb"},"inLanguage":"fr","potentialAction":[{"@type":"ReadAction","target":["https:\/\/www.bucketlistvilla.com\/blog\/fr\/vacances-luxe-derniere-minute\/"]}]},{"@type":"ImageObject","inLanguage":"fr","@id":"https:\/\/www.bucketlistvilla.com\/blog\/fr\/vacances-luxe-derniere-minute\/#primaryimage","url":"https:\/\/www.bucketlistvilla.com\/blog\/wp-content\/uploads\/2025\/07\/last-minute-luxury-vacation.webp","contentUrl":"https:\/\/www.bucketlistvilla.com\/blog\/wp-content\/uploads\/2025\/07\/last-minute-luxury-vacation.webp","width":1920,"height":650,"caption":"last minute luxury vacation"},{"@type":"BreadcrumbList","@id":"https:\/\/www.bucketlistvilla.com\/blog\/fr\/vacances-luxe-derniere-minute\/#breadcrumb","itemListElement":[{"@type":"ListItem","position":1,"name":"Home","item":"https:\/\/www.bucketlistvilla.com\/blog\/fr\/"},{"@type":"ListItem","position":2,"name":"Vacances de luxe de derni\u00e8re minute : d\u00e9couvrez nos offres"}]},{"@type":"WebSite","@id":"https:\/\/www.bucketlistvilla.com\/blog\/fr\/#website","url":"https:\/\/www.bucketlistvilla.com\/blog\/fr\/","name":"Blog","description":"","potentialAction":[{"@type":"SearchAction","target":{"@type":"EntryPoint","urlTemplate":"https:\/\/www.bucketlistvilla.com\/blog\/fr\/?s={search_term_string}"},"query-input":{"@type":"PropertyValueSpecification","valueRequired":true,"valueName":"search_term_string"}}],"inLanguage":"fr"},{"@type":"Person","@id":"https:\/\/www.bucketlistvilla.com\/blog\/fr\/#\/schema\/person\/4fac40a1703aee7856657a7e3931d230","name":"digitalservices@avantio.com","image":{"@type":"ImageObject","inLanguage":"fr","@id":"https:\/\/secure.gravatar.com\/avatar\/af30f88a1904294c1f3eb09a9d7903eec4ffa18fa2cf40c28a8681014ecdfc20?s=96&d=mm&r=g","url":"https:\/\/secure.gravatar.com\/avatar\/af30f88a1904294c1f3eb09a9d7903eec4ffa18fa2cf40c28a8681014ecdfc20?s=96&d=mm&r=g","contentUrl":"https:\/\/secure.gravatar.com\/avatar\/af30f88a1904294c1f3eb09a9d7903eec4ffa18fa2cf40c28a8681014ecdfc20?s=96&d=mm&r=g","caption":"digitalservices@avantio.com"},"url":"https:\/\/www.bucketlistvilla.com\/blog\/fr\/author\/digitalservicesavantio-com\/"}]}},"_links":{"self":[{"href":"https:\/\/www.bucketlistvilla.com\/blog\/fr\/wp-json\/wp\/v2\/posts\/7930","targetHints":{"allow":["GET"]}}],"collection":[{"href":"https:\/\/www.bucketlistvilla.com\/blog\/fr\/wp-json\/wp\/v2\/posts"}],"about":[{"href":"https:\/\/www.bucketlistvilla.com\/blog\/fr\/wp-json\/wp\/v2\/types\/post"}],"author":[{"embeddable":true,"href":"https:\/\/www.bucketlistvilla.com\/blog\/fr\/wp-json\/wp\/v2\/users\/3"}],"replies":[{"embeddable":true,"href":"https:\/\/www.bucketlistvilla.com\/blog\/fr\/wp-json\/wp\/v2\/comments?post=7930"}],"version-history":[{"count":61,"href":"https:\/\/www.bucketlistvilla.com\/blog\/fr\/wp-json\/wp\/v2\/posts\/7930\/revisions"}],"predecessor-version":[{"id":8034,"href":"https:\/\/www.bucketlistvilla.com\/blog\/fr\/wp-json\/wp\/v2\/posts\/7930\/revisions\/8034"}],"wp:featuredmedia":[{"embeddable":true,"href":"https:\/\/www.bucketlistvilla.com\/blog\/fr\/wp-json\/wp\/v2\/media\/8011"}],"wp:attachment":[{"href":"https:\/\/www.bucketlistvilla.com\/blog\/fr\/wp-json\/wp\/v2\/media?parent=7930"}],"wp:term":[{"taxonomy":"category","embeddable":true,"href":"https:\/\/www.bucketlistvilla.com\/blog\/fr\/wp-json\/wp\/v2\/categories?post=7930"},{"taxonomy":"post_tag","embeddable":true,"href":"https:\/\/www.bucketlistvilla.com\/blog\/fr\/wp-json\/wp\/v2\/tags?post=7930"}],"curies":[{"name":"wp","href":"https:\/\/api.w.org\/{rel}","templated":true}]}}