{"id":8226,"date":"2025-08-06T12:48:42","date_gmt":"2025-08-06T12:48:42","guid":{"rendered":"https:\/\/www.bucketlistvilla.com\/blog\/?p=8226"},"modified":"2025-09-10T14:56:52","modified_gmt":"2025-09-10T14:56:52","slug":"villas-a-louer-saint-barth","status":"publish","type":"post","link":"https:\/\/www.bucketlistvilla.com\/blog\/fr\/villas-a-louer-saint-barth\/","title":{"rendered":"Villas \u00e0 louer \u00e0 Saint-Barth<\/br>Vivez l\u2019exp\u00e9rience luxe sur mesure ultime"},"content":{"rendered":"\t\t<div data-elementor-type=\"wp-post\" data-elementor-id=\"8226\" class=\"elementor elementor-8226\" data-elementor-post-type=\"post\">\n\t\t\t\t<div class=\"elementor-element elementor-element-5240802 e-flex e-con-boxed e-con e-parent\" data-id=\"5240802\" data-element_type=\"container\" data-e-type=\"container\">\n\t\t\t\t\t<div class=\"e-con-inner\">\n\t\t\t\t<div class=\"elementor-element elementor-element-05336df elementor-hidden-tablet elementor-hidden-mobile elementor-widget elementor-widget-heading\" data-id=\"05336df\" data-element_type=\"widget\" data-e-type=\"widget\" data-widget_type=\"heading.default\">\n\t\t\t\t<div class=\"elementor-widget-container\">\n\t\t\t\t\t<h2 class=\"elementor-heading-title elementor-size-default\">Villas \u00e0 louer \u00e0 Saint-Barth pour un art de vivre incomparable<\/h2>\t\t\t\t<\/div>\n\t\t\t\t<\/div>\n\t\t\t\t<div class=\"elementor-element elementor-element-e1ed889 elementor-widget elementor-widget-text-editor\" data-id=\"e1ed889\" data-element_type=\"widget\" data-e-type=\"widget\" data-widget_type=\"text-editor.default\">\n\t\t\t\t<div class=\"elementor-widget-container\">\n\t\t\t\t\t\t\t\t\t<p>Saint-Barth\u00e9lemy est un joyau des Cara\u00efbes. Opter pour une <strong>villa \u00e0 louer \u00e0 Saint-Barth<\/strong>, c\u2019est s\u2019offrir bien plus qu\u2019un s\u00e9jour. Ici, tout devient exceptionnel : l\u2019espace, la vue, l\u2019intimit\u00e9, les services. Vous ne r\u00e9servez pas un simple h\u00e9bergement. Vous entrez dans un sanctuaire priv\u00e9, fa\u00e7onn\u00e9 selon vos envies. Votre maison de vacances luxe \u00e0 Saint-Barth devient un monde \u00e0 part.<\/p>\t\t\t\t\t\t\t\t<\/div>\n\t\t\t\t<\/div>\n\t\t\t\t\t<\/div>\n\t\t\t\t<\/div>\n\t\t<div class=\"elementor-element elementor-element-aaa6f8e e-flex e-con-boxed e-con e-parent\" data-id=\"aaa6f8e\" data-element_type=\"container\" data-e-type=\"container\" data-settings=\"{&quot;background_background&quot;:&quot;classic&quot;}\">\n\t\t\t\t\t<div class=\"e-con-inner\">\n\t\t\t\t<div class=\"elementor-element elementor-element-872067e elementor-widget elementor-widget-heading\" data-id=\"872067e\" data-element_type=\"widget\" data-e-type=\"widget\" data-widget_type=\"heading.default\">\n\t\t\t\t<div class=\"elementor-widget-container\">\n\t\t\t\t\t<h2 class=\"elementor-heading-title elementor-size-default\">Top 5 des villas \u00e0 louer \u00e0 Saint-Barth<\/h2>\t\t\t\t<\/div>\n\t\t\t\t<\/div>\n\t\t\t\t<div class=\"elementor-element elementor-element-8a2dcba elementor-widget elementor-widget-text-editor\" data-id=\"8a2dcba\" data-element_type=\"widget\" data-e-type=\"widget\" data-widget_type=\"text-editor.default\">\n\t\t\t\t<div class=\"elementor-widget-container\">\n\t\t\t\t\t\t\t\t\t<p>D\u00e9couvrez une s\u00e9lection de <strong>villas de luxe \u00e0 louer \u00e0 St Barth<\/strong> pour un s\u00e9jour d\u2019exception.<\/p>\t\t\t\t\t\t\t\t<\/div>\n\t\t\t\t<\/div>\n\t\t\t\t\t<\/div>\n\t\t\t\t<\/div>\n\t\t<div class=\"elementor-element elementor-element-08aa43c e-grid e-con-boxed e-con e-parent\" data-id=\"08aa43c\" data-element_type=\"container\" data-e-type=\"container\" data-settings=\"{&quot;background_background&quot;:&quot;classic&quot;}\">\n\t\t\t\t\t<div class=\"e-con-inner\">\n\t\t<div class=\"elementor-element elementor-element-dfcc331 e-con-full e-flex e-con e-child\" data-id=\"dfcc331\" data-element_type=\"container\" data-e-type=\"container\">\n\t\t<div class=\"elementor-element elementor-element-ac37b82 e-con-full e-flex e-con e-child\" data-id=\"ac37b82\" data-element_type=\"container\" data-e-type=\"container\">\n\t\t\t\t<div class=\"elementor-element elementor-element-a7b88f6 elementor-widget elementor-widget-image\" data-id=\"a7b88f6\" data-element_type=\"widget\" data-e-type=\"widget\" data-widget_type=\"image.default\">\n\t\t\t\t<div class=\"elementor-widget-container\">\n\t\t\t\t\t\t\t\t\t\t\t\t\t\t\t<img fetchpriority=\"high\" decoding=\"async\" width=\"600\" height=\"400\" src=\"https:\/\/www.bucketlistvilla.com\/blog\/wp-content\/uploads\/2025\/07\/rent-villa-st-barts-5.webp\" class=\"attachment-large size-large wp-image-8380\" alt=\"Villa La Bulle, location villa Saint-Barth au design futuriste avec vue mer panoramique et piscine \u00e0 d\u00e9bordement.\" srcset=\"https:\/\/www.bucketlistvilla.com\/blog\/wp-content\/uploads\/2025\/07\/rent-villa-st-barts-5.webp 600w, https:\/\/www.bucketlistvilla.com\/blog\/wp-content\/uploads\/2025\/07\/rent-villa-st-barts-5-300x200.webp 300w\" sizes=\"(max-width: 600px) 100vw, 600px\" \/>\t\t\t\t\t\t\t\t\t\t\t\t\t\t\t<\/div>\n\t\t\t\t<\/div>\n\t\t\t\t<div class=\"elementor-element elementor-element-d729b6f elementor-widget elementor-widget-heading\" data-id=\"d729b6f\" data-element_type=\"widget\" data-e-type=\"widget\" data-widget_type=\"heading.default\">\n\t\t\t\t<div class=\"elementor-widget-container\">\n\t\t\t\t\t<h4 class=\"elementor-heading-title elementor-size-default\">VILLA  LA BULLE\n<\/h4>\t\t\t\t<\/div>\n\t\t\t\t<\/div>\n\t\t\t\t<div class=\"elementor-element elementor-element-d4df980 elementor-widget elementor-widget-text-editor\" data-id=\"d4df980\" data-element_type=\"widget\" data-e-type=\"widget\" data-widget_type=\"text-editor.default\">\n\t\t\t\t<div class=\"elementor-widget-container\">\n\t\t\t\t\t\t\t\t\t<p>Une architecture audacieuse aux courbes l\u00e9g\u00e8res. Sa piscine \u00e0 d\u00e9bordement surplombe la mer. Ici, chaque coucher de soleil devient un tableau.<\/p>\t\t\t\t\t\t\t\t<\/div>\n\t\t\t\t<\/div>\n\t\t\t\t<\/div>\n\t\t\t\t<div class=\"elementor-element elementor-element-7532601 elementor-widget elementor-widget-text-editor\" data-id=\"7532601\" data-element_type=\"widget\" data-e-type=\"widget\" data-widget_type=\"text-editor.default\">\n\t\t\t\t<div class=\"elementor-widget-container\">\n\t\t\t\t\t\t\t\t\t<p><a href=\"https:\/\/www.bucketlistvilla.com\/fr\/location\/villa-saint-barthelemy-villa-la-bulle-st-barth-4-bd-521940.html\" target=\"_blank\" rel=\"noopener\"><strong>VOIR LA VILLA &gt;<\/strong><\/a><\/p>\t\t\t\t\t\t\t\t<\/div>\n\t\t\t\t<\/div>\n\t\t\t\t<\/div>\n\t\t<div class=\"elementor-element elementor-element-098663d e-con-full e-flex e-con e-child\" data-id=\"098663d\" data-element_type=\"container\" data-e-type=\"container\">\n\t\t<div class=\"elementor-element elementor-element-8004867 e-con-full e-flex e-con e-child\" data-id=\"8004867\" data-element_type=\"container\" data-e-type=\"container\">\n\t\t\t\t<div class=\"elementor-element elementor-element-743bb4b elementor-widget elementor-widget-image\" data-id=\"743bb4b\" data-element_type=\"widget\" data-e-type=\"widget\" data-widget_type=\"image.default\">\n\t\t\t\t<div class=\"elementor-widget-container\">\n\t\t\t\t\t\t\t\t\t\t\t\t\t\t\t<img decoding=\"async\" width=\"600\" height=\"400\" src=\"https:\/\/www.bucketlistvilla.com\/blog\/wp-content\/uploads\/2025\/07\/rent-villa-st-barts-1.webp\" class=\"attachment-large size-large wp-image-8365\" alt=\"Maison Salines, location villa Saint-Barth \u00e9l\u00e9gante \u00e0 deux pas de la plage des Salines, parfaite pour un s\u00e9jour en toute intimit\u00e9.\" srcset=\"https:\/\/www.bucketlistvilla.com\/blog\/wp-content\/uploads\/2025\/07\/rent-villa-st-barts-1.webp 600w, https:\/\/www.bucketlistvilla.com\/blog\/wp-content\/uploads\/2025\/07\/rent-villa-st-barts-1-300x200.webp 300w\" sizes=\"(max-width: 600px) 100vw, 600px\" \/>\t\t\t\t\t\t\t\t\t\t\t\t\t\t\t<\/div>\n\t\t\t\t<\/div>\n\t\t\t\t<div class=\"elementor-element elementor-element-bf23f75 elementor-widget elementor-widget-heading\" data-id=\"bf23f75\" data-element_type=\"widget\" data-e-type=\"widget\" data-widget_type=\"heading.default\">\n\t\t\t\t<div class=\"elementor-widget-container\">\n\t\t\t\t\t<h4 class=\"elementor-heading-title elementor-size-default\">Maison Saline<\/h4>\t\t\t\t<\/div>\n\t\t\t\t<\/div>\n\t\t\t\t<div class=\"elementor-element elementor-element-57dd42f elementor-widget elementor-widget-text-editor\" data-id=\"57dd42f\" data-element_type=\"widget\" data-e-type=\"widget\" data-widget_type=\"text-editor.default\">\n\t\t\t\t<div class=\"elementor-widget-container\">\n\t\t\t\t\t\t\t\t\t<p>Un refuge \u00e9l\u00e9gant et discret. Chic sans ostentation. \u00c0 deux pas de la c\u00e9l\u00e8bre plage de Saline.<\/p>\t\t\t\t\t\t\t\t<\/div>\n\t\t\t\t<\/div>\n\t\t\t\t<\/div>\n\t\t\t\t<div class=\"elementor-element elementor-element-a576ebc elementor-widget elementor-widget-text-editor\" data-id=\"a576ebc\" data-element_type=\"widget\" data-e-type=\"widget\" data-widget_type=\"text-editor.default\">\n\t\t\t\t<div class=\"elementor-widget-container\">\n\t\t\t\t\t\t\t\t\t<p><a href=\"https:\/\/www.bucketlistvilla.com\/fr\/location\/villa-saint-barthelemy-villa-la-maison-saline-st-barth-4-bd-515456.html\" target=\"_blank\" rel=\"noopener\"><strong>VOIR LA VILLA &gt;<\/strong><\/a><\/p>\t\t\t\t\t\t\t\t<\/div>\n\t\t\t\t<\/div>\n\t\t\t\t<\/div>\n\t\t<div class=\"elementor-element elementor-element-0c180b3 e-con-full e-flex e-con e-child\" data-id=\"0c180b3\" data-element_type=\"container\" data-e-type=\"container\">\n\t\t<div class=\"elementor-element elementor-element-6195967 e-con-full e-flex e-con e-child\" data-id=\"6195967\" data-element_type=\"container\" data-e-type=\"container\">\n\t\t\t\t<div class=\"elementor-element elementor-element-3ebc0f7 elementor-widget elementor-widget-image\" data-id=\"3ebc0f7\" data-element_type=\"widget\" data-e-type=\"widget\" data-widget_type=\"image.default\">\n\t\t\t\t<div class=\"elementor-widget-container\">\n\t\t\t\t\t\t\t\t\t\t\t\t\t\t\t<img decoding=\"async\" width=\"600\" height=\"400\" src=\"https:\/\/www.bucketlistvilla.com\/blog\/wp-content\/uploads\/2025\/07\/rent-villa-st-barts-2.webp\" class=\"attachment-large size-large wp-image-8370\" alt=\"Villa Golden Eye, villa \u00e0 louer \u00e0 Saint-Barth avec piscine \u00e0 d\u00e9bordement, vue panoramique et design contemporain.\" srcset=\"https:\/\/www.bucketlistvilla.com\/blog\/wp-content\/uploads\/2025\/07\/rent-villa-st-barts-2.webp 600w, https:\/\/www.bucketlistvilla.com\/blog\/wp-content\/uploads\/2025\/07\/rent-villa-st-barts-2-300x200.webp 300w\" sizes=\"(max-width: 600px) 100vw, 600px\" \/>\t\t\t\t\t\t\t\t\t\t\t\t\t\t\t<\/div>\n\t\t\t\t<\/div>\n\t\t\t\t<div class=\"elementor-element elementor-element-0a06e7d elementor-widget elementor-widget-heading\" data-id=\"0a06e7d\" data-element_type=\"widget\" data-e-type=\"widget\" data-widget_type=\"heading.default\">\n\t\t\t\t<div class=\"elementor-widget-container\">\n\t\t\t\t\t<h4 class=\"elementor-heading-title elementor-size-default\">Villa Golden Eye<\/h4>\t\t\t\t<\/div>\n\t\t\t\t<\/div>\n\t\t\t\t<div class=\"elementor-element elementor-element-b11efe7 elementor-widget elementor-widget-text-editor\" data-id=\"b11efe7\" data-element_type=\"widget\" data-e-type=\"widget\" data-widget_type=\"text-editor.default\">\n\t\t\t\t<div class=\"elementor-widget-container\">\n\t\t\t\t\t\t\t\t\t<p>Un bijou architectural perch\u00e9 sur un promontoire. Des panoramas \u00e0 360\u00b0, des prestations haut de gamme, une intimit\u00e9 totale.<\/p>\t\t\t\t\t\t\t\t<\/div>\n\t\t\t\t<\/div>\n\t\t\t\t<\/div>\n\t\t\t\t<div class=\"elementor-element elementor-element-28bb371 elementor-widget elementor-widget-text-editor\" data-id=\"28bb371\" data-element_type=\"widget\" data-e-type=\"widget\" data-widget_type=\"text-editor.default\">\n\t\t\t\t<div class=\"elementor-widget-container\">\n\t\t\t\t\t\t\t\t\t<p><a href=\"https:\/\/www.bucketlistvilla.com\/fr\/location\/villa-saint-barthelemy-villa-golden-eye-st-barth-3-bd-512261.html\" target=\"_blank\" rel=\"noopener\"><strong>VOIR LA VILLA &gt;<\/strong><\/a><\/p>\t\t\t\t\t\t\t\t<\/div>\n\t\t\t\t<\/div>\n\t\t\t\t<\/div>\n\t\t<div class=\"elementor-element elementor-element-d02c072 e-con-full e-flex e-con e-child\" data-id=\"d02c072\" data-element_type=\"container\" data-e-type=\"container\">\n\t\t<div class=\"elementor-element elementor-element-29530e5 e-con-full e-flex e-con e-child\" data-id=\"29530e5\" data-element_type=\"container\" data-e-type=\"container\">\n\t\t\t\t<div class=\"elementor-element elementor-element-142ee90 elementor-widget elementor-widget-image\" data-id=\"142ee90\" data-element_type=\"widget\" data-e-type=\"widget\" data-widget_type=\"image.default\">\n\t\t\t\t<div class=\"elementor-widget-container\">\n\t\t\t\t\t\t\t\t\t\t\t\t\t\t\t<img loading=\"lazy\" decoding=\"async\" width=\"600\" height=\"400\" src=\"https:\/\/www.bucketlistvilla.com\/blog\/wp-content\/uploads\/2025\/07\/rent-villa-st-barts-3.webp\" class=\"attachment-large size-large wp-image-8373\" alt=\"Villa Jangali, location villa Saint-Barth d\u2019inspiration balinaise nich\u00e9e dans la nature, avec piscine priv\u00e9e et atmosph\u00e8re zen.\" srcset=\"https:\/\/www.bucketlistvilla.com\/blog\/wp-content\/uploads\/2025\/07\/rent-villa-st-barts-3.webp 600w, https:\/\/www.bucketlistvilla.com\/blog\/wp-content\/uploads\/2025\/07\/rent-villa-st-barts-3-300x200.webp 300w\" sizes=\"(max-width: 600px) 100vw, 600px\" \/>\t\t\t\t\t\t\t\t\t\t\t\t\t\t\t<\/div>\n\t\t\t\t<\/div>\n\t\t\t\t<div class=\"elementor-element elementor-element-77db15a elementor-widget elementor-widget-heading\" data-id=\"77db15a\" data-element_type=\"widget\" data-e-type=\"widget\" data-widget_type=\"heading.default\">\n\t\t\t\t<div class=\"elementor-widget-container\">\n\t\t\t\t\t<h4 class=\"elementor-heading-title elementor-size-default\">Villa Jangali<\/h4>\t\t\t\t<\/div>\n\t\t\t\t<\/div>\n\t\t\t\t<div class=\"elementor-element elementor-element-1ca98dc elementor-widget elementor-widget-text-editor\" data-id=\"1ca98dc\" data-element_type=\"widget\" data-e-type=\"widget\" data-widget_type=\"text-editor.default\">\n\t\t\t\t<div class=\"elementor-widget-container\">\n\t\t\t\t\t\t\t\t\t<p>Un refuge contemporain nich\u00e9 au c\u0153ur d\u2019une v\u00e9g\u00e9tation tropicale. Des vues imprenables sur l\u2019oc\u00e9an et des espaces con\u00e7us pour la d\u00e9tente.<\/p>\t\t\t\t\t\t\t\t<\/div>\n\t\t\t\t<\/div>\n\t\t\t\t<\/div>\n\t\t\t\t<div class=\"elementor-element elementor-element-d557f21 elementor-widget elementor-widget-text-editor\" data-id=\"d557f21\" data-element_type=\"widget\" data-e-type=\"widget\" data-widget_type=\"text-editor.default\">\n\t\t\t\t<div class=\"elementor-widget-container\">\n\t\t\t\t\t\t\t\t\t<p><a href=\"https:\/\/www.bucketlistvilla.com\/fr\/location\/villa-saint-barthelemy-villa-jangali-st-barth-5-bd-524021.html\" target=\"_blank\" rel=\"noopener\"><strong>VOIR LA VILLA &gt;<\/strong><\/a><\/p>\t\t\t\t\t\t\t\t<\/div>\n\t\t\t\t<\/div>\n\t\t\t\t<\/div>\n\t\t<div class=\"elementor-element elementor-element-c6ba803 e-con-full e-flex e-con e-child\" data-id=\"c6ba803\" data-element_type=\"container\" data-e-type=\"container\">\n\t\t<div class=\"elementor-element elementor-element-990e05e e-con-full e-flex e-con e-child\" data-id=\"990e05e\" data-element_type=\"container\" data-e-type=\"container\">\n\t\t\t\t<div class=\"elementor-element elementor-element-e5f3dc5 elementor-widget elementor-widget-image\" data-id=\"e5f3dc5\" data-element_type=\"widget\" data-e-type=\"widget\" data-widget_type=\"image.default\">\n\t\t\t\t<div class=\"elementor-widget-container\">\n\t\t\t\t\t\t\t\t\t\t\t\t\t\t\t<img loading=\"lazy\" decoding=\"async\" width=\"600\" height=\"400\" src=\"https:\/\/www.bucketlistvilla.com\/blog\/wp-content\/uploads\/2025\/07\/rent-villa-st-barts-4.webp\" class=\"attachment-large size-large wp-image-8376\" alt=\"Villa Quartz, location villa Saint-Barth moderne et \u00e9pur\u00e9e, avec vue spectaculaire sur l\u2019oc\u00e9an et service de conciergerie.\" srcset=\"https:\/\/www.bucketlistvilla.com\/blog\/wp-content\/uploads\/2025\/07\/rent-villa-st-barts-4.webp 600w, https:\/\/www.bucketlistvilla.com\/blog\/wp-content\/uploads\/2025\/07\/rent-villa-st-barts-4-300x200.webp 300w\" sizes=\"(max-width: 600px) 100vw, 600px\" \/>\t\t\t\t\t\t\t\t\t\t\t\t\t\t\t<\/div>\n\t\t\t\t<\/div>\n\t\t\t\t<div class=\"elementor-element elementor-element-e489cd3 elementor-widget elementor-widget-heading\" data-id=\"e489cd3\" data-element_type=\"widget\" data-e-type=\"widget\" data-widget_type=\"heading.default\">\n\t\t\t\t<div class=\"elementor-widget-container\">\n\t\t\t\t\t<h4 class=\"elementor-heading-title elementor-size-default\">Villa Quartz<\/h4>\t\t\t\t<\/div>\n\t\t\t\t<\/div>\n\t\t\t\t<div class=\"elementor-element elementor-element-bb3b1b7 elementor-widget elementor-widget-text-editor\" data-id=\"bb3b1b7\" data-element_type=\"widget\" data-e-type=\"widget\" data-widget_type=\"text-editor.default\">\n\t\t\t\t<div class=\"elementor-widget-container\">\n\t\t\t\t\t\t\t\t\t<p>Un style minimaliste et \u00e9pur\u00e9. De vastes baies vitr\u00e9es ouvrent sur la baie de Gustavia. Design moderne et nature brute se r\u00e9pondent.<\/p>\t\t\t\t\t\t\t\t<\/div>\n\t\t\t\t<\/div>\n\t\t\t\t<\/div>\n\t\t\t\t<div class=\"elementor-element elementor-element-2079de6 elementor-widget elementor-widget-text-editor\" data-id=\"2079de6\" data-element_type=\"widget\" data-e-type=\"widget\" data-widget_type=\"text-editor.default\">\n\t\t\t\t<div class=\"elementor-widget-container\">\n\t\t\t\t\t\t\t\t\t<p><a href=\"https:\/\/www.bucketlistvilla.com\/fr\/location\/villa-saint-barthelemy-villa-quartz-st-barth-3-bd-527014.html\" target=\"_blank\" rel=\"noopener\"><strong>VOIR LA VILLA &gt;<\/strong><\/a><\/p>\t\t\t\t\t\t\t\t<\/div>\n\t\t\t\t<\/div>\n\t\t\t\t<\/div>\n\t\t\t\t\t<\/div>\n\t\t\t\t<\/div>\n\t\t<div class=\"elementor-element elementor-element-13ad075 e-flex e-con-boxed e-con e-parent\" data-id=\"13ad075\" data-element_type=\"container\" data-e-type=\"container\">\n\t\t\t\t\t<div class=\"e-con-inner\">\n\t\t<div class=\"elementor-element elementor-element-af82808 e-con-full e-flex e-con e-child\" data-id=\"af82808\" data-element_type=\"container\" data-e-type=\"container\">\n\t\t\t\t<div class=\"elementor-element elementor-element-a2305e3 elementor-align-right elementor-mobile-align-justify elementor-tablet-align-justify elementor-widget elementor-widget-button\" data-id=\"a2305e3\" data-element_type=\"widget\" data-e-type=\"widget\" data-widget_type=\"button.default\">\n\t\t\t\t<div class=\"elementor-widget-container\">\n\t\t\t\t\t\t\t\t\t<div class=\"elementor-button-wrapper\">\n\t\t\t\t\t<a class=\"elementor-button elementor-button-link elementor-size-sm\" href=\"https:\/\/www.bucketlistvilla.com\/fr\/villa-luxe-saint-barth\/\">\n\t\t\t\t\t\t<span class=\"elementor-button-content-wrapper\">\n\t\t\t\t\t\t\t\t\t<span class=\"elementor-button-text\">Villas de luxe \u00e0 st barth<\/span>\n\t\t\t\t\t<\/span>\n\t\t\t\t\t<\/a>\n\t\t\t\t<\/div>\n\t\t\t\t\t\t\t\t<\/div>\n\t\t\t\t<\/div>\n\t\t\t\t<\/div>\n\t\t<div class=\"elementor-element elementor-element-d56403b e-con-full e-flex e-con e-child\" data-id=\"d56403b\" data-element_type=\"container\" data-e-type=\"container\">\n\t\t\t\t<div class=\"elementor-element elementor-element-0d947ef elementor-align-left elementor-mobile-align-justify elementor-tablet-align-justify elementor-widget elementor-widget-button\" data-id=\"0d947ef\" data-element_type=\"widget\" data-e-type=\"widget\" data-widget_type=\"button.default\">\n\t\t\t\t<div class=\"elementor-widget-container\">\n\t\t\t\t\t\t\t\t\t<div class=\"elementor-button-wrapper\">\n\t\t\t\t\t<a class=\"elementor-button elementor-button-link elementor-size-sm\" href=\"https:\/\/www.bucketlistvilla.com\/fr\/location-vacances-st-barth\/\">\n\t\t\t\t\t\t<span class=\"elementor-button-content-wrapper\">\n\t\t\t\t\t\t\t\t\t<span class=\"elementor-button-text\">Location de vancances<\/span>\n\t\t\t\t\t<\/span>\n\t\t\t\t\t<\/a>\n\t\t\t\t<\/div>\n\t\t\t\t\t\t\t\t<\/div>\n\t\t\t\t<\/div>\n\t\t\t\t<\/div>\n\t\t\t\t\t<\/div>\n\t\t\t\t<\/div>\n\t\t<div class=\"elementor-element elementor-element-1e41cce e-flex e-con-boxed e-con e-parent\" data-id=\"1e41cce\" data-element_type=\"container\" data-e-type=\"container\" data-settings=\"{&quot;background_background&quot;:&quot;classic&quot;}\">\n\t\t\t\t\t<div class=\"e-con-inner\">\n\t\t\t\t<div class=\"elementor-element elementor-element-55008ae elementor-widget elementor-widget-heading\" data-id=\"55008ae\" data-element_type=\"widget\" data-e-type=\"widget\" data-widget_type=\"heading.default\">\n\t\t\t\t<div class=\"elementor-widget-container\">\n\t\t\t\t\t<h2 class=\"elementor-heading-title elementor-size-default\">Un sanctuaire priv\u00e9, votre luxe sur mesure\n<\/h2>\t\t\t\t<\/div>\n\t\t\t\t<\/div>\n\t\t\t\t<div class=\"elementor-element elementor-element-05c7ce5 elementor-widget elementor-widget-text-editor\" data-id=\"05c7ce5\" data-element_type=\"widget\" data-e-type=\"widget\" data-widget_type=\"text-editor.default\">\n\t\t\t\t<div class=\"elementor-widget-container\">\n\t\t\t\t\t\t\t\t\t<p><strong>Louer une villa de luxe \u00e0 St Barth<\/strong>, c\u2019est choisir la libert\u00e9 absolue. Vous d\u00e9cidez de votre rythme. R\u00e9veillez-vous au lever du soleil, face \u00e0 l\u2019oc\u00e9an. Plongez dans votre piscine \u00e0 d\u00e9bordement, entour\u00e9 de palmiers. Savourez un petit-d\u00e9jeuner gourmet sur votre terrasse, pr\u00e9par\u00e9 par un <a href=\"https:\/\/www.bucketlistvilla.com\/blog\/fr\/location-villas-caraibes-avec-chef-prive\/\" target=\"_blank\" rel=\"noopener\" data-wplink-edit=\"true\">chef priv\u00e9<\/a>.<\/p><p>Dans ces <strong>villas \u00e0 louer \u00e0 Saint-Barth<\/strong>, chaque espace devient un \u00e9crin de bien-\u00eatre. Les vastes chambres ouvertes sur la mer, les salons baign\u00e9s de lumi\u00e8re, et les jardins tropicaux pr\u00e9servent votre intimit\u00e9. En couple, en famille ou entre amis, votre villa devient votre refuge id\u00e9al pour un s\u00e9jour romantique, des vacances en famille ou une <a href=\"https:\/\/www.bucketlistvilla.com\/blog\/fr\/lune-de-miel-saint-barthelemy\/\" target=\"_blank\" rel=\"noopener\">lune de miel inoubliable<\/a>.<\/p>\t\t\t\t\t\t\t\t<\/div>\n\t\t\t\t<\/div>\n\t\t\t\t\t<\/div>\n\t\t\t\t<\/div>\n\t\t<div class=\"elementor-element elementor-element-0c48021 e-con-full elementor-hidden-mobile e-flex e-con e-parent\" data-id=\"0c48021\" data-element_type=\"container\" data-e-type=\"container\" data-settings=\"{&quot;background_background&quot;:&quot;classic&quot;}\">\n\t\t\t\t<\/div>\n\t\t<div class=\"elementor-element elementor-element-353d0e0 e-flex e-con-boxed e-con e-parent\" data-id=\"353d0e0\" data-element_type=\"container\" data-e-type=\"container\">\n\t\t\t\t\t<div class=\"e-con-inner\">\n\t\t\t\t<div class=\"elementor-element elementor-element-aa8d65d elementor-widget elementor-widget-heading\" data-id=\"aa8d65d\" data-element_type=\"widget\" data-e-type=\"widget\" data-widget_type=\"heading.default\">\n\t\t\t\t<div class=\"elementor-widget-container\">\n\t\t\t\t\t<h2 class=\"elementor-heading-title elementor-size-default\">Explorer nos collections de villa de luxe \u00e0 louer \u00e0 Saint Barth<\/h2>\t\t\t\t<\/div>\n\t\t\t\t<\/div>\n\t\t\t\t<div class=\"elementor-element elementor-element-333ee67 elementor-widget elementor-widget-heading\" data-id=\"333ee67\" data-element_type=\"widget\" data-e-type=\"widget\" data-widget_type=\"heading.default\">\n\t\t\t\t<div class=\"elementor-widget-container\">\n\t\t\t\t\t<h3 class=\"elementor-heading-title elementor-size-default\">Villas \u00e0 louer avec piscine priv\u00e9e en bord de mer \u00e0 St-Barth<\/h3>\t\t\t\t<\/div>\n\t\t\t\t<\/div>\n\t\t\t\t<div class=\"elementor-element elementor-element-8560234 elementor-widget elementor-widget-grid\" data-id=\"8560234\" data-element_type=\"widget\" data-e-type=\"widget\" data-widget_type=\"grid.default\">\n\t\t\t\t<div class=\"elementor-widget-container\">\n\t\t\t\t\t\t\t<div class=\"its--row alojamientos-recomendados\">\n\n\t\t\t<div class=\"alojamientos-recomendados-container\">\n\n\t\t\t\t\t\n\t\t\t\t\t<a href=\"https:\/\/www.bucketlistvilla.com\/fr\/location\/villa-saint-barthelemy-3-bd-villa-sasha-st-barth-439268.html\" rel=\"nofollow\" style=\"width: 23%;\">\n\t\t\t\t\t\t<div class=\"apartamento-box\">\n\t\t\t\t\t\t\t<div class=\"imagen_recomendados\">\n\t\t\t\t\t\t\t\t<img decoding=\"async\" src=\"https:\/\/crs.avantio.com\/fotos\/2\/168978120943c8dee57e8f8d44028843bacfe728c9\/big1743599998c154424a48e51d5b5f6c4d2cefa6bed0.jpg\" alt=\"Villa Sasha St Barth 3-bd\">\n\t\t\t\t\t\t\t<\/div>\n\t\t\t\t\t\t\t<div class=\"info\">\n\t\t\t\t\t\t\t\t<div class=\"ubicacion\">\n\t\t\t\t\t\t\t\t\t<i class=\"fa-solid fa-location-dot icono-mapa\"><\/i><span class=\"ubicacion-texto\">Saint Barth\u00e9lemy - Saint Barth\u00e9lemy<\/span>\n\t\t\t\t\t\t\t\t<\/div>\n\t\t\t\t\t\t\t\t<H4 class=\"titulo-alojamiento\">\n\t\t\t\t\t\t\t\t\tVilla Sasha St Barth 3-bd\t\t\t\t\t\t\t\t<\/H4>\n\t\t\t\t\t\t\t\t<p class=\"precio-alojamiento\">\u00c0 partir de <span class=\"precio\">1857.14\u20ac<\/span> par nuit<\/p>\n\t\t\t\t\t\t\t<\/div>\n\t\t\t\t\t\t<\/div>\n\t\t\t\t\t<\/a> \n\t\t\t\t\t\t\n\t\t\t\t\t<a href=\"https:\/\/www.bucketlistvilla.com\/fr\/location\/villa-saint-barthelemy-2-bd-villa-la-magnifica-st-barth-444834.html\" rel=\"nofollow\" style=\"width: 23%;\">\n\t\t\t\t\t\t<div class=\"apartamento-box\">\n\t\t\t\t\t\t\t<div class=\"imagen_recomendados\">\n\t\t\t\t\t\t\t\t<img decoding=\"async\" src=\"https:\/\/crs.avantio.com\/fotos\/2\/1695036689faca8ba8a3c65ab176fa56abc7c7d7dd\/big169503743682a252f5d89f0cf1c1919a91f829bd93.jpg\" alt=\"Villa La Magnifica St Barth 2-bd\">\n\t\t\t\t\t\t\t<\/div>\n\t\t\t\t\t\t\t<div class=\"info\">\n\t\t\t\t\t\t\t\t<div class=\"ubicacion\">\n\t\t\t\t\t\t\t\t\t<i class=\"fa-solid fa-location-dot icono-mapa\"><\/i><span class=\"ubicacion-texto\">Saint Barth\u00e9lemy - Saint Barth\u00e9lemy<\/span>\n\t\t\t\t\t\t\t\t<\/div>\n\t\t\t\t\t\t\t\t<H4 class=\"titulo-alojamiento\">\n\t\t\t\t\t\t\t\t\tVilla La Magnifica St Barth 2-bd\t\t\t\t\t\t\t\t<\/H4>\n\t\t\t\t\t\t\t\t<p class=\"precio-alojamiento\">\u00c0 partir de <span class=\"precio\">757.14\u20ac<\/span> par nuit<\/p>\n\t\t\t\t\t\t\t<\/div>\n\t\t\t\t\t\t<\/div>\n\t\t\t\t\t<\/a> \n\t\t\t\t\t\t\n\t\t\t\t\t<a href=\"https:\/\/www.bucketlistvilla.com\/fr\/location\/villa-saint-barthelemy-3-bd-villa-ti-rock-st-barth-445122.html\" rel=\"nofollow\" style=\"width: 23%;\">\n\t\t\t\t\t\t<div class=\"apartamento-box\">\n\t\t\t\t\t\t\t<div class=\"imagen_recomendados\">\n\t\t\t\t\t\t\t\t<img decoding=\"async\" src=\"https:\/\/crs.avantio.com\/fotos\/2\/169514059715686faadee32a283987d5839ddbb0ac\/big1695140607674f5a3f6bb80d59902176798550f236.jpg\" alt=\"Villa Ti Rock St Barth 3-bd\">\n\t\t\t\t\t\t\t<\/div>\n\t\t\t\t\t\t\t<div class=\"info\">\n\t\t\t\t\t\t\t\t<div class=\"ubicacion\">\n\t\t\t\t\t\t\t\t\t<i class=\"fa-solid fa-location-dot icono-mapa\"><\/i><span class=\"ubicacion-texto\">Saint Barth\u00e9lemy - Saint Barth\u00e9lemy<\/span>\n\t\t\t\t\t\t\t\t<\/div>\n\t\t\t\t\t\t\t\t<H4 class=\"titulo-alojamiento\">\n\t\t\t\t\t\t\t\t\tVilla Ti Rock St Barth 3-bd\t\t\t\t\t\t\t\t<\/H4>\n\t\t\t\t\t\t\t\t<p class=\"precio-alojamiento\">\u00c0 partir de <span class=\"precio\">1142.86\u20ac<\/span> par nuit<\/p>\n\t\t\t\t\t\t\t<\/div>\n\t\t\t\t\t\t<\/div>\n\t\t\t\t\t<\/a> \n\t\t\t\t\t\t\n\t\t\t\t\t<a href=\"https:\/\/www.bucketlistvilla.com\/fr\/location\/villa-saint-barthelemy-3-bd-villa-endeavour-st-barth-445810.html\" rel=\"nofollow\" style=\"width: 23%;\">\n\t\t\t\t\t\t<div class=\"apartamento-box\">\n\t\t\t\t\t\t\t<div class=\"imagen_recomendados\">\n\t\t\t\t\t\t\t\t<img decoding=\"async\" src=\"https:\/\/crs.avantio.com\/fotos\/2\/1695717675981405ba1a93d68b8e7e2e4eea4a84bb\/big1695717688d3c0a7d8ac6e19cd1f872deb2b870b2b.jpg\" alt=\"Villa Endeavour St Barth 3-bd\">\n\t\t\t\t\t\t\t<\/div>\n\t\t\t\t\t\t\t<div class=\"info\">\n\t\t\t\t\t\t\t\t<div class=\"ubicacion\">\n\t\t\t\t\t\t\t\t\t<i class=\"fa-solid fa-location-dot icono-mapa\"><\/i><span class=\"ubicacion-texto\">Saint Barth\u00e9lemy - Saint Barth\u00e9lemy<\/span>\n\t\t\t\t\t\t\t\t<\/div>\n\t\t\t\t\t\t\t\t<H4 class=\"titulo-alojamiento\">\n\t\t\t\t\t\t\t\t\tVilla Endeavour St Barth 3-bd\t\t\t\t\t\t\t\t<\/H4>\n\t\t\t\t\t\t\t\t<p class=\"precio-alojamiento\">\u00c0 partir de <span class=\"precio\">1714.29\u20ac<\/span> par nuit<\/p>\n\t\t\t\t\t\t\t<\/div>\n\t\t\t\t\t\t<\/div>\n\t\t\t\t\t<\/a> \n\t\t\t\t\t\t\t\t<\/div>\n\t\t\t<\/div>\n\t\t\t\t\t\t<\/div>\n\t\t\t\t<\/div>\n\t\t\t\t\t<\/div>\n\t\t\t\t<\/div>\n\t\t<div class=\"elementor-element elementor-element-7323914 e-flex e-con-boxed e-con e-parent\" data-id=\"7323914\" data-element_type=\"container\" data-e-type=\"container\">\n\t\t\t\t\t<div class=\"e-con-inner\">\n\t\t\t\t<div class=\"elementor-element elementor-element-a90b1db elementor-widget elementor-widget-heading\" data-id=\"a90b1db\" data-element_type=\"widget\" data-e-type=\"widget\" data-widget_type=\"heading.default\">\n\t\t\t\t<div class=\"elementor-widget-container\">\n\t\t\t\t\t<h3 class=\"elementor-heading-title elementor-size-default\">Villas de luxe pour famille et amis avec vue mer \u00e0 St-Barth<\/h3>\t\t\t\t<\/div>\n\t\t\t\t<\/div>\n\t\t\t\t<div class=\"elementor-element elementor-element-053645c elementor-widget elementor-widget-grid\" data-id=\"053645c\" data-element_type=\"widget\" data-e-type=\"widget\" data-widget_type=\"grid.default\">\n\t\t\t\t<div class=\"elementor-widget-container\">\n\t\t\t\t\t\t\t<div class=\"its--row alojamientos-recomendados\">\n\n\t\t\t<div class=\"alojamientos-recomendados-container\">\n\n\t\t\t\t\t\n\t\t\t\t\t<a href=\"https:\/\/www.bucketlistvilla.com\/fr\/location\/villa-saint-barthelemy-3-bd-villa-sasha-st-barth-439268.html\" rel=\"nofollow\" style=\"width: 23%;\">\n\t\t\t\t\t\t<div class=\"apartamento-box\">\n\t\t\t\t\t\t\t<div class=\"imagen_recomendados\">\n\t\t\t\t\t\t\t\t<img decoding=\"async\" src=\"https:\/\/crs.avantio.com\/fotos\/2\/168978120943c8dee57e8f8d44028843bacfe728c9\/big1743599998c154424a48e51d5b5f6c4d2cefa6bed0.jpg\" alt=\"Villa Sasha St Barth 3-bd\">\n\t\t\t\t\t\t\t<\/div>\n\t\t\t\t\t\t\t<div class=\"info\">\n\t\t\t\t\t\t\t\t<div class=\"ubicacion\">\n\t\t\t\t\t\t\t\t\t<i class=\"fa-solid fa-location-dot icono-mapa\"><\/i><span class=\"ubicacion-texto\">Saint Barth\u00e9lemy - Saint Barth\u00e9lemy<\/span>\n\t\t\t\t\t\t\t\t<\/div>\n\t\t\t\t\t\t\t\t<H4 class=\"titulo-alojamiento\">\n\t\t\t\t\t\t\t\t\tVilla Sasha St Barth 3-bd\t\t\t\t\t\t\t\t<\/H4>\n\t\t\t\t\t\t\t\t<p class=\"precio-alojamiento\">\u00c0 partir de <span class=\"precio\">1857.14\u20ac<\/span> par nuit<\/p>\n\t\t\t\t\t\t\t<\/div>\n\t\t\t\t\t\t<\/div>\n\t\t\t\t\t<\/a> \n\t\t\t\t\t\t\n\t\t\t\t\t<a href=\"https:\/\/www.bucketlistvilla.com\/fr\/location\/villa-saint-barthelemy-6-bd-villa-blanc-bleu-st-barth-442429.html\" rel=\"nofollow\" style=\"width: 23%;\">\n\t\t\t\t\t\t<div class=\"apartamento-box\">\n\t\t\t\t\t\t\t<div class=\"imagen_recomendados\">\n\t\t\t\t\t\t\t\t<img decoding=\"async\" src=\"https:\/\/crs.avantio.com\/fotos\/2\/1690529231d815d150095889cc6fa039978a24bbba\/big17455725963022e155aab42df2bbe54bb42a4d3edf.jpg\" alt=\"Villa Blanc Bleu St Barth 6-bd\">\n\t\t\t\t\t\t\t<\/div>\n\t\t\t\t\t\t\t<div class=\"info\">\n\t\t\t\t\t\t\t\t<div class=\"ubicacion\">\n\t\t\t\t\t\t\t\t\t<i class=\"fa-solid fa-location-dot icono-mapa\"><\/i><span class=\"ubicacion-texto\">Saint Barth\u00e9lemy - Saint Barth\u00e9lemy<\/span>\n\t\t\t\t\t\t\t\t<\/div>\n\t\t\t\t\t\t\t\t<H4 class=\"titulo-alojamiento\">\n\t\t\t\t\t\t\t\t\tVilla Blanc Bleu St Barth 6-bd\t\t\t\t\t\t\t\t<\/H4>\n\t\t\t\t\t\t\t\t<p class=\"precio-alojamiento\">\u00c0 partir de <span class=\"precio\">9285.71\u20ac<\/span> par nuit<\/p>\n\t\t\t\t\t\t\t<\/div>\n\t\t\t\t\t\t<\/div>\n\t\t\t\t\t<\/a> \n\t\t\t\t\t\t\n\t\t\t\t\t<a href=\"https:\/\/www.bucketlistvilla.com\/fr\/location\/villa-saint-barthelemy-5-bd-villa-caro-st-barth-444750.html\" rel=\"nofollow\" style=\"width: 23%;\">\n\t\t\t\t\t\t<div class=\"apartamento-box\">\n\t\t\t\t\t\t\t<div class=\"imagen_recomendados\">\n\t\t\t\t\t\t\t\t<img decoding=\"async\" src=\"https:\/\/crs.avantio.com\/fotos\/2\/1694854167515db5dba04694c8e2a50f7ac5956ab2\/big1748345263ad47d53f870e6fde3a241711ac61897c.jpg\" alt=\"Villa Caro St Barth 5-bd\">\n\t\t\t\t\t\t\t<\/div>\n\t\t\t\t\t\t\t<div class=\"info\">\n\t\t\t\t\t\t\t\t<div class=\"ubicacion\">\n\t\t\t\t\t\t\t\t\t<i class=\"fa-solid fa-location-dot icono-mapa\"><\/i><span class=\"ubicacion-texto\">Saint Barth\u00e9lemy - Saint Barth\u00e9lemy<\/span>\n\t\t\t\t\t\t\t\t<\/div>\n\t\t\t\t\t\t\t\t<H4 class=\"titulo-alojamiento\">\n\t\t\t\t\t\t\t\t\tVilla Caro St Barth 5-bd\t\t\t\t\t\t\t\t<\/H4>\n\t\t\t\t\t\t\t\t<p class=\"precio-alojamiento\">\u00c0 partir de <span class=\"precio\">5142.85\u20ac<\/span> par nuit<\/p>\n\t\t\t\t\t\t\t<\/div>\n\t\t\t\t\t\t<\/div>\n\t\t\t\t\t<\/a> \n\t\t\t\t\t\t\n\t\t\t\t\t<a href=\"https:\/\/www.bucketlistvilla.com\/fr\/location\/villa-saint-barthelemy-7-bd-villa-les-lataniers-st-barth-444773.html\" rel=\"nofollow\" style=\"width: 23%;\">\n\t\t\t\t\t\t<div class=\"apartamento-box\">\n\t\t\t\t\t\t\t<div class=\"imagen_recomendados\">\n\t\t\t\t\t\t\t\t<img decoding=\"async\" src=\"https:\/\/crs.avantio.com\/fotos\/2\/170162292616d8e1f695486208c7fe053ef06b1903\/big1706604764ea475c983bdc03917677db946bcf7710.jpg\" alt=\"Villa Les Lataniers St Barth 7-bd\">\n\t\t\t\t\t\t\t<\/div>\n\t\t\t\t\t\t\t<div class=\"info\">\n\t\t\t\t\t\t\t\t<div class=\"ubicacion\">\n\t\t\t\t\t\t\t\t\t<i class=\"fa-solid fa-location-dot icono-mapa\"><\/i><span class=\"ubicacion-texto\">Saint Barth\u00e9lemy - Saint Barth\u00e9lemy<\/span>\n\t\t\t\t\t\t\t\t<\/div>\n\t\t\t\t\t\t\t\t<H4 class=\"titulo-alojamiento\">\n\t\t\t\t\t\t\t\t\tVilla Les Lataniers St Barth 7-bd\t\t\t\t\t\t\t\t<\/H4>\n\t\t\t\t\t\t\t\t<p class=\"precio-alojamiento\">\u00c0 partir de <span class=\"precio\">4428.57\u20ac<\/span> par nuit<\/p>\n\t\t\t\t\t\t\t<\/div>\n\t\t\t\t\t\t<\/div>\n\t\t\t\t\t<\/a> \n\t\t\t\t\t\t\t\t<\/div>\n\t\t\t<\/div>\n\t\t\t\t\t\t<\/div>\n\t\t\t\t<\/div>\n\t\t\t\t\t<\/div>\n\t\t\t\t<\/div>\n\t\t<div class=\"elementor-element elementor-element-65e5b95 e-flex e-con-boxed e-con e-parent\" data-id=\"65e5b95\" data-element_type=\"container\" data-e-type=\"container\" data-settings=\"{&quot;background_background&quot;:&quot;classic&quot;}\">\n\t\t\t\t\t<div class=\"e-con-inner\">\n\t\t\t\t<div class=\"elementor-element elementor-element-1ddc638 elementor-widget elementor-widget-text-editor\" data-id=\"1ddc638\" data-element_type=\"widget\" data-e-type=\"widget\" data-widget_type=\"text-editor.default\">\n\t\t\t\t<div class=\"elementor-widget-container\">\n\t\t\t\t\t\t\t\t\t<p>D\u00e9couvrez toutes nos villas \u00e0 louer \u00e0 Saint-Barth pour un s\u00e9jour inoubliable.<\/p>\t\t\t\t\t\t\t\t<\/div>\n\t\t\t\t<\/div>\n\t\t\t\t<div class=\"elementor-element elementor-element-f89e9ff elementor-align-center elementor-mobile-align-justify elementor-tablet-align-justify elementor-widget elementor-widget-button\" data-id=\"f89e9ff\" data-element_type=\"widget\" data-e-type=\"widget\" data-widget_type=\"button.default\">\n\t\t\t\t<div class=\"elementor-widget-container\">\n\t\t\t\t\t\t\t\t\t<div class=\"elementor-button-wrapper\">\n\t\t\t\t\t<a class=\"elementor-button elementor-button-link elementor-size-sm\" href=\"https:\/\/www.bucketlistvilla.com\/fr\/location\/locations-saint-barthelemy-e6683\/\">\n\t\t\t\t\t\t<span class=\"elementor-button-content-wrapper\">\n\t\t\t\t\t\t\t\t\t<span class=\"elementor-button-text\">Nos villas de luxe \u00e0 St Barth<\/span>\n\t\t\t\t\t<\/span>\n\t\t\t\t\t<\/a>\n\t\t\t\t<\/div>\n\t\t\t\t\t\t\t\t<\/div>\n\t\t\t\t<\/div>\n\t\t\t\t\t<\/div>\n\t\t\t\t<\/div>\n\t\t<div class=\"elementor-element elementor-element-d252c34 e-flex e-con-boxed e-con e-parent\" data-id=\"d252c34\" data-element_type=\"container\" data-e-type=\"container\">\n\t\t\t\t\t<div class=\"e-con-inner\">\n\t\t\t\t<div class=\"elementor-element elementor-element-519f17f elementor-widget elementor-widget-heading\" data-id=\"519f17f\" data-element_type=\"widget\" data-e-type=\"widget\" data-widget_type=\"heading.default\">\n\t\t\t\t<div class=\"elementor-widget-container\">\n\t\t\t\t\t<h2 class=\"elementor-heading-title elementor-size-default\">Les plus beaux quartiers pour votre villa de r\u00eave<\/h2>\t\t\t\t<\/div>\n\t\t\t\t<\/div>\n\t\t\t\t<div class=\"elementor-element elementor-element-cfd5038 elementor-widget elementor-widget-text-editor\" data-id=\"cfd5038\" data-element_type=\"widget\" data-e-type=\"widget\" data-widget_type=\"text-editor.default\">\n\t\t\t\t<div class=\"elementor-widget-container\">\n\t\t\t\t\t\t\t\t\t<p>Chaque quartier de Saint-Barth d\u00e9voile un caract\u00e8re unique. O\u00f9 poser vos valises ?<\/p>\t\t\t\t\t\t\t\t<\/div>\n\t\t\t\t<\/div>\n\t\t<div class=\"elementor-element elementor-element-a30ff74 e-con-full e-flex e-con e-child\" data-id=\"a30ff74\" data-element_type=\"container\" data-e-type=\"container\">\n\t\t\t\t<div class=\"elementor-element elementor-element-bb8b36a elementor-grid-4 elementor-grid-tablet-3 load-more-align-center load-more-align-center elementor-grid-mobile-1 elementor-posts--thumbnail-top load-more-align-center elementor-widget elementor-widget-posts\" data-id=\"bb8b36a\" data-element_type=\"widget\" data-e-type=\"widget\" data-settings=\"{&quot;pagination_type&quot;:&quot;load_more_on_click&quot;,&quot;load_more_spinner&quot;:{&quot;value&quot;:&quot;&quot;,&quot;library&quot;:&quot;&quot;},&quot;classic_columns&quot;:&quot;4&quot;,&quot;classic_columns_tablet&quot;:&quot;3&quot;,&quot;classic_columns_mobile&quot;:&quot;1&quot;,&quot;classic_row_gap&quot;:{&quot;unit&quot;:&quot;px&quot;,&quot;size&quot;:35,&quot;sizes&quot;:[]},&quot;classic_row_gap_tablet&quot;:{&quot;unit&quot;:&quot;px&quot;,&quot;size&quot;:&quot;&quot;,&quot;sizes&quot;:[]},&quot;classic_row_gap_mobile&quot;:{&quot;unit&quot;:&quot;px&quot;,&quot;size&quot;:&quot;&quot;,&quot;sizes&quot;:[]}}\" data-widget_type=\"posts.classic\">\n\t\t\t\t<div class=\"elementor-widget-container\">\n\t\t\t\t\t\t\t<div class=\"elementor-posts-container elementor-posts elementor-posts--skin-classic elementor-grid\" role=\"list\">\n\t\t\t\t<article class=\"elementor-post elementor-grid-item post-13601 post type-post status-publish format-standard has-post-thumbnail hentry category-quartiers-st-barth\" role=\"listitem\">\n\t\t\t\t<a class=\"elementor-post__thumbnail__link\" href=\"https:\/\/www.bucketlistvilla.com\/blog\/fr\/corossol-st-barth\/\" tabindex=\"-1\" >\n\t\t\t<div class=\"elementor-post__thumbnail\"><img loading=\"lazy\" decoding=\"async\" width=\"800\" height=\"450\" src=\"https:\/\/www.bucketlistvilla.com\/blog\/wp-content\/uploads\/2026\/04\/Corossol-st-barts-1-1024x576.jpg\" class=\"attachment-large size-large wp-image-13258\" alt=\"Corossol st barth\" srcset=\"https:\/\/www.bucketlistvilla.com\/blog\/wp-content\/uploads\/2026\/04\/Corossol-st-barts-1-1024x576.jpg 1024w, https:\/\/www.bucketlistvilla.com\/blog\/wp-content\/uploads\/2026\/04\/Corossol-st-barts-1-300x169.jpg 300w, https:\/\/www.bucketlistvilla.com\/blog\/wp-content\/uploads\/2026\/04\/Corossol-st-barts-1-768x432.jpg 768w, https:\/\/www.bucketlistvilla.com\/blog\/wp-content\/uploads\/2026\/04\/Corossol-st-barts-1-1536x864.jpg 1536w, https:\/\/www.bucketlistvilla.com\/blog\/wp-content\/uploads\/2026\/04\/Corossol-st-barts-1.jpg 1920w\" sizes=\"(max-width: 800px) 100vw, 800px\" \/><\/div>\n\t\t<\/a>\n\t\t\t\t<div class=\"elementor-post__text\">\n\t\t\t\t<h3 class=\"elementor-post__title\">\n\t\t\t<a href=\"https:\/\/www.bucketlistvilla.com\/blog\/fr\/corossol-st-barth\/\" >\n\t\t\t\tLe village de Corossol \u00e0 Saint-Barth\u00a0: ce qu\u2019il faut savoir avant de visiter ce village de p\u00eacheurs traditionnel et sa plage\t\t\t<\/a>\n\t\t<\/h3>\n\t\t\t\t<\/div>\n\t\t\t\t<\/article>\n\t\t\t\t<article class=\"elementor-post elementor-grid-item post-12810 post type-post status-publish format-standard has-post-thumbnail hentry category-quartiers-st-barth\" role=\"listitem\">\n\t\t\t\t<a class=\"elementor-post__thumbnail__link\" href=\"https:\/\/www.bucketlistvilla.com\/blog\/fr\/gouverneur-st-barth\/\" tabindex=\"-1\" >\n\t\t\t<div class=\"elementor-post__thumbnail\"><img loading=\"lazy\" decoding=\"async\" width=\"800\" height=\"423\" src=\"https:\/\/www.bucketlistvilla.com\/blog\/wp-content\/uploads\/2026\/02\/gouverneur-beach-in-st-barts-1024x542.jpg\" class=\"attachment-large size-large wp-image-12147\" alt=\"gouverneur beach in st barts\" srcset=\"https:\/\/www.bucketlistvilla.com\/blog\/wp-content\/uploads\/2026\/02\/gouverneur-beach-in-st-barts-1024x542.jpg 1024w, https:\/\/www.bucketlistvilla.com\/blog\/wp-content\/uploads\/2026\/02\/gouverneur-beach-in-st-barts-300x159.jpg 300w, https:\/\/www.bucketlistvilla.com\/blog\/wp-content\/uploads\/2026\/02\/gouverneur-beach-in-st-barts-768x406.jpg 768w, https:\/\/www.bucketlistvilla.com\/blog\/wp-content\/uploads\/2026\/02\/gouverneur-beach-in-st-barts-1536x813.jpg 1536w, https:\/\/www.bucketlistvilla.com\/blog\/wp-content\/uploads\/2026\/02\/gouverneur-beach-in-st-barts.jpg 1920w\" sizes=\"(max-width: 800px) 100vw, 800px\" \/><\/div>\n\t\t<\/a>\n\t\t\t\t<div class=\"elementor-post__text\">\n\t\t\t\t<h3 class=\"elementor-post__title\">\n\t\t\t<a href=\"https:\/\/www.bucketlistvilla.com\/blog\/fr\/gouverneur-st-barth\/\" >\n\t\t\t\tLe guide touristique de Gouverneur \u00e0 St Barth : pour des journ\u00e9es d\u00e9tentes et tranquilles en bord de mer\t\t\t<\/a>\n\t\t<\/h3>\n\t\t\t\t<\/div>\n\t\t\t\t<\/article>\n\t\t\t\t<article class=\"elementor-post elementor-grid-item post-11741 post type-post status-publish format-standard has-post-thumbnail hentry category-quartiers-st-barth\" role=\"listitem\">\n\t\t\t\t<a class=\"elementor-post__thumbnail__link\" href=\"https:\/\/www.bucketlistvilla.com\/blog\/fr\/quartier-de-lurin-saint-barth\/\" tabindex=\"-1\" >\n\t\t\t<div class=\"elementor-post__thumbnail\"><img loading=\"lazy\" decoding=\"async\" width=\"800\" height=\"323\" src=\"https:\/\/www.bucketlistvilla.com\/blog\/wp-content\/uploads\/2025\/12\/Visit-Lurin-st-barts-1024x414.jpg\" class=\"attachment-large size-large wp-image-11649\" alt=\"\" srcset=\"https:\/\/www.bucketlistvilla.com\/blog\/wp-content\/uploads\/2025\/12\/Visit-Lurin-st-barts-1024x414.jpg 1024w, https:\/\/www.bucketlistvilla.com\/blog\/wp-content\/uploads\/2025\/12\/Visit-Lurin-st-barts-300x121.jpg 300w, https:\/\/www.bucketlistvilla.com\/blog\/wp-content\/uploads\/2025\/12\/Visit-Lurin-st-barts-768x311.jpg 768w, https:\/\/www.bucketlistvilla.com\/blog\/wp-content\/uploads\/2025\/12\/Visit-Lurin-st-barts-1536x622.jpg 1536w, https:\/\/www.bucketlistvilla.com\/blog\/wp-content\/uploads\/2025\/12\/Visit-Lurin-st-barts.jpg 1920w\" sizes=\"(max-width: 800px) 100vw, 800px\" \/><\/div>\n\t\t<\/a>\n\t\t\t\t<div class=\"elementor-post__text\">\n\t\t\t\t<h3 class=\"elementor-post__title\">\n\t\t\t<a href=\"https:\/\/www.bucketlistvilla.com\/blog\/fr\/quartier-de-lurin-saint-barth\/\" >\n\t\t\t\tPourquoi le quartier de Lurin \u00e0 Saint-Barth est l&#8217;un des meilleurs endroits o\u00f9 s\u00e9journer sur l&#8217;\u00eele\t\t\t<\/a>\n\t\t<\/h3>\n\t\t\t\t<\/div>\n\t\t\t\t<\/article>\n\t\t\t\t<article class=\"elementor-post elementor-grid-item post-10676 post type-post status-publish format-standard has-post-thumbnail hentry category-experiences category-plage-st-barth category-quartiers-st-barth category-st-barth\" role=\"listitem\">\n\t\t\t\t<a class=\"elementor-post__thumbnail__link\" href=\"https:\/\/www.bucketlistvilla.com\/blog\/fr\/colombier-st-barth\/\" tabindex=\"-1\" >\n\t\t\t<div class=\"elementor-post__thumbnail\"><img loading=\"lazy\" decoding=\"async\" width=\"800\" height=\"400\" src=\"https:\/\/www.bucketlistvilla.com\/blog\/wp-content\/uploads\/2025\/09\/colombier-beach-St-Barts-1024x512.jpg\" class=\"attachment-large size-large wp-image-10455\" alt=\"colombier beach St Barts\" srcset=\"https:\/\/www.bucketlistvilla.com\/blog\/wp-content\/uploads\/2025\/09\/colombier-beach-St-Barts-1024x512.jpg 1024w, https:\/\/www.bucketlistvilla.com\/blog\/wp-content\/uploads\/2025\/09\/colombier-beach-St-Barts-300x150.jpg 300w, https:\/\/www.bucketlistvilla.com\/blog\/wp-content\/uploads\/2025\/09\/colombier-beach-St-Barts-768x384.jpg 768w, https:\/\/www.bucketlistvilla.com\/blog\/wp-content\/uploads\/2025\/09\/colombier-beach-St-Barts-1536x768.jpg 1536w, https:\/\/www.bucketlistvilla.com\/blog\/wp-content\/uploads\/2025\/09\/colombier-beach-St-Barts.jpg 1920w\" sizes=\"(max-width: 800px) 100vw, 800px\" \/><\/div>\n\t\t<\/a>\n\t\t\t\t<div class=\"elementor-post__text\">\n\t\t\t\t<h3 class=\"elementor-post__title\">\n\t\t\t<a href=\"https:\/\/www.bucketlistvilla.com\/blog\/fr\/colombier-st-barth\/\" >\n\t\t\t\tLa plage de Colombier : le guide pratique pour d\u00e9couvrir les criques isol\u00e9es de Saint-Barth\u00e9lemy\t\t\t<\/a>\n\t\t<\/h3>\n\t\t\t\t<\/div>\n\t\t\t\t<\/article>\n\t\t\t\t<\/div>\n\t\t\n\t\t\t\t<div class=\"e-load-more-anchor\" data-page=\"1\" data-max-page=\"3\" data-next-page=\"https:\/\/www.bucketlistvilla.com\/blog\/fr\/wp-json\/wp\/v2\/posts\/8226\/page\/2\/\"><\/div>\n\t\t\t\t<div class=\"elementor-button-wrapper\">\n\t\t\t<a class=\"elementor-button elementor-size-sm\" role=\"button\">\n\t\t\t\t\t\t<span class=\"elementor-button-content-wrapper\">\n\t\t\t\t\t\t\t\t\t<span class=\"elementor-button-text\">Tous les quartiers<\/span>\n\t\t\t\t\t<\/span>\n\t\t\t\t\t<\/a>\n\t\t<\/div>\n\t\t\t\t<div class=\"e-load-more-message\"><\/div>\n\t\t\t\t\t\t<\/div>\n\t\t\t\t<\/div>\n\t\t\t\t<\/div>\n\t\t\t\t\t<\/div>\n\t\t\t\t<\/div>\n\t\t<div class=\"elementor-element elementor-element-c7352e5 e-flex e-con-boxed e-con e-parent\" data-id=\"c7352e5\" data-element_type=\"container\" data-e-type=\"container\" data-settings=\"{&quot;background_background&quot;:&quot;classic&quot;}\">\n\t\t\t\t\t<div class=\"e-con-inner\">\n\t\t<div class=\"elementor-element elementor-element-2fd0f3f e-con-full e-flex e-con e-child\" data-id=\"2fd0f3f\" data-element_type=\"container\" data-e-type=\"container\">\n\t\t\t\t<div class=\"elementor-element elementor-element-72b0673 elementor-widget elementor-widget-heading\" data-id=\"72b0673\" data-element_type=\"widget\" data-e-type=\"widget\" data-widget_type=\"heading.default\">\n\t\t\t\t<div class=\"elementor-widget-container\">\n\t\t\t\t\t<h2 class=\"elementor-heading-title elementor-size-default\">Pourquoi choisir une villa \u00e0 louer \u00e0 St Barth ?<\/h2>\t\t\t\t<\/div>\n\t\t\t\t<\/div>\n\t\t\t\t<div class=\"elementor-element elementor-element-5386941 elementor-widget elementor-widget-text-editor\" data-id=\"5386941\" data-element_type=\"widget\" data-e-type=\"widget\" data-widget_type=\"text-editor.default\">\n\t\t\t\t<div class=\"elementor-widget-container\">\n\t\t\t\t\t\t\t\t\t<p>Les <strong>villas \u00e0 louer \u00e0 Saint-Barth<\/strong> transforment vos vacances en art de vivre. Vous b\u00e9n\u00e9ficiez d\u2019espaces g\u00e9n\u00e9reux, de <a href=\"https:\/\/www.bucketlistvilla.com\/blog\/fr\/villa-luxe-panorama-exclusif-saint-barth\/\" target=\"_blank\" rel=\"noopener\">vues exceptionnelles<\/a>, d\u2019une piscine priv\u00e9e et de prestations pens\u00e9es pour vous. Ici, luxe rime avec libert\u00e9. Chaque d\u00e9tail sublime votre s\u00e9jour, <a href=\"https:\/\/www.bucketlistvilla.com\/blog\/fr\/category\/climat-et-saisons\/\" target=\"_blank\" rel=\"noopener\">chaque saison<\/a> vous offre une exp\u00e9rience ultime.<\/p>\t\t\t\t\t\t\t\t<\/div>\n\t\t\t\t<\/div>\n\t\t\t\t<\/div>\n\t\t\t\t\t<\/div>\n\t\t\t\t<\/div>\n\t\t<div class=\"elementor-element elementor-element-7a3d22f e-flex e-con-boxed e-con e-parent\" data-id=\"7a3d22f\" data-element_type=\"container\" data-e-type=\"container\" data-settings=\"{&quot;background_background&quot;:&quot;classic&quot;}\">\n\t\t\t\t\t<div class=\"e-con-inner\">\n\t\t<div class=\"elementor-element elementor-element-c504a7b e-con-full e-flex e-con e-child\" data-id=\"c504a7b\" data-element_type=\"container\" data-e-type=\"container\">\n\t\t\t\t<div class=\"elementor-element elementor-element-f624c44 elementor-widget elementor-widget-heading\" data-id=\"f624c44\" data-element_type=\"widget\" data-e-type=\"widget\" data-widget_type=\"heading.default\">\n\t\t\t\t<div class=\"elementor-widget-container\">\n\t\t\t\t\t<h2 class=\"elementor-heading-title elementor-size-default\">Des exp\u00e9riences uniques dans votre villa\n<\/h2>\t\t\t\t<\/div>\n\t\t\t\t<\/div>\n\t\t\t\t<div class=\"elementor-element elementor-element-c08dfd5 elementor-widget elementor-widget-text-editor\" data-id=\"c08dfd5\" data-element_type=\"widget\" data-e-type=\"widget\" data-widget_type=\"text-editor.default\">\n\t\t\t\t<div class=\"elementor-widget-container\">\n\t\t\t\t\t\t\t\t\t<p>Louer une villa \u00e0 Saint-Barth, c\u2019est vivre l\u2019\u00eele autrement. Personnalisez chaque instant. R\u00e9servez un d\u00eener gastronomique sur votre terrasse, orchestr\u00e9 par un chef priv\u00e9 et un sommelier. Offrez-vous un massage relaxant au coucher du soleil. Commencez la journ\u00e9e par une s\u00e9ance de yoga, les pieds dans le sable. Ou partez explorer les eaux cristallines \u00e0 bord d\u2019un yacht priv\u00e9.<br \/>Avec notre <a href=\"https:\/\/www.bucketlistvilla.com\/fr\/experiences-activites-st-barth\/\" target=\"_blank\" rel=\"noopener\">conciergerie priv\u00e9e<\/a>, chaque souhait devient r\u00e9alit\u00e9. Vos vacances deviennent une exp\u00e9rience sur mesure.<\/p>\t\t\t\t\t\t\t\t<\/div>\n\t\t\t\t<\/div>\n\t\t<div class=\"elementor-element elementor-element-c58a927 e-grid e-con-full e-con e-child\" data-id=\"c58a927\" data-element_type=\"container\" data-e-type=\"container\">\n\t\t\t\t<div class=\"elementor-element elementor-element-b716a5d elementor-align-right elementor-mobile-align-justify elementor-tablet-align-justify elementor-widget elementor-widget-button\" data-id=\"b716a5d\" data-element_type=\"widget\" data-e-type=\"widget\" data-widget_type=\"button.default\">\n\t\t\t\t<div class=\"elementor-widget-container\">\n\t\t\t\t\t\t\t\t\t<div class=\"elementor-button-wrapper\">\n\t\t\t\t\t<a class=\"elementor-button elementor-button-link elementor-size-sm\" href=\"https:\/\/www.bucketlistvilla.com\/child\/assets\/instructions\/Conciergerie-Honoraires-sbh-2024-2025-FR.pdf\">\n\t\t\t\t\t\t<span class=\"elementor-button-content-wrapper\">\n\t\t\t\t\t\t\t\t\t<span class=\"elementor-button-text\">Conciergerie<\/span>\n\t\t\t\t\t<\/span>\n\t\t\t\t\t<\/a>\n\t\t\t\t<\/div>\n\t\t\t\t\t\t\t\t<\/div>\n\t\t\t\t<\/div>\n\t\t\t\t<div class=\"elementor-element elementor-element-2a0b2e8 elementor-align-left elementor-mobile-align-justify elementor-tablet-align-justify elementor-widget elementor-widget-button\" data-id=\"2a0b2e8\" data-element_type=\"widget\" data-e-type=\"widget\" data-widget_type=\"button.default\">\n\t\t\t\t<div class=\"elementor-widget-container\">\n\t\t\t\t\t\t\t\t\t<div class=\"elementor-button-wrapper\">\n\t\t\t\t\t<a class=\"elementor-button elementor-button-link elementor-size-sm\" href=\"https:\/\/www.bucketlistvilla.com\/child\/assets\/instructions\/Carnet-de-Services-sbh-2024-2025-FR.pdf\" target=\"_blank\">\n\t\t\t\t\t\t<span class=\"elementor-button-content-wrapper\">\n\t\t\t\t\t\t\t\t\t<span class=\"elementor-button-text\">Carnet Services<\/span>\n\t\t\t\t\t<\/span>\n\t\t\t\t\t<\/a>\n\t\t\t\t<\/div>\n\t\t\t\t\t\t\t\t<\/div>\n\t\t\t\t<\/div>\n\t\t\t\t<\/div>\n\t\t\t\t<\/div>\n\t\t\t\t\t<\/div>\n\t\t\t\t<\/div>\n\t\t<div class=\"elementor-element elementor-element-acce77d e-flex e-con-boxed e-con e-parent\" data-id=\"acce77d\" data-element_type=\"container\" data-e-type=\"container\">\n\t\t\t\t\t<div class=\"e-con-inner\">\n\t\t<div class=\"elementor-element elementor-element-04d2a47 e-con-full e-flex e-con e-child\" data-id=\"04d2a47\" data-element_type=\"container\" data-e-type=\"container\">\n\t\t\t\t<div class=\"elementor-element elementor-element-5b7480e elementor-widget elementor-widget-heading\" data-id=\"5b7480e\" data-element_type=\"widget\" data-e-type=\"widget\" data-widget_type=\"heading.default\">\n\t\t\t\t<div class=\"elementor-widget-container\">\n\t\t\t\t\t<h2 class=\"elementor-heading-title elementor-size-default\">#BucketListExperience <\/br> \nD\u00e9couvrez toutes nos exp\u00e9riences exclusives \u00e0 Saint-Barth<\/h2>\t\t\t\t<\/div>\n\t\t\t\t<\/div>\n\t\t\t\t<div class=\"elementor-element elementor-element-d13306b elementor-posts--align-left elementor-grid-4 elementor-grid-tablet-3 elementor-grid-mobile-1 elementor-posts--thumbnail-top load-more-align-center elementor-widget elementor-widget-posts\" data-id=\"d13306b\" data-element_type=\"widget\" data-e-type=\"widget\" data-settings=\"{&quot;pagination_type&quot;:&quot;load_more_on_click&quot;,&quot;load_more_spinner&quot;:{&quot;value&quot;:&quot;&quot;,&quot;library&quot;:&quot;&quot;},&quot;classic_columns&quot;:&quot;4&quot;,&quot;classic_columns_tablet&quot;:&quot;3&quot;,&quot;classic_columns_mobile&quot;:&quot;1&quot;,&quot;classic_row_gap&quot;:{&quot;unit&quot;:&quot;px&quot;,&quot;size&quot;:35,&quot;sizes&quot;:[]},&quot;classic_row_gap_tablet&quot;:{&quot;unit&quot;:&quot;px&quot;,&quot;size&quot;:&quot;&quot;,&quot;sizes&quot;:[]},&quot;classic_row_gap_mobile&quot;:{&quot;unit&quot;:&quot;px&quot;,&quot;size&quot;:&quot;&quot;,&quot;sizes&quot;:[]}}\" data-widget_type=\"posts.classic\">\n\t\t\t\t<div class=\"elementor-widget-container\">\n\t\t\t\t\t\t\t<div class=\"elementor-posts-container elementor-posts elementor-posts--skin-classic elementor-grid\" role=\"list\">\n\t\t\t\t<article class=\"elementor-post elementor-grid-item post-12939 post type-post status-publish format-standard has-post-thumbnail hentry category-destinations category-experiences\" role=\"listitem\">\n\t\t\t\t<a class=\"elementor-post__thumbnail__link\" href=\"https:\/\/www.bucketlistvilla.com\/blog\/fr\/ou-partir-vacances-ete\/\" tabindex=\"-1\" >\n\t\t\t<div class=\"elementor-post__thumbnail\"><img loading=\"lazy\" decoding=\"async\" width=\"800\" height=\"271\" src=\"https:\/\/www.bucketlistvilla.com\/blog\/wp-content\/uploads\/2026\/03\/best-luxury-summer-vacation-1024x347.jpg\" class=\"attachment-large size-large wp-image-12993\" alt=\"o\u00f9 partir en vacances cet \u00e9t\u00e9\" srcset=\"https:\/\/www.bucketlistvilla.com\/blog\/wp-content\/uploads\/2026\/03\/best-luxury-summer-vacation-1024x347.jpg 1024w, https:\/\/www.bucketlistvilla.com\/blog\/wp-content\/uploads\/2026\/03\/best-luxury-summer-vacation-300x102.jpg 300w, https:\/\/www.bucketlistvilla.com\/blog\/wp-content\/uploads\/2026\/03\/best-luxury-summer-vacation-768x260.jpg 768w, https:\/\/www.bucketlistvilla.com\/blog\/wp-content\/uploads\/2026\/03\/best-luxury-summer-vacation-1536x520.jpg 1536w, https:\/\/www.bucketlistvilla.com\/blog\/wp-content\/uploads\/2026\/03\/best-luxury-summer-vacation.jpg 1920w\" sizes=\"(max-width: 800px) 100vw, 800px\" \/><\/div>\n\t\t<\/a>\n\t\t\t\t<div class=\"elementor-post__text\">\n\t\t\t\t<h3 class=\"elementor-post__title\">\n\t\t\t<a href=\"https:\/\/www.bucketlistvilla.com\/blog\/fr\/ou-partir-vacances-ete\/\" >\n\t\t\t\tO\u00f9 partir en vacances cet \u00e9t\u00e9 ? Destinations luxe incontournables\t\t\t<\/a>\n\t\t<\/h3>\n\t\t\t\t<\/div>\n\t\t\t\t<\/article>\n\t\t\t\t<article class=\"elementor-post elementor-grid-item post-11603 post type-post status-publish format-standard has-post-thumbnail hentry category-activites-st-barth category-experiences category-st-barth\" role=\"listitem\">\n\t\t\t\t<a class=\"elementor-post__thumbnail__link\" href=\"https:\/\/www.bucketlistvilla.com\/blog\/fr\/spas-saint-barthelemy\/\" tabindex=\"-1\" >\n\t\t\t<div class=\"elementor-post__thumbnail\"><img loading=\"lazy\" decoding=\"async\" width=\"800\" height=\"389\" src=\"https:\/\/www.bucketlistvilla.com\/blog\/wp-content\/uploads\/2025\/11\/spa-st-barths-1024x498.jpg\" class=\"attachment-large size-large wp-image-11370\" alt=\"spa st barts\" srcset=\"https:\/\/www.bucketlistvilla.com\/blog\/wp-content\/uploads\/2025\/11\/spa-st-barths-1024x498.jpg 1024w, https:\/\/www.bucketlistvilla.com\/blog\/wp-content\/uploads\/2025\/11\/spa-st-barths-300x146.jpg 300w, https:\/\/www.bucketlistvilla.com\/blog\/wp-content\/uploads\/2025\/11\/spa-st-barths-768x374.jpg 768w, https:\/\/www.bucketlistvilla.com\/blog\/wp-content\/uploads\/2025\/11\/spa-st-barths-1536x747.jpg 1536w, https:\/\/www.bucketlistvilla.com\/blog\/wp-content\/uploads\/2025\/11\/spa-st-barths.jpg 1920w\" sizes=\"(max-width: 800px) 100vw, 800px\" \/><\/div>\n\t\t<\/a>\n\t\t\t\t<div class=\"elementor-post__text\">\n\t\t\t\t<h3 class=\"elementor-post__title\">\n\t\t\t<a href=\"https:\/\/www.bucketlistvilla.com\/blog\/fr\/spas-saint-barthelemy\/\" >\n\t\t\t\tLes meilleurs spas de Saint-Barth\u00e9lemy pour se d\u00e9tendre et profiter d\u2019un moment de luxe\t\t\t<\/a>\n\t\t<\/h3>\n\t\t\t\t<\/div>\n\t\t\t\t<\/article>\n\t\t\t\t<article class=\"elementor-post elementor-grid-item post-11608 post type-post status-publish format-standard has-post-thumbnail hentry category-activites-st-barth category-experiences category-st-barth\" role=\"listitem\">\n\t\t\t\t<a class=\"elementor-post__thumbnail__link\" href=\"https:\/\/www.bucketlistvilla.com\/blog\/fr\/shopping-saint-barthelemy\/\" tabindex=\"-1\" >\n\t\t\t<div class=\"elementor-post__thumbnail\"><img loading=\"lazy\" decoding=\"async\" width=\"800\" height=\"271\" src=\"https:\/\/www.bucketlistvilla.com\/blog\/wp-content\/uploads\/2025\/11\/shopping-st-barts-1024x347.webp\" class=\"attachment-large size-large wp-image-11453\" alt=\"shopping st barts\" srcset=\"https:\/\/www.bucketlistvilla.com\/blog\/wp-content\/uploads\/2025\/11\/shopping-st-barts-1024x347.webp 1024w, https:\/\/www.bucketlistvilla.com\/blog\/wp-content\/uploads\/2025\/11\/shopping-st-barts-300x102.webp 300w, https:\/\/www.bucketlistvilla.com\/blog\/wp-content\/uploads\/2025\/11\/shopping-st-barts-768x260.webp 768w, https:\/\/www.bucketlistvilla.com\/blog\/wp-content\/uploads\/2025\/11\/shopping-st-barts-1536x520.webp 1536w, https:\/\/www.bucketlistvilla.com\/blog\/wp-content\/uploads\/2025\/11\/shopping-st-barts.webp 1920w\" sizes=\"(max-width: 800px) 100vw, 800px\" \/><\/div>\n\t\t<\/a>\n\t\t\t\t<div class=\"elementor-post__text\">\n\t\t\t\t<h3 class=\"elementor-post__title\">\n\t\t\t<a href=\"https:\/\/www.bucketlistvilla.com\/blog\/fr\/shopping-saint-barthelemy\/\" >\n\t\t\t\tFaire du shopping \u00e0 Saint-Barth\u00e9lemy\t\t\t<\/a>\n\t\t<\/h3>\n\t\t\t\t<\/div>\n\t\t\t\t<\/article>\n\t\t\t\t<article class=\"elementor-post elementor-grid-item post-9947 post type-post status-publish format-standard has-post-thumbnail hentry category-caraibes category-evenement-st-barth category-evenements category-experiences category-st-barth tag-inspiration\" role=\"listitem\">\n\t\t\t\t<a class=\"elementor-post__thumbnail__link\" href=\"https:\/\/www.bucketlistvilla.com\/blog\/fr\/meilleures-destinations-pour-thanksgiving-saint-barth\/\" tabindex=\"-1\" >\n\t\t\t<div class=\"elementor-post__thumbnail\"><img loading=\"lazy\" decoding=\"async\" width=\"800\" height=\"271\" src=\"https:\/\/www.bucketlistvilla.com\/blog\/wp-content\/uploads\/2025\/09\/AdobeStock_1042421762-22-e1758784329636-1024x347.webp\" class=\"attachment-large size-large wp-image-10264\" alt=\"Table \u00e9l\u00e9gante d\u00e9cor\u00e9e pour Thanksgiving face \u00e0 la mer des Cara\u00efbes \u00e0 Saint-Barth, l\u2019une des meilleures destinations pour Thanksgiving.\" srcset=\"https:\/\/www.bucketlistvilla.com\/blog\/wp-content\/uploads\/2025\/09\/AdobeStock_1042421762-22-e1758784329636-1024x347.webp 1024w, https:\/\/www.bucketlistvilla.com\/blog\/wp-content\/uploads\/2025\/09\/AdobeStock_1042421762-22-e1758784329636-300x102.webp 300w, https:\/\/www.bucketlistvilla.com\/blog\/wp-content\/uploads\/2025\/09\/AdobeStock_1042421762-22-e1758784329636-768x260.webp 768w, https:\/\/www.bucketlistvilla.com\/blog\/wp-content\/uploads\/2025\/09\/AdobeStock_1042421762-22-e1758784329636-1536x520.webp 1536w, https:\/\/www.bucketlistvilla.com\/blog\/wp-content\/uploads\/2025\/09\/AdobeStock_1042421762-22-e1758784329636.webp 1920w\" sizes=\"(max-width: 800px) 100vw, 800px\" \/><\/div>\n\t\t<\/a>\n\t\t\t\t<div class=\"elementor-post__text\">\n\t\t\t\t<h3 class=\"elementor-post__title\">\n\t\t\t<a href=\"https:\/\/www.bucketlistvilla.com\/blog\/fr\/meilleures-destinations-pour-thanksgiving-saint-barth\/\" >\n\t\t\t\tPourquoi Saint-Barth est l\u2019une des meilleures destinations pour Thanksgiving\t\t\t<\/a>\n\t\t<\/h3>\n\t\t\t\t<\/div>\n\t\t\t\t<\/article>\n\t\t\t\t<\/div>\n\t\t\n\t\t\t\t<div class=\"e-load-more-anchor\" data-page=\"1\" data-max-page=\"10\" data-next-page=\"https:\/\/www.bucketlistvilla.com\/blog\/fr\/wp-json\/wp\/v2\/posts\/8226\/page\/2\/\"><\/div>\n\t\t\t\t<div class=\"elementor-button-wrapper\">\n\t\t\t<a class=\"elementor-button elementor-size-sm\" role=\"button\">\n\t\t\t\t\t\t<span class=\"elementor-button-content-wrapper\">\n\t\t\t\t\t\t\t\t\t<span class=\"elementor-button-text\">Toutes les exp\u00e9riences<\/span>\n\t\t\t\t\t<\/span>\n\t\t\t\t\t<\/a>\n\t\t<\/div>\n\t\t\t\t<div class=\"e-load-more-message\"><\/div>\n\t\t\t\t\t\t<\/div>\n\t\t\t\t<\/div>\n\t\t\t\t<\/div>\n\t\t\t\t\t<\/div>\n\t\t\t\t<\/div>\n\t\t<div class=\"elementor-element elementor-element-db09dd6 e-flex e-con-boxed e-con e-parent\" data-id=\"db09dd6\" data-element_type=\"container\" data-e-type=\"container\">\n\t\t\t\t\t<div class=\"e-con-inner\">\n\t\t\t\t<div class=\"elementor-element elementor-element-7219f0c elementor-widget elementor-widget-heading\" data-id=\"7219f0c\" data-element_type=\"widget\" data-e-type=\"widget\" data-widget_type=\"heading.default\">\n\t\t\t\t<div class=\"elementor-widget-container\">\n\t\t\t\t\t<h2 class=\"elementor-heading-title elementor-size-default\">Offrez-vous l'exp\u00e9rience ultime<\/h2>\t\t\t\t<\/div>\n\t\t\t\t<\/div>\n\t\t\t\t<div class=\"elementor-element elementor-element-a60e897 elementor-widget elementor-widget-text-editor\" data-id=\"a60e897\" data-element_type=\"widget\" data-e-type=\"widget\" data-widget_type=\"text-editor.default\">\n\t\t\t\t<div class=\"elementor-widget-container\">\n\t\t\t\t\t\t\t\t\t<p>Choisir parmi nos <strong>villas \u00e0 louer \u00e0 Saint-Barth<\/strong>, c\u2019est embrasser un style de vie unique. <br \/>Chaque villa devient le d\u00e9cor de souvenirs pr\u00e9cieux. Offrez-vous le luxe de vivre Saint-Barth comme un initi\u00e9.<\/p>\t\t\t\t\t\t\t\t<\/div>\n\t\t\t\t<\/div>\n\t\t\t\t<div class=\"elementor-element elementor-element-00b85fe elementor-widget elementor-widget-text-editor\" data-id=\"00b85fe\" data-element_type=\"widget\" data-e-type=\"widget\" data-widget_type=\"text-editor.default\">\n\t\t\t\t<div class=\"elementor-widget-container\">\n\t\t\t\t\t\t\t\t\t<p>Contactez d\u00e8s maintenant votre expert de la destination chez Bucket List Villa pour cr\u00e9er votre s\u00e9jour sur mesure \u00e0 St Barth.<\/p>\t\t\t\t\t\t\t\t<\/div>\n\t\t\t\t<\/div>\n\t\t\t\t\t<\/div>\n\t\t\t\t<\/div>\n\t\t<div class=\"elementor-element elementor-element-51373c5 e-flex e-con-boxed e-con e-parent\" data-id=\"51373c5\" data-element_type=\"container\" data-e-type=\"container\">\n\t\t\t\t\t<div class=\"e-con-inner\">\n\t\t<div class=\"elementor-element elementor-element-d20a9fc e-con-full e-flex e-con e-child\" data-id=\"d20a9fc\" data-element_type=\"container\" data-e-type=\"container\">\n\t\t\t\t<div class=\"elementor-element elementor-element-0eae591 elementor-align-right elementor-mobile-align-justify elementor-tablet-align-justify elementor-widget elementor-widget-button\" data-id=\"0eae591\" data-element_type=\"widget\" data-e-type=\"widget\" data-widget_type=\"button.default\">\n\t\t\t\t<div class=\"elementor-widget-container\">\n\t\t\t\t\t\t\t\t\t<div class=\"elementor-button-wrapper\">\n\t\t\t\t\t<a class=\"elementor-button elementor-button-link elementor-size-sm\" href=\"mailto:conciergerie@bucketlistvilla.com\">\n\t\t\t\t\t\t<span class=\"elementor-button-content-wrapper\">\n\t\t\t\t\t\t\t\t\t<span class=\"elementor-button-text\">contacter un expert<\/span>\n\t\t\t\t\t<\/span>\n\t\t\t\t\t<\/a>\n\t\t\t\t<\/div>\n\t\t\t\t\t\t\t\t<\/div>\n\t\t\t\t<\/div>\n\t\t\t\t<\/div>\n\t\t<div class=\"elementor-element elementor-element-5257af1 e-con-full e-flex e-con e-child\" data-id=\"5257af1\" data-element_type=\"container\" data-e-type=\"container\">\n\t\t\t\t<div class=\"elementor-element elementor-element-16318a9 elementor-align-left elementor-mobile-align-justify elementor-tablet-align-justify elementor-widget elementor-widget-button\" data-id=\"16318a9\" data-element_type=\"widget\" data-e-type=\"widget\" data-widget_type=\"button.default\">\n\t\t\t\t<div class=\"elementor-widget-container\">\n\t\t\t\t\t\t\t\t\t<div class=\"elementor-button-wrapper\">\n\t\t\t\t\t<a class=\"elementor-button elementor-button-link elementor-size-sm\" href=\"https:\/\/wa.me\/+590690610267\">\n\t\t\t\t\t\t<span class=\"elementor-button-content-wrapper\">\n\t\t\t\t\t\t\t\t\t<span class=\"elementor-button-text\">parler \u00e0 un expert<\/span>\n\t\t\t\t\t<\/span>\n\t\t\t\t\t<\/a>\n\t\t\t\t<\/div>\n\t\t\t\t\t\t\t\t<\/div>\n\t\t\t\t<\/div>\n\t\t\t\t<\/div>\n\t\t\t\t\t<\/div>\n\t\t\t\t<\/div>\n\t\t<div class=\"elementor-element elementor-element-518bba6 e-flex e-con-boxed e-con e-parent\" data-id=\"518bba6\" data-element_type=\"container\" data-e-type=\"container\" data-settings=\"{&quot;background_background&quot;:&quot;classic&quot;}\">\n\t\t\t\t\t<div class=\"e-con-inner\">\n\t\t\t\t<div class=\"elementor-element elementor-element-a36e55d elementor-widget__width-inherit elementor-widget elementor-widget-toggle\" data-id=\"a36e55d\" data-element_type=\"widget\" data-e-type=\"widget\" data-widget_type=\"toggle.default\">\n\t\t\t\t<div class=\"elementor-widget-container\">\n\t\t\t\t\t\t\t<div class=\"elementor-toggle\">\n\t\t\t\t\t\t\t<div class=\"elementor-toggle-item\">\n\t\t\t\t\t<div id=\"elementor-tab-title-1711\" class=\"elementor-tab-title\" data-tab=\"1\" role=\"button\" aria-controls=\"elementor-tab-content-1711\" aria-expanded=\"false\">\n\t\t\t\t\t\t\t\t\t\t\t\t<span class=\"elementor-toggle-icon elementor-toggle-icon-right\" aria-hidden=\"true\">\n\t\t\t\t\t\t\t\t\t\t\t\t\t\t\t<span class=\"elementor-toggle-icon-closed\"><svg class=\"e-font-icon-svg e-fas-chevron-down\" viewBox=\"0 0 448 512\" xmlns=\"http:\/\/www.w3.org\/2000\/svg\"><path d=\"M207.029 381.476L12.686 187.132c-9.373-9.373-9.373-24.569 0-33.941l22.667-22.667c9.357-9.357 24.522-9.375 33.901-.04L224 284.505l154.745-154.021c9.379-9.335 24.544-9.317 33.901.04l22.667 22.667c9.373 9.373 9.373 24.569 0 33.941L240.971 381.476c-9.373 9.372-24.569 9.372-33.942 0z\"><\/path><\/svg><\/span>\n\t\t\t\t\t\t\t\t<span class=\"elementor-toggle-icon-opened\"><svg class=\"elementor-toggle-icon-opened e-font-icon-svg e-fas-minus\" viewBox=\"0 0 448 512\" xmlns=\"http:\/\/www.w3.org\/2000\/svg\"><path d=\"M416 208H32c-17.67 0-32 14.33-32 32v32c0 17.67 14.33 32 32 32h384c17.67 0 32-14.33 32-32v-32c0-17.67-14.33-32-32-32z\"><\/path><\/svg><\/span>\n\t\t\t\t\t\t\t\t\t\t\t\t\t<\/span>\n\t\t\t\t\t\t\t\t\t\t\t\t<a class=\"elementor-toggle-title\" tabindex=\"0\">Comment r\u00e9server votre villa \u00e0 louer \u00e0 Saint-Barth avec Bucket List Villa ?<\/a>\n\t\t\t\t\t<\/div>\n\n\t\t\t\t\t<div id=\"elementor-tab-content-1711\" class=\"elementor-tab-content elementor-clearfix\" data-tab=\"1\" role=\"region\" aria-labelledby=\"elementor-tab-title-1711\"><p>R\u00e9server l\u2019une de nos villas \u00e0 louer \u00e0 Saint-Barth est simple et rapide. Voici les \u00e9tapes :<\/p><ol><li>Explorez notre collection de villas de luxe \u00e0 Saint-Barth, parmi plus de 200 propri\u00e9t\u00e9s exclusives.<\/li><li>Indiquez vos dates de s\u00e9jour. Notez qu\u2019un minimum de 5 \u00e0 7 nuits est requis la majeure partie de l\u2019ann\u00e9e.<\/li><li>Remplissez le formulaire de contact avec vos informations et vos attentes sp\u00e9cifiques.<\/li><li>Notre \u00e9quipe vous r\u00e9pond sous 24h pour finaliser votre r\u00e9servation sur mesure.<\/li><\/ol><p>Vous pouvez \u00e9galement nous contacter directement au +590 690 61 02 67 pour un accompagnement imm\u00e9diat.<\/p><\/div>\n\t\t\t\t<\/div>\n\t\t\t\t\t\t\t<div class=\"elementor-toggle-item\">\n\t\t\t\t\t<div id=\"elementor-tab-title-1712\" class=\"elementor-tab-title\" data-tab=\"2\" role=\"button\" aria-controls=\"elementor-tab-content-1712\" aria-expanded=\"false\">\n\t\t\t\t\t\t\t\t\t\t\t\t<span class=\"elementor-toggle-icon elementor-toggle-icon-right\" aria-hidden=\"true\">\n\t\t\t\t\t\t\t\t\t\t\t\t\t\t\t<span class=\"elementor-toggle-icon-closed\"><svg class=\"e-font-icon-svg e-fas-chevron-down\" viewBox=\"0 0 448 512\" xmlns=\"http:\/\/www.w3.org\/2000\/svg\"><path d=\"M207.029 381.476L12.686 187.132c-9.373-9.373-9.373-24.569 0-33.941l22.667-22.667c9.357-9.357 24.522-9.375 33.901-.04L224 284.505l154.745-154.021c9.379-9.335 24.544-9.317 33.901.04l22.667 22.667c9.373 9.373 9.373 24.569 0 33.941L240.971 381.476c-9.373 9.372-24.569 9.372-33.942 0z\"><\/path><\/svg><\/span>\n\t\t\t\t\t\t\t\t<span class=\"elementor-toggle-icon-opened\"><svg class=\"elementor-toggle-icon-opened e-font-icon-svg e-fas-minus\" viewBox=\"0 0 448 512\" xmlns=\"http:\/\/www.w3.org\/2000\/svg\"><path d=\"M416 208H32c-17.67 0-32 14.33-32 32v32c0 17.67 14.33 32 32 32h384c17.67 0 32-14.33 32-32v-32c0-17.67-14.33-32-32-32z\"><\/path><\/svg><\/span>\n\t\t\t\t\t\t\t\t\t\t\t\t\t<\/span>\n\t\t\t\t\t\t\t\t\t\t\t\t<a class=\"elementor-toggle-title\" tabindex=\"0\">Quel est le meilleur moment pour venir \u00e0 Saint-Barth et louer une villa ?<\/a>\n\t\t\t\t\t<\/div>\n\n\t\t\t\t\t<div id=\"elementor-tab-content-1712\" class=\"elementor-tab-content elementor-clearfix\" data-tab=\"2\" role=\"region\" aria-labelledby=\"elementor-tab-title-1712\">Saint-Barth\u00e9lemy b\u00e9n\u00e9ficie d\u2019un climat tropical agr\u00e9able toute l\u2019ann\u00e9e. Cependant, le\u00a0<a href=\"https:\/\/www.bucketlistvilla.com\/blog\/fr\/quand-partir-saint-barth\/\" target=\"_blank\" rel=\"noopener\"><span style=\"text-decoration: underline;\"><span style=\"color: #ffffff; text-decoration: underline;\">meilleur moment<\/span><\/span><\/a> pour louer une villa \u00e0 Saint-Barth d\u00e9pend de vos envies :\n<ul>\n \t<li><strong>D\u00e9cembre \u00e0 avril :<\/strong> haute saison, temps sec et ensoleill\u00e9, ambiance festive et exclusive, parfait pour un s\u00e9jour glamour.<\/li>\n \t<li><strong>Mai et juin :<\/strong> saison interm\u00e9diaire, temp\u00e9ratures douces, \u00eele plus calme, tarifs avantageux sur les villas de luxe.<\/li>\n \t<li><strong>Juillet \u00e0 novembre<\/strong> : saison basse, climat plus humide avec quelques averses, id\u00e9al pour un s\u00e9jour plus intime et profiter de la tranquillit\u00e9 de l\u2019\u00eele.<\/li>\n<\/ul>\n<a href=\"mailto:contact@bucketlistvilla.com\" target=\"_blank\" rel=\"noopener\"><span style=\"text-decoration: underline;\"><span style=\"color: #ffffff; text-decoration: underline;\">Contactez-nous<\/span><\/span><\/a> pour organiser votre s\u00e9jour \u00e0 la meilleure p\u00e9riode selon vos projets.<\/div>\n\t\t\t\t<\/div>\n\t\t\t\t\t\t\t<div class=\"elementor-toggle-item\">\n\t\t\t\t\t<div id=\"elementor-tab-title-1713\" class=\"elementor-tab-title\" data-tab=\"3\" role=\"button\" aria-controls=\"elementor-tab-content-1713\" aria-expanded=\"false\">\n\t\t\t\t\t\t\t\t\t\t\t\t<span class=\"elementor-toggle-icon elementor-toggle-icon-right\" aria-hidden=\"true\">\n\t\t\t\t\t\t\t\t\t\t\t\t\t\t\t<span class=\"elementor-toggle-icon-closed\"><svg class=\"e-font-icon-svg e-fas-chevron-down\" viewBox=\"0 0 448 512\" xmlns=\"http:\/\/www.w3.org\/2000\/svg\"><path d=\"M207.029 381.476L12.686 187.132c-9.373-9.373-9.373-24.569 0-33.941l22.667-22.667c9.357-9.357 24.522-9.375 33.901-.04L224 284.505l154.745-154.021c9.379-9.335 24.544-9.317 33.901.04l22.667 22.667c9.373 9.373 9.373 24.569 0 33.941L240.971 381.476c-9.373 9.372-24.569 9.372-33.942 0z\"><\/path><\/svg><\/span>\n\t\t\t\t\t\t\t\t<span class=\"elementor-toggle-icon-opened\"><svg class=\"elementor-toggle-icon-opened e-font-icon-svg e-fas-minus\" viewBox=\"0 0 448 512\" xmlns=\"http:\/\/www.w3.org\/2000\/svg\"><path d=\"M416 208H32c-17.67 0-32 14.33-32 32v32c0 17.67 14.33 32 32 32h384c17.67 0 32-14.33 32-32v-32c0-17.67-14.33-32-32-32z\"><\/path><\/svg><\/span>\n\t\t\t\t\t\t\t\t\t\t\t\t\t<\/span>\n\t\t\t\t\t\t\t\t\t\t\t\t<a class=\"elementor-toggle-title\" tabindex=\"0\">Quels services exclusifs sont propos\u00e9s avec votre villa ?<\/a>\n\t\t\t\t\t<\/div>\n\n\t\t\t\t\t<div id=\"elementor-tab-content-1713\" class=\"elementor-tab-content elementor-clearfix\" data-tab=\"3\" role=\"region\" aria-labelledby=\"elementor-tab-title-1713\"><p>Nos villas \u00e0 louer \u00e0 Saint-Barth incluent un service de <span style=\"text-decoration: underline; color: #ffffff;\"><a style=\"color: #ffffff; text-decoration: underline;\" href=\"https:\/\/www.bucketlistvilla.com\/fr\/experiences-activites-st-barth\/\" target=\"_blank\" rel=\"noopener\">conciergerie haut de gamme<\/a><\/span>, pour un s\u00e9jour sur mesure. Profitez de :<\/p><ul><li>Chef priv\u00e9 et sommelier<\/li><li>Massages et soins bien-\u00eatre en villa<\/li><li>Coach sportif et s\u00e9ances de yoga<\/li><li>Excursions en yacht priv\u00e9<\/li><li>Organisation d\u2019\u00e9v\u00e9nements et d\u00eeners priv\u00e9s<\/li><li>Activit\u00e9s nautiques et d\u00e9couvertes de l\u2019\u00eele<\/li><\/ul><p>Vivez Saint-Barth comme un initi\u00e9, chaque exp\u00e9rience est pens\u00e9e pour vous.<\/p><\/div>\n\t\t\t\t<\/div>\n\t\t\t\t\t\t\t<div class=\"elementor-toggle-item\">\n\t\t\t\t\t<div id=\"elementor-tab-title-1714\" class=\"elementor-tab-title\" data-tab=\"4\" role=\"button\" aria-controls=\"elementor-tab-content-1714\" aria-expanded=\"false\">\n\t\t\t\t\t\t\t\t\t\t\t\t<span class=\"elementor-toggle-icon elementor-toggle-icon-right\" aria-hidden=\"true\">\n\t\t\t\t\t\t\t\t\t\t\t\t\t\t\t<span class=\"elementor-toggle-icon-closed\"><svg class=\"e-font-icon-svg e-fas-chevron-down\" viewBox=\"0 0 448 512\" xmlns=\"http:\/\/www.w3.org\/2000\/svg\"><path d=\"M207.029 381.476L12.686 187.132c-9.373-9.373-9.373-24.569 0-33.941l22.667-22.667c9.357-9.357 24.522-9.375 33.901-.04L224 284.505l154.745-154.021c9.379-9.335 24.544-9.317 33.901.04l22.667 22.667c9.373 9.373 9.373 24.569 0 33.941L240.971 381.476c-9.373 9.372-24.569 9.372-33.942 0z\"><\/path><\/svg><\/span>\n\t\t\t\t\t\t\t\t<span class=\"elementor-toggle-icon-opened\"><svg class=\"elementor-toggle-icon-opened e-font-icon-svg e-fas-minus\" viewBox=\"0 0 448 512\" xmlns=\"http:\/\/www.w3.org\/2000\/svg\"><path d=\"M416 208H32c-17.67 0-32 14.33-32 32v32c0 17.67 14.33 32 32 32h384c17.67 0 32-14.33 32-32v-32c0-17.67-14.33-32-32-32z\"><\/path><\/svg><\/span>\n\t\t\t\t\t\t\t\t\t\t\t\t\t<\/span>\n\t\t\t\t\t\t\t\t\t\t\t\t<a class=\"elementor-toggle-title\" tabindex=\"0\">Top 5 des villas les plus luxueuses de Saint-Barth\u00e9lemy<\/a>\n\t\t\t\t\t<\/div>\n\n\t\t\t\t\t<div id=\"elementor-tab-content-1714\" class=\"elementor-tab-content elementor-clearfix\" data-tab=\"4\" role=\"region\" aria-labelledby=\"elementor-tab-title-1714\"><p>D\u00e9couvrez notre s\u00e9lection des villas de luxe les plus exceptionnelles \u00e0 Saint-Barth :<\/p><ul><li>Villa <span style=\"text-decoration: underline;\"><span style=\"color: #ffffff; text-decoration: underline;\"><a style=\"color: #ffffff; text-decoration: underline;\" href=\"https:\/\/www.bucketlistvilla.com\/fr\/location\/villa-saint-barthelemy-villa-embrace-st-barth-5-bd-513052.html\" target=\"_blank\" rel=\"noopener\">Embrace<\/a><\/span><\/span> \u2013 Luxe ultime avec services premium.<\/li><li>Villa <span style=\"text-decoration: underline;\"><span style=\"color: #ffffff; text-decoration: underline;\"><a style=\"color: #ffffff; text-decoration: underline;\" href=\"https:\/\/www.bucketlistvilla.com\/fr\/location\/villa-saint-barthelemy-villa-wake-up-st-barth-6-bd-494650.html\" target=\"_blank\" rel=\"noopener\">Wake-Up<\/a><\/span><\/span> St Barts \u2013 \u00c9l\u00e9gance contemporaine et acc\u00e8s direct plage.<\/li><li>Villa <span style=\"text-decoration: underline;\"><span style=\"color: #ffffff; text-decoration: underline;\"><a style=\"color: #ffffff; text-decoration: underline;\" href=\"https:\/\/www.bucketlistvilla.com\/fr\/location\/villa-saint-barthelemy-villa-blanc-bleu-st-barth-6-bd-442429.html\" target=\"_blank\" rel=\"noopener\">Blanc Bleu<\/a><\/span><\/span> \u2013 Raffinement intemporel et panoramas \u00e0 couper le souffle.<\/li><li>Villa <span style=\"text-decoration: underline;\"><span style=\"color: #ffffff; text-decoration: underline;\"><a style=\"color: #ffffff; text-decoration: underline;\" href=\"https:\/\/www.bucketlistvilla.com\/fr\/location\/villa-saint-barthelemy-villa-sand-club-st-barth-6-bd-456963.html\" target=\"_blank\" rel=\"noopener\">Sun Club<\/a><\/span><\/span> \u2013 Ambiance festive et design \u00e9pur\u00e9.<\/li><li>Villa <span style=\"text-decoration: underline;\"><span style=\"color: #ffffff; text-decoration: underline;\"><a style=\"color: #ffffff; text-decoration: underline;\" href=\"https:\/\/www.bucketlistvilla.com\/fr\/location\/villa-saint-barthelemy-villa-aura-st-barth-6-bd-444966.html\" target=\"_blank\" rel=\"noopener\">Aura<\/a><\/span><\/span> \u2013 Emplacement rare et atmosph\u00e8re chic d\u00e9contract\u00e9e.<\/li><\/ul><p>Ces villas incarnent l\u2019art de vivre \u00e0 Saint-Barth, pour des vacances hors du temps.<\/p><\/div>\n\t\t\t\t<\/div>\n\t\t\t\t\t\t\t<div class=\"elementor-toggle-item\">\n\t\t\t\t\t<div id=\"elementor-tab-title-1715\" class=\"elementor-tab-title\" data-tab=\"5\" role=\"button\" aria-controls=\"elementor-tab-content-1715\" aria-expanded=\"false\">\n\t\t\t\t\t\t\t\t\t\t\t\t<span class=\"elementor-toggle-icon elementor-toggle-icon-right\" aria-hidden=\"true\">\n\t\t\t\t\t\t\t\t\t\t\t\t\t\t\t<span class=\"elementor-toggle-icon-closed\"><svg class=\"e-font-icon-svg e-fas-chevron-down\" viewBox=\"0 0 448 512\" xmlns=\"http:\/\/www.w3.org\/2000\/svg\"><path d=\"M207.029 381.476L12.686 187.132c-9.373-9.373-9.373-24.569 0-33.941l22.667-22.667c9.357-9.357 24.522-9.375 33.901-.04L224 284.505l154.745-154.021c9.379-9.335 24.544-9.317 33.901.04l22.667 22.667c9.373 9.373 9.373 24.569 0 33.941L240.971 381.476c-9.373 9.372-24.569 9.372-33.942 0z\"><\/path><\/svg><\/span>\n\t\t\t\t\t\t\t\t<span class=\"elementor-toggle-icon-opened\"><svg class=\"elementor-toggle-icon-opened e-font-icon-svg e-fas-minus\" viewBox=\"0 0 448 512\" xmlns=\"http:\/\/www.w3.org\/2000\/svg\"><path d=\"M416 208H32c-17.67 0-32 14.33-32 32v32c0 17.67 14.33 32 32 32h384c17.67 0 32-14.33 32-32v-32c0-17.67-14.33-32-32-32z\"><\/path><\/svg><\/span>\n\t\t\t\t\t\t\t\t\t\t\t\t\t<\/span>\n\t\t\t\t\t\t\t\t\t\t\t\t<a class=\"elementor-toggle-title\" tabindex=\"0\">O\u00f9 trouver un guide complet pour pr\u00e9parer vos vacances \u00e0 Saint-Barth ?<\/a>\n\t\t\t\t\t<\/div>\n\n\t\t\t\t\t<div id=\"elementor-tab-content-1715\" class=\"elementor-tab-content elementor-clearfix\" data-tab=\"5\" role=\"region\" aria-labelledby=\"elementor-tab-title-1715\"><p>Consultez notre blog de voyage Bucket List Villa , v\u00e9ritable guide complet sur Saint-Barth\u00e9lemy. Vous y d\u00e9couvrirez :<\/p><ol><li>Les <span style=\"text-decoration: underline;\"><span style=\"color: #ffffff; text-decoration: underline;\"><a style=\"color: #ffffff; text-decoration: underline;\" href=\"https:\/\/www.bucketlistvilla.com\/blog\/fr\/meilleures-plages-saint-barth\/\" target=\"_blank\" rel=\"noopener\">plus belles plages<\/a><\/span><\/span> et criques<\/li><li>Les meilleures activit\u00e9s et excursions<\/li><li>Les <span style=\"text-decoration: underline;\"><span style=\"color: #ffffff; text-decoration: underline;\"><a style=\"color: #ffffff; text-decoration: underline;\" href=\"https:\/\/www.bucketlistvilla.com\/blog\/fr\/restaurants-saint-bathelemy\/\" target=\"_blank\" rel=\"noopener\">restaurants gastronomiques<\/a><\/span><\/span> \u00e0 ne pas manquer<\/li><li>L\u2019acc\u00e8s \u00e0 l\u2019\u00eele et les options de transport<\/li><li><span style=\"text-decoration: underline;\"><span style=\"color: #ffffff; text-decoration: underline;\"><a style=\"color: #ffffff; text-decoration: underline;\" href=\"https:\/\/www.bucketlistvilla.com\/blog\/fr\/evenements-st-barth\/\" target=\"_blank\" rel=\"noopener\">Les \u00e9v\u00e9nements incontournables<\/a><\/span><\/span> selon chaque saison<\/li><\/ol><p>Parcourez notre blog et commencez \u00e0 r\u00eaver votre prochain s\u00e9jour \u00e0 Saint-Barth.<\/p><\/div>\n\t\t\t\t<\/div>\n\t\t\t\t\t\t\t\t\t\t<script type=\"application\/ld+json\">{\"@context\":\"https:\\\/\\\/schema.org\",\"@type\":\"FAQPage\",\"mainEntity\":[{\"@type\":\"Question\",\"name\":\"Comment r\\u00e9server votre villa \\u00e0 louer \\u00e0 Saint-Barth avec Bucket List Villa ?\",\"acceptedAnswer\":{\"@type\":\"Answer\",\"text\":\"<p>R\\u00e9server l\\u2019une de nos villas \\u00e0 louer \\u00e0 Saint-Barth est simple et rapide. Voici les \\u00e9tapes :<\\\/p><ol><li>Explorez notre collection de villas de luxe \\u00e0 Saint-Barth, parmi plus de 200 propri\\u00e9t\\u00e9s exclusives.<\\\/li><li>Indiquez vos dates de s\\u00e9jour. Notez qu\\u2019un minimum de 5 \\u00e0 7 nuits est requis la majeure partie de l\\u2019ann\\u00e9e.<\\\/li><li>Remplissez le formulaire de contact avec vos informations et vos attentes sp\\u00e9cifiques.<\\\/li><li>Notre \\u00e9quipe vous r\\u00e9pond sous 24h pour finaliser votre r\\u00e9servation sur mesure.<\\\/li><\\\/ol><p>Vous pouvez \\u00e9galement nous contacter directement au +590 690 61 02 67 pour un accompagnement imm\\u00e9diat.<\\\/p>\"}},{\"@type\":\"Question\",\"name\":\"Quel est le meilleur moment pour venir \\u00e0 Saint-Barth et louer une villa ?\",\"acceptedAnswer\":{\"@type\":\"Answer\",\"text\":\"Saint-Barth\\u00e9lemy b\\u00e9n\\u00e9ficie d\\u2019un climat tropical agr\\u00e9able toute l\\u2019ann\\u00e9e. Cependant, le\\u00a0<a href=\\\"https:\\\/\\\/www.bucketlistvilla.com\\\/blog\\\/fr\\\/quand-partir-saint-barth\\\/\\\" target=\\\"_blank\\\" rel=\\\"noopener\\\"><span style=\\\"text-decoration: underline;\\\"><span style=\\\"color: #ffffff; text-decoration: underline;\\\">meilleur moment<\\\/span><\\\/span><\\\/a> pour louer une villa \\u00e0 Saint-Barth d\\u00e9pend de vos envies :\\n<ul>\\n \\t<li><strong>D\\u00e9cembre \\u00e0 avril :<\\\/strong> haute saison, temps sec et ensoleill\\u00e9, ambiance festive et exclusive, parfait pour un s\\u00e9jour glamour.<\\\/li>\\n \\t<li><strong>Mai et juin :<\\\/strong> saison interm\\u00e9diaire, temp\\u00e9ratures douces, \\u00eele plus calme, tarifs avantageux sur les villas de luxe.<\\\/li>\\n \\t<li><strong>Juillet \\u00e0 novembre<\\\/strong> : saison basse, climat plus humide avec quelques averses, id\\u00e9al pour un s\\u00e9jour plus intime et profiter de la tranquillit\\u00e9 de l\\u2019\\u00eele.<\\\/li>\\n<\\\/ul>\\n<a href=\\\"mailto:contact@bucketlistvilla.com\\\" target=\\\"_blank\\\" rel=\\\"noopener\\\"><span style=\\\"text-decoration: underline;\\\"><span style=\\\"color: #ffffff; text-decoration: underline;\\\">Contactez-nous<\\\/span><\\\/span><\\\/a> pour organiser votre s\\u00e9jour \\u00e0 la meilleure p\\u00e9riode selon vos projets.\"}},{\"@type\":\"Question\",\"name\":\"Quels services exclusifs sont propos\\u00e9s avec votre villa ?\",\"acceptedAnswer\":{\"@type\":\"Answer\",\"text\":\"<p>Nos villas \\u00e0 louer \\u00e0 Saint-Barth incluent un service de <span style=\\\"text-decoration: underline; color: #ffffff;\\\"><a style=\\\"color: #ffffff; text-decoration: underline;\\\" href=\\\"https:\\\/\\\/www.bucketlistvilla.com\\\/fr\\\/experiences-activites-st-barth\\\/\\\" target=\\\"_blank\\\" rel=\\\"noopener\\\">conciergerie haut de gamme<\\\/a><\\\/span>, pour un s\\u00e9jour sur mesure. Profitez de :<\\\/p><ul><li>Chef priv\\u00e9 et sommelier<\\\/li><li>Massages et soins bien-\\u00eatre en villa<\\\/li><li>Coach sportif et s\\u00e9ances de yoga<\\\/li><li>Excursions en yacht priv\\u00e9<\\\/li><li>Organisation d\\u2019\\u00e9v\\u00e9nements et d\\u00eeners priv\\u00e9s<\\\/li><li>Activit\\u00e9s nautiques et d\\u00e9couvertes de l\\u2019\\u00eele<\\\/li><\\\/ul><p>Vivez Saint-Barth comme un initi\\u00e9, chaque exp\\u00e9rience est pens\\u00e9e pour vous.<\\\/p>\"}},{\"@type\":\"Question\",\"name\":\"Top 5 des villas les plus luxueuses de Saint-Barth\\u00e9lemy\",\"acceptedAnswer\":{\"@type\":\"Answer\",\"text\":\"<p>D\\u00e9couvrez notre s\\u00e9lection des villas de luxe les plus exceptionnelles \\u00e0 Saint-Barth :<\\\/p><ul><li>Villa <span style=\\\"text-decoration: underline;\\\"><span style=\\\"color: #ffffff; text-decoration: underline;\\\"><a style=\\\"color: #ffffff; text-decoration: underline;\\\" href=\\\"https:\\\/\\\/www.bucketlistvilla.com\\\/fr\\\/location\\\/villa-saint-barthelemy-villa-embrace-st-barth-5-bd-513052.html\\\" target=\\\"_blank\\\" rel=\\\"noopener\\\">Embrace<\\\/a><\\\/span><\\\/span> \\u2013 Luxe ultime avec services premium.<\\\/li><li>Villa <span style=\\\"text-decoration: underline;\\\"><span style=\\\"color: #ffffff; text-decoration: underline;\\\"><a style=\\\"color: #ffffff; text-decoration: underline;\\\" href=\\\"https:\\\/\\\/www.bucketlistvilla.com\\\/fr\\\/location\\\/villa-saint-barthelemy-villa-wake-up-st-barth-6-bd-494650.html\\\" target=\\\"_blank\\\" rel=\\\"noopener\\\">Wake-Up<\\\/a><\\\/span><\\\/span> St Barts \\u2013 \\u00c9l\\u00e9gance contemporaine et acc\\u00e8s direct plage.<\\\/li><li>Villa <span style=\\\"text-decoration: underline;\\\"><span style=\\\"color: #ffffff; text-decoration: underline;\\\"><a style=\\\"color: #ffffff; text-decoration: underline;\\\" href=\\\"https:\\\/\\\/www.bucketlistvilla.com\\\/fr\\\/location\\\/villa-saint-barthelemy-villa-blanc-bleu-st-barth-6-bd-442429.html\\\" target=\\\"_blank\\\" rel=\\\"noopener\\\">Blanc Bleu<\\\/a><\\\/span><\\\/span> \\u2013 Raffinement intemporel et panoramas \\u00e0 couper le souffle.<\\\/li><li>Villa <span style=\\\"text-decoration: underline;\\\"><span style=\\\"color: #ffffff; text-decoration: underline;\\\"><a style=\\\"color: #ffffff; text-decoration: underline;\\\" href=\\\"https:\\\/\\\/www.bucketlistvilla.com\\\/fr\\\/location\\\/villa-saint-barthelemy-villa-sand-club-st-barth-6-bd-456963.html\\\" target=\\\"_blank\\\" rel=\\\"noopener\\\">Sun Club<\\\/a><\\\/span><\\\/span> \\u2013 Ambiance festive et design \\u00e9pur\\u00e9.<\\\/li><li>Villa <span style=\\\"text-decoration: underline;\\\"><span style=\\\"color: #ffffff; text-decoration: underline;\\\"><a style=\\\"color: #ffffff; text-decoration: underline;\\\" href=\\\"https:\\\/\\\/www.bucketlistvilla.com\\\/fr\\\/location\\\/villa-saint-barthelemy-villa-aura-st-barth-6-bd-444966.html\\\" target=\\\"_blank\\\" rel=\\\"noopener\\\">Aura<\\\/a><\\\/span><\\\/span> \\u2013 Emplacement rare et atmosph\\u00e8re chic d\\u00e9contract\\u00e9e.<\\\/li><\\\/ul><p>Ces villas incarnent l\\u2019art de vivre \\u00e0 Saint-Barth, pour des vacances hors du temps.<\\\/p>\"}},{\"@type\":\"Question\",\"name\":\"O\\u00f9 trouver un guide complet pour pr\\u00e9parer vos vacances \\u00e0 Saint-Barth ?\",\"acceptedAnswer\":{\"@type\":\"Answer\",\"text\":\"<p>Consultez notre blog de voyage Bucket List Villa , v\\u00e9ritable guide complet sur Saint-Barth\\u00e9lemy. Vous y d\\u00e9couvrirez :<\\\/p><ol><li>Les <span style=\\\"text-decoration: underline;\\\"><span style=\\\"color: #ffffff; text-decoration: underline;\\\"><a style=\\\"color: #ffffff; text-decoration: underline;\\\" href=\\\"https:\\\/\\\/www.bucketlistvilla.com\\\/blog\\\/fr\\\/meilleures-plages-saint-barth\\\/\\\" target=\\\"_blank\\\" rel=\\\"noopener\\\">plus belles plages<\\\/a><\\\/span><\\\/span> et criques<\\\/li><li>Les meilleures activit\\u00e9s et excursions<\\\/li><li>Les <span style=\\\"text-decoration: underline;\\\"><span style=\\\"color: #ffffff; text-decoration: underline;\\\"><a style=\\\"color: #ffffff; text-decoration: underline;\\\" href=\\\"https:\\\/\\\/www.bucketlistvilla.com\\\/blog\\\/fr\\\/restaurants-saint-bathelemy\\\/\\\" target=\\\"_blank\\\" rel=\\\"noopener\\\">restaurants gastronomiques<\\\/a><\\\/span><\\\/span> \\u00e0 ne pas manquer<\\\/li><li>L\\u2019acc\\u00e8s \\u00e0 l\\u2019\\u00eele et les options de transport<\\\/li><li><span style=\\\"text-decoration: underline;\\\"><span style=\\\"color: #ffffff; text-decoration: underline;\\\"><a style=\\\"color: #ffffff; text-decoration: underline;\\\" href=\\\"https:\\\/\\\/www.bucketlistvilla.com\\\/blog\\\/fr\\\/evenements-st-barth\\\/\\\" target=\\\"_blank\\\" rel=\\\"noopener\\\">Les \\u00e9v\\u00e9nements incontournables<\\\/a><\\\/span><\\\/span> selon chaque saison<\\\/li><\\\/ol><p>Parcourez notre blog et commencez \\u00e0 r\\u00eaver votre prochain s\\u00e9jour \\u00e0 Saint-Barth.<\\\/p>\"}}]}<\/script>\n\t\t\t\t\t<\/div>\n\t\t\t\t\t\t<\/div>\n\t\t\t\t<\/div>\n\t\t\t\t\t<\/div>\n\t\t\t\t<\/div>\n\t\t<div class=\"elementor-element elementor-element-38b752d e-con-full e-flex e-con e-parent\" data-id=\"38b752d\" data-element_type=\"container\" data-e-type=\"container\" data-settings=\"{&quot;background_background&quot;:&quot;classic&quot;}\">\n\t\t\t\t<div class=\"elementor-element elementor-element-78c1a1e elementor-widget elementor-widget-template\" data-id=\"78c1a1e\" data-element_type=\"widget\" data-e-type=\"widget\" data-widget_type=\"template.default\">\n\t\t\t\t<div class=\"elementor-widget-container\">\n\t\t\t\t\t\t\t<div class=\"elementor-template\">\n\t\t\t\t\t<div data-elementor-type=\"container\" data-elementor-id=\"6226\" class=\"elementor elementor-6226\" data-elementor-post-type=\"elementor_library\">\n\t\t\t\t<div class=\"elementor-element elementor-element-f203827 e-flex e-con-boxed e-con e-parent\" data-id=\"f203827\" data-element_type=\"container\" data-e-type=\"container\" data-settings=\"{&quot;background_background&quot;:&quot;classic&quot;}\">\n\t\t\t\t\t<div class=\"e-con-inner\">\n\t\t<div class=\"elementor-element elementor-element-5515a880 e-con-full e-flex e-con e-child\" data-id=\"5515a880\" data-element_type=\"container\" data-e-type=\"container\">\n\t\t<div class=\"elementor-element elementor-element-3a05ad07 e-con-full e-flex e-con e-child\" data-id=\"3a05ad07\" data-element_type=\"container\" data-e-type=\"container\">\n\t\t\t\t<div class=\"elementor-element elementor-element-702e4543 elementor-widget elementor-widget-heading\" data-id=\"702e4543\" data-element_type=\"widget\" data-e-type=\"widget\" data-widget_type=\"heading.default\">\n\t\t\t\t<div class=\"elementor-widget-container\">\n\t\t\t\t\t<h3 class=\"elementor-heading-title elementor-size-default\">Besoin d'aide pour r\u00e9server ?<\/h3>\t\t\t\t<\/div>\n\t\t\t\t<\/div>\n\t\t\t\t<div class=\"elementor-element elementor-element-282cf3e6 elementor-widget elementor-widget-text-editor\" data-id=\"282cf3e6\" data-element_type=\"widget\" data-e-type=\"widget\" data-widget_type=\"text-editor.default\">\n\t\t\t\t<div class=\"elementor-widget-container\">\n\t\t\t\t\t\t\t\t\t<a href=\"https:\/\/www.bucketlistvilla.com\/fr\/contact\/\">\u00caTRE CONTACT\u00c9 PAR NOS EXPERTS &gt;<\/a>\t\t\t\t\t\t\t\t<\/div>\n\t\t\t\t<\/div>\n\t\t\t\t<div class=\"elementor-element elementor-element-6a7da241 elementor-widget elementor-widget-text-editor\" data-id=\"6a7da241\" data-element_type=\"widget\" data-e-type=\"widget\" data-widget_type=\"text-editor.default\">\n\t\t\t\t<div class=\"elementor-widget-container\">\n\t\t\t\t\t\t\t\t\t<p><a href=\"https:\/\/wa.me\/+590690610267\">WHATSAPP &gt;<\/a><\/p>\t\t\t\t\t\t\t\t<\/div>\n\t\t\t\t<\/div>\n\t\t<div class=\"elementor-element elementor-element-5cde7a1 e-con-full e-flex e-con e-child\" data-id=\"5cde7a1\" data-element_type=\"container\" data-e-type=\"container\">\n\t\t\t\t<div class=\"elementor-element elementor-element-769dbdd3 elementor-icon-list--layout-inline elementor-list-item-link-full_width elementor-widget elementor-widget-icon-list\" data-id=\"769dbdd3\" data-element_type=\"widget\" data-e-type=\"widget\" data-widget_type=\"icon-list.default\">\n\t\t\t\t<div class=\"elementor-widget-container\">\n\t\t\t\t\t\t\t<ul class=\"elementor-icon-list-items elementor-inline-items\">\n\t\t\t\t\t\t\t<li class=\"elementor-icon-list-item elementor-inline-item\">\n\t\t\t\t\t\t\t\t\t\t\t<a href=\"tel:+590690610267\">\n\n\t\t\t\t\t\t\t\t\t\t\t\t<span class=\"elementor-icon-list-icon\">\n\t\t\t\t\t\t\t<svg aria-hidden=\"true\" class=\"e-font-icon-svg e-fas-phone-alt\" viewBox=\"0 0 512 512\" xmlns=\"http:\/\/www.w3.org\/2000\/svg\"><path d=\"M497.39 361.8l-112-48a24 24 0 0 0-28 6.9l-49.6 60.6A370.66 370.66 0 0 1 130.6 204.11l60.6-49.6a23.94 23.94 0 0 0 6.9-28l-48-112A24.16 24.16 0 0 0 122.6.61l-104 24A24 24 0 0 0 0 48c0 256.5 207.9 464 464 464a24 24 0 0 0 23.4-18.6l24-104a24.29 24.29 0 0 0-14.01-27.6z\"><\/path><\/svg>\t\t\t\t\t\t<\/span>\n\t\t\t\t\t\t\t\t\t\t<span class=\"elementor-icon-list-text\"><\/span>\n\t\t\t\t\t\t\t\t\t\t\t<\/a>\n\t\t\t\t\t\t\t\t\t<\/li>\n\t\t\t\t\t\t\t\t<li class=\"elementor-icon-list-item elementor-inline-item\">\n\t\t\t\t\t\t\t\t\t\t\t<a href=\"mailto:contact@bucketlistvilla.com\">\n\n\t\t\t\t\t\t\t\t\t\t\t\t<span class=\"elementor-icon-list-icon\">\n\t\t\t\t\t\t\t<svg aria-hidden=\"true\" class=\"e-font-icon-svg e-fas-mail-bulk\" viewBox=\"0 0 576 512\" xmlns=\"http:\/\/www.w3.org\/2000\/svg\"><path d=\"M160 448c-25.6 0-51.2-22.4-64-32-64-44.8-83.2-60.8-96-70.4V480c0 17.67 14.33 32 32 32h256c17.67 0 32-14.33 32-32V345.6c-12.8 9.6-32 25.6-96 70.4-12.8 9.6-38.4 32-64 32zm128-192H32c-17.67 0-32 14.33-32 32v16c25.6 19.2 22.4 19.2 115.2 86.4 9.6 6.4 28.8 25.6 44.8 25.6s35.2-19.2 44.8-22.4c92.8-67.2 89.6-67.2 115.2-86.4V288c0-17.67-14.33-32-32-32zm256-96H224c-17.67 0-32 14.33-32 32v32h96c33.21 0 60.59 25.42 63.71 57.82l.29-.22V416h192c17.67 0 32-14.33 32-32V192c0-17.67-14.33-32-32-32zm-32 128h-64v-64h64v64zm-352-96c0-35.29 28.71-64 64-64h224V32c0-17.67-14.33-32-32-32H96C78.33 0 64 14.33 64 32v192h96v-32z\"><\/path><\/svg>\t\t\t\t\t\t<\/span>\n\t\t\t\t\t\t\t\t\t\t<span class=\"elementor-icon-list-text\"><\/span>\n\t\t\t\t\t\t\t\t\t\t\t<\/a>\n\t\t\t\t\t\t\t\t\t<\/li>\n\t\t\t\t\t\t\t\t<li class=\"elementor-icon-list-item elementor-inline-item\">\n\t\t\t\t\t\t\t\t\t\t\t<a href=\"https:\/\/wa.me\/+590690610267\">\n\n\t\t\t\t\t\t\t\t\t\t\t\t<span class=\"elementor-icon-list-icon\">\n\t\t\t\t\t\t\t<svg aria-hidden=\"true\" class=\"e-font-icon-svg e-fab-whatsapp\" viewBox=\"0 0 448 512\" xmlns=\"http:\/\/www.w3.org\/2000\/svg\"><path d=\"M380.9 97.1C339 55.1 283.2 32 223.9 32c-122.4 0-222 99.6-222 222 0 39.1 10.2 77.3 29.6 111L0 480l117.7-30.9c32.4 17.7 68.9 27 106.1 27h.1c122.3 0 224.1-99.6 224.1-222 0-59.3-25.2-115-67.1-157zm-157 341.6c-33.2 0-65.7-8.9-94-25.7l-6.7-4-69.8 18.3L72 359.2l-4.4-7c-18.5-29.4-28.2-63.3-28.2-98.2 0-101.7 82.8-184.5 184.6-184.5 49.3 0 95.6 19.2 130.4 54.1 34.8 34.9 56.2 81.2 56.1 130.5 0 101.8-84.9 184.6-186.6 184.6zm101.2-138.2c-5.5-2.8-32.8-16.2-37.9-18-5.1-1.9-8.8-2.8-12.5 2.8-3.7 5.6-14.3 18-17.6 21.8-3.2 3.7-6.5 4.2-12 1.4-32.6-16.3-54-29.1-75.5-66-5.7-9.8 5.7-9.1 16.3-30.3 1.8-3.7.9-6.9-.5-9.7-1.4-2.8-12.5-30.1-17.1-41.2-4.5-10.8-9.1-9.3-12.5-9.5-3.2-.2-6.9-.2-10.6-.2-3.7 0-9.7 1.4-14.8 6.9-5.1 5.6-19.4 19-19.4 46.3 0 27.3 19.9 53.7 22.6 57.4 2.8 3.7 39.1 59.7 94.8 83.8 35.2 15.2 49 16.5 66.6 13.9 10.7-1.6 32.8-13.4 37.4-26.4 4.6-13 4.6-24.1 3.2-26.4-1.3-2.5-5-3.9-10.5-6.6z\"><\/path><\/svg>\t\t\t\t\t\t<\/span>\n\t\t\t\t\t\t\t\t\t\t<span class=\"elementor-icon-list-text\"><\/span>\n\t\t\t\t\t\t\t\t\t\t\t<\/a>\n\t\t\t\t\t\t\t\t\t<\/li>\n\t\t\t\t\t\t<\/ul>\n\t\t\t\t\t\t<\/div>\n\t\t\t\t<\/div>\n\t\t\t\t<\/div>\n\t\t\t\t<\/div>\n\t\t\t\t<\/div>\n\t\t<div class=\"elementor-element elementor-element-20924ae6 e-con-full e-flex e-con e-child\" data-id=\"20924ae6\" data-element_type=\"container\" data-e-type=\"container\">\n\t\t\t\t<div class=\"elementor-element elementor-element-65c0740a elementor-widget elementor-widget-text-editor\" data-id=\"65c0740a\" data-element_type=\"widget\" data-e-type=\"widget\" data-widget_type=\"text-editor.default\">\n\t\t\t\t<div class=\"elementor-widget-container\">\n\t\t\t\t\t\t\t\t\t<p><span style=\"font-weight: 400;\">Notre \u00e9quipe d\u2019experts est \u00e0 votre disposition pour vous offrir un service sur mesure et r\u00e9pondre \u00e0 toutes vos demandes.<\/span><\/p><p><span style=\"font-weight: 400;\">De la recherche de la villa parfaite \u00e0 l\u2019organisation de vos exp\u00e9riences ou \u00e9v\u00e8nements, nous organisons tout pour vous.<\/span><\/p>\t\t\t\t\t\t\t\t<\/div>\n\t\t\t\t<\/div>\n\t\t\t\t<\/div>\n\t\t\t\t\t<\/div>\n\t\t\t\t<\/div>\n\t\t\t\t<\/div>\n\t\t\t\t<\/div>\n\t\t\t\t\t\t<\/div>\n\t\t\t\t<\/div>\n\t\t\t\t<\/div>\n\t\t\t\t<\/div>\n\t\t","protected":false},"excerpt":{"rendered":"<p>Saint-Barth\u00e9lemy est la perle des Cara\u00efbes. D\u00e9couvrez nos villas \u00e0 louer \u00e0 Saint-Barth et vivez un s\u00e9jour d\u2019exception : piscine priv\u00e9e, vue mer et services exclusifs. Contactez votre conseiller pour cr\u00e9er vos vacances sur mesure.<\/p>\n","protected":false},"author":2,"featured_media":8294,"comment_status":"open","ping_status":"open","sticky":false,"template":"","format":"standard","meta":{"footnotes":""},"categories":[75,29],"tags":[87],"class_list":["post-8226","post","type-post","status-publish","format-standard","has-post-thumbnail","hentry","category-experiences","category-st-barth","tag-focus-villa"],"yoast_head":"<!-- This site is optimized with the Yoast SEO plugin v27.5 - https:\/\/yoast.com\/product\/yoast-seo-wordpress\/ -->\n<title>Villas \u00e0 louer \u00e0 Saint-Barth | Exp\u00e9rience luxe sur mesure ultime<\/title>\n<meta name=\"description\" content=\"D\u00e9couvrez nos villas \u00e0 louer \u00e0 Saint-Barth et vivez un art de vivre unique : vues mer spectaculaires, piscine priv\u00e9e et services sur mesure.\" \/>\n<meta name=\"robots\" content=\"index, follow, max-snippet:-1, max-image-preview:large, max-video-preview:-1\" \/>\n<link rel=\"canonical\" href=\"https:\/\/www.bucketlistvilla.com\/blog\/fr\/villas-a-louer-saint-barth\/\" \/>\n<meta property=\"og:locale\" content=\"fr_FR\" \/>\n<meta property=\"og:type\" content=\"article\" \/>\n<meta property=\"og:title\" content=\"Villas \u00e0 louer \u00e0 Saint-Barth | Exp\u00e9rience luxe sur mesure ultime\" \/>\n<meta property=\"og:description\" content=\"D\u00e9couvrez nos villas \u00e0 louer \u00e0 Saint-Barth et vivez un art de vivre unique : vues mer spectaculaires, piscine priv\u00e9e et services sur mesure.\" \/>\n<meta property=\"og:url\" content=\"https:\/\/www.bucketlistvilla.com\/blog\/fr\/villas-a-louer-saint-barth\/\" \/>\n<meta property=\"og:site_name\" content=\"Blog\" \/>\n<meta property=\"article:published_time\" content=\"2025-08-06T12:48:42+00:00\" \/>\n<meta property=\"article:modified_time\" content=\"2025-09-10T14:56:52+00:00\" \/>\n<meta property=\"og:image\" content=\"https:\/\/www.bucketlistvilla.com\/blog\/wp-content\/uploads\/2025\/07\/rent-st-barts-villa-wine-note-2-e1752837569353.webp\" \/>\n\t<meta property=\"og:image:width\" content=\"1920\" \/>\n\t<meta property=\"og:image:height\" content=\"600\" \/>\n\t<meta property=\"og:image:type\" content=\"image\/webp\" \/>\n<meta name=\"author\" content=\"bucketlistvilla\" \/>\n<meta name=\"twitter:card\" content=\"summary_large_image\" \/>\n<meta name=\"twitter:label1\" content=\"Written by\" \/>\n\t<meta name=\"twitter:data1\" content=\"bucketlistvilla\" \/>\n\t<meta name=\"twitter:label2\" content=\"Est. reading time\" \/>\n\t<meta name=\"twitter:data2\" content=\"12 minutes\" \/>\n<script type=\"application\/ld+json\" class=\"yoast-schema-graph\">{\"@context\":\"https:\\\/\\\/schema.org\",\"@graph\":[{\"@type\":\"Article\",\"@id\":\"https:\\\/\\\/www.bucketlistvilla.com\\\/blog\\\/fr\\\/villas-a-louer-saint-barth\\\/#article\",\"isPartOf\":{\"@id\":\"https:\\\/\\\/www.bucketlistvilla.com\\\/blog\\\/fr\\\/villas-a-louer-saint-barth\\\/\"},\"author\":{\"name\":\"bucketlistvilla\",\"@id\":\"https:\\\/\\\/www.bucketlistvilla.com\\\/blog\\\/fr\\\/#\\\/schema\\\/person\\\/c8b1bc4b80bc50bb38e1fd34e415d4b3\"},\"headline\":\"Villas \u00e0 louer \u00e0 Saint-BarthVivez l\u2019exp\u00e9rience luxe sur mesure ultime\",\"datePublished\":\"2025-08-06T12:48:42+00:00\",\"dateModified\":\"2025-09-10T14:56:52+00:00\",\"mainEntityOfPage\":{\"@id\":\"https:\\\/\\\/www.bucketlistvilla.com\\\/blog\\\/fr\\\/villas-a-louer-saint-barth\\\/\"},\"wordCount\":1280,\"commentCount\":0,\"image\":{\"@id\":\"https:\\\/\\\/www.bucketlistvilla.com\\\/blog\\\/fr\\\/villas-a-louer-saint-barth\\\/#primaryimage\"},\"thumbnailUrl\":\"https:\\\/\\\/www.bucketlistvilla.com\\\/blog\\\/wp-content\\\/uploads\\\/2025\\\/07\\\/rent-st-barts-villa-wine-note-2-e1752837569353.webp\",\"keywords\":[\"Focus Villa\"],\"articleSection\":[\"Exp\u00e9riences\",\"St Barth\"],\"inLanguage\":\"fr\",\"potentialAction\":[{\"@type\":\"CommentAction\",\"name\":\"Comment\",\"target\":[\"https:\\\/\\\/www.bucketlistvilla.com\\\/blog\\\/fr\\\/villas-a-louer-saint-barth\\\/#respond\"]}]},{\"@type\":\"WebPage\",\"@id\":\"https:\\\/\\\/www.bucketlistvilla.com\\\/blog\\\/fr\\\/villas-a-louer-saint-barth\\\/\",\"url\":\"https:\\\/\\\/www.bucketlistvilla.com\\\/blog\\\/fr\\\/villas-a-louer-saint-barth\\\/\",\"name\":\"Villas \u00e0 louer \u00e0 Saint-Barth | Exp\u00e9rience luxe sur mesure ultime\",\"isPartOf\":{\"@id\":\"https:\\\/\\\/www.bucketlistvilla.com\\\/blog\\\/fr\\\/#website\"},\"primaryImageOfPage\":{\"@id\":\"https:\\\/\\\/www.bucketlistvilla.com\\\/blog\\\/fr\\\/villas-a-louer-saint-barth\\\/#primaryimage\"},\"image\":{\"@id\":\"https:\\\/\\\/www.bucketlistvilla.com\\\/blog\\\/fr\\\/villas-a-louer-saint-barth\\\/#primaryimage\"},\"thumbnailUrl\":\"https:\\\/\\\/www.bucketlistvilla.com\\\/blog\\\/wp-content\\\/uploads\\\/2025\\\/07\\\/rent-st-barts-villa-wine-note-2-e1752837569353.webp\",\"datePublished\":\"2025-08-06T12:48:42+00:00\",\"dateModified\":\"2025-09-10T14:56:52+00:00\",\"author\":{\"@id\":\"https:\\\/\\\/www.bucketlistvilla.com\\\/blog\\\/fr\\\/#\\\/schema\\\/person\\\/c8b1bc4b80bc50bb38e1fd34e415d4b3\"},\"description\":\"D\u00e9couvrez nos villas \u00e0 louer \u00e0 Saint-Barth et vivez un art de vivre unique : vues mer spectaculaires, piscine priv\u00e9e et services sur mesure.\",\"breadcrumb\":{\"@id\":\"https:\\\/\\\/www.bucketlistvilla.com\\\/blog\\\/fr\\\/villas-a-louer-saint-barth\\\/#breadcrumb\"},\"inLanguage\":\"fr\",\"potentialAction\":[{\"@type\":\"ReadAction\",\"target\":[\"https:\\\/\\\/www.bucketlistvilla.com\\\/blog\\\/fr\\\/villas-a-louer-saint-barth\\\/\"]}]},{\"@type\":\"ImageObject\",\"inLanguage\":\"fr\",\"@id\":\"https:\\\/\\\/www.bucketlistvilla.com\\\/blog\\\/fr\\\/villas-a-louer-saint-barth\\\/#primaryimage\",\"url\":\"https:\\\/\\\/www.bucketlistvilla.com\\\/blog\\\/wp-content\\\/uploads\\\/2025\\\/07\\\/rent-st-barts-villa-wine-note-2-e1752837569353.webp\",\"contentUrl\":\"https:\\\/\\\/www.bucketlistvilla.com\\\/blog\\\/wp-content\\\/uploads\\\/2025\\\/07\\\/rent-st-barts-villa-wine-note-2-e1752837569353.webp\",\"width\":1920,\"height\":600,\"caption\":\"Vue spectaculaire depuis la Villa Wine Note, villa \u00e0 louer \u00e0 Saint-Barth avec piscine priv\u00e9e et panorama sur la mer des Cara\u00efbes.\"},{\"@type\":\"BreadcrumbList\",\"@id\":\"https:\\\/\\\/www.bucketlistvilla.com\\\/blog\\\/fr\\\/villas-a-louer-saint-barth\\\/#breadcrumb\",\"itemListElement\":[{\"@type\":\"ListItem\",\"position\":1,\"name\":\"Home\",\"item\":\"https:\\\/\\\/www.bucketlistvilla.com\\\/blog\\\/fr\\\/\"},{\"@type\":\"ListItem\",\"position\":2,\"name\":\"Villas \u00e0 louer \u00e0 Saint-BarthVivez l\u2019exp\u00e9rience luxe sur mesure ultime\"}]},{\"@type\":\"WebSite\",\"@id\":\"https:\\\/\\\/www.bucketlistvilla.com\\\/blog\\\/fr\\\/#website\",\"url\":\"https:\\\/\\\/www.bucketlistvilla.com\\\/blog\\\/fr\\\/\",\"name\":\"Blog\",\"description\":\"\",\"potentialAction\":[{\"@type\":\"SearchAction\",\"target\":{\"@type\":\"EntryPoint\",\"urlTemplate\":\"https:\\\/\\\/www.bucketlistvilla.com\\\/blog\\\/fr\\\/?s={search_term_string}\"},\"query-input\":{\"@type\":\"PropertyValueSpecification\",\"valueRequired\":true,\"valueName\":\"search_term_string\"}}],\"inLanguage\":\"fr\"},{\"@type\":\"Person\",\"@id\":\"https:\\\/\\\/www.bucketlistvilla.com\\\/blog\\\/fr\\\/#\\\/schema\\\/person\\\/c8b1bc4b80bc50bb38e1fd34e415d4b3\",\"name\":\"bucketlistvilla\",\"image\":{\"@type\":\"ImageObject\",\"inLanguage\":\"fr\",\"@id\":\"https:\\\/\\\/secure.gravatar.com\\\/avatar\\\/1aa049deecc447bee9bcefe627a3e665b6c917a626c724dcbf09ff48be7a21ec?s=96&d=mm&r=g\",\"url\":\"https:\\\/\\\/secure.gravatar.com\\\/avatar\\\/1aa049deecc447bee9bcefe627a3e665b6c917a626c724dcbf09ff48be7a21ec?s=96&d=mm&r=g\",\"contentUrl\":\"https:\\\/\\\/secure.gravatar.com\\\/avatar\\\/1aa049deecc447bee9bcefe627a3e665b6c917a626c724dcbf09ff48be7a21ec?s=96&d=mm&r=g\",\"caption\":\"bucketlistvilla\"},\"url\":\"https:\\\/\\\/www.bucketlistvilla.com\\\/blog\\\/fr\\\/author\\\/bucketlistvilla\\\/\"}]}<\/script>\n<!-- \/ Yoast SEO plugin. -->","yoast_head_json":{"title":"Villas \u00e0 louer \u00e0 Saint-Barth | Exp\u00e9rience luxe sur mesure ultime","description":"D\u00e9couvrez nos villas \u00e0 louer \u00e0 Saint-Barth et vivez un art de vivre unique : vues mer spectaculaires, piscine priv\u00e9e et services sur mesure.","robots":{"index":"index","follow":"follow","max-snippet":"max-snippet:-1","max-image-preview":"max-image-preview:large","max-video-preview":"max-video-preview:-1"},"canonical":"https:\/\/www.bucketlistvilla.com\/blog\/fr\/villas-a-louer-saint-barth\/","og_locale":"fr_FR","og_type":"article","og_title":"Villas \u00e0 louer \u00e0 Saint-Barth | Exp\u00e9rience luxe sur mesure ultime","og_description":"D\u00e9couvrez nos villas \u00e0 louer \u00e0 Saint-Barth et vivez un art de vivre unique : vues mer spectaculaires, piscine priv\u00e9e et services sur mesure.","og_url":"https:\/\/www.bucketlistvilla.com\/blog\/fr\/villas-a-louer-saint-barth\/","og_site_name":"Blog","article_published_time":"2025-08-06T12:48:42+00:00","article_modified_time":"2025-09-10T14:56:52+00:00","og_image":[{"width":1920,"height":600,"url":"https:\/\/www.bucketlistvilla.com\/blog\/wp-content\/uploads\/2025\/07\/rent-st-barts-villa-wine-note-2-e1752837569353.webp","type":"image\/webp"}],"author":"bucketlistvilla","twitter_card":"summary_large_image","twitter_misc":{"Written by":"bucketlistvilla","Est. reading time":"12 minutes"},"schema":{"@context":"https:\/\/schema.org","@graph":[{"@type":"Article","@id":"https:\/\/www.bucketlistvilla.com\/blog\/fr\/villas-a-louer-saint-barth\/#article","isPartOf":{"@id":"https:\/\/www.bucketlistvilla.com\/blog\/fr\/villas-a-louer-saint-barth\/"},"author":{"name":"bucketlistvilla","@id":"https:\/\/www.bucketlistvilla.com\/blog\/fr\/#\/schema\/person\/c8b1bc4b80bc50bb38e1fd34e415d4b3"},"headline":"Villas \u00e0 louer \u00e0 Saint-BarthVivez l\u2019exp\u00e9rience luxe sur mesure ultime","datePublished":"2025-08-06T12:48:42+00:00","dateModified":"2025-09-10T14:56:52+00:00","mainEntityOfPage":{"@id":"https:\/\/www.bucketlistvilla.com\/blog\/fr\/villas-a-louer-saint-barth\/"},"wordCount":1280,"commentCount":0,"image":{"@id":"https:\/\/www.bucketlistvilla.com\/blog\/fr\/villas-a-louer-saint-barth\/#primaryimage"},"thumbnailUrl":"https:\/\/www.bucketlistvilla.com\/blog\/wp-content\/uploads\/2025\/07\/rent-st-barts-villa-wine-note-2-e1752837569353.webp","keywords":["Focus Villa"],"articleSection":["Exp\u00e9riences","St Barth"],"inLanguage":"fr","potentialAction":[{"@type":"CommentAction","name":"Comment","target":["https:\/\/www.bucketlistvilla.com\/blog\/fr\/villas-a-louer-saint-barth\/#respond"]}]},{"@type":"WebPage","@id":"https:\/\/www.bucketlistvilla.com\/blog\/fr\/villas-a-louer-saint-barth\/","url":"https:\/\/www.bucketlistvilla.com\/blog\/fr\/villas-a-louer-saint-barth\/","name":"Villas \u00e0 louer \u00e0 Saint-Barth | Exp\u00e9rience luxe sur mesure ultime","isPartOf":{"@id":"https:\/\/www.bucketlistvilla.com\/blog\/fr\/#website"},"primaryImageOfPage":{"@id":"https:\/\/www.bucketlistvilla.com\/blog\/fr\/villas-a-louer-saint-barth\/#primaryimage"},"image":{"@id":"https:\/\/www.bucketlistvilla.com\/blog\/fr\/villas-a-louer-saint-barth\/#primaryimage"},"thumbnailUrl":"https:\/\/www.bucketlistvilla.com\/blog\/wp-content\/uploads\/2025\/07\/rent-st-barts-villa-wine-note-2-e1752837569353.webp","datePublished":"2025-08-06T12:48:42+00:00","dateModified":"2025-09-10T14:56:52+00:00","author":{"@id":"https:\/\/www.bucketlistvilla.com\/blog\/fr\/#\/schema\/person\/c8b1bc4b80bc50bb38e1fd34e415d4b3"},"description":"D\u00e9couvrez nos villas \u00e0 louer \u00e0 Saint-Barth et vivez un art de vivre unique : vues mer spectaculaires, piscine priv\u00e9e et services sur mesure.","breadcrumb":{"@id":"https:\/\/www.bucketlistvilla.com\/blog\/fr\/villas-a-louer-saint-barth\/#breadcrumb"},"inLanguage":"fr","potentialAction":[{"@type":"ReadAction","target":["https:\/\/www.bucketlistvilla.com\/blog\/fr\/villas-a-louer-saint-barth\/"]}]},{"@type":"ImageObject","inLanguage":"fr","@id":"https:\/\/www.bucketlistvilla.com\/blog\/fr\/villas-a-louer-saint-barth\/#primaryimage","url":"https:\/\/www.bucketlistvilla.com\/blog\/wp-content\/uploads\/2025\/07\/rent-st-barts-villa-wine-note-2-e1752837569353.webp","contentUrl":"https:\/\/www.bucketlistvilla.com\/blog\/wp-content\/uploads\/2025\/07\/rent-st-barts-villa-wine-note-2-e1752837569353.webp","width":1920,"height":600,"caption":"Vue spectaculaire depuis la Villa Wine Note, villa \u00e0 louer \u00e0 Saint-Barth avec piscine priv\u00e9e et panorama sur la mer des Cara\u00efbes."},{"@type":"BreadcrumbList","@id":"https:\/\/www.bucketlistvilla.com\/blog\/fr\/villas-a-louer-saint-barth\/#breadcrumb","itemListElement":[{"@type":"ListItem","position":1,"name":"Home","item":"https:\/\/www.bucketlistvilla.com\/blog\/fr\/"},{"@type":"ListItem","position":2,"name":"Villas \u00e0 louer \u00e0 Saint-BarthVivez l\u2019exp\u00e9rience luxe sur mesure ultime"}]},{"@type":"WebSite","@id":"https:\/\/www.bucketlistvilla.com\/blog\/fr\/#website","url":"https:\/\/www.bucketlistvilla.com\/blog\/fr\/","name":"Blog","description":"","potentialAction":[{"@type":"SearchAction","target":{"@type":"EntryPoint","urlTemplate":"https:\/\/www.bucketlistvilla.com\/blog\/fr\/?s={search_term_string}"},"query-input":{"@type":"PropertyValueSpecification","valueRequired":true,"valueName":"search_term_string"}}],"inLanguage":"fr"},{"@type":"Person","@id":"https:\/\/www.bucketlistvilla.com\/blog\/fr\/#\/schema\/person\/c8b1bc4b80bc50bb38e1fd34e415d4b3","name":"bucketlistvilla","image":{"@type":"ImageObject","inLanguage":"fr","@id":"https:\/\/secure.gravatar.com\/avatar\/1aa049deecc447bee9bcefe627a3e665b6c917a626c724dcbf09ff48be7a21ec?s=96&d=mm&r=g","url":"https:\/\/secure.gravatar.com\/avatar\/1aa049deecc447bee9bcefe627a3e665b6c917a626c724dcbf09ff48be7a21ec?s=96&d=mm&r=g","contentUrl":"https:\/\/secure.gravatar.com\/avatar\/1aa049deecc447bee9bcefe627a3e665b6c917a626c724dcbf09ff48be7a21ec?s=96&d=mm&r=g","caption":"bucketlistvilla"},"url":"https:\/\/www.bucketlistvilla.com\/blog\/fr\/author\/bucketlistvilla\/"}]}},"_links":{"self":[{"href":"https:\/\/www.bucketlistvilla.com\/blog\/fr\/wp-json\/wp\/v2\/posts\/8226","targetHints":{"allow":["GET"]}}],"collection":[{"href":"https:\/\/www.bucketlistvilla.com\/blog\/fr\/wp-json\/wp\/v2\/posts"}],"about":[{"href":"https:\/\/www.bucketlistvilla.com\/blog\/fr\/wp-json\/wp\/v2\/types\/post"}],"author":[{"embeddable":true,"href":"https:\/\/www.bucketlistvilla.com\/blog\/fr\/wp-json\/wp\/v2\/users\/2"}],"replies":[{"embeddable":true,"href":"https:\/\/www.bucketlistvilla.com\/blog\/fr\/wp-json\/wp\/v2\/comments?post=8226"}],"version-history":[{"count":97,"href":"https:\/\/www.bucketlistvilla.com\/blog\/fr\/wp-json\/wp\/v2\/posts\/8226\/revisions"}],"predecessor-version":[{"id":9643,"href":"https:\/\/www.bucketlistvilla.com\/blog\/fr\/wp-json\/wp\/v2\/posts\/8226\/revisions\/9643"}],"wp:featuredmedia":[{"embeddable":true,"href":"https:\/\/www.bucketlistvilla.com\/blog\/fr\/wp-json\/wp\/v2\/media\/8294"}],"wp:attachment":[{"href":"https:\/\/www.bucketlistvilla.com\/blog\/fr\/wp-json\/wp\/v2\/media?parent=8226"}],"wp:term":[{"taxonomy":"category","embeddable":true,"href":"https:\/\/www.bucketlistvilla.com\/blog\/fr\/wp-json\/wp\/v2\/categories?post=8226"},{"taxonomy":"post_tag","embeddable":true,"href":"https:\/\/www.bucketlistvilla.com\/blog\/fr\/wp-json\/wp\/v2\/tags?post=8226"}],"curies":[{"name":"wp","href":"https:\/\/api.w.org\/{rel}","templated":true}]}}