{"id":9483,"date":"2025-08-20T11:05:30","date_gmt":"2025-08-20T11:05:30","guid":{"rendered":"https:\/\/www.bucketlistvilla.com\/blog\/flamands-st-barts\/"},"modified":"2025-09-11T09:38:30","modified_gmt":"2025-09-11T09:38:30","slug":"flamands-st-barth","status":"publish","type":"post","link":"https:\/\/www.bucketlistvilla.com\/blog\/fr\/flamands-st-barth\/","title":{"rendered":"D\u00e9couvrez le quartier de Flamands \u00e0 Saint-Barth\u00e9lemy"},"content":{"rendered":"\t\t<div data-elementor-type=\"wp-post\" data-elementor-id=\"9483\" class=\"elementor elementor-9483 elementor-8507\" data-elementor-post-type=\"post\">\n\t\t\t\t<div class=\"elementor-element elementor-element-29a25e5f e-flex e-con-boxed e-con e-parent\" data-id=\"29a25e5f\" data-element_type=\"container\" data-e-type=\"container\">\n\t\t\t\t\t<div class=\"e-con-inner\">\n\t\t\t\t<div class=\"elementor-element elementor-element-7d8338fd elementor-widget elementor-widget-heading\" data-id=\"7d8338fd\" data-element_type=\"widget\" data-e-type=\"widget\" data-widget_type=\"heading.default\">\n\t\t\t\t<div class=\"elementor-widget-container\">\n\t\t\t\t\t<h2 class=\"elementor-heading-title elementor-size-default\">Flamands \u00e0 Saint-Barth\u00e9lemy<\/h2>\t\t\t\t<\/div>\n\t\t\t\t<\/div>\n\t\t\t\t<div class=\"elementor-element elementor-element-4c491e97 elementor-widget elementor-widget-text-editor\" data-id=\"4c491e97\" data-element_type=\"widget\" data-e-type=\"widget\" data-widget_type=\"text-editor.default\">\n\t\t\t\t<div class=\"elementor-widget-container\">\n\t\t\t\t\t\t\t\t\t<p><span style=\"font-weight: 400;\">Nich\u00e9 dans le coin nord-ouest de l&#8217;\u00eele, <strong>Flamands \u00e0 Saint-Barth\u00e9lemy<\/strong> est un monde \u00e0 part enti\u00e8re. Ici, vous ne trouverez pas le glamour du port de Gustavia ni l&#8217;effervescence des boutiques de Saint-Jean. Au lieu de cela, Flamands offre quelque chose de bien plus captivant : un charme discret et une atmosph\u00e8re qui vous invite \u00e0 ralentir. Ce quartier r\u00e9sidentiel, enroul\u00e9 autour de la douce courbe de la baie de Flamands \u00e0 Saint-Barth\u00e9lemy, semble \u00eatre l&#8217;endroit o\u00f9 les gens s\u00e9journent lorsqu&#8217;ils savent d\u00e9j\u00e0 ce qu&#8217;ils recherchent.   <\/span><\/p><p><span style=\"font-weight: 400;\">Si vous \u00eates le type de voyageur qui pr\u00e9f\u00e8re \u00e9changer l&#8217;agitation pour la brise marine, Flamands pourrait bien \u00eatre l&#8217;endroit que vous esp\u00e9riez trouver.<\/span><\/p>\t\t\t\t\t\t\t\t<\/div>\n\t\t\t\t<\/div>\n\t\t\t\t\t<\/div>\n\t\t\t\t<\/div>\n\t\t<div class=\"elementor-element elementor-element-432e7b75 e-flex e-con-boxed e-con e-parent\" data-id=\"432e7b75\" data-element_type=\"container\" data-e-type=\"container\">\n\t\t\t\t\t<div class=\"e-con-inner\">\n\t\t\t\t<div class=\"elementor-element elementor-element-6c295613 elementor-widget elementor-widget-template\" data-id=\"6c295613\" data-element_type=\"widget\" data-e-type=\"widget\" data-widget_type=\"template.default\">\n\t\t\t\t<div class=\"elementor-widget-container\">\n\t\t\t\t\t\t\t<div class=\"elementor-template\">\n\t\t\t\t\t<div data-elementor-type=\"container\" data-elementor-id=\"6215\" class=\"elementor elementor-6215\" data-elementor-post-type=\"elementor_library\">\n\t\t\t\t<div class=\"elementor-element elementor-element-7fada30 e-flex e-con-boxed e-con e-parent\" data-id=\"7fada30\" data-element_type=\"container\" data-e-type=\"container\">\n\t\t\t\t\t<div class=\"e-con-inner\">\n\t\t\t\t<div class=\"elementor-element elementor-element-9a267c6 elementor-widget elementor-widget-table-of-contents\" data-id=\"9a267c6\" data-element_type=\"widget\" data-e-type=\"widget\" data-settings=\"{&quot;headings_by_tags&quot;:[&quot;h2&quot;],&quot;exclude_headings_by_selector&quot;:[],&quot;marker_view&quot;:&quot;bullets&quot;,&quot;icon&quot;:{&quot;value&quot;:&quot;&quot;,&quot;library&quot;:&quot;&quot;},&quot;no_headings_message&quot;:&quot;Aucun titre n\\u2019a \\u00e9t\\u00e9 trouv\\u00e9 sur cette page.&quot;,&quot;hierarchical_view&quot;:&quot;yes&quot;,&quot;min_height&quot;:{&quot;unit&quot;:&quot;px&quot;,&quot;size&quot;:&quot;&quot;,&quot;sizes&quot;:[]},&quot;min_height_tablet&quot;:{&quot;unit&quot;:&quot;px&quot;,&quot;size&quot;:&quot;&quot;,&quot;sizes&quot;:[]},&quot;min_height_mobile&quot;:{&quot;unit&quot;:&quot;px&quot;,&quot;size&quot;:&quot;&quot;,&quot;sizes&quot;:[]}}\" data-widget_type=\"table-of-contents.default\">\n\t\t\t\t<div class=\"elementor-widget-container\">\n\t\t\t\t\t\t\t\t\t<div class=\"elementor-toc__header\">\n\t\t\t\t\t\t<div class=\"elementor-toc__header-title\">\n\t\t\t\tSommaire\t\t\t<\/div>\n\t\t\t\t\t\t\t\t<\/div>\n\t\t\t\t<div id=\"elementor-toc__9a267c6\" class=\"elementor-toc__body\">\n\t\t\t<div class=\"elementor-toc__spinner-container\">\n\t\t\t\t<svg class=\"elementor-toc__spinner eicon-animation-spin e-font-icon-svg e-eicon-loading\" aria-hidden=\"true\" viewBox=\"0 0 1000 1000\" xmlns=\"http:\/\/www.w3.org\/2000\/svg\"><path d=\"M500 975V858C696 858 858 696 858 500S696 142 500 142 142 304 142 500H25C25 237 238 25 500 25S975 237 975 500 763 975 500 975Z\"><\/path><\/svg>\t\t\t<\/div>\n\t\t<\/div>\n\t\t\t\t\t\t<\/div>\n\t\t\t\t<\/div>\n\t\t\t\t\t<\/div>\n\t\t\t\t<\/div>\n\t\t\t\t<\/div>\n\t\t\t\t<\/div>\n\t\t\t\t\t\t<\/div>\n\t\t\t\t<\/div>\n\t\t\t\t\t<\/div>\n\t\t\t\t<\/div>\n\t\t<div class=\"elementor-element elementor-element-f130bf2 e-flex e-con-boxed e-con e-parent\" data-id=\"f130bf2\" data-element_type=\"container\" data-e-type=\"container\">\n\t\t\t\t\t<div class=\"e-con-inner\">\n\t\t\t\t<div class=\"elementor-element elementor-element-8dedbd6 elementor-widget elementor-widget-heading\" data-id=\"8dedbd6\" data-element_type=\"widget\" data-e-type=\"widget\" data-widget_type=\"heading.default\">\n\t\t\t\t<div class=\"elementor-widget-container\">\n\t\t\t\t\t<h2 class=\"elementor-heading-title elementor-size-default\">Localisation et comment s'y rendre\n<\/h2>\t\t\t\t<\/div>\n\t\t\t\t<\/div>\n\t\t\t\t<div class=\"elementor-element elementor-element-d585ef5 elementor-widget elementor-widget-text-editor\" data-id=\"d585ef5\" data-element_type=\"widget\" data-e-type=\"widget\" data-widget_type=\"text-editor.default\">\n\t\t\t\t<div class=\"elementor-widget-container\">\n\t\t\t\t\t\t\t\t\t<p><span style=\"font-weight: 400;\"><strong>Flamands \u00e0 Saint-Barth\u00e9lemy<\/strong> est situ\u00e9 sur la <strong>c\u00f4te nord-ouest<\/strong> de l&#8217;\u00eele, \u00e0 environ dix minutes (5 kilom\u00e8tres) en voiture de l&#8217;a\u00e9roport et de <\/span><a href=\"https:\/\/www.bucketlistvilla.com\/blog\/fr\/gustavia-st-barts\/\"><span style=\"font-weight: 400;\">Gustavia<\/span><\/a><span style=\"font-weight: 400;\">. Bien que proche des zones plus anim\u00e9es de l&#8217;\u00eele, Flamands semble isol\u00e9. Il faut dire qu&#8217;une partie de son charme r\u00e9side dans cette tranquillit\u00e9. Vous y arriverez par des routes c\u00f4ti\u00e8res sinueuses qui offrent des aper\u00e7us de la baie en contrebas, encadr\u00e9e par de douces collines et quelques villas \u00e0 flanc de colline.  <\/span><\/p><p><a href=\"https:\/\/www.bucketlistvilla.com\/blog\/fr\/vols-st-barth\/\"><span style=\"font-weight: 400;\">Atterrir \u00e0 Saint-Barth\u00e9lemy<\/span><\/a><span style=\"font-weight: 400;\">  est, par nature, une exp\u00e9rience m\u00e9morable. La plupart des voyageurs prennent un vol de correspondance depuis Saint-Martin (a\u00e9roport Princess Juliana), avec de petits avions \u00e0 h\u00e9lices offrant une courte descente sur la piste notoirement courte de l&#8217;\u00eele. Depuis l&#8217;a\u00e9roport, une voiture de location ou un transfert pr\u00e9-arrang\u00e9 pour votre villa vous am\u00e8nera \u00e0 Flamands en moins de quinze minutes.  <\/span><\/p><p><span style=\"font-weight: 400;\">Et bien que vous puissiez rester agr\u00e9ablement sur place, la zone constitue \u00e9galement une base pratique. Depuis Flamands, il est facile d&#8217;explorer les quartiers voisins de Colombier et Corossol, ou de faire un rapide saut \u00e0 Gustavia pour du shopping, observer les yachts ou profiter d&#8217;un long d\u00e9jeuner. <\/span><\/p>\t\t\t\t\t\t\t\t<\/div>\n\t\t\t\t<\/div>\n\t\t\t\t<div class=\"elementor-element elementor-element-afb90ed elementor-widget elementor-widget-google_maps\" data-id=\"afb90ed\" data-element_type=\"widget\" data-e-type=\"widget\" data-widget_type=\"google_maps.default\">\n\t\t\t\t<div class=\"elementor-widget-container\">\n\t\t\t\t\t\t\t<div class=\"elementor-custom-embed\">\n\t\t\t<iframe loading=\"lazy\"\n\t\t\t\t\tsrc=\"https:\/\/maps.google.com\/maps?q=flamands%20st%20barts&#038;t=m&#038;z=15&#038;output=embed&#038;iwloc=near\"\n\t\t\t\t\ttitle=\"flamands st barts\"\n\t\t\t\t\taria-label=\"flamands st barts\"\n\t\t\t><\/iframe>\n\t\t<\/div>\n\t\t\t\t\t\t<\/div>\n\t\t\t\t<\/div>\n\t\t\t\t\t<\/div>\n\t\t\t\t<\/div>\n\t\t<div class=\"elementor-element elementor-element-3abc46c e-flex e-con-boxed e-con e-parent\" data-id=\"3abc46c\" data-element_type=\"container\" data-e-type=\"container\">\n\t\t\t\t\t<div class=\"e-con-inner\">\n\t\t\t\t<div class=\"elementor-element elementor-element-c4fb145 elementor-widget elementor-widget-heading\" data-id=\"c4fb145\" data-element_type=\"widget\" data-e-type=\"widget\" data-widget_type=\"heading.default\">\n\t\t\t\t<div class=\"elementor-widget-container\">\n\t\t\t\t\t<h2 class=\"elementor-heading-title elementor-size-default\">\u00c0 quoi s'attendre \u00e0 Flamands\n<\/h2>\t\t\t\t<\/div>\n\t\t\t\t<\/div>\n\t\t\t\t<div class=\"elementor-element elementor-element-7fca8f0 elementor-widget elementor-widget-text-editor\" data-id=\"7fca8f0\" data-element_type=\"widget\" data-e-type=\"widget\" data-widget_type=\"text-editor.default\">\n\t\t\t\t<div class=\"elementor-widget-container\">\n\t\t\t\t\t\t\t\t\t<p><span style=\"font-weight: 400;\">Bien qu&#8217;abritant l&#8217;une des plus grandes <a href=\"https:\/\/www.bucketlistvilla.com\/blog\/fr\/meilleures-plages-saint-barth\/\">plages<\/a> de l&#8217;\u00eele, <strong>Flamands \u00e0 Saint-Barth\u00e9lemy<\/strong> conserve un caract\u00e8re calme et r\u00e9sidentiel. Ici, des villas \u00e0 flanc de colline surplombent une baie incurv\u00e9e o\u00f9 les vagues roulent doucement, et le rythme de vie est plus lent. <\/span><\/p><p><span style=\"font-weight: 400;\">Vous ne trouverez pas de rang\u00e9es de boutiques ou de <a href=\"https:\/\/www.bucketlistvilla.com\/blog\/fr\/beach-clubs-st-barth\/\">clubs de plage<\/a> avec des DJ. Attendez-vous plut\u00f4t \u00e0 une atmosph\u00e8re calme et raffin\u00e9e, fa\u00e7onn\u00e9e par des maisons priv\u00e9es, quelques h\u00f4tels de luxe et des signes occasionnels de la vie insulaire \u2014 un p\u00eacheur rentrant chez lui ou l&#8217;odeur de pain frais d&#8217;une boulangerie voisine. <\/span><\/p><p><span style=\"font-weight: 400;\">Ce que Flamands offre, c&#8217;est de l&#8217;espace. Des vues d\u00e9gag\u00e9es sur la baie de Flamands \u00e0 Saint-Barth\u00e9lemy, des villas spacieuses nich\u00e9es dans les collines, et un sentiment de tranquillit\u00e9 de plus en plus rare. Ce n&#8217;est pas un quartier dans lequel on tombe par hasard ; c&#8217;est un quartier que l&#8217;on choisit.  <\/span><\/p>\t\t\t\t\t\t\t\t<\/div>\n\t\t\t\t<\/div>\n\t\t\t\t\t<\/div>\n\t\t\t\t<\/div>\n\t\t<div class=\"elementor-element elementor-element-b1f89e4 e-flex e-con-boxed e-con e-parent\" data-id=\"b1f89e4\" data-element_type=\"container\" data-e-type=\"container\">\n\t\t\t\t\t<div class=\"e-con-inner\">\n\t\t<div class=\"elementor-element elementor-element-1f326a9 e-con-full e-flex e-con e-child\" data-id=\"1f326a9\" data-element_type=\"container\" data-e-type=\"container\">\n\t\t\t\t<div class=\"elementor-element elementor-element-7d52c3d elementor-widget elementor-widget-image\" data-id=\"7d52c3d\" data-element_type=\"widget\" data-e-type=\"widget\" data-widget_type=\"image.default\">\n\t\t\t\t<div class=\"elementor-widget-container\">\n\t\t\t\t\t\t\t\t\t\t\t\t\t\t\t<img fetchpriority=\"high\" decoding=\"async\" width=\"724\" height=\"483\" src=\"https:\/\/www.bucketlistvilla.com\/blog\/wp-content\/uploads\/2025\/08\/anse-flamands-st-barts.webp\" class=\"attachment-large size-large wp-image-9196\" alt=\"anse flamands st barts\" srcset=\"https:\/\/www.bucketlistvilla.com\/blog\/wp-content\/uploads\/2025\/08\/anse-flamands-st-barts.webp 724w, https:\/\/www.bucketlistvilla.com\/blog\/wp-content\/uploads\/2025\/08\/anse-flamands-st-barts-300x200.webp 300w\" sizes=\"(max-width: 724px) 100vw, 724px\" \/>\t\t\t\t\t\t\t\t\t\t\t\t\t\t\t<\/div>\n\t\t\t\t<\/div>\n\t\t\t\t<\/div>\n\t\t<div class=\"elementor-element elementor-element-e230d89 e-con-full e-flex e-con e-child\" data-id=\"e230d89\" data-element_type=\"container\" data-e-type=\"container\">\n\t\t\t\t<div class=\"elementor-element elementor-element-8ed3d26 elementor-widget elementor-widget-image\" data-id=\"8ed3d26\" data-element_type=\"widget\" data-e-type=\"widget\" data-widget_type=\"image.default\">\n\t\t\t\t<div class=\"elementor-widget-container\">\n\t\t\t\t\t\t\t\t\t\t\t\t\t\t\t<img decoding=\"async\" width=\"724\" height=\"483\" src=\"https:\/\/www.bucketlistvilla.com\/blog\/wp-content\/uploads\/2025\/08\/beach-flamands-st-barths.webp\" class=\"attachment-large size-large wp-image-9199\" alt=\"beach flamands st barths\" srcset=\"https:\/\/www.bucketlistvilla.com\/blog\/wp-content\/uploads\/2025\/08\/beach-flamands-st-barths.webp 724w, https:\/\/www.bucketlistvilla.com\/blog\/wp-content\/uploads\/2025\/08\/beach-flamands-st-barths-300x200.webp 300w\" sizes=\"(max-width: 724px) 100vw, 724px\" \/>\t\t\t\t\t\t\t\t\t\t\t\t\t\t\t<\/div>\n\t\t\t\t<\/div>\n\t\t\t\t<\/div>\n\t\t\t\t\t<\/div>\n\t\t\t\t<\/div>\n\t\t<div class=\"elementor-element elementor-element-8b5a648 e-flex e-con-boxed e-con e-parent\" data-id=\"8b5a648\" data-element_type=\"container\" data-e-type=\"container\">\n\t\t\t\t\t<div class=\"e-con-inner\">\n\t\t\t\t<div class=\"elementor-element elementor-element-c470161 elementor-widget elementor-widget-heading\" data-id=\"c470161\" data-element_type=\"widget\" data-e-type=\"widget\" data-widget_type=\"heading.default\">\n\t\t\t\t<div class=\"elementor-widget-container\">\n\t\t\t\t\t<h2 class=\"elementor-heading-title elementor-size-default\">Activit\u00e9s et commodit\u00e9s\n<\/h2>\t\t\t\t<\/div>\n\t\t\t\t<\/div>\n\t\t\t\t<div class=\"elementor-element elementor-element-8831afe elementor-widget elementor-widget-text-editor\" data-id=\"8831afe\" data-element_type=\"widget\" data-e-type=\"widget\" data-widget_type=\"text-editor.default\">\n\t\t\t\t<div class=\"elementor-widget-container\">\n\t\t\t\t\t\t\t\t\t<p><span style=\"font-weight: 400;\">La vie \u00e0 Flamands \u00e0 Saint-Barth\u00e9lemy ne consiste pas \u00e0 cocher une liste de choses \u00e0 faire ; il s&#8217;agit de profiter de la beaut\u00e9 naturelle et du rythme d\u00e9contract\u00e9 de l&#8217;endroit. Cela dit, si vous recherchez de l&#8217;activit\u00e9, vous ne manquerez pas d&#8217;options. <\/span><\/p><p><span style=\"font-weight: 400;\">Marcher le long de la baie de Flamands \u00e0 Saint-Barth\u00e9lemy est une excellente fa\u00e7on de commencer votre journ\u00e9e.  <\/span><a href=\"https:\/\/www.bucketlistvilla.com\/blog\/fr\/plage-flamands-saint-barthelemy\/\"><span style=\"font-weight: 400;\">La plage de Flamands<\/span><\/a><span style=\"font-weight: 400;\">  est suffisamment longue et large pour bien s&#8217;\u00e9tirer les jambes, avec la lumi\u00e8re dor\u00e9e qui caresse les flancs des collines et les vagues qui effleurent le rivage. Si vous s\u00e9journez dans une villa avec acc\u00e8s \u00e0 la plage, vous n&#8217;\u00eates qu&#8217;\u00e0 quelques pas d&#8217;un bain matinal. <\/span><\/p><p><span style=\"font-weight: 400;\">Les conditions de l&#8217;eau peuvent varier de douces ondulations pendant les mois d&#8217;\u00e9t\u00e9 \u00e0 des <\/span><a href=\"https:\/\/www.bucketlistvilla.com\/blog\/fr\/surf-a-saint-barthelemy\/\"><span style=\"font-weight: 400;\">vagues plus ludiques en hiver<\/span><\/a><span style=\"font-weight: 400;\">. Les nageurs confirm\u00e9s et les adeptes du bodyboard appr\u00e9cieront le d\u00e9fi lorsque les conditions le permettent, bien que les familles doivent rester vigilantes quant aux houles.<\/span><\/p><p><span style=\"font-weight: 400;\">Pour ceux qui recherchent un peu plus d&#8217;effort, une randonn\u00e9e sur le promontoire vers Colombier vous r\u00e9compense avec des vues panoramiques sur la c\u00f4te et la mer turquoise. Il est pr\u00e9f\u00e9rable de le faire t\u00f4t dans la journ\u00e9e avant que le soleil ne soit \u00e0 son z\u00e9nith. <\/span><\/p><p><span style=\"font-weight: 400;\">Les commodit\u00e9s \u00e0 Flamands sont discr\u00e8tes mais suffisantes. Il y a une poign\u00e9e d&#8217;h\u00f4tels boutiques avec des services de spa, et de nombreuses villas proposent des options de conciergerie \u2014 id\u00e9al si vous souhaitez une s\u00e9ance de yoga priv\u00e9e, un massage dans la villa, ou un chef pour pr\u00e9parer le petit-d\u00e9jeuner pendant que vous sirotez votre caf\u00e9 en faisant semblant d&#8217;y vivre \u00e0 temps plein. <\/span><\/p>\t\t\t\t\t\t\t\t<\/div>\n\t\t\t\t<\/div>\n\t\t\t\t\t<\/div>\n\t\t\t\t<\/div>\n\t\t<div class=\"elementor-element elementor-element-05a4856 e-flex e-con-boxed e-con e-parent\" data-id=\"05a4856\" data-element_type=\"container\" data-e-type=\"container\">\n\t\t\t\t\t<div class=\"e-con-inner\">\n\t\t\t\t<div class=\"elementor-element elementor-element-c42cdd1 elementor-widget elementor-widget-heading\" data-id=\"c42cdd1\" data-element_type=\"widget\" data-e-type=\"widget\" data-widget_type=\"heading.default\">\n\t\t\t\t<div class=\"elementor-widget-container\">\n\t\t\t\t\t<h2 class=\"elementor-heading-title elementor-size-default\">Meilleure p\u00e9riode pour visiter\n<\/h2>\t\t\t\t<\/div>\n\t\t\t\t<\/div>\n\t\t\t\t<div class=\"elementor-element elementor-element-440e630 elementor-widget elementor-widget-text-editor\" data-id=\"440e630\" data-element_type=\"widget\" data-e-type=\"widget\" data-widget_type=\"text-editor.default\">\n\t\t\t\t<div class=\"elementor-widget-container\">\n\t\t\t\t\t\t\t\t\t<p><span style=\"font-weight: 400;\">Flamands a un attrait tout au long de l&#8217;ann\u00e9e, mais le choix du moment de votre visite d\u00e9pend de l&#8217;exp\u00e9rience que vous recherchez. La haute saison, de <a href=\"https:\/\/www.bucketlistvilla.com\/blog\/fr\/saint-barthelemy-decembre\/\">d\u00e9cembre<\/a> \u00e0 <a href=\"https:\/\/www.bucketlistvilla.com\/blog\/fr\/saint-barth-en-avril\/\">avril<\/a>, offre le meilleur temps, avec des journ\u00e9es chaudes, des soir\u00e9es plus fra\u00eeches et des aliz\u00e9s constants. C&#8217;est la p\u00e9riode la plus anim\u00e9e sur l&#8217;\u00eele, avec des restaurants complets et une atmosph\u00e8re raffin\u00e9e, bien qu&#8217;il soit essentiel de r\u00e9server t\u00f4t.  <\/span><\/p><p><span style=\"font-weight: 400;\">Pour un s\u00e9jour plus calme, l&#8217;<strong>\u00e9t\u00e9<\/strong> (<a href=\"https:\/\/www.bucketlistvilla.com\/blog\/fr\/saint-barth-en-juin\/\">juin<\/a> \u00e0 <a href=\"https:\/\/www.bucketlistvilla.com\/blog\/fr\/saint-barth-en-aout\/\">ao\u00fbt<\/a>) apporte des journ\u00e9es plus lentes, moins de foule et une plus grande disponibilit\u00e9 des villas. Bien qu&#8217;il fasse plus chaud et plus humide, de nombreux visiteurs appr\u00e9cient la tranquillit\u00e9 et le rythme plus lent. Les mois interm\u00e9diaires de <a href=\"https:\/\/www.bucketlistvilla.com\/blog\/fr\/saint-barth-en-mai\/\">mai<\/a> et du d\u00e9but de l&#8217;automne offrent un \u00e9quilibre confortable entre chaleur, d\u00e9tente et moins d&#8217;affluence.  <\/span><\/p><p><span style=\"font-weight: 400;\">En savoir plus sur la <\/span><a href=\"https:\/\/www.bucketlistvilla.com\/blog\/fr\/quand-partir-saint-barth\/\"><span style=\"font-weight: 400;\">meilleure p\u00e9riode pour visiter Saint-Barth\u00e9lemy<\/span><\/a><span style=\"font-weight: 400;\">.<\/span><\/p>\t\t\t\t\t\t\t\t<\/div>\n\t\t\t\t<\/div>\n\t\t\t\t\t<\/div>\n\t\t\t\t<\/div>\n\t\t<div class=\"elementor-element elementor-element-130d2d9 e-flex e-con-boxed e-con e-parent\" data-id=\"130d2d9\" data-element_type=\"container\" data-e-type=\"container\">\n\t\t\t\t\t<div class=\"e-con-inner\">\n\t\t\t\t<div class=\"elementor-element elementor-element-c6f474c elementor-widget elementor-widget-image\" data-id=\"c6f474c\" data-element_type=\"widget\" data-e-type=\"widget\" data-widget_type=\"image.default\">\n\t\t\t\t<div class=\"elementor-widget-container\">\n\t\t\t\t\t\t\t\t\t\t\t\t\t\t\t<img decoding=\"async\" width=\"1920\" height=\"687\" src=\"https:\/\/www.bucketlistvilla.com\/blog\/wp-content\/uploads\/2025\/08\/Flamands-in-St.-Barts.jpg\" class=\"attachment-full size-full wp-image-8881\" alt=\"Flamands in St. Barts\" srcset=\"https:\/\/www.bucketlistvilla.com\/blog\/wp-content\/uploads\/2025\/08\/Flamands-in-St.-Barts.jpg 1920w, https:\/\/www.bucketlistvilla.com\/blog\/wp-content\/uploads\/2025\/08\/Flamands-in-St.-Barts-300x107.jpg 300w, https:\/\/www.bucketlistvilla.com\/blog\/wp-content\/uploads\/2025\/08\/Flamands-in-St.-Barts-1024x366.jpg 1024w, https:\/\/www.bucketlistvilla.com\/blog\/wp-content\/uploads\/2025\/08\/Flamands-in-St.-Barts-768x275.jpg 768w, https:\/\/www.bucketlistvilla.com\/blog\/wp-content\/uploads\/2025\/08\/Flamands-in-St.-Barts-1536x550.jpg 1536w\" sizes=\"(max-width: 1920px) 100vw, 1920px\" \/>\t\t\t\t\t\t\t\t\t\t\t\t\t\t\t<\/div>\n\t\t\t\t<\/div>\n\t\t\t\t\t<\/div>\n\t\t\t\t<\/div>\n\t\t<div class=\"elementor-element elementor-element-3c8123e e-flex e-con-boxed e-con e-parent\" data-id=\"3c8123e\" data-element_type=\"container\" data-e-type=\"container\">\n\t\t\t\t\t<div class=\"e-con-inner\">\n\t\t\t\t<div class=\"elementor-element elementor-element-f929809 elementor-widget elementor-widget-heading\" data-id=\"f929809\" data-element_type=\"widget\" data-e-type=\"widget\" data-widget_type=\"heading.default\">\n\t\t\t\t<div class=\"elementor-widget-container\">\n\t\t\t\t\t<h2 class=\"elementor-heading-title elementor-size-default\">O\u00f9 manger \u00e0 Flamands\n<\/h2>\t\t\t\t<\/div>\n\t\t\t\t<\/div>\n\t\t\t\t<div class=\"elementor-element elementor-element-f21d8a6 elementor-widget elementor-widget-text-editor\" data-id=\"f21d8a6\" data-element_type=\"widget\" data-e-type=\"widget\" data-widget_type=\"text-editor.default\">\n\t\t\t\t<div class=\"elementor-widget-container\">\n\t\t\t\t\t\t\t\t\t<p><span style=\"font-weight: 400;\">Flamands est peut-\u00eatre l&#8217;un des coins les plus tranquilles de l&#8217;\u00eele, mais il n&#8217;en reste pas moins \u00e0 la hauteur en mati\u00e8re de gastronomie. Les repas ici sont \u00e9l\u00e9gants sans \u00eatre trop formels, et vous \u00eates plus susceptible de partager une table avec des voyageurs aguerris de Saint-Barth\u00e9lemy qu&#8217;avec la foule Instagram. <\/span><\/p><p><span style=\"font-weight: 400;\">Au centre de la sc\u00e8ne culinaire se trouve le Cheval Blanc St-Barth Isle de France. Son restaurant gastronomique, <\/span><a href=\"https:\/\/www.chevalblanc.com\/fr\/maison\/st-barth\/restaurants-et-bars\/la-case\/\"><span style=\"font-weight: 400;\">La Case<\/span><\/a><span style=\"font-weight: 400;\">, dirig\u00e9 par le c\u00e9l\u00e8bre chef Jean Imbert, est l&#8217;endroit incontournable pour des plats raffin\u00e9s ancr\u00e9s dans les produits des Cara\u00efbes. Pensez \u00e0 la langouste \u00e9pineuse au beurre d&#8217;agrumes chaud ou au mahi-mahi dans une subtile sauce cr\u00e9ole \u2014 complexe, mais ancr\u00e9 dans le terroir. Les int\u00e9rieurs, con\u00e7us par Jacques Grange, sont aussi soign\u00e9s que la carte des vins. <\/span><\/p><p><span style=\"font-weight: 400;\">\u00c0 quelques pas de l\u00e0, <\/span><a href=\"https:\/\/www.chevalblanc.com\/fr\/maison\/st-barth\/restaurants-et-bars\/cheval-blanc-st-barth-la-cabane\/\"><span style=\"font-weight: 400;\">La Cabane<\/span><\/a><span style=\"font-weight: 400;\"> offre une alternative plus d\u00e9contract\u00e9e (mais tout aussi d\u00e9licieuse). Ouvert pour le d\u00e9jeuner, il sert des salades fra\u00eeches, le poisson du jour grill\u00e9 et du ros\u00e9 frais au verre. Avec son ambiance pieds dans le sable et sa terrasse ombrag\u00e9e, il est difficile de ne pas s&#8217;attarder plus longtemps que pr\u00e9vu. <\/span><\/p><p><span style=\"font-weight: 400;\">Si vous s\u00e9journez dans l&#8217;une des <\/span><a href=\"https:\/\/www.bucketlistvilla.com\/fr\/location\/locations-flamands-saint-barthelemy-n160242\/\"><span style=\"font-weight: 400;\">propri\u00e9t\u00e9s priv\u00e9es de Bucket List Villa<\/span><\/a><span style=\"font-weight: 400;\">, vous avez \u00e9galement l&#8217;option enviable d&#8217;organiser une exp\u00e9rience culinaire dans votre villa. Que ce soit un barbecue d\u00e9contract\u00e9 sous les \u00e9toiles ou un menu d\u00e9gustation en plusieurs services avec un <\/span><a href=\"https:\/\/www.bucketlistvilla.com\/blog\/fr\/location-villas-caraibes-avec-chef-prive\/\"><span style=\"font-weight: 400;\">chef priv\u00e9<\/span><\/a><span style=\"font-weight: 400;\">, le niveau reste \u00e9lev\u00e9 et le cadre in\u00e9gal\u00e9.<\/span><\/p>\t\t\t\t\t\t\t\t<\/div>\n\t\t\t\t<\/div>\n\t\t\t\t\t<\/div>\n\t\t\t\t<\/div>\n\t\t<div class=\"elementor-element elementor-element-2c3870e e-flex e-con-boxed e-con e-parent\" data-id=\"2c3870e\" data-element_type=\"container\" data-e-type=\"container\">\n\t\t\t\t\t<div class=\"e-con-inner\">\n\t\t\t\t<div class=\"elementor-element elementor-element-3b5c8c7 elementor-widget elementor-widget-heading\" data-id=\"3b5c8c7\" data-element_type=\"widget\" data-e-type=\"widget\" data-widget_type=\"heading.default\">\n\t\t\t\t<div class=\"elementor-widget-container\">\n\t\t\t\t\t<h2 class=\"elementor-heading-title elementor-size-default\">Villas de luxe \u00e0 Flamands Saint-Barth\u00e9lemy<\/h2>\t\t\t\t<\/div>\n\t\t\t\t<\/div>\n\t\t\t\t\t<\/div>\n\t\t\t\t<\/div>\n\t\t<div class=\"elementor-element elementor-element-62459ae e-flex e-con-boxed e-con e-parent\" data-id=\"62459ae\" data-element_type=\"container\" data-e-type=\"container\">\n\t\t\t\t\t<div class=\"e-con-inner\">\n\t\t\t\t<div class=\"elementor-element elementor-element-8717609 elementor-widget elementor-widget-grid\" data-id=\"8717609\" data-element_type=\"widget\" data-e-type=\"widget\" data-widget_type=\"grid.default\">\n\t\t\t\t<div class=\"elementor-widget-container\">\n\t\t\t\t\t\t\t<div class=\"its--row alojamientos-recomendados\">\n\n\t\t\t<div class=\"alojamientos-recomendados-container\">\n\n\t\t\t\t\t\n\t\t\t\t\t<a href=\"https:\/\/www.bucketlistvilla.com\/fr\/location\/villa-saint-barthelemy-2-bd-villa-matajagui-st-barth-446560.html\" rel=\"nofollow\" style=\"width: 23%;\">\n\t\t\t\t\t\t<div class=\"apartamento-box\">\n\t\t\t\t\t\t\t<div class=\"imagen_recomendados\">\n\t\t\t\t\t\t\t\t<img decoding=\"async\" src=\"https:\/\/crs.avantio.com\/fotos\/2\/1696172061f3c1b0eb60bd6c20da57d7ac5c39d133\/big1696172073b1d8236bbd38c0b82ea8a04b15ec385e.jpg\" alt=\"Villa Matajagui St Barth 2-bd\">\n\t\t\t\t\t\t\t<\/div>\n\t\t\t\t\t\t\t<div class=\"info\">\n\t\t\t\t\t\t\t\t<div class=\"ubicacion\">\n\t\t\t\t\t\t\t\t\t<i class=\"fa-solid fa-location-dot icono-mapa\"><\/i><span class=\"ubicacion-texto\">Saint Barth\u00e9lemy - Saint Barth\u00e9lemy<\/span>\n\t\t\t\t\t\t\t\t<\/div>\n\t\t\t\t\t\t\t\t<H4 class=\"titulo-alojamiento\">\n\t\t\t\t\t\t\t\t\tVilla Matajagui St Barth 2-bd\t\t\t\t\t\t\t\t<\/H4>\n\t\t\t\t\t\t\t\t<p class=\"precio-alojamiento\">\u00c0 partir de <span class=\"precio\">1071.43\u20ac<\/span> par nuit<\/p>\n\t\t\t\t\t\t\t<\/div>\n\t\t\t\t\t\t<\/div>\n\t\t\t\t\t<\/a> \n\t\t\t\t\t\t\n\t\t\t\t\t<a href=\"https:\/\/www.bucketlistvilla.com\/fr\/location\/villa-saint-barthelemy-3-bd-villa-north-waves-st-barth-446564.html\" rel=\"nofollow\" style=\"width: 23%;\">\n\t\t\t\t\t\t<div class=\"apartamento-box\">\n\t\t\t\t\t\t\t<div class=\"imagen_recomendados\">\n\t\t\t\t\t\t\t\t<img decoding=\"async\" src=\"https:\/\/crs.avantio.com\/fotos\/2\/1696184566ace12bc29f0169b3a19d0df0aab8319d\/big1734161469289701e5a147914a7922efaca8673acc.jpg\" alt=\"Villa North Waves St Barth 3-bd\">\n\t\t\t\t\t\t\t<\/div>\n\t\t\t\t\t\t\t<div class=\"info\">\n\t\t\t\t\t\t\t\t<div class=\"ubicacion\">\n\t\t\t\t\t\t\t\t\t<i class=\"fa-solid fa-location-dot icono-mapa\"><\/i><span class=\"ubicacion-texto\">Saint Barth\u00e9lemy - Saint Barth\u00e9lemy<\/span>\n\t\t\t\t\t\t\t\t<\/div>\n\t\t\t\t\t\t\t\t<H4 class=\"titulo-alojamiento\">\n\t\t\t\t\t\t\t\t\tVilla North Waves St Barth 3-bd\t\t\t\t\t\t\t\t<\/H4>\n\t\t\t\t\t\t\t\t<p class=\"precio-alojamiento\">\u00c0 partir de <span class=\"precio\">1771.43\u20ac<\/span> par nuit<\/p>\n\t\t\t\t\t\t\t<\/div>\n\t\t\t\t\t\t<\/div>\n\t\t\t\t\t<\/a> \n\t\t\t\t\t\t\n\t\t\t\t\t<a href=\"https:\/\/www.bucketlistvilla.com\/fr\/location\/villa-saint-barthelemy-1-bd-villa-on-the-rock-st-barth-451154.html\" rel=\"nofollow\" style=\"width: 23%;\">\n\t\t\t\t\t\t<div class=\"apartamento-box\">\n\t\t\t\t\t\t\t<div class=\"imagen_recomendados\">\n\t\t\t\t\t\t\t\t<img decoding=\"async\" src=\"https:\/\/crs.avantio.com\/fotos\/2\/1699110255321521999388924db355d9b058c33c1b\/big1699110263a0923c4a45e755dc4cc4b9702dea19ec.jpg\" alt=\"Villa On The Rock St Barth 1-bd\">\n\t\t\t\t\t\t\t<\/div>\n\t\t\t\t\t\t\t<div class=\"info\">\n\t\t\t\t\t\t\t\t<div class=\"ubicacion\">\n\t\t\t\t\t\t\t\t\t<i class=\"fa-solid fa-location-dot icono-mapa\"><\/i><span class=\"ubicacion-texto\">Saint Barth\u00e9lemy - Saint Barth\u00e9lemy<\/span>\n\t\t\t\t\t\t\t\t<\/div>\n\t\t\t\t\t\t\t\t<H4 class=\"titulo-alojamiento\">\n\t\t\t\t\t\t\t\t\tVilla On The Rock St Barth 1-bd\t\t\t\t\t\t\t\t<\/H4>\n\t\t\t\t\t\t\t\t<p class=\"precio-alojamiento\">\u00c0 partir de <span class=\"precio\">714.29\u20ac<\/span> par nuit<\/p>\n\t\t\t\t\t\t\t<\/div>\n\t\t\t\t\t\t<\/div>\n\t\t\t\t\t<\/a> \n\t\t\t\t\t\t\n\t\t\t\t\t<a href=\"https:\/\/www.bucketlistvilla.com\/fr\/location\/villa-saint-barthelemy-3-bd-villa-palm-house-st-barth-451774.html\" rel=\"nofollow\" style=\"width: 23%;\">\n\t\t\t\t\t\t<div class=\"apartamento-box\">\n\t\t\t\t\t\t\t<div class=\"imagen_recomendados\">\n\t\t\t\t\t\t\t\t<img decoding=\"async\" src=\"https:\/\/crs.avantio.com\/fotos\/2\/1699458672ec35a26091a1b0c1b2381786ba917a16\/big1746254469dbc010deb4382765e56935c266a9178f.jpg\" alt=\"Villa Palm House St Barth 3-bd\">\n\t\t\t\t\t\t\t<\/div>\n\t\t\t\t\t\t\t<div class=\"info\">\n\t\t\t\t\t\t\t\t<div class=\"ubicacion\">\n\t\t\t\t\t\t\t\t\t<i class=\"fa-solid fa-location-dot icono-mapa\"><\/i><span class=\"ubicacion-texto\">Saint Barth\u00e9lemy - Saint Barth\u00e9lemy<\/span>\n\t\t\t\t\t\t\t\t<\/div>\n\t\t\t\t\t\t\t\t<H4 class=\"titulo-alojamiento\">\n\t\t\t\t\t\t\t\t\tVilla Palm House St Barth 3-bd\t\t\t\t\t\t\t\t<\/H4>\n\t\t\t\t\t\t\t\t<p class=\"precio-alojamiento\">\u00c0 partir de <span class=\"precio\">642.86\u20ac<\/span> par nuit<\/p>\n\t\t\t\t\t\t\t<\/div>\n\t\t\t\t\t\t<\/div>\n\t\t\t\t\t<\/a> \n\t\t\t\t\t\t\t\t<\/div>\n\t\t\t<\/div>\n\t\t\t\t\t\t<\/div>\n\t\t\t\t<\/div>\n\t\t\t\t<div class=\"elementor-element elementor-element-3d3df09 elementor-align-center elementor-widget elementor-widget-button\" data-id=\"3d3df09\" data-element_type=\"widget\" data-e-type=\"widget\" data-widget_type=\"button.default\">\n\t\t\t\t<div class=\"elementor-widget-container\">\n\t\t\t\t\t\t\t\t\t<div class=\"elementor-button-wrapper\">\n\t\t\t\t\t<a class=\"elementor-button elementor-button-link elementor-size-sm\" href=\"https:\/\/www.bucketlistvilla.com\/fr\/location\/locations-flamands-saint-barthelemy-n160242\/\">\n\t\t\t\t\t\t<span class=\"elementor-button-content-wrapper\">\n\t\t\t\t\t\t\t\t\t<span class=\"elementor-button-text\">Plus de villas<\/span>\n\t\t\t\t\t<\/span>\n\t\t\t\t\t<\/a>\n\t\t\t\t<\/div>\n\t\t\t\t\t\t\t\t<\/div>\n\t\t\t\t<\/div>\n\t\t\t\t\t<\/div>\n\t\t\t\t<\/div>\n\t\t<div class=\"elementor-element elementor-element-b2e8550 e-flex e-con-boxed e-con e-parent\" data-id=\"b2e8550\" data-element_type=\"container\" data-e-type=\"container\">\n\t\t\t\t\t<div class=\"e-con-inner\">\n\t\t\t\t<div class=\"elementor-element elementor-element-1ec5232 elementor-widget elementor-widget-heading\" data-id=\"1ec5232\" data-element_type=\"widget\" data-e-type=\"widget\" data-widget_type=\"heading.default\">\n\t\t\t\t<div class=\"elementor-widget-container\">\n\t\t\t\t\t<h2 class=\"elementor-heading-title elementor-size-default\">Pr\u00eat \u00e0 visiter Flamands ?\n<\/h2>\t\t\t\t<\/div>\n\t\t\t\t<\/div>\n\t\t\t\t<div class=\"elementor-element elementor-element-ff1c00a elementor-widget elementor-widget-text-editor\" data-id=\"ff1c00a\" data-element_type=\"widget\" data-e-type=\"widget\" data-widget_type=\"text-editor.default\">\n\t\t\t\t<div class=\"elementor-widget-container\">\n\t\t\t\t\t\t\t\t\t<p><span style=\"font-weight: 400;\">Si vous recherchez un endroit sans pr\u00e9tention mais raffin\u00e9, au rythme lent mais jamais ennuyeux, il est peut-\u00eatre temps de planifier votre s\u00e9jour \u00e0 Flamands. Que vous soyez attir\u00e9 par ses matin\u00e9es paisibles, ses sentiers c\u00f4tiers ou son acc\u00e8s aux <\/span><a href=\"https:\/\/www.bucketlistvilla.com\/blog\/fr\/restaurants-saint-bathelemy\/\"><span style=\"font-weight: 400;\">restaurants les plus c\u00e9l\u00e8bres de Saint-Barth\u00e9lemy<\/span><\/a><span style=\"font-weight: 400;\">, Flamands est une partie discr\u00e8tement attrayante de l&#8217;\u00eele.<\/span><\/p><p><span style=\"font-weight: 400;\">Bucket List Villa propose un portefeuille de villas priv\u00e9es exceptionnelles \u00e0 travers Saint-Barth\u00e9lemy, y compris plusieurs s\u00e9jours \u00e9l\u00e9gants dans ou \u00e0 proximit\u00e9 de Flamands. Les options vont des propri\u00e9t\u00e9s contemporaines \u00e0 flanc de falaise avec des vues panoramiques sur la baie aux villas spacieuses et familiales avec piscines priv\u00e9es et un mode de vie int\u00e9rieur-ext\u00e9rieur harmonieux. Chaque propri\u00e9t\u00e9 b\u00e9n\u00e9ficie d&#8217;un service de conciergerie sur mesure, que vous souhaitiez une soir\u00e9e tranquille avec un chef priv\u00e9 ou une r\u00e9servation de derni\u00e8re minute dans un restaurant \u00e0 proximit\u00e9. <\/span><\/p><p><span style=\"font-weight: 400;\">Pour trouver la villa id\u00e9ale pour votre voyage \u00e0 Flamands, <\/span><a href=\"https:\/\/www.bucketlistvilla.com\/fr\/contact\/\"><span style=\"font-weight: 400;\">contactez notre \u00e9quipe<\/span><\/a><span style=\"font-weight: 400;\"> d\u00e8s aujourd&#8217;hui. Nous vous aiderons \u00e0 trouver le lieu parfait pour vos dates, votre style et votre rythme \u2014 sans bruit, sans tracas, juste l&#8217;exp\u00e9rience de Saint-Barth\u00e9lemy que vous recherchiez. <\/span><\/p>\t\t\t\t\t\t\t\t<\/div>\n\t\t\t\t<\/div>\n\t\t\t\t\t<\/div>\n\t\t\t\t<\/div>\n\t\t<div class=\"elementor-element elementor-element-bc457e8 e-flex e-con-boxed e-con e-parent\" data-id=\"bc457e8\" data-element_type=\"container\" data-e-type=\"container\">\n\t\t\t\t\t<div class=\"e-con-inner\">\n\t\t\t\t<div class=\"elementor-element elementor-element-0267b37 elementor-widget elementor-widget-template\" data-id=\"0267b37\" data-element_type=\"widget\" data-e-type=\"widget\" data-widget_type=\"template.default\">\n\t\t\t\t<div class=\"elementor-widget-container\">\n\t\t\t\t\t\t\t<div class=\"elementor-template\">\n\t\t\t\t\t<div data-elementor-type=\"container\" data-elementor-id=\"3955\" class=\"elementor elementor-3955\" data-elementor-post-type=\"elementor_library\">\n\t\t\t\t<div class=\"elementor-element elementor-element-1d0abfe1 e-flex e-con-boxed e-con e-parent\" data-id=\"1d0abfe1\" data-element_type=\"container\" data-e-type=\"container\">\n\t\t\t\t\t<div class=\"e-con-inner\">\n\t\t<div class=\"elementor-element elementor-element-23032bb8 e-con-full e-flex e-con e-child\" data-id=\"23032bb8\" data-element_type=\"container\" data-e-type=\"container\">\n\t\t\t\t<div class=\"elementor-element elementor-element-56702b10 elementor-cta--skin-cover elementor-cta--valign-bottom elementor-animated-content elementor-bg-transform elementor-bg-transform-zoom-in elementor-widget elementor-widget-call-to-action\" data-id=\"56702b10\" data-element_type=\"widget\" data-e-type=\"widget\" data-widget_type=\"call-to-action.default\">\n\t\t\t\t<div class=\"elementor-widget-container\">\n\t\t\t\t\t\t\t<a class=\"elementor-cta\" href=\"https:\/\/www.bucketlistvilla.com\/fr\/location-vacances-st-barth\/\">\n\t\t\t\t\t<div class=\"elementor-cta__bg-wrapper\">\n\t\t\t\t<div class=\"elementor-cta__bg elementor-bg\" style=\"background-image: url(https:\/\/www.bucketlistvilla.com\/blog\/wp-content\/uploads\/2025\/06\/Villa-Tourmaline-70-1-e1749284321608.jpg);\" role=\"img\" aria-label=\"Accommodation St Barts\"><\/div>\n\t\t\t\t<div class=\"elementor-cta__bg-overlay\"><\/div>\n\t\t\t<\/div>\n\t\t\t\t\t\t\t<div class=\"elementor-cta__content\">\n\t\t\t\t\n\t\t\t\t\n\t\t\t\t\n\t\t\t\t\t\t\t\t\t<div class=\"elementor-cta__button-wrapper elementor-cta__content-item elementor-content-item elementor-animated-item--grow\">\n\t\t\t\t\t<span class=\"elementor-cta__button elementor-button elementor-size-\">\n\t\t\t\t\t\tLocations vacances st barth\t\t\t\t\t<\/span>\n\t\t\t\t\t<\/div>\n\t\t\t\t\t\t\t<\/div>\n\t\t\t\t\t\t<\/a>\n\t\t\t\t\t\t<\/div>\n\t\t\t\t<\/div>\n\t\t\t\t<\/div>\n\t\t<div class=\"elementor-element elementor-element-403c8d99 e-con-full e-flex e-con e-child\" data-id=\"403c8d99\" data-element_type=\"container\" data-e-type=\"container\">\n\t\t\t\t<div class=\"elementor-element elementor-element-11d0ef35 elementor-cta--skin-cover elementor-cta--valign-bottom elementor-animated-content elementor-bg-transform elementor-bg-transform-zoom-in elementor-widget elementor-widget-call-to-action\" data-id=\"11d0ef35\" data-element_type=\"widget\" data-e-type=\"widget\" data-widget_type=\"call-to-action.default\">\n\t\t\t\t<div class=\"elementor-widget-container\">\n\t\t\t\t\t\t\t<a class=\"elementor-cta\" href=\"https:\/\/www.bucketlistvilla.com\/fr\/villa-luxe-saint-barth\/\">\n\t\t\t\t\t<div class=\"elementor-cta__bg-wrapper\">\n\t\t\t\t<div class=\"elementor-cta__bg elementor-bg\" style=\"background-image: url(https:\/\/www.bucketlistvilla.com\/blog\/wp-content\/uploads\/2025\/06\/bucketlistvilla_larimar_st_barts_rentals_-31-e1749283151228.jpg);\" role=\"img\" aria-label=\"Villas St Barts\"><\/div>\n\t\t\t\t<div class=\"elementor-cta__bg-overlay\"><\/div>\n\t\t\t<\/div>\n\t\t\t\t\t\t\t<div class=\"elementor-cta__content\">\n\t\t\t\t\n\t\t\t\t\n\t\t\t\t\n\t\t\t\t\t\t\t\t\t<div class=\"elementor-cta__button-wrapper elementor-cta__content-item elementor-content-item elementor-animated-item--grow\">\n\t\t\t\t\t<span class=\"elementor-cta__button elementor-button elementor-size-\">\n\t\t\t\t\t\tVillas St Barth\t\t\t\t\t<\/span>\n\t\t\t\t\t<\/div>\n\t\t\t\t\t\t\t<\/div>\n\t\t\t\t\t\t<\/a>\n\t\t\t\t\t\t<\/div>\n\t\t\t\t<\/div>\n\t\t\t\t<\/div>\n\t\t<div class=\"elementor-element elementor-element-1914682f e-con-full e-flex e-con e-child\" data-id=\"1914682f\" data-element_type=\"container\" data-e-type=\"container\">\n\t\t\t\t<div class=\"elementor-element elementor-element-7999e4f0 elementor-cta--skin-cover elementor-cta--valign-bottom elementor-animated-content elementor-bg-transform elementor-bg-transform-zoom-in elementor-widget elementor-widget-call-to-action\" data-id=\"7999e4f0\" data-element_type=\"widget\" data-e-type=\"widget\" data-widget_type=\"call-to-action.default\">\n\t\t\t\t<div class=\"elementor-widget-container\">\n\t\t\t\t\t\t\t<a class=\"elementor-cta\" href=\"https:\/\/www.bucketlistvilla.com\/blog\/fr\/yacht-de-luxe-location\/\">\n\t\t\t\t\t<div class=\"elementor-cta__bg-wrapper\">\n\t\t\t\t<div class=\"elementor-cta__bg elementor-bg\" style=\"background-image: url(https:\/\/www.bucketlistvilla.com\/blog\/wp-content\/uploads\/2025\/06\/AdobeStock_600886862-2-e1749284197833.jpg);\" role=\"img\" aria-label=\"private yachts st barts\"><\/div>\n\t\t\t\t<div class=\"elementor-cta__bg-overlay\"><\/div>\n\t\t\t<\/div>\n\t\t\t\t\t\t\t<div class=\"elementor-cta__content\">\n\t\t\t\t\n\t\t\t\t\n\t\t\t\t\n\t\t\t\t\t\t\t\t\t<div class=\"elementor-cta__button-wrapper elementor-cta__content-item elementor-content-item elementor-animated-item--grow\">\n\t\t\t\t\t<span class=\"elementor-cta__button elementor-button elementor-size-\">\n\t\t\t\t\t\tBateaux St Barth\t\t\t\t\t<\/span>\n\t\t\t\t\t<\/div>\n\t\t\t\t\t\t\t<\/div>\n\t\t\t\t\t\t<\/a>\n\t\t\t\t\t\t<\/div>\n\t\t\t\t<\/div>\n\t\t\t\t<\/div>\n\t\t\t\t\t<\/div>\n\t\t\t\t<\/div>\n\t\t\t\t<\/div>\n\t\t\t\t<\/div>\n\t\t\t\t\t\t<\/div>\n\t\t\t\t<\/div>\n\t\t\t\t\t<\/div>\n\t\t\t\t<\/div>\n\t\t<div class=\"elementor-element elementor-element-8259908 e-con-full e-flex e-con e-parent\" data-id=\"8259908\" data-element_type=\"container\" data-e-type=\"container\">\n\t\t\t\t<div class=\"elementor-element elementor-element-a8e2bfd elementor-widget elementor-widget-template\" data-id=\"a8e2bfd\" data-element_type=\"widget\" data-e-type=\"widget\" data-widget_type=\"template.default\">\n\t\t\t\t<div class=\"elementor-widget-container\">\n\t\t\t\t\t\t\t<div class=\"elementor-template\">\n\t\t\t\t\t<div data-elementor-type=\"container\" data-elementor-id=\"6226\" class=\"elementor elementor-6226\" data-elementor-post-type=\"elementor_library\">\n\t\t\t\t<div class=\"elementor-element elementor-element-f203827 e-flex e-con-boxed e-con e-parent\" data-id=\"f203827\" data-element_type=\"container\" data-e-type=\"container\" data-settings=\"{&quot;background_background&quot;:&quot;classic&quot;}\">\n\t\t\t\t\t<div class=\"e-con-inner\">\n\t\t<div class=\"elementor-element elementor-element-5515a880 e-con-full e-flex e-con e-child\" data-id=\"5515a880\" data-element_type=\"container\" data-e-type=\"container\">\n\t\t<div class=\"elementor-element elementor-element-3a05ad07 e-con-full e-flex e-con e-child\" data-id=\"3a05ad07\" data-element_type=\"container\" data-e-type=\"container\">\n\t\t\t\t<div class=\"elementor-element elementor-element-702e4543 elementor-widget elementor-widget-heading\" data-id=\"702e4543\" data-element_type=\"widget\" data-e-type=\"widget\" data-widget_type=\"heading.default\">\n\t\t\t\t<div class=\"elementor-widget-container\">\n\t\t\t\t\t<h3 class=\"elementor-heading-title elementor-size-default\">Besoin d'aide pour r\u00e9server ?<\/h3>\t\t\t\t<\/div>\n\t\t\t\t<\/div>\n\t\t\t\t<div class=\"elementor-element elementor-element-282cf3e6 elementor-widget elementor-widget-text-editor\" data-id=\"282cf3e6\" data-element_type=\"widget\" data-e-type=\"widget\" data-widget_type=\"text-editor.default\">\n\t\t\t\t<div class=\"elementor-widget-container\">\n\t\t\t\t\t\t\t\t\t<a href=\"https:\/\/www.bucketlistvilla.com\/fr\/contact\/\">\u00caTRE CONTACT\u00c9 PAR NOS EXPERTS &gt;<\/a>\t\t\t\t\t\t\t\t<\/div>\n\t\t\t\t<\/div>\n\t\t\t\t<div class=\"elementor-element elementor-element-6a7da241 elementor-widget elementor-widget-text-editor\" data-id=\"6a7da241\" data-element_type=\"widget\" data-e-type=\"widget\" data-widget_type=\"text-editor.default\">\n\t\t\t\t<div class=\"elementor-widget-container\">\n\t\t\t\t\t\t\t\t\t<p><a href=\"https:\/\/wa.me\/+590690610267\">WHATSAPP &gt;<\/a><\/p>\t\t\t\t\t\t\t\t<\/div>\n\t\t\t\t<\/div>\n\t\t<div class=\"elementor-element elementor-element-5cde7a1 e-con-full e-flex e-con e-child\" data-id=\"5cde7a1\" data-element_type=\"container\" data-e-type=\"container\">\n\t\t\t\t<div class=\"elementor-element elementor-element-769dbdd3 elementor-icon-list--layout-inline elementor-list-item-link-full_width elementor-widget elementor-widget-icon-list\" data-id=\"769dbdd3\" data-element_type=\"widget\" data-e-type=\"widget\" data-widget_type=\"icon-list.default\">\n\t\t\t\t<div class=\"elementor-widget-container\">\n\t\t\t\t\t\t\t<ul class=\"elementor-icon-list-items elementor-inline-items\">\n\t\t\t\t\t\t\t<li class=\"elementor-icon-list-item elementor-inline-item\">\n\t\t\t\t\t\t\t\t\t\t\t<a href=\"tel:+590690610267\">\n\n\t\t\t\t\t\t\t\t\t\t\t\t<span class=\"elementor-icon-list-icon\">\n\t\t\t\t\t\t\t<svg aria-hidden=\"true\" class=\"e-font-icon-svg e-fas-phone-alt\" viewBox=\"0 0 512 512\" xmlns=\"http:\/\/www.w3.org\/2000\/svg\"><path d=\"M497.39 361.8l-112-48a24 24 0 0 0-28 6.9l-49.6 60.6A370.66 370.66 0 0 1 130.6 204.11l60.6-49.6a23.94 23.94 0 0 0 6.9-28l-48-112A24.16 24.16 0 0 0 122.6.61l-104 24A24 24 0 0 0 0 48c0 256.5 207.9 464 464 464a24 24 0 0 0 23.4-18.6l24-104a24.29 24.29 0 0 0-14.01-27.6z\"><\/path><\/svg>\t\t\t\t\t\t<\/span>\n\t\t\t\t\t\t\t\t\t\t<span class=\"elementor-icon-list-text\"><\/span>\n\t\t\t\t\t\t\t\t\t\t\t<\/a>\n\t\t\t\t\t\t\t\t\t<\/li>\n\t\t\t\t\t\t\t\t<li class=\"elementor-icon-list-item elementor-inline-item\">\n\t\t\t\t\t\t\t\t\t\t\t<a href=\"mailto:contact@bucketlistvilla.com\">\n\n\t\t\t\t\t\t\t\t\t\t\t\t<span class=\"elementor-icon-list-icon\">\n\t\t\t\t\t\t\t<svg aria-hidden=\"true\" class=\"e-font-icon-svg e-fas-mail-bulk\" viewBox=\"0 0 576 512\" xmlns=\"http:\/\/www.w3.org\/2000\/svg\"><path d=\"M160 448c-25.6 0-51.2-22.4-64-32-64-44.8-83.2-60.8-96-70.4V480c0 17.67 14.33 32 32 32h256c17.67 0 32-14.33 32-32V345.6c-12.8 9.6-32 25.6-96 70.4-12.8 9.6-38.4 32-64 32zm128-192H32c-17.67 0-32 14.33-32 32v16c25.6 19.2 22.4 19.2 115.2 86.4 9.6 6.4 28.8 25.6 44.8 25.6s35.2-19.2 44.8-22.4c92.8-67.2 89.6-67.2 115.2-86.4V288c0-17.67-14.33-32-32-32zm256-96H224c-17.67 0-32 14.33-32 32v32h96c33.21 0 60.59 25.42 63.71 57.82l.29-.22V416h192c17.67 0 32-14.33 32-32V192c0-17.67-14.33-32-32-32zm-32 128h-64v-64h64v64zm-352-96c0-35.29 28.71-64 64-64h224V32c0-17.67-14.33-32-32-32H96C78.33 0 64 14.33 64 32v192h96v-32z\"><\/path><\/svg>\t\t\t\t\t\t<\/span>\n\t\t\t\t\t\t\t\t\t\t<span class=\"elementor-icon-list-text\"><\/span>\n\t\t\t\t\t\t\t\t\t\t\t<\/a>\n\t\t\t\t\t\t\t\t\t<\/li>\n\t\t\t\t\t\t\t\t<li class=\"elementor-icon-list-item elementor-inline-item\">\n\t\t\t\t\t\t\t\t\t\t\t<a href=\"https:\/\/wa.me\/+590690610267\">\n\n\t\t\t\t\t\t\t\t\t\t\t\t<span class=\"elementor-icon-list-icon\">\n\t\t\t\t\t\t\t<svg aria-hidden=\"true\" class=\"e-font-icon-svg e-fab-whatsapp\" viewBox=\"0 0 448 512\" xmlns=\"http:\/\/www.w3.org\/2000\/svg\"><path d=\"M380.9 97.1C339 55.1 283.2 32 223.9 32c-122.4 0-222 99.6-222 222 0 39.1 10.2 77.3 29.6 111L0 480l117.7-30.9c32.4 17.7 68.9 27 106.1 27h.1c122.3 0 224.1-99.6 224.1-222 0-59.3-25.2-115-67.1-157zm-157 341.6c-33.2 0-65.7-8.9-94-25.7l-6.7-4-69.8 18.3L72 359.2l-4.4-7c-18.5-29.4-28.2-63.3-28.2-98.2 0-101.7 82.8-184.5 184.6-184.5 49.3 0 95.6 19.2 130.4 54.1 34.8 34.9 56.2 81.2 56.1 130.5 0 101.8-84.9 184.6-186.6 184.6zm101.2-138.2c-5.5-2.8-32.8-16.2-37.9-18-5.1-1.9-8.8-2.8-12.5 2.8-3.7 5.6-14.3 18-17.6 21.8-3.2 3.7-6.5 4.2-12 1.4-32.6-16.3-54-29.1-75.5-66-5.7-9.8 5.7-9.1 16.3-30.3 1.8-3.7.9-6.9-.5-9.7-1.4-2.8-12.5-30.1-17.1-41.2-4.5-10.8-9.1-9.3-12.5-9.5-3.2-.2-6.9-.2-10.6-.2-3.7 0-9.7 1.4-14.8 6.9-5.1 5.6-19.4 19-19.4 46.3 0 27.3 19.9 53.7 22.6 57.4 2.8 3.7 39.1 59.7 94.8 83.8 35.2 15.2 49 16.5 66.6 13.9 10.7-1.6 32.8-13.4 37.4-26.4 4.6-13 4.6-24.1 3.2-26.4-1.3-2.5-5-3.9-10.5-6.6z\"><\/path><\/svg>\t\t\t\t\t\t<\/span>\n\t\t\t\t\t\t\t\t\t\t<span class=\"elementor-icon-list-text\"><\/span>\n\t\t\t\t\t\t\t\t\t\t\t<\/a>\n\t\t\t\t\t\t\t\t\t<\/li>\n\t\t\t\t\t\t<\/ul>\n\t\t\t\t\t\t<\/div>\n\t\t\t\t<\/div>\n\t\t\t\t<\/div>\n\t\t\t\t<\/div>\n\t\t\t\t<\/div>\n\t\t<div class=\"elementor-element elementor-element-20924ae6 e-con-full e-flex e-con e-child\" data-id=\"20924ae6\" data-element_type=\"container\" data-e-type=\"container\">\n\t\t\t\t<div class=\"elementor-element elementor-element-65c0740a elementor-widget elementor-widget-text-editor\" data-id=\"65c0740a\" data-element_type=\"widget\" data-e-type=\"widget\" data-widget_type=\"text-editor.default\">\n\t\t\t\t<div class=\"elementor-widget-container\">\n\t\t\t\t\t\t\t\t\t<p><span style=\"font-weight: 400;\">Notre \u00e9quipe d\u2019experts est \u00e0 votre disposition pour vous offrir un service sur mesure et r\u00e9pondre \u00e0 toutes vos demandes.<\/span><\/p><p><span style=\"font-weight: 400;\">De la recherche de la villa parfaite \u00e0 l\u2019organisation de vos exp\u00e9riences ou \u00e9v\u00e8nements, nous organisons tout pour vous.<\/span><\/p>\t\t\t\t\t\t\t\t<\/div>\n\t\t\t\t<\/div>\n\t\t\t\t<\/div>\n\t\t\t\t\t<\/div>\n\t\t\t\t<\/div>\n\t\t\t\t<\/div>\n\t\t\t\t<\/div>\n\t\t\t\t\t\t<\/div>\n\t\t\t\t<\/div>\n\t\t\t\t<\/div>\n\t\t\t\t<\/div>\n\t\t","protected":false},"excerpt":{"rendered":"<p>Flamands \u00e0 Saint-Barth\u00e9lemy Nich\u00e9 dans le coin nord-ouest de l&#8217;\u00eele, Flamands \u00e0 Saint-Barth\u00e9lemy est un monde \u00e0 part enti\u00e8re. Ici, vous ne trouverez pas le glamour du port de Gustavia ni l&#8217;effervescence des boutiques de Saint-Jean. Au lieu de cela, Flamands offre quelque chose de bien plus captivant : un charme discret et une atmosph\u00e8re [&hellip;]<\/p>\n","protected":false},"author":5,"featured_media":9214,"comment_status":"open","ping_status":"open","sticky":false,"template":"","format":"standard","meta":{"footnotes":""},"categories":[75,70,29],"tags":[88],"class_list":["post-9483","post","type-post","status-publish","format-standard","has-post-thumbnail","hentry","category-experiences","category-quartiers-st-barth","category-st-barth","tag-inspiration"],"yoast_head":"<!-- This site is optimized with the Yoast SEO plugin v27.5 - https:\/\/yoast.com\/product\/yoast-seo-wordpress\/ -->\n<title>D\u00e9couvrez le quartier de Flamands \u00e0 Saint-Barth\u00e9lemy - Blog<\/title>\n<meta name=\"description\" content=\"D\u00e9tendez-vous \u00e0 Flamands, Saint-Barth\u00e9lemy, et profitez de l&#039;une des plus belles plages des Cara\u00efbes. Cliquez ici pour plus d&#039;informations !\" \/>\n<meta name=\"robots\" content=\"index, follow, max-snippet:-1, max-image-preview:large, max-video-preview:-1\" \/>\n<link rel=\"canonical\" href=\"https:\/\/www.bucketlistvilla.com\/blog\/fr\/flamands-st-barth\/\" \/>\n<meta property=\"og:locale\" content=\"fr_FR\" \/>\n<meta property=\"og:type\" content=\"article\" \/>\n<meta property=\"og:title\" content=\"D\u00e9couvrez le quartier de Flamands \u00e0 Saint-Barth\u00e9lemy - Blog\" \/>\n<meta property=\"og:description\" content=\"D\u00e9tendez-vous \u00e0 Flamands, Saint-Barth\u00e9lemy, et profitez de l&#039;une des plus belles plages des Cara\u00efbes. Cliquez ici pour plus d&#039;informations !\" \/>\n<meta property=\"og:url\" content=\"https:\/\/www.bucketlistvilla.com\/blog\/fr\/flamands-st-barth\/\" \/>\n<meta property=\"og:site_name\" content=\"Blog\" \/>\n<meta property=\"article:published_time\" content=\"2025-08-20T11:05:30+00:00\" \/>\n<meta property=\"article:modified_time\" content=\"2025-09-11T09:38:30+00:00\" \/>\n<meta property=\"og:image\" content=\"https:\/\/www.bucketlistvilla.com\/blog\/wp-content\/uploads\/2025\/08\/flamands-st-barts.webp\" \/>\n\t<meta property=\"og:image:width\" content=\"1920\" \/>\n\t<meta property=\"og:image:height\" content=\"650\" \/>\n\t<meta property=\"og:image:type\" content=\"image\/webp\" \/>\n<meta name=\"author\" content=\"Richard\" \/>\n<meta name=\"twitter:card\" content=\"summary_large_image\" \/>\n<meta name=\"twitter:label1\" content=\"Written by\" \/>\n\t<meta name=\"twitter:data1\" content=\"Richard\" \/>\n\t<meta name=\"twitter:label2\" content=\"Est. reading time\" \/>\n\t<meta name=\"twitter:data2\" content=\"9 minutes\" \/>\n<script type=\"application\/ld+json\" class=\"yoast-schema-graph\">{\"@context\":\"https:\\\/\\\/schema.org\",\"@graph\":[{\"@type\":\"Article\",\"@id\":\"https:\\\/\\\/www.bucketlistvilla.com\\\/blog\\\/fr\\\/flamands-st-barth\\\/#article\",\"isPartOf\":{\"@id\":\"https:\\\/\\\/www.bucketlistvilla.com\\\/blog\\\/fr\\\/flamands-st-barth\\\/\"},\"author\":{\"name\":\"Richard\",\"@id\":\"https:\\\/\\\/www.bucketlistvilla.com\\\/blog\\\/fr\\\/#\\\/schema\\\/person\\\/110669a30941985f9e608e23f2683c72\"},\"headline\":\"D\u00e9couvrez le quartier de Flamands \u00e0 Saint-Barth\u00e9lemy\",\"datePublished\":\"2025-08-20T11:05:30+00:00\",\"dateModified\":\"2025-09-11T09:38:30+00:00\",\"mainEntityOfPage\":{\"@id\":\"https:\\\/\\\/www.bucketlistvilla.com\\\/blog\\\/fr\\\/flamands-st-barth\\\/\"},\"wordCount\":1568,\"commentCount\":0,\"image\":{\"@id\":\"https:\\\/\\\/www.bucketlistvilla.com\\\/blog\\\/fr\\\/flamands-st-barth\\\/#primaryimage\"},\"thumbnailUrl\":\"https:\\\/\\\/www.bucketlistvilla.com\\\/blog\\\/wp-content\\\/uploads\\\/2025\\\/08\\\/flamands-st-barts.webp\",\"keywords\":[\"Inspiration\"],\"articleSection\":[\"Exp\u00e9riences\",\"Quartiers St Barth\",\"St Barth\"],\"inLanguage\":\"fr\",\"potentialAction\":[{\"@type\":\"CommentAction\",\"name\":\"Comment\",\"target\":[\"https:\\\/\\\/www.bucketlistvilla.com\\\/blog\\\/fr\\\/flamands-st-barth\\\/#respond\"]}]},{\"@type\":\"WebPage\",\"@id\":\"https:\\\/\\\/www.bucketlistvilla.com\\\/blog\\\/fr\\\/flamands-st-barth\\\/\",\"url\":\"https:\\\/\\\/www.bucketlistvilla.com\\\/blog\\\/fr\\\/flamands-st-barth\\\/\",\"name\":\"D\u00e9couvrez le quartier de Flamands \u00e0 Saint-Barth\u00e9lemy - Blog\",\"isPartOf\":{\"@id\":\"https:\\\/\\\/www.bucketlistvilla.com\\\/blog\\\/fr\\\/#website\"},\"primaryImageOfPage\":{\"@id\":\"https:\\\/\\\/www.bucketlistvilla.com\\\/blog\\\/fr\\\/flamands-st-barth\\\/#primaryimage\"},\"image\":{\"@id\":\"https:\\\/\\\/www.bucketlistvilla.com\\\/blog\\\/fr\\\/flamands-st-barth\\\/#primaryimage\"},\"thumbnailUrl\":\"https:\\\/\\\/www.bucketlistvilla.com\\\/blog\\\/wp-content\\\/uploads\\\/2025\\\/08\\\/flamands-st-barts.webp\",\"datePublished\":\"2025-08-20T11:05:30+00:00\",\"dateModified\":\"2025-09-11T09:38:30+00:00\",\"author\":{\"@id\":\"https:\\\/\\\/www.bucketlistvilla.com\\\/blog\\\/fr\\\/#\\\/schema\\\/person\\\/110669a30941985f9e608e23f2683c72\"},\"description\":\"D\u00e9tendez-vous \u00e0 Flamands, Saint-Barth\u00e9lemy, et profitez de l'une des plus belles plages des Cara\u00efbes. Cliquez ici pour plus d'informations !\",\"breadcrumb\":{\"@id\":\"https:\\\/\\\/www.bucketlistvilla.com\\\/blog\\\/fr\\\/flamands-st-barth\\\/#breadcrumb\"},\"inLanguage\":\"fr\",\"potentialAction\":[{\"@type\":\"ReadAction\",\"target\":[\"https:\\\/\\\/www.bucketlistvilla.com\\\/blog\\\/fr\\\/flamands-st-barth\\\/\"]}]},{\"@type\":\"ImageObject\",\"inLanguage\":\"fr\",\"@id\":\"https:\\\/\\\/www.bucketlistvilla.com\\\/blog\\\/fr\\\/flamands-st-barth\\\/#primaryimage\",\"url\":\"https:\\\/\\\/www.bucketlistvilla.com\\\/blog\\\/wp-content\\\/uploads\\\/2025\\\/08\\\/flamands-st-barts.webp\",\"contentUrl\":\"https:\\\/\\\/www.bucketlistvilla.com\\\/blog\\\/wp-content\\\/uploads\\\/2025\\\/08\\\/flamands-st-barts.webp\",\"width\":1920,\"height\":650,\"caption\":\"flamands st barts\"},{\"@type\":\"BreadcrumbList\",\"@id\":\"https:\\\/\\\/www.bucketlistvilla.com\\\/blog\\\/fr\\\/flamands-st-barth\\\/#breadcrumb\",\"itemListElement\":[{\"@type\":\"ListItem\",\"position\":1,\"name\":\"Home\",\"item\":\"https:\\\/\\\/www.bucketlistvilla.com\\\/blog\\\/fr\\\/\"},{\"@type\":\"ListItem\",\"position\":2,\"name\":\"D\u00e9couvrez le quartier de Flamands \u00e0 Saint-Barth\u00e9lemy\"}]},{\"@type\":\"WebSite\",\"@id\":\"https:\\\/\\\/www.bucketlistvilla.com\\\/blog\\\/fr\\\/#website\",\"url\":\"https:\\\/\\\/www.bucketlistvilla.com\\\/blog\\\/fr\\\/\",\"name\":\"Blog\",\"description\":\"\",\"potentialAction\":[{\"@type\":\"SearchAction\",\"target\":{\"@type\":\"EntryPoint\",\"urlTemplate\":\"https:\\\/\\\/www.bucketlistvilla.com\\\/blog\\\/fr\\\/?s={search_term_string}\"},\"query-input\":{\"@type\":\"PropertyValueSpecification\",\"valueRequired\":true,\"valueName\":\"search_term_string\"}}],\"inLanguage\":\"fr\"},{\"@type\":\"Person\",\"@id\":\"https:\\\/\\\/www.bucketlistvilla.com\\\/blog\\\/fr\\\/#\\\/schema\\\/person\\\/110669a30941985f9e608e23f2683c72\",\"name\":\"Richard\",\"image\":{\"@type\":\"ImageObject\",\"inLanguage\":\"fr\",\"@id\":\"https:\\\/\\\/secure.gravatar.com\\\/avatar\\\/63f7d63df8bc500b7b072100eb25897597ec962e6be3ac33cf5045633fb5702a?s=96&d=mm&r=g\",\"url\":\"https:\\\/\\\/secure.gravatar.com\\\/avatar\\\/63f7d63df8bc500b7b072100eb25897597ec962e6be3ac33cf5045633fb5702a?s=96&d=mm&r=g\",\"contentUrl\":\"https:\\\/\\\/secure.gravatar.com\\\/avatar\\\/63f7d63df8bc500b7b072100eb25897597ec962e6be3ac33cf5045633fb5702a?s=96&d=mm&r=g\",\"caption\":\"Richard\"},\"url\":\"https:\\\/\\\/www.bucketlistvilla.com\\\/blog\\\/fr\\\/author\\\/richard\\\/\"}]}<\/script>\n<!-- \/ Yoast SEO plugin. -->","yoast_head_json":{"title":"D\u00e9couvrez le quartier de Flamands \u00e0 Saint-Barth\u00e9lemy - Blog","description":"D\u00e9tendez-vous \u00e0 Flamands, Saint-Barth\u00e9lemy, et profitez de l'une des plus belles plages des Cara\u00efbes. Cliquez ici pour plus d'informations !","robots":{"index":"index","follow":"follow","max-snippet":"max-snippet:-1","max-image-preview":"max-image-preview:large","max-video-preview":"max-video-preview:-1"},"canonical":"https:\/\/www.bucketlistvilla.com\/blog\/fr\/flamands-st-barth\/","og_locale":"fr_FR","og_type":"article","og_title":"D\u00e9couvrez le quartier de Flamands \u00e0 Saint-Barth\u00e9lemy - Blog","og_description":"D\u00e9tendez-vous \u00e0 Flamands, Saint-Barth\u00e9lemy, et profitez de l'une des plus belles plages des Cara\u00efbes. Cliquez ici pour plus d'informations !","og_url":"https:\/\/www.bucketlistvilla.com\/blog\/fr\/flamands-st-barth\/","og_site_name":"Blog","article_published_time":"2025-08-20T11:05:30+00:00","article_modified_time":"2025-09-11T09:38:30+00:00","og_image":[{"width":1920,"height":650,"url":"https:\/\/www.bucketlistvilla.com\/blog\/wp-content\/uploads\/2025\/08\/flamands-st-barts.webp","type":"image\/webp"}],"author":"Richard","twitter_card":"summary_large_image","twitter_misc":{"Written by":"Richard","Est. reading time":"9 minutes"},"schema":{"@context":"https:\/\/schema.org","@graph":[{"@type":"Article","@id":"https:\/\/www.bucketlistvilla.com\/blog\/fr\/flamands-st-barth\/#article","isPartOf":{"@id":"https:\/\/www.bucketlistvilla.com\/blog\/fr\/flamands-st-barth\/"},"author":{"name":"Richard","@id":"https:\/\/www.bucketlistvilla.com\/blog\/fr\/#\/schema\/person\/110669a30941985f9e608e23f2683c72"},"headline":"D\u00e9couvrez le quartier de Flamands \u00e0 Saint-Barth\u00e9lemy","datePublished":"2025-08-20T11:05:30+00:00","dateModified":"2025-09-11T09:38:30+00:00","mainEntityOfPage":{"@id":"https:\/\/www.bucketlistvilla.com\/blog\/fr\/flamands-st-barth\/"},"wordCount":1568,"commentCount":0,"image":{"@id":"https:\/\/www.bucketlistvilla.com\/blog\/fr\/flamands-st-barth\/#primaryimage"},"thumbnailUrl":"https:\/\/www.bucketlistvilla.com\/blog\/wp-content\/uploads\/2025\/08\/flamands-st-barts.webp","keywords":["Inspiration"],"articleSection":["Exp\u00e9riences","Quartiers St Barth","St Barth"],"inLanguage":"fr","potentialAction":[{"@type":"CommentAction","name":"Comment","target":["https:\/\/www.bucketlistvilla.com\/blog\/fr\/flamands-st-barth\/#respond"]}]},{"@type":"WebPage","@id":"https:\/\/www.bucketlistvilla.com\/blog\/fr\/flamands-st-barth\/","url":"https:\/\/www.bucketlistvilla.com\/blog\/fr\/flamands-st-barth\/","name":"D\u00e9couvrez le quartier de Flamands \u00e0 Saint-Barth\u00e9lemy - Blog","isPartOf":{"@id":"https:\/\/www.bucketlistvilla.com\/blog\/fr\/#website"},"primaryImageOfPage":{"@id":"https:\/\/www.bucketlistvilla.com\/blog\/fr\/flamands-st-barth\/#primaryimage"},"image":{"@id":"https:\/\/www.bucketlistvilla.com\/blog\/fr\/flamands-st-barth\/#primaryimage"},"thumbnailUrl":"https:\/\/www.bucketlistvilla.com\/blog\/wp-content\/uploads\/2025\/08\/flamands-st-barts.webp","datePublished":"2025-08-20T11:05:30+00:00","dateModified":"2025-09-11T09:38:30+00:00","author":{"@id":"https:\/\/www.bucketlistvilla.com\/blog\/fr\/#\/schema\/person\/110669a30941985f9e608e23f2683c72"},"description":"D\u00e9tendez-vous \u00e0 Flamands, Saint-Barth\u00e9lemy, et profitez de l'une des plus belles plages des Cara\u00efbes. Cliquez ici pour plus d'informations !","breadcrumb":{"@id":"https:\/\/www.bucketlistvilla.com\/blog\/fr\/flamands-st-barth\/#breadcrumb"},"inLanguage":"fr","potentialAction":[{"@type":"ReadAction","target":["https:\/\/www.bucketlistvilla.com\/blog\/fr\/flamands-st-barth\/"]}]},{"@type":"ImageObject","inLanguage":"fr","@id":"https:\/\/www.bucketlistvilla.com\/blog\/fr\/flamands-st-barth\/#primaryimage","url":"https:\/\/www.bucketlistvilla.com\/blog\/wp-content\/uploads\/2025\/08\/flamands-st-barts.webp","contentUrl":"https:\/\/www.bucketlistvilla.com\/blog\/wp-content\/uploads\/2025\/08\/flamands-st-barts.webp","width":1920,"height":650,"caption":"flamands st barts"},{"@type":"BreadcrumbList","@id":"https:\/\/www.bucketlistvilla.com\/blog\/fr\/flamands-st-barth\/#breadcrumb","itemListElement":[{"@type":"ListItem","position":1,"name":"Home","item":"https:\/\/www.bucketlistvilla.com\/blog\/fr\/"},{"@type":"ListItem","position":2,"name":"D\u00e9couvrez le quartier de Flamands \u00e0 Saint-Barth\u00e9lemy"}]},{"@type":"WebSite","@id":"https:\/\/www.bucketlistvilla.com\/blog\/fr\/#website","url":"https:\/\/www.bucketlistvilla.com\/blog\/fr\/","name":"Blog","description":"","potentialAction":[{"@type":"SearchAction","target":{"@type":"EntryPoint","urlTemplate":"https:\/\/www.bucketlistvilla.com\/blog\/fr\/?s={search_term_string}"},"query-input":{"@type":"PropertyValueSpecification","valueRequired":true,"valueName":"search_term_string"}}],"inLanguage":"fr"},{"@type":"Person","@id":"https:\/\/www.bucketlistvilla.com\/blog\/fr\/#\/schema\/person\/110669a30941985f9e608e23f2683c72","name":"Richard","image":{"@type":"ImageObject","inLanguage":"fr","@id":"https:\/\/secure.gravatar.com\/avatar\/63f7d63df8bc500b7b072100eb25897597ec962e6be3ac33cf5045633fb5702a?s=96&d=mm&r=g","url":"https:\/\/secure.gravatar.com\/avatar\/63f7d63df8bc500b7b072100eb25897597ec962e6be3ac33cf5045633fb5702a?s=96&d=mm&r=g","contentUrl":"https:\/\/secure.gravatar.com\/avatar\/63f7d63df8bc500b7b072100eb25897597ec962e6be3ac33cf5045633fb5702a?s=96&d=mm&r=g","caption":"Richard"},"url":"https:\/\/www.bucketlistvilla.com\/blog\/fr\/author\/richard\/"}]}},"_links":{"self":[{"href":"https:\/\/www.bucketlistvilla.com\/blog\/fr\/wp-json\/wp\/v2\/posts\/9483","targetHints":{"allow":["GET"]}}],"collection":[{"href":"https:\/\/www.bucketlistvilla.com\/blog\/fr\/wp-json\/wp\/v2\/posts"}],"about":[{"href":"https:\/\/www.bucketlistvilla.com\/blog\/fr\/wp-json\/wp\/v2\/types\/post"}],"author":[{"embeddable":true,"href":"https:\/\/www.bucketlistvilla.com\/blog\/fr\/wp-json\/wp\/v2\/users\/5"}],"replies":[{"embeddable":true,"href":"https:\/\/www.bucketlistvilla.com\/blog\/fr\/wp-json\/wp\/v2\/comments?post=9483"}],"version-history":[{"count":11,"href":"https:\/\/www.bucketlistvilla.com\/blog\/fr\/wp-json\/wp\/v2\/posts\/9483\/revisions"}],"predecessor-version":[{"id":9502,"href":"https:\/\/www.bucketlistvilla.com\/blog\/fr\/wp-json\/wp\/v2\/posts\/9483\/revisions\/9502"}],"wp:featuredmedia":[{"embeddable":true,"href":"https:\/\/www.bucketlistvilla.com\/blog\/fr\/wp-json\/wp\/v2\/media\/9214"}],"wp:attachment":[{"href":"https:\/\/www.bucketlistvilla.com\/blog\/fr\/wp-json\/wp\/v2\/media?parent=9483"}],"wp:term":[{"taxonomy":"category","embeddable":true,"href":"https:\/\/www.bucketlistvilla.com\/blog\/fr\/wp-json\/wp\/v2\/categories?post=9483"},{"taxonomy":"post_tag","embeddable":true,"href":"https:\/\/www.bucketlistvilla.com\/blog\/fr\/wp-json\/wp\/v2\/tags?post=9483"}],"curies":[{"name":"wp","href":"https:\/\/api.w.org\/{rel}","templated":true}]}}